{"id":8189,"date":"2024-08-30T12:10:02","date_gmt":"2024-08-30T12:10:02","guid":{"rendered":"https:\/\/portelldemorella.org\/?p=8189"},"modified":"2024-08-30T12:10:03","modified_gmt":"2024-08-30T12:10:03","slug":"portell-descobreix-el-seu-passat","status":"publish","type":"post","link":"https:\/\/portelldemorella.org\/ca\/portell-descobreix-el-seu-passat\/","title":{"rendered":"Portell descobreix el seu passat"},"content":{"rendered":"\n<p><\/p>\n\n\n\n<p>&#8211; Viu Els Ports organitza una ruta per la localitat per a mostrar els or\u00edgens i l\u2019evoluci\u00f3<\/p>\n\n\n\n<p>La comarca d\u2019Els Ports apura l\u2019estiu amb noves visites guiades pels municipis, en aquesta ocasi\u00f3 a Portell. La localitat ha dut a terme una ruta guiada per tal de con\u00e9ixer detalls sobre la hist\u00f2ria, l\u2019evoluci\u00f3 i els punts d\u2019inter\u00e9s de Portell. En aquest cas, les muralles del poble han estat les protagonistes, el fil conductor d\u2019aquesta visita estiuenca.<\/p>\n\n\n\n<p>L\u2019activitat ha posat de manifest la hist\u00f2ria medieval de Portell i la seua evoluci\u00f3 per tal de mostrar a ve\u00efnat i visitants la personalitat genu\u00efna de la localitat dins de la comarca. La guia ha traslladat tots els detalls i ha respost als dubtes dels participants que, com indica, moltes vegades desconeixen els or\u00edgens d\u2019all\u00e0 on viuen.<\/p>\n\n\n\n<p>\u201cMolta gent desconeix la hist\u00f2ria dels pobles perqu\u00e8 no se sol parlar, i per aix\u00f2 aquestes visites que tenen una perspectiva en com\u00fa, la de la comarca d\u2019Els Ports, des de la singularitat de cada municipi\u201d, indica.<\/p>\n","protected":false},"excerpt":{"rendered":"<p>&#8211; Viu Els Ports organitza una ruta per la localitat per a mostrar els or\u00edgens i l\u2019evoluci\u00f3 La comarca d\u2019Els Ports apura l\u2019estiu amb noves visites guiades pels municipis, en aquesta ocasi\u00f3 a Portell. La localitat ha dut a terme una ruta guiada per tal de con\u00e9ixer detalls sobre la hist\u00f2ria, l\u2019evoluci\u00f3 i els punts [&hellip;]<\/p>\n","protected":false},"author":1,"featured_media":8187,"comment_status":"open","ping_status":"open","sticky":false,"template":"","format":"standard","meta":{"footnotes":""},"categories":[97],"tags":[107],"class_list":["post-8189","post","type-post","status-publish","format-standard","has-post-thumbnail","hentry","category-ayuntamiento-ca","tag-portell-ca"],"yoast_head":"<!-- This site is optimized with the Yoast SEO plugin v24.4 - https:\/\/yoast.com\/wordpress\/plugins\/seo\/ -->\n<title>Portell descobreix el seu passat - Portell de Morella<\/title>\n<meta name=\"robots\" content=\"noindex, follow, max-snippet:-1, max-image-preview:large, max-video-preview:-1\" \/>\n<meta property=\"og:locale\" content=\"ca_ES\" \/>\n<meta property=\"og:type\" content=\"article\" \/>\n<meta property=\"og:title\" content=\"Portell descobreix el seu passat - Portell de Morella\" \/>\n<meta property=\"og:description\" content=\"&#8211; Viu Els Ports organitza una ruta per la localitat per a mostrar els or\u00edgens i l\u2019evoluci\u00f3 La comarca d\u2019Els Ports apura l\u2019estiu amb noves visites guiades pels municipis, en aquesta ocasi\u00f3 a Portell. La localitat ha dut a terme una ruta guiada per tal de con\u00e9ixer detalls sobre la hist\u00f2ria, l\u2019evoluci\u00f3 i els punts [&hellip;]\" \/>\n<meta property=\"og:url\" content=\"https:\/\/portelldemorella.org\/ca\/portell-descobreix-el-seu-passat\/\" \/>\n<meta property=\"og:site_name\" content=\"Portell de Morella\" \/>\n<meta property=\"article:published_time\" content=\"2024-08-30T12:10:02+00:00\" \/>\n<meta property=\"article:modified_time\" content=\"2024-08-30T12:10:03+00:00\" \/>\n<meta property=\"og:image\" content=\"https:\/\/portelldemorella.org\/wp-content\/uploads\/2024\/08\/Portell-descobreix-el-seu-passat.jpg\" \/>\n\t<meta property=\"og:image:width\" content=\"1600\" \/>\n\t<meta property=\"og:image:height\" content=\"1197\" \/>\n\t<meta property=\"og:image:type\" content=\"image\/jpeg\" \/>\n<meta name=\"author\" content=\"portell\" \/>\n<meta name=\"twitter:card\" content=\"summary_large_image\" \/>\n<meta name=\"twitter:label1\" content=\"Escrit per\" \/>\n\t<meta name=\"twitter:data1\" content=\"portell\" \/>\n\t<meta name=\"twitter:label2\" content=\"Temps estimat de lectura\" \/>\n\t<meta name=\"twitter:data2\" content=\"1 minut\" \/>\n<script type=\"application\/ld+json\" class=\"yoast-schema-graph\">{\"@context\":\"https:\/\/schema.org\",\"@graph\":[{\"@type\":\"Article\",\"@id\":\"https:\/\/portelldemorella.org\/ca\/portell-descobreix-el-seu-passat\/#article\",\"isPartOf\":{\"@id\":\"https:\/\/portelldemorella.org\/ca\/portell-descobreix-el-seu-passat\/\"},\"author\":{\"name\":\"portell\",\"@id\":\"https:\/\/portelldemorella.org\/#\/schema\/person\/2adde77c454244acd163488ec723a88b\"},\"headline\":\"Portell descobreix el seu passat\",\"datePublished\":\"2024-08-30T12:10:02+00:00\",\"dateModified\":\"2024-08-30T12:10:03+00:00\",\"mainEntityOfPage\":{\"@id\":\"https:\/\/portelldemorella.org\/ca\/portell-descobreix-el-seu-passat\/\"},\"wordCount\":192,\"commentCount\":0,\"publisher\":{\"@id\":\"https:\/\/portelldemorella.org\/#organization\"},\"image\":{\"@id\":\"https:\/\/portelldemorella.org\/ca\/portell-descobreix-el-seu-passat\/#primaryimage\"},\"thumbnailUrl\":\"https:\/\/portelldemorella.org\/wp-content\/uploads\/2024\/08\/Portell-descobreix-el-seu-passat.jpg\",\"keywords\":[\"portell\"],\"articleSection\":[\"Ayuntamiento\"],\"inLanguage\":\"ca\",\"potentialAction\":[{\"@type\":\"CommentAction\",\"name\":\"Comment\",\"target\":[\"https:\/\/portelldemorella.org\/ca\/portell-descobreix-el-seu-passat\/#respond\"]}]},{\"@type\":\"WebPage\",\"@id\":\"https:\/\/portelldemorella.org\/ca\/portell-descobreix-el-seu-passat\/\",\"url\":\"https:\/\/portelldemorella.org\/ca\/portell-descobreix-el-seu-passat\/\",\"name\":\"Portell descobreix el seu passat - Portell de Morella\",\"isPartOf\":{\"@id\":\"https:\/\/portelldemorella.org\/#website\"},\"primaryImageOfPage\":{\"@id\":\"https:\/\/portelldemorella.org\/ca\/portell-descobreix-el-seu-passat\/#primaryimage\"},\"image\":{\"@id\":\"https:\/\/portelldemorella.org\/ca\/portell-descobreix-el-seu-passat\/#primaryimage\"},\"thumbnailUrl\":\"https:\/\/portelldemorella.org\/wp-content\/uploads\/2024\/08\/Portell-descobreix-el-seu-passat.jpg\",\"datePublished\":\"2024-08-30T12:10:02+00:00\",\"dateModified\":\"2024-08-30T12:10:03+00:00\",\"breadcrumb\":{\"@id\":\"https:\/\/portelldemorella.org\/ca\/portell-descobreix-el-seu-passat\/#breadcrumb\"},\"inLanguage\":\"ca\",\"potentialAction\":[{\"@type\":\"ReadAction\",\"target\":[\"https:\/\/portelldemorella.org\/ca\/portell-descobreix-el-seu-passat\/\"]}]},{\"@type\":\"ImageObject\",\"inLanguage\":\"ca\",\"@id\":\"https:\/\/portelldemorella.org\/ca\/portell-descobreix-el-seu-passat\/#primaryimage\",\"url\":\"https:\/\/portelldemorella.org\/wp-content\/uploads\/2024\/08\/Portell-descobreix-el-seu-passat.jpg\",\"contentUrl\":\"https:\/\/portelldemorella.org\/wp-content\/uploads\/2024\/08\/Portell-descobreix-el-seu-passat.jpg\",\"width\":1600,\"height\":1197},{\"@type\":\"BreadcrumbList\",\"@id\":\"https:\/\/portelldemorella.org\/ca\/portell-descobreix-el-seu-passat\/#breadcrumb\",\"itemListElement\":[{\"@type\":\"ListItem\",\"position\":1,\"name\":\"Portada\",\"item\":\"https:\/\/portelldemorella.org\/ca\/\"},{\"@type\":\"ListItem\",\"position\":2,\"name\":\"Portell descobreix el seu passat\"}]},{\"@type\":\"WebSite\",\"@id\":\"https:\/\/portelldemorella.org\/#website\",\"url\":\"https:\/\/portelldemorella.org\/\",\"name\":\"Portell de Morella\",\"description\":\"Web del Ayuntamiento de Portell de Morella\",\"publisher\":{\"@id\":\"https:\/\/portelldemorella.org\/#organization\"},\"potentialAction\":[{\"@type\":\"SearchAction\",\"target\":{\"@type\":\"EntryPoint\",\"urlTemplate\":\"https:\/\/portelldemorella.org\/?s={search_term_string}\"},\"query-input\":{\"@type\":\"PropertyValueSpecification\",\"valueRequired\":true,\"valueName\":\"search_term_string\"}}],\"inLanguage\":\"ca\"},{\"@type\":\"Organization\",\"@id\":\"https:\/\/portelldemorella.org\/#organization\",\"name\":\"Portell de Morella\",\"url\":\"https:\/\/portelldemorella.org\/\",\"logo\":{\"@type\":\"ImageObject\",\"inLanguage\":\"ca\",\"@id\":\"https:\/\/portelldemorella.org\/#\/schema\/logo\/image\/\",\"url\":\"https:\/\/portelldemorella.org\/wp-content\/uploads\/2020\/11\/Escudo-Portell-04.jpg\",\"contentUrl\":\"https:\/\/portelldemorella.org\/wp-content\/uploads\/2020\/11\/Escudo-Portell-04.jpg\",\"width\":1001,\"height\":394,\"caption\":\"Portell de Morella\"},\"image\":{\"@id\":\"https:\/\/portelldemorella.org\/#\/schema\/logo\/image\/\"}},{\"@type\":\"Person\",\"@id\":\"https:\/\/portelldemorella.org\/#\/schema\/person\/2adde77c454244acd163488ec723a88b\",\"name\":\"portell\",\"image\":{\"@type\":\"ImageObject\",\"inLanguage\":\"ca\",\"@id\":\"https:\/\/portelldemorella.org\/#\/schema\/person\/image\/\",\"url\":\"https:\/\/secure.gravatar.com\/avatar\/077c6bd89604df620d2fa93a06be2531944cdd6826fd322dbd8b483fd84d6407?s=96&d=mm&r=g\",\"contentUrl\":\"https:\/\/secure.gravatar.com\/avatar\/077c6bd89604df620d2fa93a06be2531944cdd6826fd322dbd8b483fd84d6407?s=96&d=mm&r=g\",\"caption\":\"portell\"},\"sameAs\":[\"https:\/\/portelldemorella.org\"],\"url\":\"https:\/\/portelldemorella.org\/ca\/author\/portell\/\"}]}<\/script>\n<!-- \/ Yoast SEO plugin. -->","yoast_head_json":{"title":"Portell descobreix el seu passat - Portell de Morella","robots":{"index":"noindex","follow":"follow","max-snippet":"max-snippet:-1","max-image-preview":"max-image-preview:large","max-video-preview":"max-video-preview:-1"},"og_locale":"ca_ES","og_type":"article","og_title":"Portell descobreix el seu passat - Portell de Morella","og_description":"&#8211; Viu Els Ports organitza una ruta per la localitat per a mostrar els or\u00edgens i l\u2019evoluci\u00f3 La comarca d\u2019Els Ports apura l\u2019estiu amb noves visites guiades pels municipis, en aquesta ocasi\u00f3 a Portell. La localitat ha dut a terme una ruta guiada per tal de con\u00e9ixer detalls sobre la hist\u00f2ria, l\u2019evoluci\u00f3 i els punts [&hellip;]","og_url":"https:\/\/portelldemorella.org\/ca\/portell-descobreix-el-seu-passat\/","og_site_name":"Portell de Morella","article_published_time":"2024-08-30T12:10:02+00:00","article_modified_time":"2024-08-30T12:10:03+00:00","og_image":[{"width":1600,"height":1197,"url":"https:\/\/portelldemorella.org\/wp-content\/uploads\/2024\/08\/Portell-descobreix-el-seu-passat.jpg","type":"image\/jpeg"}],"author":"portell","twitter_card":"summary_large_image","twitter_misc":{"Escrit per":"portell","Temps estimat de lectura":"1 minut"},"schema":{"@context":"https:\/\/schema.org","@graph":[{"@type":"Article","@id":"https:\/\/portelldemorella.org\/ca\/portell-descobreix-el-seu-passat\/#article","isPartOf":{"@id":"https:\/\/portelldemorella.org\/ca\/portell-descobreix-el-seu-passat\/"},"author":{"name":"portell","@id":"https:\/\/portelldemorella.org\/#\/schema\/person\/2adde77c454244acd163488ec723a88b"},"headline":"Portell descobreix el seu passat","datePublished":"2024-08-30T12:10:02+00:00","dateModified":"2024-08-30T12:10:03+00:00","mainEntityOfPage":{"@id":"https:\/\/portelldemorella.org\/ca\/portell-descobreix-el-seu-passat\/"},"wordCount":192,"commentCount":0,"publisher":{"@id":"https:\/\/portelldemorella.org\/#organization"},"image":{"@id":"https:\/\/portelldemorella.org\/ca\/portell-descobreix-el-seu-passat\/#primaryimage"},"thumbnailUrl":"https:\/\/portelldemorella.org\/wp-content\/uploads\/2024\/08\/Portell-descobreix-el-seu-passat.jpg","keywords":["portell"],"articleSection":["Ayuntamiento"],"inLanguage":"ca","potentialAction":[{"@type":"CommentAction","name":"Comment","target":["https:\/\/portelldemorella.org\/ca\/portell-descobreix-el-seu-passat\/#respond"]}]},{"@type":"WebPage","@id":"https:\/\/portelldemorella.org\/ca\/portell-descobreix-el-seu-passat\/","url":"https:\/\/portelldemorella.org\/ca\/portell-descobreix-el-seu-passat\/","name":"Portell descobreix el seu passat - Portell de Morella","isPartOf":{"@id":"https:\/\/portelldemorella.org\/#website"},"primaryImageOfPage":{"@id":"https:\/\/portelldemorella.org\/ca\/portell-descobreix-el-seu-passat\/#primaryimage"},"image":{"@id":"https:\/\/portelldemorella.org\/ca\/portell-descobreix-el-seu-passat\/#primaryimage"},"thumbnailUrl":"https:\/\/portelldemorella.org\/wp-content\/uploads\/2024\/08\/Portell-descobreix-el-seu-passat.jpg","datePublished":"2024-08-30T12:10:02+00:00","dateModified":"2024-08-30T12:10:03+00:00","breadcrumb":{"@id":"https:\/\/portelldemorella.org\/ca\/portell-descobreix-el-seu-passat\/#breadcrumb"},"inLanguage":"ca","potentialAction":[{"@type":"ReadAction","target":["https:\/\/portelldemorella.org\/ca\/portell-descobreix-el-seu-passat\/"]}]},{"@type":"ImageObject","inLanguage":"ca","@id":"https:\/\/portelldemorella.org\/ca\/portell-descobreix-el-seu-passat\/#primaryimage","url":"https:\/\/portelldemorella.org\/wp-content\/uploads\/2024\/08\/Portell-descobreix-el-seu-passat.jpg","contentUrl":"https:\/\/portelldemorella.org\/wp-content\/uploads\/2024\/08\/Portell-descobreix-el-seu-passat.jpg","width":1600,"height":1197},{"@type":"BreadcrumbList","@id":"https:\/\/portelldemorella.org\/ca\/portell-descobreix-el-seu-passat\/#breadcrumb","itemListElement":[{"@type":"ListItem","position":1,"name":"Portada","item":"https:\/\/portelldemorella.org\/ca\/"},{"@type":"ListItem","position":2,"name":"Portell descobreix el seu passat"}]},{"@type":"WebSite","@id":"https:\/\/portelldemorella.org\/#website","url":"https:\/\/portelldemorella.org\/","name":"Portell de Morella","description":"Web del Ayuntamiento de Portell de Morella","publisher":{"@id":"https:\/\/portelldemorella.org\/#organization"},"potentialAction":[{"@type":"SearchAction","target":{"@type":"EntryPoint","urlTemplate":"https:\/\/portelldemorella.org\/?s={search_term_string}"},"query-input":{"@type":"PropertyValueSpecification","valueRequired":true,"valueName":"search_term_string"}}],"inLanguage":"ca"},{"@type":"Organization","@id":"https:\/\/portelldemorella.org\/#organization","name":"Portell de Morella","url":"https:\/\/portelldemorella.org\/","logo":{"@type":"ImageObject","inLanguage":"ca","@id":"https:\/\/portelldemorella.org\/#\/schema\/logo\/image\/","url":"https:\/\/portelldemorella.org\/wp-content\/uploads\/2020\/11\/Escudo-Portell-04.jpg","contentUrl":"https:\/\/portelldemorella.org\/wp-content\/uploads\/2020\/11\/Escudo-Portell-04.jpg","width":1001,"height":394,"caption":"Portell de Morella"},"image":{"@id":"https:\/\/portelldemorella.org\/#\/schema\/logo\/image\/"}},{"@type":"Person","@id":"https:\/\/portelldemorella.org\/#\/schema\/person\/2adde77c454244acd163488ec723a88b","name":"portell","image":{"@type":"ImageObject","inLanguage":"ca","@id":"https:\/\/portelldemorella.org\/#\/schema\/person\/image\/","url":"https:\/\/secure.gravatar.com\/avatar\/077c6bd89604df620d2fa93a06be2531944cdd6826fd322dbd8b483fd84d6407?s=96&d=mm&r=g","contentUrl":"https:\/\/secure.gravatar.com\/avatar\/077c6bd89604df620d2fa93a06be2531944cdd6826fd322dbd8b483fd84d6407?s=96&d=mm&r=g","caption":"portell"},"sameAs":["https:\/\/portelldemorella.org"],"url":"https:\/\/portelldemorella.org\/ca\/author\/portell\/"}]}},"_links":{"self":[{"href":"https:\/\/portelldemorella.org\/ca\/wp-json\/wp\/v2\/posts\/8189","targetHints":{"allow":["GET"]}}],"collection":[{"href":"https:\/\/portelldemorella.org\/ca\/wp-json\/wp\/v2\/posts"}],"about":[{"href":"https:\/\/portelldemorella.org\/ca\/wp-json\/wp\/v2\/types\/post"}],"author":[{"embeddable":true,"href":"https:\/\/portelldemorella.org\/ca\/wp-json\/wp\/v2\/users\/1"}],"replies":[{"embeddable":true,"href":"https:\/\/portelldemorella.org\/ca\/wp-json\/wp\/v2\/comments?post=8189"}],"version-history":[{"count":1,"href":"https:\/\/portelldemorella.org\/ca\/wp-json\/wp\/v2\/posts\/8189\/revisions"}],"predecessor-version":[{"id":8190,"href":"https:\/\/portelldemorella.org\/ca\/wp-json\/wp\/v2\/posts\/8189\/revisions\/8190"}],"wp:featuredmedia":[{"embeddable":true,"href":"https:\/\/portelldemorella.org\/ca\/wp-json\/wp\/v2\/media\/8187"}],"wp:attachment":[{"href":"https:\/\/portelldemorella.org\/ca\/wp-json\/wp\/v2\/media?parent=8189"}],"wp:term":[{"taxonomy":"category","embeddable":true,"href":"https:\/\/portelldemorella.org\/ca\/wp-json\/wp\/v2\/categories?post=8189"},{"taxonomy":"post_tag","embeddable":true,"href":"https:\/\/portelldemorella.org\/ca\/wp-json\/wp\/v2\/tags?post=8189"}],"curies":[{"name":"wp","href":"https:\/\/api.w.org\/{rel}","templated":true}]}}