{"id":8196,"date":"2024-09-03T11:27:15","date_gmt":"2024-09-03T11:27:15","guid":{"rendered":"https:\/\/portelldemorella.org\/?p=8196"},"modified":"2024-09-03T11:27:46","modified_gmt":"2024-09-03T11:27:46","slug":"ciclisme-i-homenatge-als-voluntaris-de-laplec-en-lagenda-de-setembre-en-portell","status":"publish","type":"post","link":"https:\/\/portelldemorella.org\/ca\/ciclisme-i-homenatge-als-voluntaris-de-laplec-en-lagenda-de-setembre-en-portell\/","title":{"rendered":"Ciclisme i homenatge als voluntaris de l&#8217;Aplec en l&#8217;agenda de setembre en Portell"},"content":{"rendered":"\n<p>-La localitat ser\u00e0 pas d&#8217;etapa de la VII Volta ciclista Vilafranca el dia 14<\/p>\n\n\n\n<p>L&#8217;agenda de Portell no descansa i setembre arriba carregat de noves propostes per a la localitat. Entre les cites ja assegurades figuren ciclisme i homenatge als voluntaris de l\u2019Aplec dels Ports, els dissabtes 14 i 21, respectivament, per a completar la programaci\u00f3 d&#8217;estiu.<\/p>\n\n\n\n<p>Aix\u00ed, Portell es convertir\u00e0 en pas de la primera etapa de la VII Volta ciclista Vilafranca, que unir\u00e0 Castellfort amb Benassal en un recorregut de 60 quil\u00f2metres. La segona etapa tindr\u00e0 lloc un dia despr\u00e9s amb eixida i meta a Vilafranca.<\/p>\n\n\n\n<p>Cal recordar que, a m\u00e9s de formar part del Memorial Jofre Grau Biosca, l&#8217;Ajuntament de Portell col\u00b7labora amb les promeses del ciclisme per a fomentar la pr\u00e0ctica d&#8217;aquest esport que compta amb nombrosos adeptes en la zona.<\/p>\n\n\n\n<p>D&#8217;altra banda, els organitzadors de l\u2019Aplec dels Ports de Portell 2022 volen agrair amb un menjar popular la dedicaci\u00f3 dels voluntaris en el festival de m\u00fasica m\u00e9s reconegut de la zona. Per a participar han d&#8217;inscriure&#8217;s fins al 8 de setembre. La trobada ser\u00e0 el 21 de setembre en una jornada que tamb\u00e9 inclour\u00e0 activitats per a tots els p\u00fablics per a celebrar un dia de reuni\u00f3.<\/p>\n","protected":false},"excerpt":{"rendered":"<p>-La localitat ser\u00e0 pas d&#8217;etapa de la VII Volta ciclista Vilafranca el dia 14 L&#8217;agenda de Portell no descansa i setembre arriba carregat de noves propostes per a la localitat. Entre les cites ja assegurades figuren ciclisme i homenatge als voluntaris de l\u2019Aplec dels Ports, els dissabtes 14 i 21, respectivament, per a completar la [&hellip;]<\/p>\n","protected":false},"author":1,"featured_media":8194,"comment_status":"open","ping_status":"open","sticky":false,"template":"","format":"standard","meta":{"footnotes":""},"categories":[97],"tags":[254,253,252,100,255],"class_list":["post-8196","post","type-post","status-publish","format-standard","has-post-thumbnail","hentry","category-ayuntamiento-ca","tag-agenda-2","tag-aplec-2","tag-ciclisme","tag-portell-2","tag-setembre"],"yoast_head":"<!-- This site is optimized with the Yoast SEO plugin v24.4 - https:\/\/yoast.com\/wordpress\/plugins\/seo\/ -->\n<title>Ciclisme i homenatge als voluntaris de l&#039;Aplec en l&#039;agenda de setembre en Portell - Portell de Morella<\/title>\n<meta name=\"robots\" content=\"noindex, follow, max-snippet:-1, max-image-preview:large, max-video-preview:-1\" \/>\n<meta property=\"og:locale\" content=\"ca_ES\" \/>\n<meta property=\"og:type\" content=\"article\" \/>\n<meta property=\"og:title\" content=\"Ciclisme i homenatge als voluntaris de l&#039;Aplec en l&#039;agenda de setembre en Portell - Portell de Morella\" \/>\n<meta property=\"og:description\" content=\"-La localitat ser\u00e0 pas d&#8217;etapa de la VII Volta ciclista Vilafranca el dia 14 L&#8217;agenda de Portell no descansa i setembre arriba carregat de noves propostes per a la localitat. Entre les cites ja assegurades figuren ciclisme i homenatge als voluntaris de l\u2019Aplec dels Ports, els dissabtes 14 i 21, respectivament, per a completar la [&hellip;]\" \/>\n<meta property=\"og:url\" content=\"https:\/\/portelldemorella.org\/ca\/ciclisme-i-homenatge-als-voluntaris-de-laplec-en-lagenda-de-setembre-en-portell\/\" \/>\n<meta property=\"og:site_name\" content=\"Portell de Morella\" \/>\n<meta property=\"article:published_time\" content=\"2024-09-03T11:27:15+00:00\" \/>\n<meta property=\"article:modified_time\" content=\"2024-09-03T11:27:46+00:00\" \/>\n<meta property=\"og:image\" content=\"https:\/\/portelldemorella.org\/wp-content\/uploads\/2024\/09\/Portell-dinar-Aplec.jpg\" \/>\n\t<meta property=\"og:image:width\" content=\"1080\" \/>\n\t<meta property=\"og:image:height\" content=\"1080\" \/>\n\t<meta property=\"og:image:type\" content=\"image\/jpeg\" \/>\n<meta name=\"author\" content=\"portell\" \/>\n<meta name=\"twitter:card\" content=\"summary_large_image\" \/>\n<meta name=\"twitter:label1\" content=\"Escrit per\" \/>\n\t<meta name=\"twitter:data1\" content=\"portell\" \/>\n\t<meta name=\"twitter:label2\" content=\"Temps estimat de lectura\" \/>\n\t<meta name=\"twitter:data2\" content=\"2 minuts\" \/>\n<script type=\"application\/ld+json\" class=\"yoast-schema-graph\">{\"@context\":\"https:\/\/schema.org\",\"@graph\":[{\"@type\":\"Article\",\"@id\":\"https:\/\/portelldemorella.org\/ca\/ciclisme-i-homenatge-als-voluntaris-de-laplec-en-lagenda-de-setembre-en-portell\/#article\",\"isPartOf\":{\"@id\":\"https:\/\/portelldemorella.org\/ca\/ciclisme-i-homenatge-als-voluntaris-de-laplec-en-lagenda-de-setembre-en-portell\/\"},\"author\":{\"name\":\"portell\",\"@id\":\"https:\/\/portelldemorella.org\/#\/schema\/person\/2adde77c454244acd163488ec723a88b\"},\"headline\":\"Ciclisme i homenatge als voluntaris de l&#8217;Aplec en l&#8217;agenda de setembre en Portell\",\"datePublished\":\"2024-09-03T11:27:15+00:00\",\"dateModified\":\"2024-09-03T11:27:46+00:00\",\"mainEntityOfPage\":{\"@id\":\"https:\/\/portelldemorella.org\/ca\/ciclisme-i-homenatge-als-voluntaris-de-laplec-en-lagenda-de-setembre-en-portell\/\"},\"wordCount\":218,\"commentCount\":0,\"publisher\":{\"@id\":\"https:\/\/portelldemorella.org\/#organization\"},\"image\":{\"@id\":\"https:\/\/portelldemorella.org\/ca\/ciclisme-i-homenatge-als-voluntaris-de-laplec-en-lagenda-de-setembre-en-portell\/#primaryimage\"},\"thumbnailUrl\":\"https:\/\/portelldemorella.org\/wp-content\/uploads\/2024\/09\/Portell-dinar-Aplec.jpg\",\"keywords\":[\"agenda\",\"Aplec\",\"ciclisme\",\"portell\",\"setembre\"],\"articleSection\":[\"Ayuntamiento\"],\"inLanguage\":\"ca\",\"potentialAction\":[{\"@type\":\"CommentAction\",\"name\":\"Comment\",\"target\":[\"https:\/\/portelldemorella.org\/ca\/ciclisme-i-homenatge-als-voluntaris-de-laplec-en-lagenda-de-setembre-en-portell\/#respond\"]}]},{\"@type\":\"WebPage\",\"@id\":\"https:\/\/portelldemorella.org\/ca\/ciclisme-i-homenatge-als-voluntaris-de-laplec-en-lagenda-de-setembre-en-portell\/\",\"url\":\"https:\/\/portelldemorella.org\/ca\/ciclisme-i-homenatge-als-voluntaris-de-laplec-en-lagenda-de-setembre-en-portell\/\",\"name\":\"Ciclisme i homenatge als voluntaris de l'Aplec en l'agenda de setembre en Portell - Portell de Morella\",\"isPartOf\":{\"@id\":\"https:\/\/portelldemorella.org\/#website\"},\"primaryImageOfPage\":{\"@id\":\"https:\/\/portelldemorella.org\/ca\/ciclisme-i-homenatge-als-voluntaris-de-laplec-en-lagenda-de-setembre-en-portell\/#primaryimage\"},\"image\":{\"@id\":\"https:\/\/portelldemorella.org\/ca\/ciclisme-i-homenatge-als-voluntaris-de-laplec-en-lagenda-de-setembre-en-portell\/#primaryimage\"},\"thumbnailUrl\":\"https:\/\/portelldemorella.org\/wp-content\/uploads\/2024\/09\/Portell-dinar-Aplec.jpg\",\"datePublished\":\"2024-09-03T11:27:15+00:00\",\"dateModified\":\"2024-09-03T11:27:46+00:00\",\"breadcrumb\":{\"@id\":\"https:\/\/portelldemorella.org\/ca\/ciclisme-i-homenatge-als-voluntaris-de-laplec-en-lagenda-de-setembre-en-portell\/#breadcrumb\"},\"inLanguage\":\"ca\",\"potentialAction\":[{\"@type\":\"ReadAction\",\"target\":[\"https:\/\/portelldemorella.org\/ca\/ciclisme-i-homenatge-als-voluntaris-de-laplec-en-lagenda-de-setembre-en-portell\/\"]}]},{\"@type\":\"ImageObject\",\"inLanguage\":\"ca\",\"@id\":\"https:\/\/portelldemorella.org\/ca\/ciclisme-i-homenatge-als-voluntaris-de-laplec-en-lagenda-de-setembre-en-portell\/#primaryimage\",\"url\":\"https:\/\/portelldemorella.org\/wp-content\/uploads\/2024\/09\/Portell-dinar-Aplec.jpg\",\"contentUrl\":\"https:\/\/portelldemorella.org\/wp-content\/uploads\/2024\/09\/Portell-dinar-Aplec.jpg\",\"width\":1080,\"height\":1080},{\"@type\":\"BreadcrumbList\",\"@id\":\"https:\/\/portelldemorella.org\/ca\/ciclisme-i-homenatge-als-voluntaris-de-laplec-en-lagenda-de-setembre-en-portell\/#breadcrumb\",\"itemListElement\":[{\"@type\":\"ListItem\",\"position\":1,\"name\":\"Portada\",\"item\":\"https:\/\/portelldemorella.org\/ca\/\"},{\"@type\":\"ListItem\",\"position\":2,\"name\":\"Ciclisme i homenatge als voluntaris de l&#8217;Aplec en l&#8217;agenda de setembre en Portell\"}]},{\"@type\":\"WebSite\",\"@id\":\"https:\/\/portelldemorella.org\/#website\",\"url\":\"https:\/\/portelldemorella.org\/\",\"name\":\"Portell de Morella\",\"description\":\"Web del Ayuntamiento de Portell de Morella\",\"publisher\":{\"@id\":\"https:\/\/portelldemorella.org\/#organization\"},\"potentialAction\":[{\"@type\":\"SearchAction\",\"target\":{\"@type\":\"EntryPoint\",\"urlTemplate\":\"https:\/\/portelldemorella.org\/?s={search_term_string}\"},\"query-input\":{\"@type\":\"PropertyValueSpecification\",\"valueRequired\":true,\"valueName\":\"search_term_string\"}}],\"inLanguage\":\"ca\"},{\"@type\":\"Organization\",\"@id\":\"https:\/\/portelldemorella.org\/#organization\",\"name\":\"Portell de Morella\",\"url\":\"https:\/\/portelldemorella.org\/\",\"logo\":{\"@type\":\"ImageObject\",\"inLanguage\":\"ca\",\"@id\":\"https:\/\/portelldemorella.org\/#\/schema\/logo\/image\/\",\"url\":\"https:\/\/portelldemorella.org\/wp-content\/uploads\/2020\/11\/Escudo-Portell-04.jpg\",\"contentUrl\":\"https:\/\/portelldemorella.org\/wp-content\/uploads\/2020\/11\/Escudo-Portell-04.jpg\",\"width\":1001,\"height\":394,\"caption\":\"Portell de Morella\"},\"image\":{\"@id\":\"https:\/\/portelldemorella.org\/#\/schema\/logo\/image\/\"}},{\"@type\":\"Person\",\"@id\":\"https:\/\/portelldemorella.org\/#\/schema\/person\/2adde77c454244acd163488ec723a88b\",\"name\":\"portell\",\"image\":{\"@type\":\"ImageObject\",\"inLanguage\":\"ca\",\"@id\":\"https:\/\/portelldemorella.org\/#\/schema\/person\/image\/\",\"url\":\"https:\/\/secure.gravatar.com\/avatar\/077c6bd89604df620d2fa93a06be2531944cdd6826fd322dbd8b483fd84d6407?s=96&d=mm&r=g\",\"contentUrl\":\"https:\/\/secure.gravatar.com\/avatar\/077c6bd89604df620d2fa93a06be2531944cdd6826fd322dbd8b483fd84d6407?s=96&d=mm&r=g\",\"caption\":\"portell\"},\"sameAs\":[\"https:\/\/portelldemorella.org\"],\"url\":\"https:\/\/portelldemorella.org\/ca\/author\/portell\/\"}]}<\/script>\n<!-- \/ Yoast SEO plugin. -->","yoast_head_json":{"title":"Ciclisme i homenatge als voluntaris de l'Aplec en l'agenda de setembre en Portell - Portell de Morella","robots":{"index":"noindex","follow":"follow","max-snippet":"max-snippet:-1","max-image-preview":"max-image-preview:large","max-video-preview":"max-video-preview:-1"},"og_locale":"ca_ES","og_type":"article","og_title":"Ciclisme i homenatge als voluntaris de l'Aplec en l'agenda de setembre en Portell - Portell de Morella","og_description":"-La localitat ser\u00e0 pas d&#8217;etapa de la VII Volta ciclista Vilafranca el dia 14 L&#8217;agenda de Portell no descansa i setembre arriba carregat de noves propostes per a la localitat. Entre les cites ja assegurades figuren ciclisme i homenatge als voluntaris de l\u2019Aplec dels Ports, els dissabtes 14 i 21, respectivament, per a completar la [&hellip;]","og_url":"https:\/\/portelldemorella.org\/ca\/ciclisme-i-homenatge-als-voluntaris-de-laplec-en-lagenda-de-setembre-en-portell\/","og_site_name":"Portell de Morella","article_published_time":"2024-09-03T11:27:15+00:00","article_modified_time":"2024-09-03T11:27:46+00:00","og_image":[{"width":1080,"height":1080,"url":"https:\/\/portelldemorella.org\/wp-content\/uploads\/2024\/09\/Portell-dinar-Aplec.jpg","type":"image\/jpeg"}],"author":"portell","twitter_card":"summary_large_image","twitter_misc":{"Escrit per":"portell","Temps estimat de lectura":"2 minuts"},"schema":{"@context":"https:\/\/schema.org","@graph":[{"@type":"Article","@id":"https:\/\/portelldemorella.org\/ca\/ciclisme-i-homenatge-als-voluntaris-de-laplec-en-lagenda-de-setembre-en-portell\/#article","isPartOf":{"@id":"https:\/\/portelldemorella.org\/ca\/ciclisme-i-homenatge-als-voluntaris-de-laplec-en-lagenda-de-setembre-en-portell\/"},"author":{"name":"portell","@id":"https:\/\/portelldemorella.org\/#\/schema\/person\/2adde77c454244acd163488ec723a88b"},"headline":"Ciclisme i homenatge als voluntaris de l&#8217;Aplec en l&#8217;agenda de setembre en Portell","datePublished":"2024-09-03T11:27:15+00:00","dateModified":"2024-09-03T11:27:46+00:00","mainEntityOfPage":{"@id":"https:\/\/portelldemorella.org\/ca\/ciclisme-i-homenatge-als-voluntaris-de-laplec-en-lagenda-de-setembre-en-portell\/"},"wordCount":218,"commentCount":0,"publisher":{"@id":"https:\/\/portelldemorella.org\/#organization"},"image":{"@id":"https:\/\/portelldemorella.org\/ca\/ciclisme-i-homenatge-als-voluntaris-de-laplec-en-lagenda-de-setembre-en-portell\/#primaryimage"},"thumbnailUrl":"https:\/\/portelldemorella.org\/wp-content\/uploads\/2024\/09\/Portell-dinar-Aplec.jpg","keywords":["agenda","Aplec","ciclisme","portell","setembre"],"articleSection":["Ayuntamiento"],"inLanguage":"ca","potentialAction":[{"@type":"CommentAction","name":"Comment","target":["https:\/\/portelldemorella.org\/ca\/ciclisme-i-homenatge-als-voluntaris-de-laplec-en-lagenda-de-setembre-en-portell\/#respond"]}]},{"@type":"WebPage","@id":"https:\/\/portelldemorella.org\/ca\/ciclisme-i-homenatge-als-voluntaris-de-laplec-en-lagenda-de-setembre-en-portell\/","url":"https:\/\/portelldemorella.org\/ca\/ciclisme-i-homenatge-als-voluntaris-de-laplec-en-lagenda-de-setembre-en-portell\/","name":"Ciclisme i homenatge als voluntaris de l'Aplec en l'agenda de setembre en Portell - Portell de Morella","isPartOf":{"@id":"https:\/\/portelldemorella.org\/#website"},"primaryImageOfPage":{"@id":"https:\/\/portelldemorella.org\/ca\/ciclisme-i-homenatge-als-voluntaris-de-laplec-en-lagenda-de-setembre-en-portell\/#primaryimage"},"image":{"@id":"https:\/\/portelldemorella.org\/ca\/ciclisme-i-homenatge-als-voluntaris-de-laplec-en-lagenda-de-setembre-en-portell\/#primaryimage"},"thumbnailUrl":"https:\/\/portelldemorella.org\/wp-content\/uploads\/2024\/09\/Portell-dinar-Aplec.jpg","datePublished":"2024-09-03T11:27:15+00:00","dateModified":"2024-09-03T11:27:46+00:00","breadcrumb":{"@id":"https:\/\/portelldemorella.org\/ca\/ciclisme-i-homenatge-als-voluntaris-de-laplec-en-lagenda-de-setembre-en-portell\/#breadcrumb"},"inLanguage":"ca","potentialAction":[{"@type":"ReadAction","target":["https:\/\/portelldemorella.org\/ca\/ciclisme-i-homenatge-als-voluntaris-de-laplec-en-lagenda-de-setembre-en-portell\/"]}]},{"@type":"ImageObject","inLanguage":"ca","@id":"https:\/\/portelldemorella.org\/ca\/ciclisme-i-homenatge-als-voluntaris-de-laplec-en-lagenda-de-setembre-en-portell\/#primaryimage","url":"https:\/\/portelldemorella.org\/wp-content\/uploads\/2024\/09\/Portell-dinar-Aplec.jpg","contentUrl":"https:\/\/portelldemorella.org\/wp-content\/uploads\/2024\/09\/Portell-dinar-Aplec.jpg","width":1080,"height":1080},{"@type":"BreadcrumbList","@id":"https:\/\/portelldemorella.org\/ca\/ciclisme-i-homenatge-als-voluntaris-de-laplec-en-lagenda-de-setembre-en-portell\/#breadcrumb","itemListElement":[{"@type":"ListItem","position":1,"name":"Portada","item":"https:\/\/portelldemorella.org\/ca\/"},{"@type":"ListItem","position":2,"name":"Ciclisme i homenatge als voluntaris de l&#8217;Aplec en l&#8217;agenda de setembre en Portell"}]},{"@type":"WebSite","@id":"https:\/\/portelldemorella.org\/#website","url":"https:\/\/portelldemorella.org\/","name":"Portell de Morella","description":"Web del Ayuntamiento de Portell de Morella","publisher":{"@id":"https:\/\/portelldemorella.org\/#organization"},"potentialAction":[{"@type":"SearchAction","target":{"@type":"EntryPoint","urlTemplate":"https:\/\/portelldemorella.org\/?s={search_term_string}"},"query-input":{"@type":"PropertyValueSpecification","valueRequired":true,"valueName":"search_term_string"}}],"inLanguage":"ca"},{"@type":"Organization","@id":"https:\/\/portelldemorella.org\/#organization","name":"Portell de Morella","url":"https:\/\/portelldemorella.org\/","logo":{"@type":"ImageObject","inLanguage":"ca","@id":"https:\/\/portelldemorella.org\/#\/schema\/logo\/image\/","url":"https:\/\/portelldemorella.org\/wp-content\/uploads\/2020\/11\/Escudo-Portell-04.jpg","contentUrl":"https:\/\/portelldemorella.org\/wp-content\/uploads\/2020\/11\/Escudo-Portell-04.jpg","width":1001,"height":394,"caption":"Portell de Morella"},"image":{"@id":"https:\/\/portelldemorella.org\/#\/schema\/logo\/image\/"}},{"@type":"Person","@id":"https:\/\/portelldemorella.org\/#\/schema\/person\/2adde77c454244acd163488ec723a88b","name":"portell","image":{"@type":"ImageObject","inLanguage":"ca","@id":"https:\/\/portelldemorella.org\/#\/schema\/person\/image\/","url":"https:\/\/secure.gravatar.com\/avatar\/077c6bd89604df620d2fa93a06be2531944cdd6826fd322dbd8b483fd84d6407?s=96&d=mm&r=g","contentUrl":"https:\/\/secure.gravatar.com\/avatar\/077c6bd89604df620d2fa93a06be2531944cdd6826fd322dbd8b483fd84d6407?s=96&d=mm&r=g","caption":"portell"},"sameAs":["https:\/\/portelldemorella.org"],"url":"https:\/\/portelldemorella.org\/ca\/author\/portell\/"}]}},"_links":{"self":[{"href":"https:\/\/portelldemorella.org\/ca\/wp-json\/wp\/v2\/posts\/8196","targetHints":{"allow":["GET"]}}],"collection":[{"href":"https:\/\/portelldemorella.org\/ca\/wp-json\/wp\/v2\/posts"}],"about":[{"href":"https:\/\/portelldemorella.org\/ca\/wp-json\/wp\/v2\/types\/post"}],"author":[{"embeddable":true,"href":"https:\/\/portelldemorella.org\/ca\/wp-json\/wp\/v2\/users\/1"}],"replies":[{"embeddable":true,"href":"https:\/\/portelldemorella.org\/ca\/wp-json\/wp\/v2\/comments?post=8196"}],"version-history":[{"count":1,"href":"https:\/\/portelldemorella.org\/ca\/wp-json\/wp\/v2\/posts\/8196\/revisions"}],"predecessor-version":[{"id":8197,"href":"https:\/\/portelldemorella.org\/ca\/wp-json\/wp\/v2\/posts\/8196\/revisions\/8197"}],"wp:featuredmedia":[{"embeddable":true,"href":"https:\/\/portelldemorella.org\/ca\/wp-json\/wp\/v2\/media\/8194"}],"wp:attachment":[{"href":"https:\/\/portelldemorella.org\/ca\/wp-json\/wp\/v2\/media?parent=8196"}],"wp:term":[{"taxonomy":"category","embeddable":true,"href":"https:\/\/portelldemorella.org\/ca\/wp-json\/wp\/v2\/categories?post=8196"},{"taxonomy":"post_tag","embeddable":true,"href":"https:\/\/portelldemorella.org\/ca\/wp-json\/wp\/v2\/tags?post=8196"}],"curies":[{"name":"wp","href":"https:\/\/api.w.org\/{rel}","templated":true}]}}