{"id":8225,"date":"2024-09-27T11:26:19","date_gmt":"2024-09-27T11:26:19","guid":{"rendered":"https:\/\/portelldemorella.org\/?p=8225"},"modified":"2024-09-27T11:26:20","modified_gmt":"2024-09-27T11:26:20","slug":"portell-enalteix-les-seues-arrels-amb-un-documental-de-la-festa-de-sant-antoni","status":"publish","type":"post","link":"https:\/\/portelldemorella.org\/ca\/portell-enalteix-les-seues-arrels-amb-un-documental-de-la-festa-de-sant-antoni\/","title":{"rendered":"Portell enalteix les seues arrels amb un documental de la festa de Sant Antoni"},"content":{"rendered":"\n<p>Una de les festivitats m\u00e9s importants que es celebren a Portell \u00e9s Sant Antoni. Cada hivern, el municipi d&#8217;Els Ports es transforma durant uns dies on la m\u00fasica tradicional, els animals i el foc cobren protagonisme. La festa de Sant Antoni \u00e9s una refer\u00e8ncia directa a les arrels del poble. A les tradicions m\u00e9s celebrades pel ve\u00efnat que plena de gom a gom els carrers i les places del poble.<\/p>\n\n\n\n<p>L&#8217;Ajuntament de Portell ha volgut deixar const\u00e0ncia d&#8217;aquest gran esdeveniment hivernal amb la producci\u00f3 d&#8217;un documental que narra els preparatius i el moment de la crema de la gran foguera. Es documenta des de primeres hores del mat\u00ed amb la vestida del maio central, ubicat a la pla\u00e7a de l&#8217;Ajuntament. Despr\u00e9s arriba un dels moments \u00e0lgids: amb l&#8217;ajuda dels cavalls, ve\u00efns i ve\u00efnes porten troncs des de terrenys i bancals per a entrar-los en la primera gran foguera del dia, tamb\u00e9 a la pla\u00e7a major.<\/p>\n\n\n\n<p>El documental continua amb moments com la &#8216;transa&#8217; o les processons, ja de vesprada, que desemboquen amb les relacions. S\u00f3n fragments recitats per dos membres de la Comissi\u00f3: la primera, davant de l&#8217;ermita de la Mare de D\u00e9u de l&#8217;Esperan\u00e7a; i la segona, davant del maio central a la pla\u00e7a de l&#8217;Ajuntament. Una vegada dutes a terme les relacions i els tradicionals balls, el foc va captivar als centenars de persones que no es van voler perdre l&#8217;esperada crema.<\/p>\n\n\n\n<p>Sant Antoni t\u00e9 un significat molt \u00edntim amb la hist\u00f2ria del poble. Amb el pas dels segles i les generacions, el cultiu de la terra i l&#8217;important treball dels animals necessitava la protecci\u00f3 divina. La festivitat, que compta amb el suport de l&#8217;Ajuntament de Portell, s&#8217;organitza a partir de comissions, formades per voluntaris i volunt\u00e0ries que cada any s&#8217;encarreguen de les gestions i preparatius necessaris per a continuar una de les festes m\u00e9s esperades per tot el poble. El documental ha sigut produ\u00eft per la productora Mira&nbsp;el&nbsp;Pardalet.<\/p>\n","protected":false},"excerpt":{"rendered":"<p>Una de les festivitats m\u00e9s importants que es celebren a Portell \u00e9s Sant Antoni. Cada hivern, el municipi d&#8217;Els Ports es transforma durant uns dies on la m\u00fasica tradicional, els animals i el foc cobren protagonisme. La festa de Sant Antoni \u00e9s una refer\u00e8ncia directa a les arrels del poble. A les tradicions m\u00e9s celebrades [&hellip;]<\/p>\n","protected":false},"author":1,"featured_media":8226,"comment_status":"open","ping_status":"open","sticky":false,"template":"","format":"standard","meta":{"footnotes":""},"categories":[97],"tags":[175,264,100,123,265],"class_list":["post-8225","post","type-post","status-publish","format-standard","has-post-thumbnail","hentry","category-ayuntamiento-ca","tag-festes","tag-historia","tag-portell-2","tag-sant-antoni-2","tag-tradicio"],"yoast_head":"<!-- This site is optimized with the Yoast SEO plugin v24.4 - https:\/\/yoast.com\/wordpress\/plugins\/seo\/ -->\n<title>Portell enalteix les seues arrels amb un documental de la festa de Sant Antoni - Portell de Morella<\/title>\n<meta name=\"robots\" content=\"noindex, follow, max-snippet:-1, max-image-preview:large, max-video-preview:-1\" \/>\n<meta property=\"og:locale\" content=\"ca_ES\" \/>\n<meta property=\"og:type\" content=\"article\" \/>\n<meta property=\"og:title\" content=\"Portell enalteix les seues arrels amb un documental de la festa de Sant Antoni - Portell de Morella\" \/>\n<meta property=\"og:description\" content=\"Una de les festivitats m\u00e9s importants que es celebren a Portell \u00e9s Sant Antoni. Cada hivern, el municipi d&#8217;Els Ports es transforma durant uns dies on la m\u00fasica tradicional, els animals i el foc cobren protagonisme. La festa de Sant Antoni \u00e9s una refer\u00e8ncia directa a les arrels del poble. A les tradicions m\u00e9s celebrades [&hellip;]\" \/>\n<meta property=\"og:url\" content=\"https:\/\/portelldemorella.org\/ca\/portell-enalteix-les-seues-arrels-amb-un-documental-de-la-festa-de-sant-antoni\/\" \/>\n<meta property=\"og:site_name\" content=\"Portell de Morella\" \/>\n<meta property=\"article:published_time\" content=\"2024-09-27T11:26:19+00:00\" \/>\n<meta property=\"article:modified_time\" content=\"2024-09-27T11:26:20+00:00\" \/>\n<meta property=\"og:image\" content=\"https:\/\/portelldemorella.org\/wp-content\/uploads\/2024\/09\/Crema-de-la-foguera.png\" \/>\n\t<meta property=\"og:image:width\" content=\"1530\" \/>\n\t<meta property=\"og:image:height\" content=\"885\" \/>\n\t<meta property=\"og:image:type\" content=\"image\/png\" \/>\n<meta name=\"author\" content=\"portell\" \/>\n<meta name=\"twitter:card\" content=\"summary_large_image\" \/>\n<meta name=\"twitter:label1\" content=\"Escrit per\" \/>\n\t<meta name=\"twitter:data1\" content=\"portell\" \/>\n\t<meta name=\"twitter:label2\" content=\"Temps estimat de lectura\" \/>\n\t<meta name=\"twitter:data2\" content=\"2 minuts\" \/>\n<script type=\"application\/ld+json\" class=\"yoast-schema-graph\">{\"@context\":\"https:\/\/schema.org\",\"@graph\":[{\"@type\":\"Article\",\"@id\":\"https:\/\/portelldemorella.org\/ca\/portell-enalteix-les-seues-arrels-amb-un-documental-de-la-festa-de-sant-antoni\/#article\",\"isPartOf\":{\"@id\":\"https:\/\/portelldemorella.org\/ca\/portell-enalteix-les-seues-arrels-amb-un-documental-de-la-festa-de-sant-antoni\/\"},\"author\":{\"name\":\"portell\",\"@id\":\"https:\/\/portelldemorella.org\/#\/schema\/person\/2adde77c454244acd163488ec723a88b\"},\"headline\":\"Portell enalteix les seues arrels amb un documental de la festa de Sant Antoni\",\"datePublished\":\"2024-09-27T11:26:19+00:00\",\"dateModified\":\"2024-09-27T11:26:20+00:00\",\"mainEntityOfPage\":{\"@id\":\"https:\/\/portelldemorella.org\/ca\/portell-enalteix-les-seues-arrels-amb-un-documental-de-la-festa-de-sant-antoni\/\"},\"wordCount\":358,\"commentCount\":0,\"publisher\":{\"@id\":\"https:\/\/portelldemorella.org\/#organization\"},\"image\":{\"@id\":\"https:\/\/portelldemorella.org\/ca\/portell-enalteix-les-seues-arrels-amb-un-documental-de-la-festa-de-sant-antoni\/#primaryimage\"},\"thumbnailUrl\":\"https:\/\/portelldemorella.org\/wp-content\/uploads\/2024\/09\/Crema-de-la-foguera.png\",\"keywords\":[\"festes\",\"Hist\u00f2ria\",\"portell\",\"sant antoni\",\"Tradici\u00f3\"],\"articleSection\":[\"Ayuntamiento\"],\"inLanguage\":\"ca\",\"potentialAction\":[{\"@type\":\"CommentAction\",\"name\":\"Comment\",\"target\":[\"https:\/\/portelldemorella.org\/ca\/portell-enalteix-les-seues-arrels-amb-un-documental-de-la-festa-de-sant-antoni\/#respond\"]}]},{\"@type\":\"WebPage\",\"@id\":\"https:\/\/portelldemorella.org\/ca\/portell-enalteix-les-seues-arrels-amb-un-documental-de-la-festa-de-sant-antoni\/\",\"url\":\"https:\/\/portelldemorella.org\/ca\/portell-enalteix-les-seues-arrels-amb-un-documental-de-la-festa-de-sant-antoni\/\",\"name\":\"Portell enalteix les seues arrels amb un documental de la festa de Sant Antoni - Portell de Morella\",\"isPartOf\":{\"@id\":\"https:\/\/portelldemorella.org\/#website\"},\"primaryImageOfPage\":{\"@id\":\"https:\/\/portelldemorella.org\/ca\/portell-enalteix-les-seues-arrels-amb-un-documental-de-la-festa-de-sant-antoni\/#primaryimage\"},\"image\":{\"@id\":\"https:\/\/portelldemorella.org\/ca\/portell-enalteix-les-seues-arrels-amb-un-documental-de-la-festa-de-sant-antoni\/#primaryimage\"},\"thumbnailUrl\":\"https:\/\/portelldemorella.org\/wp-content\/uploads\/2024\/09\/Crema-de-la-foguera.png\",\"datePublished\":\"2024-09-27T11:26:19+00:00\",\"dateModified\":\"2024-09-27T11:26:20+00:00\",\"breadcrumb\":{\"@id\":\"https:\/\/portelldemorella.org\/ca\/portell-enalteix-les-seues-arrels-amb-un-documental-de-la-festa-de-sant-antoni\/#breadcrumb\"},\"inLanguage\":\"ca\",\"potentialAction\":[{\"@type\":\"ReadAction\",\"target\":[\"https:\/\/portelldemorella.org\/ca\/portell-enalteix-les-seues-arrels-amb-un-documental-de-la-festa-de-sant-antoni\/\"]}]},{\"@type\":\"ImageObject\",\"inLanguage\":\"ca\",\"@id\":\"https:\/\/portelldemorella.org\/ca\/portell-enalteix-les-seues-arrels-amb-un-documental-de-la-festa-de-sant-antoni\/#primaryimage\",\"url\":\"https:\/\/portelldemorella.org\/wp-content\/uploads\/2024\/09\/Crema-de-la-foguera.png\",\"contentUrl\":\"https:\/\/portelldemorella.org\/wp-content\/uploads\/2024\/09\/Crema-de-la-foguera.png\",\"width\":1530,\"height\":885},{\"@type\":\"BreadcrumbList\",\"@id\":\"https:\/\/portelldemorella.org\/ca\/portell-enalteix-les-seues-arrels-amb-un-documental-de-la-festa-de-sant-antoni\/#breadcrumb\",\"itemListElement\":[{\"@type\":\"ListItem\",\"position\":1,\"name\":\"Portada\",\"item\":\"https:\/\/portelldemorella.org\/ca\/\"},{\"@type\":\"ListItem\",\"position\":2,\"name\":\"Portell enalteix les seues arrels amb un documental de la festa de Sant Antoni\"}]},{\"@type\":\"WebSite\",\"@id\":\"https:\/\/portelldemorella.org\/#website\",\"url\":\"https:\/\/portelldemorella.org\/\",\"name\":\"Portell de Morella\",\"description\":\"Web del Ayuntamiento de Portell de Morella\",\"publisher\":{\"@id\":\"https:\/\/portelldemorella.org\/#organization\"},\"potentialAction\":[{\"@type\":\"SearchAction\",\"target\":{\"@type\":\"EntryPoint\",\"urlTemplate\":\"https:\/\/portelldemorella.org\/?s={search_term_string}\"},\"query-input\":{\"@type\":\"PropertyValueSpecification\",\"valueRequired\":true,\"valueName\":\"search_term_string\"}}],\"inLanguage\":\"ca\"},{\"@type\":\"Organization\",\"@id\":\"https:\/\/portelldemorella.org\/#organization\",\"name\":\"Portell de Morella\",\"url\":\"https:\/\/portelldemorella.org\/\",\"logo\":{\"@type\":\"ImageObject\",\"inLanguage\":\"ca\",\"@id\":\"https:\/\/portelldemorella.org\/#\/schema\/logo\/image\/\",\"url\":\"https:\/\/portelldemorella.org\/wp-content\/uploads\/2020\/11\/Escudo-Portell-04.jpg\",\"contentUrl\":\"https:\/\/portelldemorella.org\/wp-content\/uploads\/2020\/11\/Escudo-Portell-04.jpg\",\"width\":1001,\"height\":394,\"caption\":\"Portell de Morella\"},\"image\":{\"@id\":\"https:\/\/portelldemorella.org\/#\/schema\/logo\/image\/\"}},{\"@type\":\"Person\",\"@id\":\"https:\/\/portelldemorella.org\/#\/schema\/person\/2adde77c454244acd163488ec723a88b\",\"name\":\"portell\",\"image\":{\"@type\":\"ImageObject\",\"inLanguage\":\"ca\",\"@id\":\"https:\/\/portelldemorella.org\/#\/schema\/person\/image\/\",\"url\":\"https:\/\/secure.gravatar.com\/avatar\/077c6bd89604df620d2fa93a06be2531944cdd6826fd322dbd8b483fd84d6407?s=96&d=mm&r=g\",\"contentUrl\":\"https:\/\/secure.gravatar.com\/avatar\/077c6bd89604df620d2fa93a06be2531944cdd6826fd322dbd8b483fd84d6407?s=96&d=mm&r=g\",\"caption\":\"portell\"},\"sameAs\":[\"https:\/\/portelldemorella.org\"],\"url\":\"https:\/\/portelldemorella.org\/ca\/author\/portell\/\"}]}<\/script>\n<!-- \/ Yoast SEO plugin. -->","yoast_head_json":{"title":"Portell enalteix les seues arrels amb un documental de la festa de Sant Antoni - Portell de Morella","robots":{"index":"noindex","follow":"follow","max-snippet":"max-snippet:-1","max-image-preview":"max-image-preview:large","max-video-preview":"max-video-preview:-1"},"og_locale":"ca_ES","og_type":"article","og_title":"Portell enalteix les seues arrels amb un documental de la festa de Sant Antoni - Portell de Morella","og_description":"Una de les festivitats m\u00e9s importants que es celebren a Portell \u00e9s Sant Antoni. Cada hivern, el municipi d&#8217;Els Ports es transforma durant uns dies on la m\u00fasica tradicional, els animals i el foc cobren protagonisme. La festa de Sant Antoni \u00e9s una refer\u00e8ncia directa a les arrels del poble. A les tradicions m\u00e9s celebrades [&hellip;]","og_url":"https:\/\/portelldemorella.org\/ca\/portell-enalteix-les-seues-arrels-amb-un-documental-de-la-festa-de-sant-antoni\/","og_site_name":"Portell de Morella","article_published_time":"2024-09-27T11:26:19+00:00","article_modified_time":"2024-09-27T11:26:20+00:00","og_image":[{"width":1530,"height":885,"url":"https:\/\/portelldemorella.org\/wp-content\/uploads\/2024\/09\/Crema-de-la-foguera.png","type":"image\/png"}],"author":"portell","twitter_card":"summary_large_image","twitter_misc":{"Escrit per":"portell","Temps estimat de lectura":"2 minuts"},"schema":{"@context":"https:\/\/schema.org","@graph":[{"@type":"Article","@id":"https:\/\/portelldemorella.org\/ca\/portell-enalteix-les-seues-arrels-amb-un-documental-de-la-festa-de-sant-antoni\/#article","isPartOf":{"@id":"https:\/\/portelldemorella.org\/ca\/portell-enalteix-les-seues-arrels-amb-un-documental-de-la-festa-de-sant-antoni\/"},"author":{"name":"portell","@id":"https:\/\/portelldemorella.org\/#\/schema\/person\/2adde77c454244acd163488ec723a88b"},"headline":"Portell enalteix les seues arrels amb un documental de la festa de Sant Antoni","datePublished":"2024-09-27T11:26:19+00:00","dateModified":"2024-09-27T11:26:20+00:00","mainEntityOfPage":{"@id":"https:\/\/portelldemorella.org\/ca\/portell-enalteix-les-seues-arrels-amb-un-documental-de-la-festa-de-sant-antoni\/"},"wordCount":358,"commentCount":0,"publisher":{"@id":"https:\/\/portelldemorella.org\/#organization"},"image":{"@id":"https:\/\/portelldemorella.org\/ca\/portell-enalteix-les-seues-arrels-amb-un-documental-de-la-festa-de-sant-antoni\/#primaryimage"},"thumbnailUrl":"https:\/\/portelldemorella.org\/wp-content\/uploads\/2024\/09\/Crema-de-la-foguera.png","keywords":["festes","Hist\u00f2ria","portell","sant antoni","Tradici\u00f3"],"articleSection":["Ayuntamiento"],"inLanguage":"ca","potentialAction":[{"@type":"CommentAction","name":"Comment","target":["https:\/\/portelldemorella.org\/ca\/portell-enalteix-les-seues-arrels-amb-un-documental-de-la-festa-de-sant-antoni\/#respond"]}]},{"@type":"WebPage","@id":"https:\/\/portelldemorella.org\/ca\/portell-enalteix-les-seues-arrels-amb-un-documental-de-la-festa-de-sant-antoni\/","url":"https:\/\/portelldemorella.org\/ca\/portell-enalteix-les-seues-arrels-amb-un-documental-de-la-festa-de-sant-antoni\/","name":"Portell enalteix les seues arrels amb un documental de la festa de Sant Antoni - Portell de Morella","isPartOf":{"@id":"https:\/\/portelldemorella.org\/#website"},"primaryImageOfPage":{"@id":"https:\/\/portelldemorella.org\/ca\/portell-enalteix-les-seues-arrels-amb-un-documental-de-la-festa-de-sant-antoni\/#primaryimage"},"image":{"@id":"https:\/\/portelldemorella.org\/ca\/portell-enalteix-les-seues-arrels-amb-un-documental-de-la-festa-de-sant-antoni\/#primaryimage"},"thumbnailUrl":"https:\/\/portelldemorella.org\/wp-content\/uploads\/2024\/09\/Crema-de-la-foguera.png","datePublished":"2024-09-27T11:26:19+00:00","dateModified":"2024-09-27T11:26:20+00:00","breadcrumb":{"@id":"https:\/\/portelldemorella.org\/ca\/portell-enalteix-les-seues-arrels-amb-un-documental-de-la-festa-de-sant-antoni\/#breadcrumb"},"inLanguage":"ca","potentialAction":[{"@type":"ReadAction","target":["https:\/\/portelldemorella.org\/ca\/portell-enalteix-les-seues-arrels-amb-un-documental-de-la-festa-de-sant-antoni\/"]}]},{"@type":"ImageObject","inLanguage":"ca","@id":"https:\/\/portelldemorella.org\/ca\/portell-enalteix-les-seues-arrels-amb-un-documental-de-la-festa-de-sant-antoni\/#primaryimage","url":"https:\/\/portelldemorella.org\/wp-content\/uploads\/2024\/09\/Crema-de-la-foguera.png","contentUrl":"https:\/\/portelldemorella.org\/wp-content\/uploads\/2024\/09\/Crema-de-la-foguera.png","width":1530,"height":885},{"@type":"BreadcrumbList","@id":"https:\/\/portelldemorella.org\/ca\/portell-enalteix-les-seues-arrels-amb-un-documental-de-la-festa-de-sant-antoni\/#breadcrumb","itemListElement":[{"@type":"ListItem","position":1,"name":"Portada","item":"https:\/\/portelldemorella.org\/ca\/"},{"@type":"ListItem","position":2,"name":"Portell enalteix les seues arrels amb un documental de la festa de Sant Antoni"}]},{"@type":"WebSite","@id":"https:\/\/portelldemorella.org\/#website","url":"https:\/\/portelldemorella.org\/","name":"Portell de Morella","description":"Web del Ayuntamiento de Portell de Morella","publisher":{"@id":"https:\/\/portelldemorella.org\/#organization"},"potentialAction":[{"@type":"SearchAction","target":{"@type":"EntryPoint","urlTemplate":"https:\/\/portelldemorella.org\/?s={search_term_string}"},"query-input":{"@type":"PropertyValueSpecification","valueRequired":true,"valueName":"search_term_string"}}],"inLanguage":"ca"},{"@type":"Organization","@id":"https:\/\/portelldemorella.org\/#organization","name":"Portell de Morella","url":"https:\/\/portelldemorella.org\/","logo":{"@type":"ImageObject","inLanguage":"ca","@id":"https:\/\/portelldemorella.org\/#\/schema\/logo\/image\/","url":"https:\/\/portelldemorella.org\/wp-content\/uploads\/2020\/11\/Escudo-Portell-04.jpg","contentUrl":"https:\/\/portelldemorella.org\/wp-content\/uploads\/2020\/11\/Escudo-Portell-04.jpg","width":1001,"height":394,"caption":"Portell de Morella"},"image":{"@id":"https:\/\/portelldemorella.org\/#\/schema\/logo\/image\/"}},{"@type":"Person","@id":"https:\/\/portelldemorella.org\/#\/schema\/person\/2adde77c454244acd163488ec723a88b","name":"portell","image":{"@type":"ImageObject","inLanguage":"ca","@id":"https:\/\/portelldemorella.org\/#\/schema\/person\/image\/","url":"https:\/\/secure.gravatar.com\/avatar\/077c6bd89604df620d2fa93a06be2531944cdd6826fd322dbd8b483fd84d6407?s=96&d=mm&r=g","contentUrl":"https:\/\/secure.gravatar.com\/avatar\/077c6bd89604df620d2fa93a06be2531944cdd6826fd322dbd8b483fd84d6407?s=96&d=mm&r=g","caption":"portell"},"sameAs":["https:\/\/portelldemorella.org"],"url":"https:\/\/portelldemorella.org\/ca\/author\/portell\/"}]}},"_links":{"self":[{"href":"https:\/\/portelldemorella.org\/ca\/wp-json\/wp\/v2\/posts\/8225","targetHints":{"allow":["GET"]}}],"collection":[{"href":"https:\/\/portelldemorella.org\/ca\/wp-json\/wp\/v2\/posts"}],"about":[{"href":"https:\/\/portelldemorella.org\/ca\/wp-json\/wp\/v2\/types\/post"}],"author":[{"embeddable":true,"href":"https:\/\/portelldemorella.org\/ca\/wp-json\/wp\/v2\/users\/1"}],"replies":[{"embeddable":true,"href":"https:\/\/portelldemorella.org\/ca\/wp-json\/wp\/v2\/comments?post=8225"}],"version-history":[{"count":1,"href":"https:\/\/portelldemorella.org\/ca\/wp-json\/wp\/v2\/posts\/8225\/revisions"}],"predecessor-version":[{"id":8228,"href":"https:\/\/portelldemorella.org\/ca\/wp-json\/wp\/v2\/posts\/8225\/revisions\/8228"}],"wp:featuredmedia":[{"embeddable":true,"href":"https:\/\/portelldemorella.org\/ca\/wp-json\/wp\/v2\/media\/8226"}],"wp:attachment":[{"href":"https:\/\/portelldemorella.org\/ca\/wp-json\/wp\/v2\/media?parent=8225"}],"wp:term":[{"taxonomy":"category","embeddable":true,"href":"https:\/\/portelldemorella.org\/ca\/wp-json\/wp\/v2\/categories?post=8225"},{"taxonomy":"post_tag","embeddable":true,"href":"https:\/\/portelldemorella.org\/ca\/wp-json\/wp\/v2\/tags?post=8225"}],"curies":[{"name":"wp","href":"https:\/\/api.w.org\/{rel}","templated":true}]}}