{"id":8241,"date":"2024-11-25T13:48:40","date_gmt":"2024-11-25T13:48:40","guid":{"rendered":"https:\/\/portelldemorella.org\/?p=8241"},"modified":"2024-11-25T13:48:43","modified_gmt":"2024-11-25T13:48:43","slug":"el-portella-albert-ferrer-vencedor-de-la-mitja-marato-espirall-de-vilafranca-del-penedes","status":"publish","type":"post","link":"https:\/\/portelldemorella.org\/ca\/el-portella-albert-ferrer-vencedor-de-la-mitja-marato-espirall-de-vilafranca-del-penedes\/","title":{"rendered":"El portell\u00e0 Albert Ferrer, vencedor de la Mitja Marat\u00f3 Espirall de Vilafranca del Pened\u00e8s"},"content":{"rendered":"\n<ul class=\"wp-block-list\">\n<li>L&#8217;esportista va aconseguir travessar la l\u00ednia de meta en primera posici\u00f3 gr\u00e0cies a un temps d&#8217;1.10:48<\/li>\n<\/ul>\n\n\n\n<p>L&#8217;esportista Albert Ferrer, ve\u00ed de Portell, s&#8217;ha convertit en el guanyador de la Mitja Marat\u00f3 Espirall de Vilafranca del Pened\u00e8s despr\u00e9s de travessar la l\u00ednia de meta en primera posici\u00f3 amb un temps d&#8217;1.10:48. Ferrer, que exercix com a professor en l&#8217;institut de Vilafranca, aconseguix d&#8217;esta manera pujar-se fins a l&#8217;alt del podi en una prova en la qual el castellonenc ha participat fins a quatre ocasions.<\/p>\n\n\n\n<p>L&#8217;atleta es va mostrar molt satisfet amb este gran resultat, perqu\u00e8 despr\u00e9s de quedar en passades edicions en quart, tercer i segon lloc, este 2024 ha aconseguit proclamar-se campi\u00f3 absolut d&#8217;una carrera que \u00e9s ja tot un cl\u00e0ssic del municipi barcelon\u00ed.<\/p>\n\n\n\n<p>Cal destacar que Ferrer participa durant l&#8217;any en nombroses carreres de muntanya, aix\u00ed com en proves tan reconegudes com \u00e9s el cas de la Mitja Marat\u00f3 de Val\u00e8ncia, on va acabar amb un crono d&#8217;1.08:00. Ara, el ve\u00ed d&#8217;Els Ports es prepara per a participar en una altra de les cites marcades en roig en el calendari per als amants del \u2018running\u2019: la Marat\u00f3 de Val\u00e8ncia 2024.<\/p>\n","protected":false},"excerpt":{"rendered":"<p>L&#8217;esportista Albert Ferrer, ve\u00ed de Portell, s&#8217;ha convertit en el guanyador de la Mitja Marat\u00f3 Espirall de Vilafranca del Pened\u00e8s despr\u00e9s de travessar la l\u00ednia de meta en primera posici\u00f3 amb un temps d&#8217;1.10:48. Ferrer, que exercix com a professor en l&#8217;institut de Vilafranca, aconseguix d&#8217;esta manera pujar-se fins a l&#8217;alt del podi en una [&hellip;]<\/p>\n","protected":false},"author":1,"featured_media":8239,"comment_status":"open","ping_status":"open","sticky":false,"template":"","format":"standard","meta":{"footnotes":""},"categories":[79],"tags":[215,107],"class_list":["post-8241","post","type-post","status-publish","format-standard","has-post-thumbnail","hentry","category-sense-categoria","tag-esport-ca","tag-portell-ca"],"yoast_head":"<!-- This site is optimized with the Yoast SEO plugin v24.4 - https:\/\/yoast.com\/wordpress\/plugins\/seo\/ -->\n<title>El portell\u00e0 Albert Ferrer, vencedor de la Mitja Marat\u00f3 Espirall de Vilafranca del Pened\u00e8s - Portell de Morella<\/title>\n<meta name=\"robots\" content=\"noindex, follow, max-snippet:-1, max-image-preview:large, max-video-preview:-1\" \/>\n<meta property=\"og:locale\" content=\"ca_ES\" \/>\n<meta property=\"og:type\" content=\"article\" \/>\n<meta property=\"og:title\" content=\"El portell\u00e0 Albert Ferrer, vencedor de la Mitja Marat\u00f3 Espirall de Vilafranca del Pened\u00e8s - Portell de Morella\" \/>\n<meta property=\"og:description\" content=\"L&#8217;esportista Albert Ferrer, ve\u00ed de Portell, s&#8217;ha convertit en el guanyador de la Mitja Marat\u00f3 Espirall de Vilafranca del Pened\u00e8s despr\u00e9s de travessar la l\u00ednia de meta en primera posici\u00f3 amb un temps d&#8217;1.10:48. Ferrer, que exercix com a professor en l&#8217;institut de Vilafranca, aconseguix d&#8217;esta manera pujar-se fins a l&#8217;alt del podi en una [&hellip;]\" \/>\n<meta property=\"og:url\" content=\"https:\/\/portelldemorella.org\/ca\/el-portella-albert-ferrer-vencedor-de-la-mitja-marato-espirall-de-vilafranca-del-penedes\/\" \/>\n<meta property=\"og:site_name\" content=\"Portell de Morella\" \/>\n<meta property=\"article:published_time\" content=\"2024-11-25T13:48:40+00:00\" \/>\n<meta property=\"article:modified_time\" content=\"2024-11-25T13:48:43+00:00\" \/>\n<meta property=\"og:image\" content=\"https:\/\/portelldemorella.org\/wp-content\/uploads\/2024\/11\/podi-amb-Albert-Ferrer.jpg\" \/>\n\t<meta property=\"og:image:width\" content=\"2036\" \/>\n\t<meta property=\"og:image:height\" content=\"2048\" \/>\n\t<meta property=\"og:image:type\" content=\"image\/jpeg\" \/>\n<meta name=\"author\" content=\"portell\" \/>\n<meta name=\"twitter:card\" content=\"summary_large_image\" \/>\n<meta name=\"twitter:label1\" content=\"Escrit per\" \/>\n\t<meta name=\"twitter:data1\" content=\"portell\" \/>\n\t<meta name=\"twitter:label2\" content=\"Temps estimat de lectura\" \/>\n\t<meta name=\"twitter:data2\" content=\"2 minuts\" \/>\n<script type=\"application\/ld+json\" class=\"yoast-schema-graph\">{\"@context\":\"https:\/\/schema.org\",\"@graph\":[{\"@type\":\"Article\",\"@id\":\"https:\/\/portelldemorella.org\/ca\/el-portella-albert-ferrer-vencedor-de-la-mitja-marato-espirall-de-vilafranca-del-penedes\/#article\",\"isPartOf\":{\"@id\":\"https:\/\/portelldemorella.org\/ca\/el-portella-albert-ferrer-vencedor-de-la-mitja-marato-espirall-de-vilafranca-del-penedes\/\"},\"author\":{\"name\":\"portell\",\"@id\":\"https:\/\/portelldemorella.org\/#\/schema\/person\/2adde77c454244acd163488ec723a88b\"},\"headline\":\"El portell\u00e0 Albert Ferrer, vencedor de la Mitja Marat\u00f3 Espirall de Vilafranca del Pened\u00e8s\",\"datePublished\":\"2024-11-25T13:48:40+00:00\",\"dateModified\":\"2024-11-25T13:48:43+00:00\",\"mainEntityOfPage\":{\"@id\":\"https:\/\/portelldemorella.org\/ca\/el-portella-albert-ferrer-vencedor-de-la-mitja-marato-espirall-de-vilafranca-del-penedes\/\"},\"wordCount\":213,\"commentCount\":0,\"publisher\":{\"@id\":\"https:\/\/portelldemorella.org\/#organization\"},\"image\":{\"@id\":\"https:\/\/portelldemorella.org\/ca\/el-portella-albert-ferrer-vencedor-de-la-mitja-marato-espirall-de-vilafranca-del-penedes\/#primaryimage\"},\"thumbnailUrl\":\"https:\/\/portelldemorella.org\/wp-content\/uploads\/2024\/11\/podi-amb-Albert-Ferrer.jpg\",\"keywords\":[\"esport\",\"portell\"],\"inLanguage\":\"ca\",\"potentialAction\":[{\"@type\":\"CommentAction\",\"name\":\"Comment\",\"target\":[\"https:\/\/portelldemorella.org\/ca\/el-portella-albert-ferrer-vencedor-de-la-mitja-marato-espirall-de-vilafranca-del-penedes\/#respond\"]}]},{\"@type\":\"WebPage\",\"@id\":\"https:\/\/portelldemorella.org\/ca\/el-portella-albert-ferrer-vencedor-de-la-mitja-marato-espirall-de-vilafranca-del-penedes\/\",\"url\":\"https:\/\/portelldemorella.org\/ca\/el-portella-albert-ferrer-vencedor-de-la-mitja-marato-espirall-de-vilafranca-del-penedes\/\",\"name\":\"El portell\u00e0 Albert Ferrer, vencedor de la Mitja Marat\u00f3 Espirall de Vilafranca del Pened\u00e8s - Portell de Morella\",\"isPartOf\":{\"@id\":\"https:\/\/portelldemorella.org\/#website\"},\"primaryImageOfPage\":{\"@id\":\"https:\/\/portelldemorella.org\/ca\/el-portella-albert-ferrer-vencedor-de-la-mitja-marato-espirall-de-vilafranca-del-penedes\/#primaryimage\"},\"image\":{\"@id\":\"https:\/\/portelldemorella.org\/ca\/el-portella-albert-ferrer-vencedor-de-la-mitja-marato-espirall-de-vilafranca-del-penedes\/#primaryimage\"},\"thumbnailUrl\":\"https:\/\/portelldemorella.org\/wp-content\/uploads\/2024\/11\/podi-amb-Albert-Ferrer.jpg\",\"datePublished\":\"2024-11-25T13:48:40+00:00\",\"dateModified\":\"2024-11-25T13:48:43+00:00\",\"breadcrumb\":{\"@id\":\"https:\/\/portelldemorella.org\/ca\/el-portella-albert-ferrer-vencedor-de-la-mitja-marato-espirall-de-vilafranca-del-penedes\/#breadcrumb\"},\"inLanguage\":\"ca\",\"potentialAction\":[{\"@type\":\"ReadAction\",\"target\":[\"https:\/\/portelldemorella.org\/ca\/el-portella-albert-ferrer-vencedor-de-la-mitja-marato-espirall-de-vilafranca-del-penedes\/\"]}]},{\"@type\":\"ImageObject\",\"inLanguage\":\"ca\",\"@id\":\"https:\/\/portelldemorella.org\/ca\/el-portella-albert-ferrer-vencedor-de-la-mitja-marato-espirall-de-vilafranca-del-penedes\/#primaryimage\",\"url\":\"https:\/\/portelldemorella.org\/wp-content\/uploads\/2024\/11\/podi-amb-Albert-Ferrer.jpg\",\"contentUrl\":\"https:\/\/portelldemorella.org\/wp-content\/uploads\/2024\/11\/podi-amb-Albert-Ferrer.jpg\",\"width\":2036,\"height\":2048},{\"@type\":\"BreadcrumbList\",\"@id\":\"https:\/\/portelldemorella.org\/ca\/el-portella-albert-ferrer-vencedor-de-la-mitja-marato-espirall-de-vilafranca-del-penedes\/#breadcrumb\",\"itemListElement\":[{\"@type\":\"ListItem\",\"position\":1,\"name\":\"Portada\",\"item\":\"https:\/\/portelldemorella.org\/ca\/\"},{\"@type\":\"ListItem\",\"position\":2,\"name\":\"El portell\u00e0 Albert Ferrer, vencedor de la Mitja Marat\u00f3 Espirall de Vilafranca del Pened\u00e8s\"}]},{\"@type\":\"WebSite\",\"@id\":\"https:\/\/portelldemorella.org\/#website\",\"url\":\"https:\/\/portelldemorella.org\/\",\"name\":\"Portell de Morella\",\"description\":\"Web del Ayuntamiento de Portell de Morella\",\"publisher\":{\"@id\":\"https:\/\/portelldemorella.org\/#organization\"},\"potentialAction\":[{\"@type\":\"SearchAction\",\"target\":{\"@type\":\"EntryPoint\",\"urlTemplate\":\"https:\/\/portelldemorella.org\/?s={search_term_string}\"},\"query-input\":{\"@type\":\"PropertyValueSpecification\",\"valueRequired\":true,\"valueName\":\"search_term_string\"}}],\"inLanguage\":\"ca\"},{\"@type\":\"Organization\",\"@id\":\"https:\/\/portelldemorella.org\/#organization\",\"name\":\"Portell de Morella\",\"url\":\"https:\/\/portelldemorella.org\/\",\"logo\":{\"@type\":\"ImageObject\",\"inLanguage\":\"ca\",\"@id\":\"https:\/\/portelldemorella.org\/#\/schema\/logo\/image\/\",\"url\":\"https:\/\/portelldemorella.org\/wp-content\/uploads\/2020\/11\/Escudo-Portell-04.jpg\",\"contentUrl\":\"https:\/\/portelldemorella.org\/wp-content\/uploads\/2020\/11\/Escudo-Portell-04.jpg\",\"width\":1001,\"height\":394,\"caption\":\"Portell de Morella\"},\"image\":{\"@id\":\"https:\/\/portelldemorella.org\/#\/schema\/logo\/image\/\"}},{\"@type\":\"Person\",\"@id\":\"https:\/\/portelldemorella.org\/#\/schema\/person\/2adde77c454244acd163488ec723a88b\",\"name\":\"portell\",\"image\":{\"@type\":\"ImageObject\",\"inLanguage\":\"ca\",\"@id\":\"https:\/\/portelldemorella.org\/#\/schema\/person\/image\/\",\"url\":\"https:\/\/secure.gravatar.com\/avatar\/077c6bd89604df620d2fa93a06be2531944cdd6826fd322dbd8b483fd84d6407?s=96&d=mm&r=g\",\"contentUrl\":\"https:\/\/secure.gravatar.com\/avatar\/077c6bd89604df620d2fa93a06be2531944cdd6826fd322dbd8b483fd84d6407?s=96&d=mm&r=g\",\"caption\":\"portell\"},\"sameAs\":[\"https:\/\/portelldemorella.org\"],\"url\":\"https:\/\/portelldemorella.org\/ca\/author\/portell\/\"}]}<\/script>\n<!-- \/ Yoast SEO plugin. -->","yoast_head_json":{"title":"El portell\u00e0 Albert Ferrer, vencedor de la Mitja Marat\u00f3 Espirall de Vilafranca del Pened\u00e8s - Portell de Morella","robots":{"index":"noindex","follow":"follow","max-snippet":"max-snippet:-1","max-image-preview":"max-image-preview:large","max-video-preview":"max-video-preview:-1"},"og_locale":"ca_ES","og_type":"article","og_title":"El portell\u00e0 Albert Ferrer, vencedor de la Mitja Marat\u00f3 Espirall de Vilafranca del Pened\u00e8s - Portell de Morella","og_description":"L&#8217;esportista Albert Ferrer, ve\u00ed de Portell, s&#8217;ha convertit en el guanyador de la Mitja Marat\u00f3 Espirall de Vilafranca del Pened\u00e8s despr\u00e9s de travessar la l\u00ednia de meta en primera posici\u00f3 amb un temps d&#8217;1.10:48. Ferrer, que exercix com a professor en l&#8217;institut de Vilafranca, aconseguix d&#8217;esta manera pujar-se fins a l&#8217;alt del podi en una [&hellip;]","og_url":"https:\/\/portelldemorella.org\/ca\/el-portella-albert-ferrer-vencedor-de-la-mitja-marato-espirall-de-vilafranca-del-penedes\/","og_site_name":"Portell de Morella","article_published_time":"2024-11-25T13:48:40+00:00","article_modified_time":"2024-11-25T13:48:43+00:00","og_image":[{"width":2036,"height":2048,"url":"https:\/\/portelldemorella.org\/wp-content\/uploads\/2024\/11\/podi-amb-Albert-Ferrer.jpg","type":"image\/jpeg"}],"author":"portell","twitter_card":"summary_large_image","twitter_misc":{"Escrit per":"portell","Temps estimat de lectura":"2 minuts"},"schema":{"@context":"https:\/\/schema.org","@graph":[{"@type":"Article","@id":"https:\/\/portelldemorella.org\/ca\/el-portella-albert-ferrer-vencedor-de-la-mitja-marato-espirall-de-vilafranca-del-penedes\/#article","isPartOf":{"@id":"https:\/\/portelldemorella.org\/ca\/el-portella-albert-ferrer-vencedor-de-la-mitja-marato-espirall-de-vilafranca-del-penedes\/"},"author":{"name":"portell","@id":"https:\/\/portelldemorella.org\/#\/schema\/person\/2adde77c454244acd163488ec723a88b"},"headline":"El portell\u00e0 Albert Ferrer, vencedor de la Mitja Marat\u00f3 Espirall de Vilafranca del Pened\u00e8s","datePublished":"2024-11-25T13:48:40+00:00","dateModified":"2024-11-25T13:48:43+00:00","mainEntityOfPage":{"@id":"https:\/\/portelldemorella.org\/ca\/el-portella-albert-ferrer-vencedor-de-la-mitja-marato-espirall-de-vilafranca-del-penedes\/"},"wordCount":213,"commentCount":0,"publisher":{"@id":"https:\/\/portelldemorella.org\/#organization"},"image":{"@id":"https:\/\/portelldemorella.org\/ca\/el-portella-albert-ferrer-vencedor-de-la-mitja-marato-espirall-de-vilafranca-del-penedes\/#primaryimage"},"thumbnailUrl":"https:\/\/portelldemorella.org\/wp-content\/uploads\/2024\/11\/podi-amb-Albert-Ferrer.jpg","keywords":["esport","portell"],"inLanguage":"ca","potentialAction":[{"@type":"CommentAction","name":"Comment","target":["https:\/\/portelldemorella.org\/ca\/el-portella-albert-ferrer-vencedor-de-la-mitja-marato-espirall-de-vilafranca-del-penedes\/#respond"]}]},{"@type":"WebPage","@id":"https:\/\/portelldemorella.org\/ca\/el-portella-albert-ferrer-vencedor-de-la-mitja-marato-espirall-de-vilafranca-del-penedes\/","url":"https:\/\/portelldemorella.org\/ca\/el-portella-albert-ferrer-vencedor-de-la-mitja-marato-espirall-de-vilafranca-del-penedes\/","name":"El portell\u00e0 Albert Ferrer, vencedor de la Mitja Marat\u00f3 Espirall de Vilafranca del Pened\u00e8s - Portell de Morella","isPartOf":{"@id":"https:\/\/portelldemorella.org\/#website"},"primaryImageOfPage":{"@id":"https:\/\/portelldemorella.org\/ca\/el-portella-albert-ferrer-vencedor-de-la-mitja-marato-espirall-de-vilafranca-del-penedes\/#primaryimage"},"image":{"@id":"https:\/\/portelldemorella.org\/ca\/el-portella-albert-ferrer-vencedor-de-la-mitja-marato-espirall-de-vilafranca-del-penedes\/#primaryimage"},"thumbnailUrl":"https:\/\/portelldemorella.org\/wp-content\/uploads\/2024\/11\/podi-amb-Albert-Ferrer.jpg","datePublished":"2024-11-25T13:48:40+00:00","dateModified":"2024-11-25T13:48:43+00:00","breadcrumb":{"@id":"https:\/\/portelldemorella.org\/ca\/el-portella-albert-ferrer-vencedor-de-la-mitja-marato-espirall-de-vilafranca-del-penedes\/#breadcrumb"},"inLanguage":"ca","potentialAction":[{"@type":"ReadAction","target":["https:\/\/portelldemorella.org\/ca\/el-portella-albert-ferrer-vencedor-de-la-mitja-marato-espirall-de-vilafranca-del-penedes\/"]}]},{"@type":"ImageObject","inLanguage":"ca","@id":"https:\/\/portelldemorella.org\/ca\/el-portella-albert-ferrer-vencedor-de-la-mitja-marato-espirall-de-vilafranca-del-penedes\/#primaryimage","url":"https:\/\/portelldemorella.org\/wp-content\/uploads\/2024\/11\/podi-amb-Albert-Ferrer.jpg","contentUrl":"https:\/\/portelldemorella.org\/wp-content\/uploads\/2024\/11\/podi-amb-Albert-Ferrer.jpg","width":2036,"height":2048},{"@type":"BreadcrumbList","@id":"https:\/\/portelldemorella.org\/ca\/el-portella-albert-ferrer-vencedor-de-la-mitja-marato-espirall-de-vilafranca-del-penedes\/#breadcrumb","itemListElement":[{"@type":"ListItem","position":1,"name":"Portada","item":"https:\/\/portelldemorella.org\/ca\/"},{"@type":"ListItem","position":2,"name":"El portell\u00e0 Albert Ferrer, vencedor de la Mitja Marat\u00f3 Espirall de Vilafranca del Pened\u00e8s"}]},{"@type":"WebSite","@id":"https:\/\/portelldemorella.org\/#website","url":"https:\/\/portelldemorella.org\/","name":"Portell de Morella","description":"Web del Ayuntamiento de Portell de Morella","publisher":{"@id":"https:\/\/portelldemorella.org\/#organization"},"potentialAction":[{"@type":"SearchAction","target":{"@type":"EntryPoint","urlTemplate":"https:\/\/portelldemorella.org\/?s={search_term_string}"},"query-input":{"@type":"PropertyValueSpecification","valueRequired":true,"valueName":"search_term_string"}}],"inLanguage":"ca"},{"@type":"Organization","@id":"https:\/\/portelldemorella.org\/#organization","name":"Portell de Morella","url":"https:\/\/portelldemorella.org\/","logo":{"@type":"ImageObject","inLanguage":"ca","@id":"https:\/\/portelldemorella.org\/#\/schema\/logo\/image\/","url":"https:\/\/portelldemorella.org\/wp-content\/uploads\/2020\/11\/Escudo-Portell-04.jpg","contentUrl":"https:\/\/portelldemorella.org\/wp-content\/uploads\/2020\/11\/Escudo-Portell-04.jpg","width":1001,"height":394,"caption":"Portell de Morella"},"image":{"@id":"https:\/\/portelldemorella.org\/#\/schema\/logo\/image\/"}},{"@type":"Person","@id":"https:\/\/portelldemorella.org\/#\/schema\/person\/2adde77c454244acd163488ec723a88b","name":"portell","image":{"@type":"ImageObject","inLanguage":"ca","@id":"https:\/\/portelldemorella.org\/#\/schema\/person\/image\/","url":"https:\/\/secure.gravatar.com\/avatar\/077c6bd89604df620d2fa93a06be2531944cdd6826fd322dbd8b483fd84d6407?s=96&d=mm&r=g","contentUrl":"https:\/\/secure.gravatar.com\/avatar\/077c6bd89604df620d2fa93a06be2531944cdd6826fd322dbd8b483fd84d6407?s=96&d=mm&r=g","caption":"portell"},"sameAs":["https:\/\/portelldemorella.org"],"url":"https:\/\/portelldemorella.org\/ca\/author\/portell\/"}]}},"_links":{"self":[{"href":"https:\/\/portelldemorella.org\/ca\/wp-json\/wp\/v2\/posts\/8241","targetHints":{"allow":["GET"]}}],"collection":[{"href":"https:\/\/portelldemorella.org\/ca\/wp-json\/wp\/v2\/posts"}],"about":[{"href":"https:\/\/portelldemorella.org\/ca\/wp-json\/wp\/v2\/types\/post"}],"author":[{"embeddable":true,"href":"https:\/\/portelldemorella.org\/ca\/wp-json\/wp\/v2\/users\/1"}],"replies":[{"embeddable":true,"href":"https:\/\/portelldemorella.org\/ca\/wp-json\/wp\/v2\/comments?post=8241"}],"version-history":[{"count":1,"href":"https:\/\/portelldemorella.org\/ca\/wp-json\/wp\/v2\/posts\/8241\/revisions"}],"predecessor-version":[{"id":8242,"href":"https:\/\/portelldemorella.org\/ca\/wp-json\/wp\/v2\/posts\/8241\/revisions\/8242"}],"wp:featuredmedia":[{"embeddable":true,"href":"https:\/\/portelldemorella.org\/ca\/wp-json\/wp\/v2\/media\/8239"}],"wp:attachment":[{"href":"https:\/\/portelldemorella.org\/ca\/wp-json\/wp\/v2\/media?parent=8241"}],"wp:term":[{"taxonomy":"category","embeddable":true,"href":"https:\/\/portelldemorella.org\/ca\/wp-json\/wp\/v2\/categories?post=8241"},{"taxonomy":"post_tag","embeddable":true,"href":"https:\/\/portelldemorella.org\/ca\/wp-json\/wp\/v2\/tags?post=8241"}],"curies":[{"name":"wp","href":"https:\/\/api.w.org\/{rel}","templated":true}]}}