{"id":8248,"date":"2024-12-10T08:14:18","date_gmt":"2024-12-10T08:14:18","guid":{"rendered":"https:\/\/portelldemorella.org\/?p=8248"},"modified":"2024-12-10T08:15:19","modified_gmt":"2024-12-10T08:15:19","slug":"portell-repartira-570-coquetes-en-la-festa-de-lesperanca-en-honor-a-la-seua-patrona","status":"publish","type":"post","link":"https:\/\/portelldemorella.org\/ca\/portell-repartira-570-coquetes-en-la-festa-de-lesperanca-en-honor-a-la-seua-patrona\/","title":{"rendered":"Portell repartir\u00e0 570 \u2018coquetes\u2019 en la Festa de l&#8217;Esperan\u00e7a en honor a la seua patrona"},"content":{"rendered":"\n<ul class=\"wp-block-list\">\n<li>La localitat retr\u00e0 homenatge a la imatge el pr\u00f2xim 14 de desembre en un acte que culminar\u00e0 amb la tradicional process\u00f3 fins a l&#8217;esgl\u00e9sia<\/li>\n<\/ul>\n\n\n\n<p>Portell honrar\u00e0 a la seua patrona, la Mare de D\u00e9u de L&#8217;Esperan\u00e7a, amb la ja tradicional Festa de l&#8217;Esperan\u00e7a. Una celebraci\u00f3 organitzada pels quintos i quintes del municipi que tindr\u00e0 lloc el pr\u00f2xim 14 de desembre i amb la qual la poblaci\u00f3 retr\u00e0 homenatge a la imatge.<\/p>\n\n\n\n<p>La jornada comen\u00e7ar\u00e0 al mat\u00ed amb la santa missa en l&#8217;ermita de l&#8217;Esperan\u00e7a, precedida per la recitaci\u00f3 de dos \u2018dites\u2019 en honor a la verge. En finalitzar, es realitzar\u00e0 entre tots els assistents el repartiment d&#8217;un total de 570 \u2018coquetes\u2019, un delici\u00f3s dol\u00e7 elaborat amb massa de rosquilla d&#8217;an\u00eds.<\/p>\n\n\n\n<p>A la vesprada, a les 16.30 hores, es procedir\u00e0 a la lectura del Rosari i, posteriorment, se celebrar\u00e0 la process\u00f3 des de l&#8217;ermita de L&#8217;Esperan\u00e7a fins a l&#8217;esgl\u00e9sia de l&#8217;Assumpci\u00f3, amb l&#8217;acompanyament de tambors i gaiters. La jornada finalitzar\u00e0 amb la lectura d&#8217;altres dos &#8216;dites&#8217; en la pla\u00e7a del poble.<\/p>\n","protected":false},"excerpt":{"rendered":"<p>Portell honrar\u00e0 a la seua patrona, la Mare de D\u00e9u de L&#8217;Esperan\u00e7a, amb la ja tradicional Festa de l&#8217;Esperan\u00e7a. Una celebraci\u00f3 organitzada pels quintos i quintes del municipi que tindr\u00e0 lloc el pr\u00f2xim 14 de desembre i amb la qual la poblaci\u00f3 retr\u00e0 homenatge a la imatge. La jornada comen\u00e7ar\u00e0 al mat\u00ed amb la santa [&hellip;]<\/p>\n","protected":false},"author":1,"featured_media":8246,"comment_status":"open","ping_status":"open","sticky":false,"template":"","format":"standard","meta":{"footnotes":""},"categories":[97],"tags":[107],"class_list":["post-8248","post","type-post","status-publish","format-standard","has-post-thumbnail","hentry","category-ayuntamiento-ca","tag-portell-ca"],"yoast_head":"<!-- This site is optimized with the Yoast SEO plugin v24.4 - https:\/\/yoast.com\/wordpress\/plugins\/seo\/ -->\n<title>Portell repartir\u00e0 570 \u2018coquetes\u2019 en la Festa de l&#039;Esperan\u00e7a en honor a la seua patrona - Portell de Morella<\/title>\n<meta name=\"robots\" content=\"noindex, follow, max-snippet:-1, max-image-preview:large, max-video-preview:-1\" \/>\n<meta property=\"og:locale\" content=\"ca_ES\" \/>\n<meta property=\"og:type\" content=\"article\" \/>\n<meta property=\"og:title\" content=\"Portell repartir\u00e0 570 \u2018coquetes\u2019 en la Festa de l&#039;Esperan\u00e7a en honor a la seua patrona - Portell de Morella\" \/>\n<meta property=\"og:description\" content=\"Portell honrar\u00e0 a la seua patrona, la Mare de D\u00e9u de L&#8217;Esperan\u00e7a, amb la ja tradicional Festa de l&#8217;Esperan\u00e7a. Una celebraci\u00f3 organitzada pels quintos i quintes del municipi que tindr\u00e0 lloc el pr\u00f2xim 14 de desembre i amb la qual la poblaci\u00f3 retr\u00e0 homenatge a la imatge. La jornada comen\u00e7ar\u00e0 al mat\u00ed amb la santa [&hellip;]\" \/>\n<meta property=\"og:url\" content=\"https:\/\/portelldemorella.org\/ca\/portell-repartira-570-coquetes-en-la-festa-de-lesperanca-en-honor-a-la-seua-patrona\/\" \/>\n<meta property=\"og:site_name\" content=\"Portell de Morella\" \/>\n<meta property=\"article:published_time\" content=\"2024-12-10T08:14:18+00:00\" \/>\n<meta property=\"article:modified_time\" content=\"2024-12-10T08:15:19+00:00\" \/>\n<meta property=\"og:image\" content=\"https:\/\/portelldemorella.org\/wp-content\/uploads\/2024\/12\/Processo-cap-a-lesglesia.-Arxiu-2023.jpg\" \/>\n\t<meta property=\"og:image:width\" content=\"2048\" \/>\n\t<meta property=\"og:image:height\" content=\"1366\" \/>\n\t<meta property=\"og:image:type\" content=\"image\/jpeg\" \/>\n<meta name=\"author\" content=\"portell\" \/>\n<meta name=\"twitter:card\" content=\"summary_large_image\" \/>\n<meta name=\"twitter:label1\" content=\"Escrit per\" \/>\n\t<meta name=\"twitter:data1\" content=\"portell\" \/>\n\t<meta name=\"twitter:label2\" content=\"Temps estimat de lectura\" \/>\n\t<meta name=\"twitter:data2\" content=\"1 minut\" \/>\n<script type=\"application\/ld+json\" class=\"yoast-schema-graph\">{\"@context\":\"https:\/\/schema.org\",\"@graph\":[{\"@type\":\"Article\",\"@id\":\"https:\/\/portelldemorella.org\/ca\/portell-repartira-570-coquetes-en-la-festa-de-lesperanca-en-honor-a-la-seua-patrona\/#article\",\"isPartOf\":{\"@id\":\"https:\/\/portelldemorella.org\/ca\/portell-repartira-570-coquetes-en-la-festa-de-lesperanca-en-honor-a-la-seua-patrona\/\"},\"author\":{\"name\":\"portell\",\"@id\":\"https:\/\/portelldemorella.org\/#\/schema\/person\/2adde77c454244acd163488ec723a88b\"},\"headline\":\"Portell repartir\u00e0 570 \u2018coquetes\u2019 en la Festa de l&#8217;Esperan\u00e7a en honor a la seua patrona\",\"datePublished\":\"2024-12-10T08:14:18+00:00\",\"dateModified\":\"2024-12-10T08:15:19+00:00\",\"mainEntityOfPage\":{\"@id\":\"https:\/\/portelldemorella.org\/ca\/portell-repartira-570-coquetes-en-la-festa-de-lesperanca-en-honor-a-la-seua-patrona\/\"},\"wordCount\":194,\"commentCount\":0,\"publisher\":{\"@id\":\"https:\/\/portelldemorella.org\/#organization\"},\"image\":{\"@id\":\"https:\/\/portelldemorella.org\/ca\/portell-repartira-570-coquetes-en-la-festa-de-lesperanca-en-honor-a-la-seua-patrona\/#primaryimage\"},\"thumbnailUrl\":\"https:\/\/portelldemorella.org\/wp-content\/uploads\/2024\/12\/Processo-cap-a-lesglesia.-Arxiu-2023.jpg\",\"keywords\":[\"portell\"],\"articleSection\":[\"Ayuntamiento\"],\"inLanguage\":\"ca\",\"potentialAction\":[{\"@type\":\"CommentAction\",\"name\":\"Comment\",\"target\":[\"https:\/\/portelldemorella.org\/ca\/portell-repartira-570-coquetes-en-la-festa-de-lesperanca-en-honor-a-la-seua-patrona\/#respond\"]}]},{\"@type\":\"WebPage\",\"@id\":\"https:\/\/portelldemorella.org\/ca\/portell-repartira-570-coquetes-en-la-festa-de-lesperanca-en-honor-a-la-seua-patrona\/\",\"url\":\"https:\/\/portelldemorella.org\/ca\/portell-repartira-570-coquetes-en-la-festa-de-lesperanca-en-honor-a-la-seua-patrona\/\",\"name\":\"Portell repartir\u00e0 570 \u2018coquetes\u2019 en la Festa de l'Esperan\u00e7a en honor a la seua patrona - Portell de Morella\",\"isPartOf\":{\"@id\":\"https:\/\/portelldemorella.org\/#website\"},\"primaryImageOfPage\":{\"@id\":\"https:\/\/portelldemorella.org\/ca\/portell-repartira-570-coquetes-en-la-festa-de-lesperanca-en-honor-a-la-seua-patrona\/#primaryimage\"},\"image\":{\"@id\":\"https:\/\/portelldemorella.org\/ca\/portell-repartira-570-coquetes-en-la-festa-de-lesperanca-en-honor-a-la-seua-patrona\/#primaryimage\"},\"thumbnailUrl\":\"https:\/\/portelldemorella.org\/wp-content\/uploads\/2024\/12\/Processo-cap-a-lesglesia.-Arxiu-2023.jpg\",\"datePublished\":\"2024-12-10T08:14:18+00:00\",\"dateModified\":\"2024-12-10T08:15:19+00:00\",\"breadcrumb\":{\"@id\":\"https:\/\/portelldemorella.org\/ca\/portell-repartira-570-coquetes-en-la-festa-de-lesperanca-en-honor-a-la-seua-patrona\/#breadcrumb\"},\"inLanguage\":\"ca\",\"potentialAction\":[{\"@type\":\"ReadAction\",\"target\":[\"https:\/\/portelldemorella.org\/ca\/portell-repartira-570-coquetes-en-la-festa-de-lesperanca-en-honor-a-la-seua-patrona\/\"]}]},{\"@type\":\"ImageObject\",\"inLanguage\":\"ca\",\"@id\":\"https:\/\/portelldemorella.org\/ca\/portell-repartira-570-coquetes-en-la-festa-de-lesperanca-en-honor-a-la-seua-patrona\/#primaryimage\",\"url\":\"https:\/\/portelldemorella.org\/wp-content\/uploads\/2024\/12\/Processo-cap-a-lesglesia.-Arxiu-2023.jpg\",\"contentUrl\":\"https:\/\/portelldemorella.org\/wp-content\/uploads\/2024\/12\/Processo-cap-a-lesglesia.-Arxiu-2023.jpg\",\"width\":2048,\"height\":1366},{\"@type\":\"BreadcrumbList\",\"@id\":\"https:\/\/portelldemorella.org\/ca\/portell-repartira-570-coquetes-en-la-festa-de-lesperanca-en-honor-a-la-seua-patrona\/#breadcrumb\",\"itemListElement\":[{\"@type\":\"ListItem\",\"position\":1,\"name\":\"Portada\",\"item\":\"https:\/\/portelldemorella.org\/ca\/\"},{\"@type\":\"ListItem\",\"position\":2,\"name\":\"Portell repartir\u00e0 570 \u2018coquetes\u2019 en la Festa de l&#8217;Esperan\u00e7a en honor a la seua patrona\"}]},{\"@type\":\"WebSite\",\"@id\":\"https:\/\/portelldemorella.org\/#website\",\"url\":\"https:\/\/portelldemorella.org\/\",\"name\":\"Portell de Morella\",\"description\":\"Web del Ayuntamiento de Portell de Morella\",\"publisher\":{\"@id\":\"https:\/\/portelldemorella.org\/#organization\"},\"potentialAction\":[{\"@type\":\"SearchAction\",\"target\":{\"@type\":\"EntryPoint\",\"urlTemplate\":\"https:\/\/portelldemorella.org\/?s={search_term_string}\"},\"query-input\":{\"@type\":\"PropertyValueSpecification\",\"valueRequired\":true,\"valueName\":\"search_term_string\"}}],\"inLanguage\":\"ca\"},{\"@type\":\"Organization\",\"@id\":\"https:\/\/portelldemorella.org\/#organization\",\"name\":\"Portell de Morella\",\"url\":\"https:\/\/portelldemorella.org\/\",\"logo\":{\"@type\":\"ImageObject\",\"inLanguage\":\"ca\",\"@id\":\"https:\/\/portelldemorella.org\/#\/schema\/logo\/image\/\",\"url\":\"https:\/\/portelldemorella.org\/wp-content\/uploads\/2020\/11\/Escudo-Portell-04.jpg\",\"contentUrl\":\"https:\/\/portelldemorella.org\/wp-content\/uploads\/2020\/11\/Escudo-Portell-04.jpg\",\"width\":1001,\"height\":394,\"caption\":\"Portell de Morella\"},\"image\":{\"@id\":\"https:\/\/portelldemorella.org\/#\/schema\/logo\/image\/\"}},{\"@type\":\"Person\",\"@id\":\"https:\/\/portelldemorella.org\/#\/schema\/person\/2adde77c454244acd163488ec723a88b\",\"name\":\"portell\",\"image\":{\"@type\":\"ImageObject\",\"inLanguage\":\"ca\",\"@id\":\"https:\/\/portelldemorella.org\/#\/schema\/person\/image\/\",\"url\":\"https:\/\/secure.gravatar.com\/avatar\/077c6bd89604df620d2fa93a06be2531944cdd6826fd322dbd8b483fd84d6407?s=96&d=mm&r=g\",\"contentUrl\":\"https:\/\/secure.gravatar.com\/avatar\/077c6bd89604df620d2fa93a06be2531944cdd6826fd322dbd8b483fd84d6407?s=96&d=mm&r=g\",\"caption\":\"portell\"},\"sameAs\":[\"https:\/\/portelldemorella.org\"],\"url\":\"https:\/\/portelldemorella.org\/ca\/author\/portell\/\"}]}<\/script>\n<!-- \/ Yoast SEO plugin. -->","yoast_head_json":{"title":"Portell repartir\u00e0 570 \u2018coquetes\u2019 en la Festa de l'Esperan\u00e7a en honor a la seua patrona - Portell de Morella","robots":{"index":"noindex","follow":"follow","max-snippet":"max-snippet:-1","max-image-preview":"max-image-preview:large","max-video-preview":"max-video-preview:-1"},"og_locale":"ca_ES","og_type":"article","og_title":"Portell repartir\u00e0 570 \u2018coquetes\u2019 en la Festa de l'Esperan\u00e7a en honor a la seua patrona - Portell de Morella","og_description":"Portell honrar\u00e0 a la seua patrona, la Mare de D\u00e9u de L&#8217;Esperan\u00e7a, amb la ja tradicional Festa de l&#8217;Esperan\u00e7a. Una celebraci\u00f3 organitzada pels quintos i quintes del municipi que tindr\u00e0 lloc el pr\u00f2xim 14 de desembre i amb la qual la poblaci\u00f3 retr\u00e0 homenatge a la imatge. La jornada comen\u00e7ar\u00e0 al mat\u00ed amb la santa [&hellip;]","og_url":"https:\/\/portelldemorella.org\/ca\/portell-repartira-570-coquetes-en-la-festa-de-lesperanca-en-honor-a-la-seua-patrona\/","og_site_name":"Portell de Morella","article_published_time":"2024-12-10T08:14:18+00:00","article_modified_time":"2024-12-10T08:15:19+00:00","og_image":[{"width":2048,"height":1366,"url":"https:\/\/portelldemorella.org\/wp-content\/uploads\/2024\/12\/Processo-cap-a-lesglesia.-Arxiu-2023.jpg","type":"image\/jpeg"}],"author":"portell","twitter_card":"summary_large_image","twitter_misc":{"Escrit per":"portell","Temps estimat de lectura":"1 minut"},"schema":{"@context":"https:\/\/schema.org","@graph":[{"@type":"Article","@id":"https:\/\/portelldemorella.org\/ca\/portell-repartira-570-coquetes-en-la-festa-de-lesperanca-en-honor-a-la-seua-patrona\/#article","isPartOf":{"@id":"https:\/\/portelldemorella.org\/ca\/portell-repartira-570-coquetes-en-la-festa-de-lesperanca-en-honor-a-la-seua-patrona\/"},"author":{"name":"portell","@id":"https:\/\/portelldemorella.org\/#\/schema\/person\/2adde77c454244acd163488ec723a88b"},"headline":"Portell repartir\u00e0 570 \u2018coquetes\u2019 en la Festa de l&#8217;Esperan\u00e7a en honor a la seua patrona","datePublished":"2024-12-10T08:14:18+00:00","dateModified":"2024-12-10T08:15:19+00:00","mainEntityOfPage":{"@id":"https:\/\/portelldemorella.org\/ca\/portell-repartira-570-coquetes-en-la-festa-de-lesperanca-en-honor-a-la-seua-patrona\/"},"wordCount":194,"commentCount":0,"publisher":{"@id":"https:\/\/portelldemorella.org\/#organization"},"image":{"@id":"https:\/\/portelldemorella.org\/ca\/portell-repartira-570-coquetes-en-la-festa-de-lesperanca-en-honor-a-la-seua-patrona\/#primaryimage"},"thumbnailUrl":"https:\/\/portelldemorella.org\/wp-content\/uploads\/2024\/12\/Processo-cap-a-lesglesia.-Arxiu-2023.jpg","keywords":["portell"],"articleSection":["Ayuntamiento"],"inLanguage":"ca","potentialAction":[{"@type":"CommentAction","name":"Comment","target":["https:\/\/portelldemorella.org\/ca\/portell-repartira-570-coquetes-en-la-festa-de-lesperanca-en-honor-a-la-seua-patrona\/#respond"]}]},{"@type":"WebPage","@id":"https:\/\/portelldemorella.org\/ca\/portell-repartira-570-coquetes-en-la-festa-de-lesperanca-en-honor-a-la-seua-patrona\/","url":"https:\/\/portelldemorella.org\/ca\/portell-repartira-570-coquetes-en-la-festa-de-lesperanca-en-honor-a-la-seua-patrona\/","name":"Portell repartir\u00e0 570 \u2018coquetes\u2019 en la Festa de l'Esperan\u00e7a en honor a la seua patrona - Portell de Morella","isPartOf":{"@id":"https:\/\/portelldemorella.org\/#website"},"primaryImageOfPage":{"@id":"https:\/\/portelldemorella.org\/ca\/portell-repartira-570-coquetes-en-la-festa-de-lesperanca-en-honor-a-la-seua-patrona\/#primaryimage"},"image":{"@id":"https:\/\/portelldemorella.org\/ca\/portell-repartira-570-coquetes-en-la-festa-de-lesperanca-en-honor-a-la-seua-patrona\/#primaryimage"},"thumbnailUrl":"https:\/\/portelldemorella.org\/wp-content\/uploads\/2024\/12\/Processo-cap-a-lesglesia.-Arxiu-2023.jpg","datePublished":"2024-12-10T08:14:18+00:00","dateModified":"2024-12-10T08:15:19+00:00","breadcrumb":{"@id":"https:\/\/portelldemorella.org\/ca\/portell-repartira-570-coquetes-en-la-festa-de-lesperanca-en-honor-a-la-seua-patrona\/#breadcrumb"},"inLanguage":"ca","potentialAction":[{"@type":"ReadAction","target":["https:\/\/portelldemorella.org\/ca\/portell-repartira-570-coquetes-en-la-festa-de-lesperanca-en-honor-a-la-seua-patrona\/"]}]},{"@type":"ImageObject","inLanguage":"ca","@id":"https:\/\/portelldemorella.org\/ca\/portell-repartira-570-coquetes-en-la-festa-de-lesperanca-en-honor-a-la-seua-patrona\/#primaryimage","url":"https:\/\/portelldemorella.org\/wp-content\/uploads\/2024\/12\/Processo-cap-a-lesglesia.-Arxiu-2023.jpg","contentUrl":"https:\/\/portelldemorella.org\/wp-content\/uploads\/2024\/12\/Processo-cap-a-lesglesia.-Arxiu-2023.jpg","width":2048,"height":1366},{"@type":"BreadcrumbList","@id":"https:\/\/portelldemorella.org\/ca\/portell-repartira-570-coquetes-en-la-festa-de-lesperanca-en-honor-a-la-seua-patrona\/#breadcrumb","itemListElement":[{"@type":"ListItem","position":1,"name":"Portada","item":"https:\/\/portelldemorella.org\/ca\/"},{"@type":"ListItem","position":2,"name":"Portell repartir\u00e0 570 \u2018coquetes\u2019 en la Festa de l&#8217;Esperan\u00e7a en honor a la seua patrona"}]},{"@type":"WebSite","@id":"https:\/\/portelldemorella.org\/#website","url":"https:\/\/portelldemorella.org\/","name":"Portell de Morella","description":"Web del Ayuntamiento de Portell de Morella","publisher":{"@id":"https:\/\/portelldemorella.org\/#organization"},"potentialAction":[{"@type":"SearchAction","target":{"@type":"EntryPoint","urlTemplate":"https:\/\/portelldemorella.org\/?s={search_term_string}"},"query-input":{"@type":"PropertyValueSpecification","valueRequired":true,"valueName":"search_term_string"}}],"inLanguage":"ca"},{"@type":"Organization","@id":"https:\/\/portelldemorella.org\/#organization","name":"Portell de Morella","url":"https:\/\/portelldemorella.org\/","logo":{"@type":"ImageObject","inLanguage":"ca","@id":"https:\/\/portelldemorella.org\/#\/schema\/logo\/image\/","url":"https:\/\/portelldemorella.org\/wp-content\/uploads\/2020\/11\/Escudo-Portell-04.jpg","contentUrl":"https:\/\/portelldemorella.org\/wp-content\/uploads\/2020\/11\/Escudo-Portell-04.jpg","width":1001,"height":394,"caption":"Portell de Morella"},"image":{"@id":"https:\/\/portelldemorella.org\/#\/schema\/logo\/image\/"}},{"@type":"Person","@id":"https:\/\/portelldemorella.org\/#\/schema\/person\/2adde77c454244acd163488ec723a88b","name":"portell","image":{"@type":"ImageObject","inLanguage":"ca","@id":"https:\/\/portelldemorella.org\/#\/schema\/person\/image\/","url":"https:\/\/secure.gravatar.com\/avatar\/077c6bd89604df620d2fa93a06be2531944cdd6826fd322dbd8b483fd84d6407?s=96&d=mm&r=g","contentUrl":"https:\/\/secure.gravatar.com\/avatar\/077c6bd89604df620d2fa93a06be2531944cdd6826fd322dbd8b483fd84d6407?s=96&d=mm&r=g","caption":"portell"},"sameAs":["https:\/\/portelldemorella.org"],"url":"https:\/\/portelldemorella.org\/ca\/author\/portell\/"}]}},"_links":{"self":[{"href":"https:\/\/portelldemorella.org\/ca\/wp-json\/wp\/v2\/posts\/8248","targetHints":{"allow":["GET"]}}],"collection":[{"href":"https:\/\/portelldemorella.org\/ca\/wp-json\/wp\/v2\/posts"}],"about":[{"href":"https:\/\/portelldemorella.org\/ca\/wp-json\/wp\/v2\/types\/post"}],"author":[{"embeddable":true,"href":"https:\/\/portelldemorella.org\/ca\/wp-json\/wp\/v2\/users\/1"}],"replies":[{"embeddable":true,"href":"https:\/\/portelldemorella.org\/ca\/wp-json\/wp\/v2\/comments?post=8248"}],"version-history":[{"count":1,"href":"https:\/\/portelldemorella.org\/ca\/wp-json\/wp\/v2\/posts\/8248\/revisions"}],"predecessor-version":[{"id":8249,"href":"https:\/\/portelldemorella.org\/ca\/wp-json\/wp\/v2\/posts\/8248\/revisions\/8249"}],"wp:featuredmedia":[{"embeddable":true,"href":"https:\/\/portelldemorella.org\/ca\/wp-json\/wp\/v2\/media\/8246"}],"wp:attachment":[{"href":"https:\/\/portelldemorella.org\/ca\/wp-json\/wp\/v2\/media?parent=8248"}],"wp:term":[{"taxonomy":"category","embeddable":true,"href":"https:\/\/portelldemorella.org\/ca\/wp-json\/wp\/v2\/categories?post=8248"},{"taxonomy":"post_tag","embeddable":true,"href":"https:\/\/portelldemorella.org\/ca\/wp-json\/wp\/v2\/tags?post=8248"}],"curies":[{"name":"wp","href":"https:\/\/api.w.org\/{rel}","templated":true}]}}