{"id":8256,"date":"2024-12-18T09:33:31","date_gmt":"2024-12-18T09:33:31","guid":{"rendered":"https:\/\/portelldemorella.org\/portell-apuesta-por-la-energia-limpia-y-la-movilidad-sostenible\/"},"modified":"2024-12-18T10:29:08","modified_gmt":"2024-12-18T10:29:08","slug":"portell-apuesta-por-la-energia-limpia-y-la-movilidad-sostenible","status":"publish","type":"post","link":"https:\/\/portelldemorella.org\/ca\/portell-apuesta-por-la-energia-limpia-y-la-movilidad-sostenible\/","title":{"rendered":"Portell aposta per l&#8217;energia neta i la mobilitat sostenible"},"content":{"rendered":"\n<p>Portell ha fet un pas significatiu cap a un futur m\u00e9s sostenible gr\u00e0cies a la implementaci\u00f3 del seu Pla d&#8217;Acci\u00f3 per al Clima i l&#8217;Energia Sostenible (PACES). Este ambici\u00f3s projecte, executat per l&#8217;empresa Enginy, ha perm\u00e9s al municipi dur a terme diverses iniciatives enfocades en la reducci\u00f3 d&#8217;emissions i la promoci\u00f3 d&#8217;energies netes.<\/p>\n\n\n\n<p>Entre les accions m\u00e9s destacades es troba la instal\u00b7laci\u00f3 d&#8217;una nova caldera de biomassa en la xarxa de calor municipal. Esta tecnologia innovadora permet utilitzar biomassa com a combustible, la qual cosa redu\u00efx significativament les emissions de CO2 en comparaci\u00f3 amb els combustibles f\u00f2ssils tradicionals. A m\u00e9s, s&#8217;ha adquirit un vehicle el\u00e8ctric per a un servei de &#8216;carsharing&#8217; municipal, fomentant aix\u00ed la mobilitat sostenible i reduint la contaminaci\u00f3 atmosf\u00e8rica.<\/p>\n\n\n\n<p>Per a millorar la qualitat de l&#8217;aire i la biodiversitat, s&#8217;ha creat una nova zona verda mitjan\u00e7ant la plantaci\u00f3 d&#8217;esp\u00e8cies aut\u00f2ctones. Este espai no nom\u00e9s embellix el municipi, sin\u00f3 que tamb\u00e9 contribu\u00efx a la captura de carboni i a la creaci\u00f3 d&#8217;un h\u00e0bitat per a la fauna local.<\/p>\n\n\n\n<p>\u201cDes de l&#8217;Ajuntament de Portell portem anys treballant en la reducci\u00f3 d&#8217;emissions i l&#8217;\u00fas de les energies verdes. Comptem amb \u2018xarxa calor\u2019 per a calefacci\u00f3 i aigua calenta, amb plaques solars i comunitat energ\u00e8tica i amb punt de rec\u00e0rrega de vehicles el\u00e8ctric, tot aix\u00f2 en pro de l&#8217;efici\u00e8ncia energ\u00e8tica\u201d ha afirmat l&#8217;alcalde, \u00c1lvaro Ferrer.<\/p>\n\n\n\n<p>Gr\u00e0cies a estes accions, Portell es posiciona com un referent en la lluita contra el canvi clim\u00e0tic a la regi\u00f3. Motiu pel qual ha sigut convidat en diverses ocasions a confer\u00e8ncies i f\u00f2rums sobre sostenibilitat energ\u00e8tica. El municipi demostra el seu comprom\u00eds amb el desenvolupament sostenible i la millora de la qualitat de vida dels seus habitants.&nbsp;<\/p>\n","protected":false},"excerpt":{"rendered":"<p>Portell ha fet un pas significatiu cap a un futur m\u00e9s sostenible gr\u00e0cies a la implementaci\u00f3 del seu Pla d&#8217;Acci\u00f3 per al Clima i l&#8217;Energia Sostenible (PACES). Este ambici\u00f3s projecte, executat per l&#8217;empresa Enginy, ha perm\u00e9s al municipi dur a terme diverses iniciatives enfocades en la reducci\u00f3 d&#8217;emissions i la promoci\u00f3 d&#8217;energies netes. Entre les [&hellip;]<\/p>\n","protected":false},"author":1,"featured_media":8253,"comment_status":"open","ping_status":"open","sticky":false,"template":"","format":"standard","meta":{"footnotes":""},"categories":[97],"tags":[135,276,107],"class_list":["post-8256","post","type-post","status-publish","format-standard","has-post-thumbnail","hentry","category-ayuntamiento-ca","tag-els-ports","tag-energia-verde-ca","tag-portell-ca"],"yoast_head":"<!-- This site is optimized with the Yoast SEO plugin v24.4 - https:\/\/yoast.com\/wordpress\/plugins\/seo\/ -->\n<title>Portell aposta per l&#039;energia neta i la mobilitat sostenible - Portell de Morella<\/title>\n<meta name=\"robots\" content=\"noindex, follow, max-snippet:-1, max-image-preview:large, max-video-preview:-1\" \/>\n<meta property=\"og:locale\" content=\"ca_ES\" \/>\n<meta property=\"og:type\" content=\"article\" \/>\n<meta property=\"og:title\" content=\"Portell aposta per l&#039;energia neta i la mobilitat sostenible - Portell de Morella\" \/>\n<meta property=\"og:description\" content=\"Portell ha fet un pas significatiu cap a un futur m\u00e9s sostenible gr\u00e0cies a la implementaci\u00f3 del seu Pla d&#8217;Acci\u00f3 per al Clima i l&#8217;Energia Sostenible (PACES). Este ambici\u00f3s projecte, executat per l&#8217;empresa Enginy, ha perm\u00e9s al municipi dur a terme diverses iniciatives enfocades en la reducci\u00f3 d&#8217;emissions i la promoci\u00f3 d&#8217;energies netes. Entre les [&hellip;]\" \/>\n<meta property=\"og:url\" content=\"https:\/\/portelldemorella.org\/ca\/portell-apuesta-por-la-energia-limpia-y-la-movilidad-sostenible\/\" \/>\n<meta property=\"og:site_name\" content=\"Portell de Morella\" \/>\n<meta property=\"article:published_time\" content=\"2024-12-18T09:33:31+00:00\" \/>\n<meta property=\"article:modified_time\" content=\"2024-12-18T10:29:08+00:00\" \/>\n<meta property=\"og:image\" content=\"https:\/\/portelldemorella.org\/wp-content\/uploads\/2024\/12\/Captura-de-pantalla-2024-12-18-081744.jpg\" \/>\n\t<meta property=\"og:image:width\" content=\"542\" \/>\n\t<meta property=\"og:image:height\" content=\"726\" \/>\n\t<meta property=\"og:image:type\" content=\"image\/jpeg\" \/>\n<meta name=\"author\" content=\"portell\" \/>\n<meta name=\"twitter:card\" content=\"summary_large_image\" \/>\n<meta name=\"twitter:label1\" content=\"Escrit per\" \/>\n\t<meta name=\"twitter:data1\" content=\"portell\" \/>\n\t<meta name=\"twitter:label2\" content=\"Temps estimat de lectura\" \/>\n\t<meta name=\"twitter:data2\" content=\"2 minuts\" \/>\n<script type=\"application\/ld+json\" class=\"yoast-schema-graph\">{\"@context\":\"https:\/\/schema.org\",\"@graph\":[{\"@type\":\"Article\",\"@id\":\"https:\/\/portelldemorella.org\/ca\/portell-apuesta-por-la-energia-limpia-y-la-movilidad-sostenible\/#article\",\"isPartOf\":{\"@id\":\"https:\/\/portelldemorella.org\/ca\/portell-apuesta-por-la-energia-limpia-y-la-movilidad-sostenible\/\"},\"author\":{\"name\":\"portell\",\"@id\":\"https:\/\/portelldemorella.org\/#\/schema\/person\/2adde77c454244acd163488ec723a88b\"},\"headline\":\"Portell aposta per l&#8217;energia neta i la mobilitat sostenible\",\"datePublished\":\"2024-12-18T09:33:31+00:00\",\"dateModified\":\"2024-12-18T10:29:08+00:00\",\"mainEntityOfPage\":{\"@id\":\"https:\/\/portelldemorella.org\/ca\/portell-apuesta-por-la-energia-limpia-y-la-movilidad-sostenible\/\"},\"wordCount\":320,\"commentCount\":0,\"publisher\":{\"@id\":\"https:\/\/portelldemorella.org\/#organization\"},\"image\":{\"@id\":\"https:\/\/portelldemorella.org\/ca\/portell-apuesta-por-la-energia-limpia-y-la-movilidad-sostenible\/#primaryimage\"},\"thumbnailUrl\":\"https:\/\/portelldemorella.org\/wp-content\/uploads\/2024\/12\/Captura-de-pantalla-2024-12-18-081744.jpg\",\"keywords\":[\"els ports\",\"energia verde\",\"portell\"],\"articleSection\":[\"Ayuntamiento\"],\"inLanguage\":\"ca\",\"potentialAction\":[{\"@type\":\"CommentAction\",\"name\":\"Comment\",\"target\":[\"https:\/\/portelldemorella.org\/ca\/portell-apuesta-por-la-energia-limpia-y-la-movilidad-sostenible\/#respond\"]}]},{\"@type\":\"WebPage\",\"@id\":\"https:\/\/portelldemorella.org\/ca\/portell-apuesta-por-la-energia-limpia-y-la-movilidad-sostenible\/\",\"url\":\"https:\/\/portelldemorella.org\/ca\/portell-apuesta-por-la-energia-limpia-y-la-movilidad-sostenible\/\",\"name\":\"Portell aposta per l'energia neta i la mobilitat sostenible - Portell de Morella\",\"isPartOf\":{\"@id\":\"https:\/\/portelldemorella.org\/#website\"},\"primaryImageOfPage\":{\"@id\":\"https:\/\/portelldemorella.org\/ca\/portell-apuesta-por-la-energia-limpia-y-la-movilidad-sostenible\/#primaryimage\"},\"image\":{\"@id\":\"https:\/\/portelldemorella.org\/ca\/portell-apuesta-por-la-energia-limpia-y-la-movilidad-sostenible\/#primaryimage\"},\"thumbnailUrl\":\"https:\/\/portelldemorella.org\/wp-content\/uploads\/2024\/12\/Captura-de-pantalla-2024-12-18-081744.jpg\",\"datePublished\":\"2024-12-18T09:33:31+00:00\",\"dateModified\":\"2024-12-18T10:29:08+00:00\",\"breadcrumb\":{\"@id\":\"https:\/\/portelldemorella.org\/ca\/portell-apuesta-por-la-energia-limpia-y-la-movilidad-sostenible\/#breadcrumb\"},\"inLanguage\":\"ca\",\"potentialAction\":[{\"@type\":\"ReadAction\",\"target\":[\"https:\/\/portelldemorella.org\/ca\/portell-apuesta-por-la-energia-limpia-y-la-movilidad-sostenible\/\"]}]},{\"@type\":\"ImageObject\",\"inLanguage\":\"ca\",\"@id\":\"https:\/\/portelldemorella.org\/ca\/portell-apuesta-por-la-energia-limpia-y-la-movilidad-sostenible\/#primaryimage\",\"url\":\"https:\/\/portelldemorella.org\/wp-content\/uploads\/2024\/12\/Captura-de-pantalla-2024-12-18-081744.jpg\",\"contentUrl\":\"https:\/\/portelldemorella.org\/wp-content\/uploads\/2024\/12\/Captura-de-pantalla-2024-12-18-081744.jpg\",\"width\":542,\"height\":726},{\"@type\":\"BreadcrumbList\",\"@id\":\"https:\/\/portelldemorella.org\/ca\/portell-apuesta-por-la-energia-limpia-y-la-movilidad-sostenible\/#breadcrumb\",\"itemListElement\":[{\"@type\":\"ListItem\",\"position\":1,\"name\":\"Portada\",\"item\":\"https:\/\/portelldemorella.org\/ca\/\"},{\"@type\":\"ListItem\",\"position\":2,\"name\":\"Portell aposta per l&#8217;energia neta i la mobilitat sostenible\"}]},{\"@type\":\"WebSite\",\"@id\":\"https:\/\/portelldemorella.org\/#website\",\"url\":\"https:\/\/portelldemorella.org\/\",\"name\":\"Portell de Morella\",\"description\":\"Web del Ayuntamiento de Portell de Morella\",\"publisher\":{\"@id\":\"https:\/\/portelldemorella.org\/#organization\"},\"potentialAction\":[{\"@type\":\"SearchAction\",\"target\":{\"@type\":\"EntryPoint\",\"urlTemplate\":\"https:\/\/portelldemorella.org\/?s={search_term_string}\"},\"query-input\":{\"@type\":\"PropertyValueSpecification\",\"valueRequired\":true,\"valueName\":\"search_term_string\"}}],\"inLanguage\":\"ca\"},{\"@type\":\"Organization\",\"@id\":\"https:\/\/portelldemorella.org\/#organization\",\"name\":\"Portell de Morella\",\"url\":\"https:\/\/portelldemorella.org\/\",\"logo\":{\"@type\":\"ImageObject\",\"inLanguage\":\"ca\",\"@id\":\"https:\/\/portelldemorella.org\/#\/schema\/logo\/image\/\",\"url\":\"https:\/\/portelldemorella.org\/wp-content\/uploads\/2020\/11\/Escudo-Portell-04.jpg\",\"contentUrl\":\"https:\/\/portelldemorella.org\/wp-content\/uploads\/2020\/11\/Escudo-Portell-04.jpg\",\"width\":1001,\"height\":394,\"caption\":\"Portell de Morella\"},\"image\":{\"@id\":\"https:\/\/portelldemorella.org\/#\/schema\/logo\/image\/\"}},{\"@type\":\"Person\",\"@id\":\"https:\/\/portelldemorella.org\/#\/schema\/person\/2adde77c454244acd163488ec723a88b\",\"name\":\"portell\",\"image\":{\"@type\":\"ImageObject\",\"inLanguage\":\"ca\",\"@id\":\"https:\/\/portelldemorella.org\/#\/schema\/person\/image\/\",\"url\":\"https:\/\/secure.gravatar.com\/avatar\/077c6bd89604df620d2fa93a06be2531944cdd6826fd322dbd8b483fd84d6407?s=96&d=mm&r=g\",\"contentUrl\":\"https:\/\/secure.gravatar.com\/avatar\/077c6bd89604df620d2fa93a06be2531944cdd6826fd322dbd8b483fd84d6407?s=96&d=mm&r=g\",\"caption\":\"portell\"},\"sameAs\":[\"https:\/\/portelldemorella.org\"],\"url\":\"https:\/\/portelldemorella.org\/ca\/author\/portell\/\"}]}<\/script>\n<!-- \/ Yoast SEO plugin. -->","yoast_head_json":{"title":"Portell aposta per l'energia neta i la mobilitat sostenible - Portell de Morella","robots":{"index":"noindex","follow":"follow","max-snippet":"max-snippet:-1","max-image-preview":"max-image-preview:large","max-video-preview":"max-video-preview:-1"},"og_locale":"ca_ES","og_type":"article","og_title":"Portell aposta per l'energia neta i la mobilitat sostenible - Portell de Morella","og_description":"Portell ha fet un pas significatiu cap a un futur m\u00e9s sostenible gr\u00e0cies a la implementaci\u00f3 del seu Pla d&#8217;Acci\u00f3 per al Clima i l&#8217;Energia Sostenible (PACES). Este ambici\u00f3s projecte, executat per l&#8217;empresa Enginy, ha perm\u00e9s al municipi dur a terme diverses iniciatives enfocades en la reducci\u00f3 d&#8217;emissions i la promoci\u00f3 d&#8217;energies netes. Entre les [&hellip;]","og_url":"https:\/\/portelldemorella.org\/ca\/portell-apuesta-por-la-energia-limpia-y-la-movilidad-sostenible\/","og_site_name":"Portell de Morella","article_published_time":"2024-12-18T09:33:31+00:00","article_modified_time":"2024-12-18T10:29:08+00:00","og_image":[{"width":542,"height":726,"url":"https:\/\/portelldemorella.org\/wp-content\/uploads\/2024\/12\/Captura-de-pantalla-2024-12-18-081744.jpg","type":"image\/jpeg"}],"author":"portell","twitter_card":"summary_large_image","twitter_misc":{"Escrit per":"portell","Temps estimat de lectura":"2 minuts"},"schema":{"@context":"https:\/\/schema.org","@graph":[{"@type":"Article","@id":"https:\/\/portelldemorella.org\/ca\/portell-apuesta-por-la-energia-limpia-y-la-movilidad-sostenible\/#article","isPartOf":{"@id":"https:\/\/portelldemorella.org\/ca\/portell-apuesta-por-la-energia-limpia-y-la-movilidad-sostenible\/"},"author":{"name":"portell","@id":"https:\/\/portelldemorella.org\/#\/schema\/person\/2adde77c454244acd163488ec723a88b"},"headline":"Portell aposta per l&#8217;energia neta i la mobilitat sostenible","datePublished":"2024-12-18T09:33:31+00:00","dateModified":"2024-12-18T10:29:08+00:00","mainEntityOfPage":{"@id":"https:\/\/portelldemorella.org\/ca\/portell-apuesta-por-la-energia-limpia-y-la-movilidad-sostenible\/"},"wordCount":320,"commentCount":0,"publisher":{"@id":"https:\/\/portelldemorella.org\/#organization"},"image":{"@id":"https:\/\/portelldemorella.org\/ca\/portell-apuesta-por-la-energia-limpia-y-la-movilidad-sostenible\/#primaryimage"},"thumbnailUrl":"https:\/\/portelldemorella.org\/wp-content\/uploads\/2024\/12\/Captura-de-pantalla-2024-12-18-081744.jpg","keywords":["els ports","energia verde","portell"],"articleSection":["Ayuntamiento"],"inLanguage":"ca","potentialAction":[{"@type":"CommentAction","name":"Comment","target":["https:\/\/portelldemorella.org\/ca\/portell-apuesta-por-la-energia-limpia-y-la-movilidad-sostenible\/#respond"]}]},{"@type":"WebPage","@id":"https:\/\/portelldemorella.org\/ca\/portell-apuesta-por-la-energia-limpia-y-la-movilidad-sostenible\/","url":"https:\/\/portelldemorella.org\/ca\/portell-apuesta-por-la-energia-limpia-y-la-movilidad-sostenible\/","name":"Portell aposta per l'energia neta i la mobilitat sostenible - Portell de Morella","isPartOf":{"@id":"https:\/\/portelldemorella.org\/#website"},"primaryImageOfPage":{"@id":"https:\/\/portelldemorella.org\/ca\/portell-apuesta-por-la-energia-limpia-y-la-movilidad-sostenible\/#primaryimage"},"image":{"@id":"https:\/\/portelldemorella.org\/ca\/portell-apuesta-por-la-energia-limpia-y-la-movilidad-sostenible\/#primaryimage"},"thumbnailUrl":"https:\/\/portelldemorella.org\/wp-content\/uploads\/2024\/12\/Captura-de-pantalla-2024-12-18-081744.jpg","datePublished":"2024-12-18T09:33:31+00:00","dateModified":"2024-12-18T10:29:08+00:00","breadcrumb":{"@id":"https:\/\/portelldemorella.org\/ca\/portell-apuesta-por-la-energia-limpia-y-la-movilidad-sostenible\/#breadcrumb"},"inLanguage":"ca","potentialAction":[{"@type":"ReadAction","target":["https:\/\/portelldemorella.org\/ca\/portell-apuesta-por-la-energia-limpia-y-la-movilidad-sostenible\/"]}]},{"@type":"ImageObject","inLanguage":"ca","@id":"https:\/\/portelldemorella.org\/ca\/portell-apuesta-por-la-energia-limpia-y-la-movilidad-sostenible\/#primaryimage","url":"https:\/\/portelldemorella.org\/wp-content\/uploads\/2024\/12\/Captura-de-pantalla-2024-12-18-081744.jpg","contentUrl":"https:\/\/portelldemorella.org\/wp-content\/uploads\/2024\/12\/Captura-de-pantalla-2024-12-18-081744.jpg","width":542,"height":726},{"@type":"BreadcrumbList","@id":"https:\/\/portelldemorella.org\/ca\/portell-apuesta-por-la-energia-limpia-y-la-movilidad-sostenible\/#breadcrumb","itemListElement":[{"@type":"ListItem","position":1,"name":"Portada","item":"https:\/\/portelldemorella.org\/ca\/"},{"@type":"ListItem","position":2,"name":"Portell aposta per l&#8217;energia neta i la mobilitat sostenible"}]},{"@type":"WebSite","@id":"https:\/\/portelldemorella.org\/#website","url":"https:\/\/portelldemorella.org\/","name":"Portell de Morella","description":"Web del Ayuntamiento de Portell de Morella","publisher":{"@id":"https:\/\/portelldemorella.org\/#organization"},"potentialAction":[{"@type":"SearchAction","target":{"@type":"EntryPoint","urlTemplate":"https:\/\/portelldemorella.org\/?s={search_term_string}"},"query-input":{"@type":"PropertyValueSpecification","valueRequired":true,"valueName":"search_term_string"}}],"inLanguage":"ca"},{"@type":"Organization","@id":"https:\/\/portelldemorella.org\/#organization","name":"Portell de Morella","url":"https:\/\/portelldemorella.org\/","logo":{"@type":"ImageObject","inLanguage":"ca","@id":"https:\/\/portelldemorella.org\/#\/schema\/logo\/image\/","url":"https:\/\/portelldemorella.org\/wp-content\/uploads\/2020\/11\/Escudo-Portell-04.jpg","contentUrl":"https:\/\/portelldemorella.org\/wp-content\/uploads\/2020\/11\/Escudo-Portell-04.jpg","width":1001,"height":394,"caption":"Portell de Morella"},"image":{"@id":"https:\/\/portelldemorella.org\/#\/schema\/logo\/image\/"}},{"@type":"Person","@id":"https:\/\/portelldemorella.org\/#\/schema\/person\/2adde77c454244acd163488ec723a88b","name":"portell","image":{"@type":"ImageObject","inLanguage":"ca","@id":"https:\/\/portelldemorella.org\/#\/schema\/person\/image\/","url":"https:\/\/secure.gravatar.com\/avatar\/077c6bd89604df620d2fa93a06be2531944cdd6826fd322dbd8b483fd84d6407?s=96&d=mm&r=g","contentUrl":"https:\/\/secure.gravatar.com\/avatar\/077c6bd89604df620d2fa93a06be2531944cdd6826fd322dbd8b483fd84d6407?s=96&d=mm&r=g","caption":"portell"},"sameAs":["https:\/\/portelldemorella.org"],"url":"https:\/\/portelldemorella.org\/ca\/author\/portell\/"}]}},"_links":{"self":[{"href":"https:\/\/portelldemorella.org\/ca\/wp-json\/wp\/v2\/posts\/8256","targetHints":{"allow":["GET"]}}],"collection":[{"href":"https:\/\/portelldemorella.org\/ca\/wp-json\/wp\/v2\/posts"}],"about":[{"href":"https:\/\/portelldemorella.org\/ca\/wp-json\/wp\/v2\/types\/post"}],"author":[{"embeddable":true,"href":"https:\/\/portelldemorella.org\/ca\/wp-json\/wp\/v2\/users\/1"}],"replies":[{"embeddable":true,"href":"https:\/\/portelldemorella.org\/ca\/wp-json\/wp\/v2\/comments?post=8256"}],"version-history":[{"count":2,"href":"https:\/\/portelldemorella.org\/ca\/wp-json\/wp\/v2\/posts\/8256\/revisions"}],"predecessor-version":[{"id":8258,"href":"https:\/\/portelldemorella.org\/ca\/wp-json\/wp\/v2\/posts\/8256\/revisions\/8258"}],"wp:featuredmedia":[{"embeddable":true,"href":"https:\/\/portelldemorella.org\/ca\/wp-json\/wp\/v2\/media\/8253"}],"wp:attachment":[{"href":"https:\/\/portelldemorella.org\/ca\/wp-json\/wp\/v2\/media?parent=8256"}],"wp:term":[{"taxonomy":"category","embeddable":true,"href":"https:\/\/portelldemorella.org\/ca\/wp-json\/wp\/v2\/categories?post=8256"},{"taxonomy":"post_tag","embeddable":true,"href":"https:\/\/portelldemorella.org\/ca\/wp-json\/wp\/v2\/tags?post=8256"}],"curies":[{"name":"wp","href":"https:\/\/api.w.org\/{rel}","templated":true}]}}