{"id":8264,"date":"2025-01-08T08:59:39","date_gmt":"2025-01-08T08:59:39","guid":{"rendered":"https:\/\/portelldemorella.org\/?p=8264"},"modified":"2025-01-08T08:59:40","modified_gmt":"2025-01-08T08:59:40","slug":"portell-estrena-pista-de-padel","status":"publish","type":"post","link":"https:\/\/portelldemorella.org\/ca\/portell-estrena-pista-de-padel\/","title":{"rendered":"Portell estrena pista de p\u00e0del"},"content":{"rendered":"\n<p><\/p>\n\n\n\n<p>Portell ja compta amb una nova instal\u00b7laci\u00f3 esportiva a l\u2019aire lliure com \u00e9s la pista de p\u00e0del situada al costat del recinte de la piscina. L\u2019actuaci\u00f3, subvencionada al 100% per la Conselleria d\u2019Educaci\u00f3, Cultura i Esport, ascendeix a 188.024,30 euros. La pista, de car\u00e0cter reglamentari, t\u00e9 unes dimensions de 20&#215;10 metres i tancaments perimetrals de cristall. A m\u00e9s, s\u2019ha pavimentat el cam\u00ed des del nucli urb\u00e0 fins a la pista per a fer-la m\u00e9s accessible. Aix\u00ed mateix, s\u2019ha dotat a l\u2019espai d\u2019un sistema autom\u00e0tic de control d\u2019acc\u00e9s per a facilitar el seu \u00fas i d\u2019il\u00b7luminaci\u00f3 per a facilitar el joc en qualsevol hora o \u00e8poca de l\u2019any. Cal indicar que s\u2019ha posat en marxa un sistema de reserves online.<\/p>\n","protected":false},"excerpt":{"rendered":"<p>Portell ja compta amb una nova instal\u00b7laci\u00f3 esportiva a l\u2019aire lliure com \u00e9s la pista de p\u00e0del situada al costat del recinte de la piscina. L\u2019actuaci\u00f3, subvencionada al 100% per la Conselleria d\u2019Educaci\u00f3, Cultura i Esport, ascendeix a 188.024,30 euros. La pista, de car\u00e0cter reglamentari, t\u00e9 unes dimensions de 20&#215;10 metres i tancaments perimetrals de [&hellip;]<\/p>\n","protected":false},"author":1,"featured_media":8262,"comment_status":"open","ping_status":"open","sticky":false,"template":"","format":"standard","meta":{"footnotes":""},"categories":[97],"tags":[214,107],"class_list":["post-8264","post","type-post","status-publish","format-standard","has-post-thumbnail","hentry","category-ayuntamiento-ca","tag-deporte-ca","tag-portell-ca"],"yoast_head":"<!-- This site is optimized with the Yoast SEO plugin v24.4 - https:\/\/yoast.com\/wordpress\/plugins\/seo\/ -->\n<title>Portell estrena pista de p\u00e0del - Portell de Morella<\/title>\n<meta name=\"robots\" content=\"noindex, follow, max-snippet:-1, max-image-preview:large, max-video-preview:-1\" \/>\n<meta property=\"og:locale\" content=\"ca_ES\" \/>\n<meta property=\"og:type\" content=\"article\" \/>\n<meta property=\"og:title\" content=\"Portell estrena pista de p\u00e0del - Portell de Morella\" \/>\n<meta property=\"og:description\" content=\"Portell ja compta amb una nova instal\u00b7laci\u00f3 esportiva a l\u2019aire lliure com \u00e9s la pista de p\u00e0del situada al costat del recinte de la piscina. L\u2019actuaci\u00f3, subvencionada al 100% per la Conselleria d\u2019Educaci\u00f3, Cultura i Esport, ascendeix a 188.024,30 euros. La pista, de car\u00e0cter reglamentari, t\u00e9 unes dimensions de 20&#215;10 metres i tancaments perimetrals de [&hellip;]\" \/>\n<meta property=\"og:url\" content=\"https:\/\/portelldemorella.org\/ca\/portell-estrena-pista-de-padel\/\" \/>\n<meta property=\"og:site_name\" content=\"Portell de Morella\" \/>\n<meta property=\"article:published_time\" content=\"2025-01-08T08:59:39+00:00\" \/>\n<meta property=\"article:modified_time\" content=\"2025-01-08T08:59:40+00:00\" \/>\n<meta property=\"og:image\" content=\"https:\/\/portelldemorella.org\/wp-content\/uploads\/2025\/01\/Portell-estrena-pista-de-padel.jpg\" \/>\n\t<meta property=\"og:image:width\" content=\"1600\" \/>\n\t<meta property=\"og:image:height\" content=\"1116\" \/>\n\t<meta property=\"og:image:type\" content=\"image\/jpeg\" \/>\n<meta name=\"author\" content=\"portell\" \/>\n<meta name=\"twitter:card\" content=\"summary_large_image\" \/>\n<meta name=\"twitter:label1\" content=\"Escrit per\" \/>\n\t<meta name=\"twitter:data1\" content=\"portell\" \/>\n\t<meta name=\"twitter:label2\" content=\"Temps estimat de lectura\" \/>\n\t<meta name=\"twitter:data2\" content=\"1 minut\" \/>\n<script type=\"application\/ld+json\" class=\"yoast-schema-graph\">{\"@context\":\"https:\/\/schema.org\",\"@graph\":[{\"@type\":\"Article\",\"@id\":\"https:\/\/portelldemorella.org\/ca\/portell-estrena-pista-de-padel\/#article\",\"isPartOf\":{\"@id\":\"https:\/\/portelldemorella.org\/ca\/portell-estrena-pista-de-padel\/\"},\"author\":{\"name\":\"portell\",\"@id\":\"https:\/\/portelldemorella.org\/#\/schema\/person\/2adde77c454244acd163488ec723a88b\"},\"headline\":\"Portell estrena pista de p\u00e0del\",\"datePublished\":\"2025-01-08T08:59:39+00:00\",\"dateModified\":\"2025-01-08T08:59:40+00:00\",\"mainEntityOfPage\":{\"@id\":\"https:\/\/portelldemorella.org\/ca\/portell-estrena-pista-de-padel\/\"},\"wordCount\":142,\"commentCount\":0,\"publisher\":{\"@id\":\"https:\/\/portelldemorella.org\/#organization\"},\"image\":{\"@id\":\"https:\/\/portelldemorella.org\/ca\/portell-estrena-pista-de-padel\/#primaryimage\"},\"thumbnailUrl\":\"https:\/\/portelldemorella.org\/wp-content\/uploads\/2025\/01\/Portell-estrena-pista-de-padel.jpg\",\"keywords\":[\"deporte\",\"portell\"],\"articleSection\":[\"Ayuntamiento\"],\"inLanguage\":\"ca\",\"potentialAction\":[{\"@type\":\"CommentAction\",\"name\":\"Comment\",\"target\":[\"https:\/\/portelldemorella.org\/ca\/portell-estrena-pista-de-padel\/#respond\"]}]},{\"@type\":\"WebPage\",\"@id\":\"https:\/\/portelldemorella.org\/ca\/portell-estrena-pista-de-padel\/\",\"url\":\"https:\/\/portelldemorella.org\/ca\/portell-estrena-pista-de-padel\/\",\"name\":\"Portell estrena pista de p\u00e0del - Portell de Morella\",\"isPartOf\":{\"@id\":\"https:\/\/portelldemorella.org\/#website\"},\"primaryImageOfPage\":{\"@id\":\"https:\/\/portelldemorella.org\/ca\/portell-estrena-pista-de-padel\/#primaryimage\"},\"image\":{\"@id\":\"https:\/\/portelldemorella.org\/ca\/portell-estrena-pista-de-padel\/#primaryimage\"},\"thumbnailUrl\":\"https:\/\/portelldemorella.org\/wp-content\/uploads\/2025\/01\/Portell-estrena-pista-de-padel.jpg\",\"datePublished\":\"2025-01-08T08:59:39+00:00\",\"dateModified\":\"2025-01-08T08:59:40+00:00\",\"breadcrumb\":{\"@id\":\"https:\/\/portelldemorella.org\/ca\/portell-estrena-pista-de-padel\/#breadcrumb\"},\"inLanguage\":\"ca\",\"potentialAction\":[{\"@type\":\"ReadAction\",\"target\":[\"https:\/\/portelldemorella.org\/ca\/portell-estrena-pista-de-padel\/\"]}]},{\"@type\":\"ImageObject\",\"inLanguage\":\"ca\",\"@id\":\"https:\/\/portelldemorella.org\/ca\/portell-estrena-pista-de-padel\/#primaryimage\",\"url\":\"https:\/\/portelldemorella.org\/wp-content\/uploads\/2025\/01\/Portell-estrena-pista-de-padel.jpg\",\"contentUrl\":\"https:\/\/portelldemorella.org\/wp-content\/uploads\/2025\/01\/Portell-estrena-pista-de-padel.jpg\",\"width\":1600,\"height\":1116},{\"@type\":\"BreadcrumbList\",\"@id\":\"https:\/\/portelldemorella.org\/ca\/portell-estrena-pista-de-padel\/#breadcrumb\",\"itemListElement\":[{\"@type\":\"ListItem\",\"position\":1,\"name\":\"Portada\",\"item\":\"https:\/\/portelldemorella.org\/ca\/\"},{\"@type\":\"ListItem\",\"position\":2,\"name\":\"Portell estrena pista de p\u00e0del\"}]},{\"@type\":\"WebSite\",\"@id\":\"https:\/\/portelldemorella.org\/#website\",\"url\":\"https:\/\/portelldemorella.org\/\",\"name\":\"Portell de Morella\",\"description\":\"Web del Ayuntamiento de Portell de Morella\",\"publisher\":{\"@id\":\"https:\/\/portelldemorella.org\/#organization\"},\"potentialAction\":[{\"@type\":\"SearchAction\",\"target\":{\"@type\":\"EntryPoint\",\"urlTemplate\":\"https:\/\/portelldemorella.org\/?s={search_term_string}\"},\"query-input\":{\"@type\":\"PropertyValueSpecification\",\"valueRequired\":true,\"valueName\":\"search_term_string\"}}],\"inLanguage\":\"ca\"},{\"@type\":\"Organization\",\"@id\":\"https:\/\/portelldemorella.org\/#organization\",\"name\":\"Portell de Morella\",\"url\":\"https:\/\/portelldemorella.org\/\",\"logo\":{\"@type\":\"ImageObject\",\"inLanguage\":\"ca\",\"@id\":\"https:\/\/portelldemorella.org\/#\/schema\/logo\/image\/\",\"url\":\"https:\/\/portelldemorella.org\/wp-content\/uploads\/2020\/11\/Escudo-Portell-04.jpg\",\"contentUrl\":\"https:\/\/portelldemorella.org\/wp-content\/uploads\/2020\/11\/Escudo-Portell-04.jpg\",\"width\":1001,\"height\":394,\"caption\":\"Portell de Morella\"},\"image\":{\"@id\":\"https:\/\/portelldemorella.org\/#\/schema\/logo\/image\/\"}},{\"@type\":\"Person\",\"@id\":\"https:\/\/portelldemorella.org\/#\/schema\/person\/2adde77c454244acd163488ec723a88b\",\"name\":\"portell\",\"image\":{\"@type\":\"ImageObject\",\"inLanguage\":\"ca\",\"@id\":\"https:\/\/portelldemorella.org\/#\/schema\/person\/image\/\",\"url\":\"https:\/\/secure.gravatar.com\/avatar\/077c6bd89604df620d2fa93a06be2531944cdd6826fd322dbd8b483fd84d6407?s=96&d=mm&r=g\",\"contentUrl\":\"https:\/\/secure.gravatar.com\/avatar\/077c6bd89604df620d2fa93a06be2531944cdd6826fd322dbd8b483fd84d6407?s=96&d=mm&r=g\",\"caption\":\"portell\"},\"sameAs\":[\"https:\/\/portelldemorella.org\"],\"url\":\"https:\/\/portelldemorella.org\/ca\/author\/portell\/\"}]}<\/script>\n<!-- \/ Yoast SEO plugin. -->","yoast_head_json":{"title":"Portell estrena pista de p\u00e0del - Portell de Morella","robots":{"index":"noindex","follow":"follow","max-snippet":"max-snippet:-1","max-image-preview":"max-image-preview:large","max-video-preview":"max-video-preview:-1"},"og_locale":"ca_ES","og_type":"article","og_title":"Portell estrena pista de p\u00e0del - Portell de Morella","og_description":"Portell ja compta amb una nova instal\u00b7laci\u00f3 esportiva a l\u2019aire lliure com \u00e9s la pista de p\u00e0del situada al costat del recinte de la piscina. L\u2019actuaci\u00f3, subvencionada al 100% per la Conselleria d\u2019Educaci\u00f3, Cultura i Esport, ascendeix a 188.024,30 euros. La pista, de car\u00e0cter reglamentari, t\u00e9 unes dimensions de 20&#215;10 metres i tancaments perimetrals de [&hellip;]","og_url":"https:\/\/portelldemorella.org\/ca\/portell-estrena-pista-de-padel\/","og_site_name":"Portell de Morella","article_published_time":"2025-01-08T08:59:39+00:00","article_modified_time":"2025-01-08T08:59:40+00:00","og_image":[{"width":1600,"height":1116,"url":"https:\/\/portelldemorella.org\/wp-content\/uploads\/2025\/01\/Portell-estrena-pista-de-padel.jpg","type":"image\/jpeg"}],"author":"portell","twitter_card":"summary_large_image","twitter_misc":{"Escrit per":"portell","Temps estimat de lectura":"1 minut"},"schema":{"@context":"https:\/\/schema.org","@graph":[{"@type":"Article","@id":"https:\/\/portelldemorella.org\/ca\/portell-estrena-pista-de-padel\/#article","isPartOf":{"@id":"https:\/\/portelldemorella.org\/ca\/portell-estrena-pista-de-padel\/"},"author":{"name":"portell","@id":"https:\/\/portelldemorella.org\/#\/schema\/person\/2adde77c454244acd163488ec723a88b"},"headline":"Portell estrena pista de p\u00e0del","datePublished":"2025-01-08T08:59:39+00:00","dateModified":"2025-01-08T08:59:40+00:00","mainEntityOfPage":{"@id":"https:\/\/portelldemorella.org\/ca\/portell-estrena-pista-de-padel\/"},"wordCount":142,"commentCount":0,"publisher":{"@id":"https:\/\/portelldemorella.org\/#organization"},"image":{"@id":"https:\/\/portelldemorella.org\/ca\/portell-estrena-pista-de-padel\/#primaryimage"},"thumbnailUrl":"https:\/\/portelldemorella.org\/wp-content\/uploads\/2025\/01\/Portell-estrena-pista-de-padel.jpg","keywords":["deporte","portell"],"articleSection":["Ayuntamiento"],"inLanguage":"ca","potentialAction":[{"@type":"CommentAction","name":"Comment","target":["https:\/\/portelldemorella.org\/ca\/portell-estrena-pista-de-padel\/#respond"]}]},{"@type":"WebPage","@id":"https:\/\/portelldemorella.org\/ca\/portell-estrena-pista-de-padel\/","url":"https:\/\/portelldemorella.org\/ca\/portell-estrena-pista-de-padel\/","name":"Portell estrena pista de p\u00e0del - Portell de Morella","isPartOf":{"@id":"https:\/\/portelldemorella.org\/#website"},"primaryImageOfPage":{"@id":"https:\/\/portelldemorella.org\/ca\/portell-estrena-pista-de-padel\/#primaryimage"},"image":{"@id":"https:\/\/portelldemorella.org\/ca\/portell-estrena-pista-de-padel\/#primaryimage"},"thumbnailUrl":"https:\/\/portelldemorella.org\/wp-content\/uploads\/2025\/01\/Portell-estrena-pista-de-padel.jpg","datePublished":"2025-01-08T08:59:39+00:00","dateModified":"2025-01-08T08:59:40+00:00","breadcrumb":{"@id":"https:\/\/portelldemorella.org\/ca\/portell-estrena-pista-de-padel\/#breadcrumb"},"inLanguage":"ca","potentialAction":[{"@type":"ReadAction","target":["https:\/\/portelldemorella.org\/ca\/portell-estrena-pista-de-padel\/"]}]},{"@type":"ImageObject","inLanguage":"ca","@id":"https:\/\/portelldemorella.org\/ca\/portell-estrena-pista-de-padel\/#primaryimage","url":"https:\/\/portelldemorella.org\/wp-content\/uploads\/2025\/01\/Portell-estrena-pista-de-padel.jpg","contentUrl":"https:\/\/portelldemorella.org\/wp-content\/uploads\/2025\/01\/Portell-estrena-pista-de-padel.jpg","width":1600,"height":1116},{"@type":"BreadcrumbList","@id":"https:\/\/portelldemorella.org\/ca\/portell-estrena-pista-de-padel\/#breadcrumb","itemListElement":[{"@type":"ListItem","position":1,"name":"Portada","item":"https:\/\/portelldemorella.org\/ca\/"},{"@type":"ListItem","position":2,"name":"Portell estrena pista de p\u00e0del"}]},{"@type":"WebSite","@id":"https:\/\/portelldemorella.org\/#website","url":"https:\/\/portelldemorella.org\/","name":"Portell de Morella","description":"Web del Ayuntamiento de Portell de Morella","publisher":{"@id":"https:\/\/portelldemorella.org\/#organization"},"potentialAction":[{"@type":"SearchAction","target":{"@type":"EntryPoint","urlTemplate":"https:\/\/portelldemorella.org\/?s={search_term_string}"},"query-input":{"@type":"PropertyValueSpecification","valueRequired":true,"valueName":"search_term_string"}}],"inLanguage":"ca"},{"@type":"Organization","@id":"https:\/\/portelldemorella.org\/#organization","name":"Portell de Morella","url":"https:\/\/portelldemorella.org\/","logo":{"@type":"ImageObject","inLanguage":"ca","@id":"https:\/\/portelldemorella.org\/#\/schema\/logo\/image\/","url":"https:\/\/portelldemorella.org\/wp-content\/uploads\/2020\/11\/Escudo-Portell-04.jpg","contentUrl":"https:\/\/portelldemorella.org\/wp-content\/uploads\/2020\/11\/Escudo-Portell-04.jpg","width":1001,"height":394,"caption":"Portell de Morella"},"image":{"@id":"https:\/\/portelldemorella.org\/#\/schema\/logo\/image\/"}},{"@type":"Person","@id":"https:\/\/portelldemorella.org\/#\/schema\/person\/2adde77c454244acd163488ec723a88b","name":"portell","image":{"@type":"ImageObject","inLanguage":"ca","@id":"https:\/\/portelldemorella.org\/#\/schema\/person\/image\/","url":"https:\/\/secure.gravatar.com\/avatar\/077c6bd89604df620d2fa93a06be2531944cdd6826fd322dbd8b483fd84d6407?s=96&d=mm&r=g","contentUrl":"https:\/\/secure.gravatar.com\/avatar\/077c6bd89604df620d2fa93a06be2531944cdd6826fd322dbd8b483fd84d6407?s=96&d=mm&r=g","caption":"portell"},"sameAs":["https:\/\/portelldemorella.org"],"url":"https:\/\/portelldemorella.org\/ca\/author\/portell\/"}]}},"_links":{"self":[{"href":"https:\/\/portelldemorella.org\/ca\/wp-json\/wp\/v2\/posts\/8264","targetHints":{"allow":["GET"]}}],"collection":[{"href":"https:\/\/portelldemorella.org\/ca\/wp-json\/wp\/v2\/posts"}],"about":[{"href":"https:\/\/portelldemorella.org\/ca\/wp-json\/wp\/v2\/types\/post"}],"author":[{"embeddable":true,"href":"https:\/\/portelldemorella.org\/ca\/wp-json\/wp\/v2\/users\/1"}],"replies":[{"embeddable":true,"href":"https:\/\/portelldemorella.org\/ca\/wp-json\/wp\/v2\/comments?post=8264"}],"version-history":[{"count":1,"href":"https:\/\/portelldemorella.org\/ca\/wp-json\/wp\/v2\/posts\/8264\/revisions"}],"predecessor-version":[{"id":8265,"href":"https:\/\/portelldemorella.org\/ca\/wp-json\/wp\/v2\/posts\/8264\/revisions\/8265"}],"wp:featuredmedia":[{"embeddable":true,"href":"https:\/\/portelldemorella.org\/ca\/wp-json\/wp\/v2\/media\/8262"}],"wp:attachment":[{"href":"https:\/\/portelldemorella.org\/ca\/wp-json\/wp\/v2\/media?parent=8264"}],"wp:term":[{"taxonomy":"category","embeddable":true,"href":"https:\/\/portelldemorella.org\/ca\/wp-json\/wp\/v2\/categories?post=8264"},{"taxonomy":"post_tag","embeddable":true,"href":"https:\/\/portelldemorella.org\/ca\/wp-json\/wp\/v2\/tags?post=8264"}],"curies":[{"name":"wp","href":"https:\/\/api.w.org\/{rel}","templated":true}]}}