{"id":8271,"date":"2025-02-05T08:15:50","date_gmt":"2025-02-05T08:15:50","guid":{"rendered":"https:\/\/portelldemorella.org\/?p=8271"},"modified":"2025-02-05T08:15:52","modified_gmt":"2025-02-05T08:15:52","slug":"portell-acollira-letapa-reina-de-la-volta-a-la-comunitat-valenciana-el-8-de-febrer","status":"publish","type":"post","link":"https:\/\/portelldemorella.org\/ca\/portell-acollira-letapa-reina-de-la-volta-a-la-comunitat-valenciana-el-8-de-febrer\/","title":{"rendered":"Portell acollir\u00e0 l&#8217;etapa reina de la Volta a la Comunitat Valenciana el 8 de febrer"},"content":{"rendered":"\n<ul class=\"wp-block-list\">\n<li>El municipi dels Ports es prepara per a convertir-se en capital del ciclisme la setmana vinent amb la pen\u00faltima etapa d&#8217;aquesta prestigiosa competici\u00f3\u00a0<\/li>\n<\/ul>\n\n\n\n<p>Portell es convertir\u00e0 en la capital del ciclisme amb un esdeveniment de gran rellev\u00e0ncia en el calendari esportiu nacional. La localitat acollir\u00e0 la quarta etapa de la Volta a la Comunitat Valenciana (VCV), una competici\u00f3 que \u2018far\u00e0 parada\u2019 en el municipi dels Ports el pr\u00f2xim 8 de febrer.<\/p>\n\n\n\n<p>Es tracta de l&#8217;etapa regna d&#8217;aquesta competici\u00f3 que transcorrer\u00e0 \u00edntegrament per la prov\u00edncia de Castell\u00f3, amb un recorregut de 181 quil\u00f2metres de m\u00e9s de 3.600 metres de desnivell positiu i quatre ports de muntanya. Els esportistes iniciaran el seu itinerari a Orpesa i recorreran localitats com Xodos i Vistabella del Maestrat abans de travessar la l\u00ednia de meta en Portell.<\/p>\n\n\n\n<p>D&#8217;aquesta manera, la localitat s&#8217;estrena aquest 2025 com a seu d&#8217;una de les etapes de la VCV. De fet, la caravana ciclista de la VCV no ha passat per la localitat en cap dels seus recorreguts des que en 2016 tornara al calendari de la m\u00e0 d&#8217;\u00c1ngel Casero, amb el que l&#8217;esdeveniment ha suscitat gran expectaci\u00f3 entre la ciutadania.<\/p>\n\n\n\n<p>\u201cPer al nostre municipi \u00e9s un honor i una gran oportunitat acollir l&#8217;etapa regna de la Volta a la Comunitat Valenciana. \u00c9s la primera vegada que Portell \u00e9s seu d&#8217;una etapa d&#8217;aquesta prestigiosa competici\u00f3 i estem segurs que ser\u00e0 un dia hist\u00f2ric per a la nostra localitat\u201d, ha assenyalat l&#8217;alcalde, \u00c1lvaro Ferrer.&nbsp;<\/p>\n\n\n\n<p>El primer edil confia que l&#8217;esdeveniment \u201catraga fins a Portell a centenars d&#8217;aficionats al ciclisme, la qual cosa sens dubte contribuir\u00e0 a dinamitzar l&#8217;economia local i a donar a con\u00e8ixer el nostre entorn \u00fanic\u201d. L&#8217;edil ha posat l&#8217;accent en qu\u00e8 \u201cestem preparats per a rebre als corredors, equips i aficionats amb els bra\u00e7os oberts i amb la il\u00b7lusi\u00f3 de mostrar al m\u00f3n el nostre municipi\u201d.<\/p>\n\n\n\n<p>I \u00e9s que Portell i la comarca dels Ports ofereixen un escenari inigualable per al ciclisme, amb carreteres exigents i paisatges espectaculars que, sens dubte, faran d&#8217;aquesta etapa un aut\u00e8ntic espectacle&nbsp;esportiu.<\/p>\n","protected":false},"excerpt":{"rendered":"<p>Portell es convertir\u00e0 en la capital del ciclisme amb un esdeveniment de gran rellev\u00e0ncia en el calendari esportiu nacional. La localitat acollir\u00e0 la quarta etapa de la Volta a la Comunitat Valenciana (VCV), una competici\u00f3 que \u2018far\u00e0 parada\u2019 en el municipi dels Ports el pr\u00f2xim 8 de febrer. Es tracta de l&#8217;etapa regna d&#8217;aquesta competici\u00f3 [&hellip;]<\/p>\n","protected":false},"author":1,"featured_media":8269,"comment_status":"open","ping_status":"open","sticky":false,"template":"","format":"standard","meta":{"footnotes":""},"categories":[97],"tags":[215],"class_list":["post-8271","post","type-post","status-publish","format-standard","has-post-thumbnail","hentry","category-ayuntamiento-ca","tag-esport-ca"],"yoast_head":"<!-- This site is optimized with the Yoast SEO plugin v24.4 - https:\/\/yoast.com\/wordpress\/plugins\/seo\/ -->\n<title>Portell acollir\u00e0 l&#039;etapa reina de la Volta a la Comunitat Valenciana el 8 de febrer - Portell de Morella<\/title>\n<meta name=\"robots\" content=\"noindex, follow, max-snippet:-1, max-image-preview:large, max-video-preview:-1\" \/>\n<meta property=\"og:locale\" content=\"ca_ES\" \/>\n<meta property=\"og:type\" content=\"article\" \/>\n<meta property=\"og:title\" content=\"Portell acollir\u00e0 l&#039;etapa reina de la Volta a la Comunitat Valenciana el 8 de febrer - Portell de Morella\" \/>\n<meta property=\"og:description\" content=\"Portell es convertir\u00e0 en la capital del ciclisme amb un esdeveniment de gran rellev\u00e0ncia en el calendari esportiu nacional. La localitat acollir\u00e0 la quarta etapa de la Volta a la Comunitat Valenciana (VCV), una competici\u00f3 que \u2018far\u00e0 parada\u2019 en el municipi dels Ports el pr\u00f2xim 8 de febrer. Es tracta de l&#8217;etapa regna d&#8217;aquesta competici\u00f3 [&hellip;]\" \/>\n<meta property=\"og:url\" content=\"https:\/\/portelldemorella.org\/ca\/portell-acollira-letapa-reina-de-la-volta-a-la-comunitat-valenciana-el-8-de-febrer\/\" \/>\n<meta property=\"og:site_name\" content=\"Portell de Morella\" \/>\n<meta property=\"article:published_time\" content=\"2025-02-05T08:15:50+00:00\" \/>\n<meta property=\"article:modified_time\" content=\"2025-02-05T08:15:52+00:00\" \/>\n<meta property=\"og:image\" content=\"https:\/\/portelldemorella.org\/wp-content\/uploads\/2025\/02\/Etapa-Orpesa-Portell.jpg\" \/>\n\t<meta property=\"og:image:width\" content=\"1600\" \/>\n\t<meta property=\"og:image:height\" content=\"800\" \/>\n\t<meta property=\"og:image:type\" content=\"image\/jpeg\" \/>\n<meta name=\"author\" content=\"portell\" \/>\n<meta name=\"twitter:card\" content=\"summary_large_image\" \/>\n<meta name=\"twitter:label1\" content=\"Escrit per\" \/>\n\t<meta name=\"twitter:data1\" content=\"portell\" \/>\n\t<meta name=\"twitter:label2\" content=\"Temps estimat de lectura\" \/>\n\t<meta name=\"twitter:data2\" content=\"2 minuts\" \/>\n<script type=\"application\/ld+json\" class=\"yoast-schema-graph\">{\"@context\":\"https:\/\/schema.org\",\"@graph\":[{\"@type\":\"Article\",\"@id\":\"https:\/\/portelldemorella.org\/ca\/portell-acollira-letapa-reina-de-la-volta-a-la-comunitat-valenciana-el-8-de-febrer\/#article\",\"isPartOf\":{\"@id\":\"https:\/\/portelldemorella.org\/ca\/portell-acollira-letapa-reina-de-la-volta-a-la-comunitat-valenciana-el-8-de-febrer\/\"},\"author\":{\"name\":\"portell\",\"@id\":\"https:\/\/portelldemorella.org\/#\/schema\/person\/2adde77c454244acd163488ec723a88b\"},\"headline\":\"Portell acollir\u00e0 l&#8217;etapa reina de la Volta a la Comunitat Valenciana el 8 de febrer\",\"datePublished\":\"2025-02-05T08:15:50+00:00\",\"dateModified\":\"2025-02-05T08:15:52+00:00\",\"mainEntityOfPage\":{\"@id\":\"https:\/\/portelldemorella.org\/ca\/portell-acollira-letapa-reina-de-la-volta-a-la-comunitat-valenciana-el-8-de-febrer\/\"},\"wordCount\":364,\"commentCount\":0,\"publisher\":{\"@id\":\"https:\/\/portelldemorella.org\/#organization\"},\"image\":{\"@id\":\"https:\/\/portelldemorella.org\/ca\/portell-acollira-letapa-reina-de-la-volta-a-la-comunitat-valenciana-el-8-de-febrer\/#primaryimage\"},\"thumbnailUrl\":\"https:\/\/portelldemorella.org\/wp-content\/uploads\/2025\/02\/Etapa-Orpesa-Portell.jpg\",\"keywords\":[\"esport\"],\"articleSection\":[\"Ayuntamiento\"],\"inLanguage\":\"ca\",\"potentialAction\":[{\"@type\":\"CommentAction\",\"name\":\"Comment\",\"target\":[\"https:\/\/portelldemorella.org\/ca\/portell-acollira-letapa-reina-de-la-volta-a-la-comunitat-valenciana-el-8-de-febrer\/#respond\"]}]},{\"@type\":\"WebPage\",\"@id\":\"https:\/\/portelldemorella.org\/ca\/portell-acollira-letapa-reina-de-la-volta-a-la-comunitat-valenciana-el-8-de-febrer\/\",\"url\":\"https:\/\/portelldemorella.org\/ca\/portell-acollira-letapa-reina-de-la-volta-a-la-comunitat-valenciana-el-8-de-febrer\/\",\"name\":\"Portell acollir\u00e0 l'etapa reina de la Volta a la Comunitat Valenciana el 8 de febrer - Portell de Morella\",\"isPartOf\":{\"@id\":\"https:\/\/portelldemorella.org\/#website\"},\"primaryImageOfPage\":{\"@id\":\"https:\/\/portelldemorella.org\/ca\/portell-acollira-letapa-reina-de-la-volta-a-la-comunitat-valenciana-el-8-de-febrer\/#primaryimage\"},\"image\":{\"@id\":\"https:\/\/portelldemorella.org\/ca\/portell-acollira-letapa-reina-de-la-volta-a-la-comunitat-valenciana-el-8-de-febrer\/#primaryimage\"},\"thumbnailUrl\":\"https:\/\/portelldemorella.org\/wp-content\/uploads\/2025\/02\/Etapa-Orpesa-Portell.jpg\",\"datePublished\":\"2025-02-05T08:15:50+00:00\",\"dateModified\":\"2025-02-05T08:15:52+00:00\",\"breadcrumb\":{\"@id\":\"https:\/\/portelldemorella.org\/ca\/portell-acollira-letapa-reina-de-la-volta-a-la-comunitat-valenciana-el-8-de-febrer\/#breadcrumb\"},\"inLanguage\":\"ca\",\"potentialAction\":[{\"@type\":\"ReadAction\",\"target\":[\"https:\/\/portelldemorella.org\/ca\/portell-acollira-letapa-reina-de-la-volta-a-la-comunitat-valenciana-el-8-de-febrer\/\"]}]},{\"@type\":\"ImageObject\",\"inLanguage\":\"ca\",\"@id\":\"https:\/\/portelldemorella.org\/ca\/portell-acollira-letapa-reina-de-la-volta-a-la-comunitat-valenciana-el-8-de-febrer\/#primaryimage\",\"url\":\"https:\/\/portelldemorella.org\/wp-content\/uploads\/2025\/02\/Etapa-Orpesa-Portell.jpg\",\"contentUrl\":\"https:\/\/portelldemorella.org\/wp-content\/uploads\/2025\/02\/Etapa-Orpesa-Portell.jpg\",\"width\":1600,\"height\":800},{\"@type\":\"BreadcrumbList\",\"@id\":\"https:\/\/portelldemorella.org\/ca\/portell-acollira-letapa-reina-de-la-volta-a-la-comunitat-valenciana-el-8-de-febrer\/#breadcrumb\",\"itemListElement\":[{\"@type\":\"ListItem\",\"position\":1,\"name\":\"Portada\",\"item\":\"https:\/\/portelldemorella.org\/ca\/\"},{\"@type\":\"ListItem\",\"position\":2,\"name\":\"Portell acollir\u00e0 l&#8217;etapa reina de la Volta a la Comunitat Valenciana el 8 de febrer\"}]},{\"@type\":\"WebSite\",\"@id\":\"https:\/\/portelldemorella.org\/#website\",\"url\":\"https:\/\/portelldemorella.org\/\",\"name\":\"Portell de Morella\",\"description\":\"Web del Ayuntamiento de Portell de Morella\",\"publisher\":{\"@id\":\"https:\/\/portelldemorella.org\/#organization\"},\"potentialAction\":[{\"@type\":\"SearchAction\",\"target\":{\"@type\":\"EntryPoint\",\"urlTemplate\":\"https:\/\/portelldemorella.org\/?s={search_term_string}\"},\"query-input\":{\"@type\":\"PropertyValueSpecification\",\"valueRequired\":true,\"valueName\":\"search_term_string\"}}],\"inLanguage\":\"ca\"},{\"@type\":\"Organization\",\"@id\":\"https:\/\/portelldemorella.org\/#organization\",\"name\":\"Portell de Morella\",\"url\":\"https:\/\/portelldemorella.org\/\",\"logo\":{\"@type\":\"ImageObject\",\"inLanguage\":\"ca\",\"@id\":\"https:\/\/portelldemorella.org\/#\/schema\/logo\/image\/\",\"url\":\"https:\/\/portelldemorella.org\/wp-content\/uploads\/2020\/11\/Escudo-Portell-04.jpg\",\"contentUrl\":\"https:\/\/portelldemorella.org\/wp-content\/uploads\/2020\/11\/Escudo-Portell-04.jpg\",\"width\":1001,\"height\":394,\"caption\":\"Portell de Morella\"},\"image\":{\"@id\":\"https:\/\/portelldemorella.org\/#\/schema\/logo\/image\/\"}},{\"@type\":\"Person\",\"@id\":\"https:\/\/portelldemorella.org\/#\/schema\/person\/2adde77c454244acd163488ec723a88b\",\"name\":\"portell\",\"image\":{\"@type\":\"ImageObject\",\"inLanguage\":\"ca\",\"@id\":\"https:\/\/portelldemorella.org\/#\/schema\/person\/image\/\",\"url\":\"https:\/\/secure.gravatar.com\/avatar\/077c6bd89604df620d2fa93a06be2531944cdd6826fd322dbd8b483fd84d6407?s=96&d=mm&r=g\",\"contentUrl\":\"https:\/\/secure.gravatar.com\/avatar\/077c6bd89604df620d2fa93a06be2531944cdd6826fd322dbd8b483fd84d6407?s=96&d=mm&r=g\",\"caption\":\"portell\"},\"sameAs\":[\"https:\/\/portelldemorella.org\"],\"url\":\"https:\/\/portelldemorella.org\/ca\/author\/portell\/\"}]}<\/script>\n<!-- \/ Yoast SEO plugin. -->","yoast_head_json":{"title":"Portell acollir\u00e0 l'etapa reina de la Volta a la Comunitat Valenciana el 8 de febrer - Portell de Morella","robots":{"index":"noindex","follow":"follow","max-snippet":"max-snippet:-1","max-image-preview":"max-image-preview:large","max-video-preview":"max-video-preview:-1"},"og_locale":"ca_ES","og_type":"article","og_title":"Portell acollir\u00e0 l'etapa reina de la Volta a la Comunitat Valenciana el 8 de febrer - Portell de Morella","og_description":"Portell es convertir\u00e0 en la capital del ciclisme amb un esdeveniment de gran rellev\u00e0ncia en el calendari esportiu nacional. La localitat acollir\u00e0 la quarta etapa de la Volta a la Comunitat Valenciana (VCV), una competici\u00f3 que \u2018far\u00e0 parada\u2019 en el municipi dels Ports el pr\u00f2xim 8 de febrer. Es tracta de l&#8217;etapa regna d&#8217;aquesta competici\u00f3 [&hellip;]","og_url":"https:\/\/portelldemorella.org\/ca\/portell-acollira-letapa-reina-de-la-volta-a-la-comunitat-valenciana-el-8-de-febrer\/","og_site_name":"Portell de Morella","article_published_time":"2025-02-05T08:15:50+00:00","article_modified_time":"2025-02-05T08:15:52+00:00","og_image":[{"width":1600,"height":800,"url":"https:\/\/portelldemorella.org\/wp-content\/uploads\/2025\/02\/Etapa-Orpesa-Portell.jpg","type":"image\/jpeg"}],"author":"portell","twitter_card":"summary_large_image","twitter_misc":{"Escrit per":"portell","Temps estimat de lectura":"2 minuts"},"schema":{"@context":"https:\/\/schema.org","@graph":[{"@type":"Article","@id":"https:\/\/portelldemorella.org\/ca\/portell-acollira-letapa-reina-de-la-volta-a-la-comunitat-valenciana-el-8-de-febrer\/#article","isPartOf":{"@id":"https:\/\/portelldemorella.org\/ca\/portell-acollira-letapa-reina-de-la-volta-a-la-comunitat-valenciana-el-8-de-febrer\/"},"author":{"name":"portell","@id":"https:\/\/portelldemorella.org\/#\/schema\/person\/2adde77c454244acd163488ec723a88b"},"headline":"Portell acollir\u00e0 l&#8217;etapa reina de la Volta a la Comunitat Valenciana el 8 de febrer","datePublished":"2025-02-05T08:15:50+00:00","dateModified":"2025-02-05T08:15:52+00:00","mainEntityOfPage":{"@id":"https:\/\/portelldemorella.org\/ca\/portell-acollira-letapa-reina-de-la-volta-a-la-comunitat-valenciana-el-8-de-febrer\/"},"wordCount":364,"commentCount":0,"publisher":{"@id":"https:\/\/portelldemorella.org\/#organization"},"image":{"@id":"https:\/\/portelldemorella.org\/ca\/portell-acollira-letapa-reina-de-la-volta-a-la-comunitat-valenciana-el-8-de-febrer\/#primaryimage"},"thumbnailUrl":"https:\/\/portelldemorella.org\/wp-content\/uploads\/2025\/02\/Etapa-Orpesa-Portell.jpg","keywords":["esport"],"articleSection":["Ayuntamiento"],"inLanguage":"ca","potentialAction":[{"@type":"CommentAction","name":"Comment","target":["https:\/\/portelldemorella.org\/ca\/portell-acollira-letapa-reina-de-la-volta-a-la-comunitat-valenciana-el-8-de-febrer\/#respond"]}]},{"@type":"WebPage","@id":"https:\/\/portelldemorella.org\/ca\/portell-acollira-letapa-reina-de-la-volta-a-la-comunitat-valenciana-el-8-de-febrer\/","url":"https:\/\/portelldemorella.org\/ca\/portell-acollira-letapa-reina-de-la-volta-a-la-comunitat-valenciana-el-8-de-febrer\/","name":"Portell acollir\u00e0 l'etapa reina de la Volta a la Comunitat Valenciana el 8 de febrer - Portell de Morella","isPartOf":{"@id":"https:\/\/portelldemorella.org\/#website"},"primaryImageOfPage":{"@id":"https:\/\/portelldemorella.org\/ca\/portell-acollira-letapa-reina-de-la-volta-a-la-comunitat-valenciana-el-8-de-febrer\/#primaryimage"},"image":{"@id":"https:\/\/portelldemorella.org\/ca\/portell-acollira-letapa-reina-de-la-volta-a-la-comunitat-valenciana-el-8-de-febrer\/#primaryimage"},"thumbnailUrl":"https:\/\/portelldemorella.org\/wp-content\/uploads\/2025\/02\/Etapa-Orpesa-Portell.jpg","datePublished":"2025-02-05T08:15:50+00:00","dateModified":"2025-02-05T08:15:52+00:00","breadcrumb":{"@id":"https:\/\/portelldemorella.org\/ca\/portell-acollira-letapa-reina-de-la-volta-a-la-comunitat-valenciana-el-8-de-febrer\/#breadcrumb"},"inLanguage":"ca","potentialAction":[{"@type":"ReadAction","target":["https:\/\/portelldemorella.org\/ca\/portell-acollira-letapa-reina-de-la-volta-a-la-comunitat-valenciana-el-8-de-febrer\/"]}]},{"@type":"ImageObject","inLanguage":"ca","@id":"https:\/\/portelldemorella.org\/ca\/portell-acollira-letapa-reina-de-la-volta-a-la-comunitat-valenciana-el-8-de-febrer\/#primaryimage","url":"https:\/\/portelldemorella.org\/wp-content\/uploads\/2025\/02\/Etapa-Orpesa-Portell.jpg","contentUrl":"https:\/\/portelldemorella.org\/wp-content\/uploads\/2025\/02\/Etapa-Orpesa-Portell.jpg","width":1600,"height":800},{"@type":"BreadcrumbList","@id":"https:\/\/portelldemorella.org\/ca\/portell-acollira-letapa-reina-de-la-volta-a-la-comunitat-valenciana-el-8-de-febrer\/#breadcrumb","itemListElement":[{"@type":"ListItem","position":1,"name":"Portada","item":"https:\/\/portelldemorella.org\/ca\/"},{"@type":"ListItem","position":2,"name":"Portell acollir\u00e0 l&#8217;etapa reina de la Volta a la Comunitat Valenciana el 8 de febrer"}]},{"@type":"WebSite","@id":"https:\/\/portelldemorella.org\/#website","url":"https:\/\/portelldemorella.org\/","name":"Portell de Morella","description":"Web del Ayuntamiento de Portell de Morella","publisher":{"@id":"https:\/\/portelldemorella.org\/#organization"},"potentialAction":[{"@type":"SearchAction","target":{"@type":"EntryPoint","urlTemplate":"https:\/\/portelldemorella.org\/?s={search_term_string}"},"query-input":{"@type":"PropertyValueSpecification","valueRequired":true,"valueName":"search_term_string"}}],"inLanguage":"ca"},{"@type":"Organization","@id":"https:\/\/portelldemorella.org\/#organization","name":"Portell de Morella","url":"https:\/\/portelldemorella.org\/","logo":{"@type":"ImageObject","inLanguage":"ca","@id":"https:\/\/portelldemorella.org\/#\/schema\/logo\/image\/","url":"https:\/\/portelldemorella.org\/wp-content\/uploads\/2020\/11\/Escudo-Portell-04.jpg","contentUrl":"https:\/\/portelldemorella.org\/wp-content\/uploads\/2020\/11\/Escudo-Portell-04.jpg","width":1001,"height":394,"caption":"Portell de Morella"},"image":{"@id":"https:\/\/portelldemorella.org\/#\/schema\/logo\/image\/"}},{"@type":"Person","@id":"https:\/\/portelldemorella.org\/#\/schema\/person\/2adde77c454244acd163488ec723a88b","name":"portell","image":{"@type":"ImageObject","inLanguage":"ca","@id":"https:\/\/portelldemorella.org\/#\/schema\/person\/image\/","url":"https:\/\/secure.gravatar.com\/avatar\/077c6bd89604df620d2fa93a06be2531944cdd6826fd322dbd8b483fd84d6407?s=96&d=mm&r=g","contentUrl":"https:\/\/secure.gravatar.com\/avatar\/077c6bd89604df620d2fa93a06be2531944cdd6826fd322dbd8b483fd84d6407?s=96&d=mm&r=g","caption":"portell"},"sameAs":["https:\/\/portelldemorella.org"],"url":"https:\/\/portelldemorella.org\/ca\/author\/portell\/"}]}},"_links":{"self":[{"href":"https:\/\/portelldemorella.org\/ca\/wp-json\/wp\/v2\/posts\/8271","targetHints":{"allow":["GET"]}}],"collection":[{"href":"https:\/\/portelldemorella.org\/ca\/wp-json\/wp\/v2\/posts"}],"about":[{"href":"https:\/\/portelldemorella.org\/ca\/wp-json\/wp\/v2\/types\/post"}],"author":[{"embeddable":true,"href":"https:\/\/portelldemorella.org\/ca\/wp-json\/wp\/v2\/users\/1"}],"replies":[{"embeddable":true,"href":"https:\/\/portelldemorella.org\/ca\/wp-json\/wp\/v2\/comments?post=8271"}],"version-history":[{"count":1,"href":"https:\/\/portelldemorella.org\/ca\/wp-json\/wp\/v2\/posts\/8271\/revisions"}],"predecessor-version":[{"id":8272,"href":"https:\/\/portelldemorella.org\/ca\/wp-json\/wp\/v2\/posts\/8271\/revisions\/8272"}],"wp:featuredmedia":[{"embeddable":true,"href":"https:\/\/portelldemorella.org\/ca\/wp-json\/wp\/v2\/media\/8269"}],"wp:attachment":[{"href":"https:\/\/portelldemorella.org\/ca\/wp-json\/wp\/v2\/media?parent=8271"}],"wp:term":[{"taxonomy":"category","embeddable":true,"href":"https:\/\/portelldemorella.org\/ca\/wp-json\/wp\/v2\/categories?post=8271"},{"taxonomy":"post_tag","embeddable":true,"href":"https:\/\/portelldemorella.org\/ca\/wp-json\/wp\/v2\/tags?post=8271"}],"curies":[{"name":"wp","href":"https:\/\/api.w.org\/{rel}","templated":true}]}}