{"id":8277,"date":"2025-02-10T11:15:29","date_gmt":"2025-02-10T11:15:29","guid":{"rendered":"https:\/\/portelldemorella.org\/?p=8277"},"modified":"2025-02-10T11:15:31","modified_gmt":"2025-02-10T11:15:31","slug":"la-volta-a-la-comunitat-valenciana-fa-parada-en-portell-per-primera-vegada","status":"publish","type":"post","link":"https:\/\/portelldemorella.org\/ca\/la-volta-a-la-comunitat-valenciana-fa-parada-en-portell-per-primera-vegada\/","title":{"rendered":"La Volta a la Comunitat Valenciana fa parada en Portell per primera vegada"},"content":{"rendered":"\n<p><\/p>\n\n\n\n<p>&#8211; El municipi dels Ports es va convertir en capital del ciclisme dissabte passat amb la pen\u00faltima etapa d&#8217;aquesta prestigiosa&nbsp;competici\u00f3<\/p>\n\n\n\n<p>Portell va viure una jornada hist\u00f2rica dissabte passat en acollir la quarta etapa de la Volta a la Comunitat Valenciana (VCV), considerada l&#8217;etapa &#8216;reina&#8217; de la competici\u00f3. La localitat es va convertir en un punt clau del calendari esportiu nacional, amb un recorregut exigent que va atraure a nombrosos aficionats fins al municipi dels Ports.<\/p>\n\n\n\n<p>Els ciclistes van partir des d&#8217;Orpesa i van travessar localitats com Xodos i Vistabella del Maestrat abans de travessar la l\u00ednia de meta en Portell. Cal destacar que aquesta va ser la primera vegada que Portell va acollir una etapa de la VCV, la qual cosa va generar una gran expectaci\u00f3 entre la poblaci\u00f3.<\/p>\n\n\n\n<p>&#8220;Per al nostre municipi ha sigut un honor i una gran oportunitat acollir l&#8217;etapa &#8216;reina&#8217; de la Volta a la Comunitat Valenciana. Ha sigut un dia hist\u00f2ric&#8221;. Aix\u00ed ho ha assenyalat l&#8217;alcalde, \u00c1lvaro Ferrer, qui ha valorat positivament l&#8217;impacte de l&#8217;esdeveniment, ja que &#8220;va atraure a centenars d&#8217;aficionats al ciclisme, la qual cosa sens dubte ha contribu\u00eft a dinamitzar l&#8217;economia local i a donar a con\u00e9ixer el nostre entorn \u00fanic&#8221;.<\/p>\n","protected":false},"excerpt":{"rendered":"<p>&#8211; El municipi dels Ports es va convertir en capital del ciclisme dissabte passat amb la pen\u00faltima etapa d&#8217;aquesta prestigiosa&nbsp;competici\u00f3 Portell va viure una jornada hist\u00f2rica dissabte passat en acollir la quarta etapa de la Volta a la Comunitat Valenciana (VCV), considerada l&#8217;etapa &#8216;reina&#8217; de la competici\u00f3. La localitat es va convertir en un punt [&hellip;]<\/p>\n","protected":false},"author":1,"featured_media":8275,"comment_status":"open","ping_status":"open","sticky":false,"template":"","format":"standard","meta":{"footnotes":""},"categories":[97],"tags":[214,135,107],"class_list":["post-8277","post","type-post","status-publish","format-standard","has-post-thumbnail","hentry","category-ayuntamiento-ca","tag-deporte-ca","tag-els-ports","tag-portell-ca"],"yoast_head":"<!-- This site is optimized with the Yoast SEO plugin v24.4 - https:\/\/yoast.com\/wordpress\/plugins\/seo\/ -->\n<title>La Volta a la Comunitat Valenciana fa parada en Portell per primera vegada - Portell de Morella<\/title>\n<meta name=\"robots\" content=\"noindex, follow, max-snippet:-1, max-image-preview:large, max-video-preview:-1\" \/>\n<meta property=\"og:locale\" content=\"ca_ES\" \/>\n<meta property=\"og:type\" content=\"article\" \/>\n<meta property=\"og:title\" content=\"La Volta a la Comunitat Valenciana fa parada en Portell per primera vegada - Portell de Morella\" \/>\n<meta property=\"og:description\" content=\"&#8211; El municipi dels Ports es va convertir en capital del ciclisme dissabte passat amb la pen\u00faltima etapa d&#8217;aquesta prestigiosa&nbsp;competici\u00f3 Portell va viure una jornada hist\u00f2rica dissabte passat en acollir la quarta etapa de la Volta a la Comunitat Valenciana (VCV), considerada l&#8217;etapa &#8216;reina&#8217; de la competici\u00f3. La localitat es va convertir en un punt [&hellip;]\" \/>\n<meta property=\"og:url\" content=\"https:\/\/portelldemorella.org\/ca\/la-volta-a-la-comunitat-valenciana-fa-parada-en-portell-per-primera-vegada\/\" \/>\n<meta property=\"og:site_name\" content=\"Portell de Morella\" \/>\n<meta property=\"article:published_time\" content=\"2025-02-10T11:15:29+00:00\" \/>\n<meta property=\"article:modified_time\" content=\"2025-02-10T11:15:31+00:00\" \/>\n<meta property=\"og:image\" content=\"https:\/\/portelldemorella.org\/wp-content\/uploads\/2025\/02\/JBOL4389-scaled.jpg\" \/>\n\t<meta property=\"og:image:width\" content=\"2560\" \/>\n\t<meta property=\"og:image:height\" content=\"1707\" \/>\n\t<meta property=\"og:image:type\" content=\"image\/jpeg\" \/>\n<meta name=\"author\" content=\"portell\" \/>\n<meta name=\"twitter:card\" content=\"summary_large_image\" \/>\n<meta name=\"twitter:label1\" content=\"Escrit per\" \/>\n\t<meta name=\"twitter:data1\" content=\"portell\" \/>\n\t<meta name=\"twitter:label2\" content=\"Temps estimat de lectura\" \/>\n\t<meta name=\"twitter:data2\" content=\"2 minuts\" \/>\n<script type=\"application\/ld+json\" class=\"yoast-schema-graph\">{\"@context\":\"https:\/\/schema.org\",\"@graph\":[{\"@type\":\"Article\",\"@id\":\"https:\/\/portelldemorella.org\/ca\/la-volta-a-la-comunitat-valenciana-fa-parada-en-portell-per-primera-vegada\/#article\",\"isPartOf\":{\"@id\":\"https:\/\/portelldemorella.org\/ca\/la-volta-a-la-comunitat-valenciana-fa-parada-en-portell-per-primera-vegada\/\"},\"author\":{\"name\":\"portell\",\"@id\":\"https:\/\/portelldemorella.org\/#\/schema\/person\/2adde77c454244acd163488ec723a88b\"},\"headline\":\"La Volta a la Comunitat Valenciana fa parada en Portell per primera vegada\",\"datePublished\":\"2025-02-10T11:15:29+00:00\",\"dateModified\":\"2025-02-10T11:15:31+00:00\",\"mainEntityOfPage\":{\"@id\":\"https:\/\/portelldemorella.org\/ca\/la-volta-a-la-comunitat-valenciana-fa-parada-en-portell-per-primera-vegada\/\"},\"wordCount\":220,\"commentCount\":0,\"publisher\":{\"@id\":\"https:\/\/portelldemorella.org\/#organization\"},\"image\":{\"@id\":\"https:\/\/portelldemorella.org\/ca\/la-volta-a-la-comunitat-valenciana-fa-parada-en-portell-per-primera-vegada\/#primaryimage\"},\"thumbnailUrl\":\"https:\/\/portelldemorella.org\/wp-content\/uploads\/2025\/02\/JBOL4389-scaled.jpg\",\"keywords\":[\"deporte\",\"els ports\",\"portell\"],\"articleSection\":[\"Ayuntamiento\"],\"inLanguage\":\"ca\",\"potentialAction\":[{\"@type\":\"CommentAction\",\"name\":\"Comment\",\"target\":[\"https:\/\/portelldemorella.org\/ca\/la-volta-a-la-comunitat-valenciana-fa-parada-en-portell-per-primera-vegada\/#respond\"]}]},{\"@type\":\"WebPage\",\"@id\":\"https:\/\/portelldemorella.org\/ca\/la-volta-a-la-comunitat-valenciana-fa-parada-en-portell-per-primera-vegada\/\",\"url\":\"https:\/\/portelldemorella.org\/ca\/la-volta-a-la-comunitat-valenciana-fa-parada-en-portell-per-primera-vegada\/\",\"name\":\"La Volta a la Comunitat Valenciana fa parada en Portell per primera vegada - Portell de Morella\",\"isPartOf\":{\"@id\":\"https:\/\/portelldemorella.org\/#website\"},\"primaryImageOfPage\":{\"@id\":\"https:\/\/portelldemorella.org\/ca\/la-volta-a-la-comunitat-valenciana-fa-parada-en-portell-per-primera-vegada\/#primaryimage\"},\"image\":{\"@id\":\"https:\/\/portelldemorella.org\/ca\/la-volta-a-la-comunitat-valenciana-fa-parada-en-portell-per-primera-vegada\/#primaryimage\"},\"thumbnailUrl\":\"https:\/\/portelldemorella.org\/wp-content\/uploads\/2025\/02\/JBOL4389-scaled.jpg\",\"datePublished\":\"2025-02-10T11:15:29+00:00\",\"dateModified\":\"2025-02-10T11:15:31+00:00\",\"breadcrumb\":{\"@id\":\"https:\/\/portelldemorella.org\/ca\/la-volta-a-la-comunitat-valenciana-fa-parada-en-portell-per-primera-vegada\/#breadcrumb\"},\"inLanguage\":\"ca\",\"potentialAction\":[{\"@type\":\"ReadAction\",\"target\":[\"https:\/\/portelldemorella.org\/ca\/la-volta-a-la-comunitat-valenciana-fa-parada-en-portell-per-primera-vegada\/\"]}]},{\"@type\":\"ImageObject\",\"inLanguage\":\"ca\",\"@id\":\"https:\/\/portelldemorella.org\/ca\/la-volta-a-la-comunitat-valenciana-fa-parada-en-portell-per-primera-vegada\/#primaryimage\",\"url\":\"https:\/\/portelldemorella.org\/wp-content\/uploads\/2025\/02\/JBOL4389-scaled.jpg\",\"contentUrl\":\"https:\/\/portelldemorella.org\/wp-content\/uploads\/2025\/02\/JBOL4389-scaled.jpg\",\"width\":2560,\"height\":1707},{\"@type\":\"BreadcrumbList\",\"@id\":\"https:\/\/portelldemorella.org\/ca\/la-volta-a-la-comunitat-valenciana-fa-parada-en-portell-per-primera-vegada\/#breadcrumb\",\"itemListElement\":[{\"@type\":\"ListItem\",\"position\":1,\"name\":\"Portada\",\"item\":\"https:\/\/portelldemorella.org\/ca\/\"},{\"@type\":\"ListItem\",\"position\":2,\"name\":\"La Volta a la Comunitat Valenciana fa parada en Portell per primera vegada\"}]},{\"@type\":\"WebSite\",\"@id\":\"https:\/\/portelldemorella.org\/#website\",\"url\":\"https:\/\/portelldemorella.org\/\",\"name\":\"Portell de Morella\",\"description\":\"Web del Ayuntamiento de Portell de Morella\",\"publisher\":{\"@id\":\"https:\/\/portelldemorella.org\/#organization\"},\"potentialAction\":[{\"@type\":\"SearchAction\",\"target\":{\"@type\":\"EntryPoint\",\"urlTemplate\":\"https:\/\/portelldemorella.org\/?s={search_term_string}\"},\"query-input\":{\"@type\":\"PropertyValueSpecification\",\"valueRequired\":true,\"valueName\":\"search_term_string\"}}],\"inLanguage\":\"ca\"},{\"@type\":\"Organization\",\"@id\":\"https:\/\/portelldemorella.org\/#organization\",\"name\":\"Portell de Morella\",\"url\":\"https:\/\/portelldemorella.org\/\",\"logo\":{\"@type\":\"ImageObject\",\"inLanguage\":\"ca\",\"@id\":\"https:\/\/portelldemorella.org\/#\/schema\/logo\/image\/\",\"url\":\"https:\/\/portelldemorella.org\/wp-content\/uploads\/2020\/11\/Escudo-Portell-04.jpg\",\"contentUrl\":\"https:\/\/portelldemorella.org\/wp-content\/uploads\/2020\/11\/Escudo-Portell-04.jpg\",\"width\":1001,\"height\":394,\"caption\":\"Portell de Morella\"},\"image\":{\"@id\":\"https:\/\/portelldemorella.org\/#\/schema\/logo\/image\/\"}},{\"@type\":\"Person\",\"@id\":\"https:\/\/portelldemorella.org\/#\/schema\/person\/2adde77c454244acd163488ec723a88b\",\"name\":\"portell\",\"image\":{\"@type\":\"ImageObject\",\"inLanguage\":\"ca\",\"@id\":\"https:\/\/portelldemorella.org\/#\/schema\/person\/image\/\",\"url\":\"https:\/\/secure.gravatar.com\/avatar\/077c6bd89604df620d2fa93a06be2531944cdd6826fd322dbd8b483fd84d6407?s=96&d=mm&r=g\",\"contentUrl\":\"https:\/\/secure.gravatar.com\/avatar\/077c6bd89604df620d2fa93a06be2531944cdd6826fd322dbd8b483fd84d6407?s=96&d=mm&r=g\",\"caption\":\"portell\"},\"sameAs\":[\"https:\/\/portelldemorella.org\"],\"url\":\"https:\/\/portelldemorella.org\/ca\/author\/portell\/\"}]}<\/script>\n<!-- \/ Yoast SEO plugin. -->","yoast_head_json":{"title":"La Volta a la Comunitat Valenciana fa parada en Portell per primera vegada - Portell de Morella","robots":{"index":"noindex","follow":"follow","max-snippet":"max-snippet:-1","max-image-preview":"max-image-preview:large","max-video-preview":"max-video-preview:-1"},"og_locale":"ca_ES","og_type":"article","og_title":"La Volta a la Comunitat Valenciana fa parada en Portell per primera vegada - Portell de Morella","og_description":"&#8211; El municipi dels Ports es va convertir en capital del ciclisme dissabte passat amb la pen\u00faltima etapa d&#8217;aquesta prestigiosa&nbsp;competici\u00f3 Portell va viure una jornada hist\u00f2rica dissabte passat en acollir la quarta etapa de la Volta a la Comunitat Valenciana (VCV), considerada l&#8217;etapa &#8216;reina&#8217; de la competici\u00f3. La localitat es va convertir en un punt [&hellip;]","og_url":"https:\/\/portelldemorella.org\/ca\/la-volta-a-la-comunitat-valenciana-fa-parada-en-portell-per-primera-vegada\/","og_site_name":"Portell de Morella","article_published_time":"2025-02-10T11:15:29+00:00","article_modified_time":"2025-02-10T11:15:31+00:00","og_image":[{"width":2560,"height":1707,"url":"https:\/\/portelldemorella.org\/wp-content\/uploads\/2025\/02\/JBOL4389-scaled.jpg","type":"image\/jpeg"}],"author":"portell","twitter_card":"summary_large_image","twitter_misc":{"Escrit per":"portell","Temps estimat de lectura":"2 minuts"},"schema":{"@context":"https:\/\/schema.org","@graph":[{"@type":"Article","@id":"https:\/\/portelldemorella.org\/ca\/la-volta-a-la-comunitat-valenciana-fa-parada-en-portell-per-primera-vegada\/#article","isPartOf":{"@id":"https:\/\/portelldemorella.org\/ca\/la-volta-a-la-comunitat-valenciana-fa-parada-en-portell-per-primera-vegada\/"},"author":{"name":"portell","@id":"https:\/\/portelldemorella.org\/#\/schema\/person\/2adde77c454244acd163488ec723a88b"},"headline":"La Volta a la Comunitat Valenciana fa parada en Portell per primera vegada","datePublished":"2025-02-10T11:15:29+00:00","dateModified":"2025-02-10T11:15:31+00:00","mainEntityOfPage":{"@id":"https:\/\/portelldemorella.org\/ca\/la-volta-a-la-comunitat-valenciana-fa-parada-en-portell-per-primera-vegada\/"},"wordCount":220,"commentCount":0,"publisher":{"@id":"https:\/\/portelldemorella.org\/#organization"},"image":{"@id":"https:\/\/portelldemorella.org\/ca\/la-volta-a-la-comunitat-valenciana-fa-parada-en-portell-per-primera-vegada\/#primaryimage"},"thumbnailUrl":"https:\/\/portelldemorella.org\/wp-content\/uploads\/2025\/02\/JBOL4389-scaled.jpg","keywords":["deporte","els ports","portell"],"articleSection":["Ayuntamiento"],"inLanguage":"ca","potentialAction":[{"@type":"CommentAction","name":"Comment","target":["https:\/\/portelldemorella.org\/ca\/la-volta-a-la-comunitat-valenciana-fa-parada-en-portell-per-primera-vegada\/#respond"]}]},{"@type":"WebPage","@id":"https:\/\/portelldemorella.org\/ca\/la-volta-a-la-comunitat-valenciana-fa-parada-en-portell-per-primera-vegada\/","url":"https:\/\/portelldemorella.org\/ca\/la-volta-a-la-comunitat-valenciana-fa-parada-en-portell-per-primera-vegada\/","name":"La Volta a la Comunitat Valenciana fa parada en Portell per primera vegada - Portell de Morella","isPartOf":{"@id":"https:\/\/portelldemorella.org\/#website"},"primaryImageOfPage":{"@id":"https:\/\/portelldemorella.org\/ca\/la-volta-a-la-comunitat-valenciana-fa-parada-en-portell-per-primera-vegada\/#primaryimage"},"image":{"@id":"https:\/\/portelldemorella.org\/ca\/la-volta-a-la-comunitat-valenciana-fa-parada-en-portell-per-primera-vegada\/#primaryimage"},"thumbnailUrl":"https:\/\/portelldemorella.org\/wp-content\/uploads\/2025\/02\/JBOL4389-scaled.jpg","datePublished":"2025-02-10T11:15:29+00:00","dateModified":"2025-02-10T11:15:31+00:00","breadcrumb":{"@id":"https:\/\/portelldemorella.org\/ca\/la-volta-a-la-comunitat-valenciana-fa-parada-en-portell-per-primera-vegada\/#breadcrumb"},"inLanguage":"ca","potentialAction":[{"@type":"ReadAction","target":["https:\/\/portelldemorella.org\/ca\/la-volta-a-la-comunitat-valenciana-fa-parada-en-portell-per-primera-vegada\/"]}]},{"@type":"ImageObject","inLanguage":"ca","@id":"https:\/\/portelldemorella.org\/ca\/la-volta-a-la-comunitat-valenciana-fa-parada-en-portell-per-primera-vegada\/#primaryimage","url":"https:\/\/portelldemorella.org\/wp-content\/uploads\/2025\/02\/JBOL4389-scaled.jpg","contentUrl":"https:\/\/portelldemorella.org\/wp-content\/uploads\/2025\/02\/JBOL4389-scaled.jpg","width":2560,"height":1707},{"@type":"BreadcrumbList","@id":"https:\/\/portelldemorella.org\/ca\/la-volta-a-la-comunitat-valenciana-fa-parada-en-portell-per-primera-vegada\/#breadcrumb","itemListElement":[{"@type":"ListItem","position":1,"name":"Portada","item":"https:\/\/portelldemorella.org\/ca\/"},{"@type":"ListItem","position":2,"name":"La Volta a la Comunitat Valenciana fa parada en Portell per primera vegada"}]},{"@type":"WebSite","@id":"https:\/\/portelldemorella.org\/#website","url":"https:\/\/portelldemorella.org\/","name":"Portell de Morella","description":"Web del Ayuntamiento de Portell de Morella","publisher":{"@id":"https:\/\/portelldemorella.org\/#organization"},"potentialAction":[{"@type":"SearchAction","target":{"@type":"EntryPoint","urlTemplate":"https:\/\/portelldemorella.org\/?s={search_term_string}"},"query-input":{"@type":"PropertyValueSpecification","valueRequired":true,"valueName":"search_term_string"}}],"inLanguage":"ca"},{"@type":"Organization","@id":"https:\/\/portelldemorella.org\/#organization","name":"Portell de Morella","url":"https:\/\/portelldemorella.org\/","logo":{"@type":"ImageObject","inLanguage":"ca","@id":"https:\/\/portelldemorella.org\/#\/schema\/logo\/image\/","url":"https:\/\/portelldemorella.org\/wp-content\/uploads\/2020\/11\/Escudo-Portell-04.jpg","contentUrl":"https:\/\/portelldemorella.org\/wp-content\/uploads\/2020\/11\/Escudo-Portell-04.jpg","width":1001,"height":394,"caption":"Portell de Morella"},"image":{"@id":"https:\/\/portelldemorella.org\/#\/schema\/logo\/image\/"}},{"@type":"Person","@id":"https:\/\/portelldemorella.org\/#\/schema\/person\/2adde77c454244acd163488ec723a88b","name":"portell","image":{"@type":"ImageObject","inLanguage":"ca","@id":"https:\/\/portelldemorella.org\/#\/schema\/person\/image\/","url":"https:\/\/secure.gravatar.com\/avatar\/077c6bd89604df620d2fa93a06be2531944cdd6826fd322dbd8b483fd84d6407?s=96&d=mm&r=g","contentUrl":"https:\/\/secure.gravatar.com\/avatar\/077c6bd89604df620d2fa93a06be2531944cdd6826fd322dbd8b483fd84d6407?s=96&d=mm&r=g","caption":"portell"},"sameAs":["https:\/\/portelldemorella.org"],"url":"https:\/\/portelldemorella.org\/ca\/author\/portell\/"}]}},"_links":{"self":[{"href":"https:\/\/portelldemorella.org\/ca\/wp-json\/wp\/v2\/posts\/8277","targetHints":{"allow":["GET"]}}],"collection":[{"href":"https:\/\/portelldemorella.org\/ca\/wp-json\/wp\/v2\/posts"}],"about":[{"href":"https:\/\/portelldemorella.org\/ca\/wp-json\/wp\/v2\/types\/post"}],"author":[{"embeddable":true,"href":"https:\/\/portelldemorella.org\/ca\/wp-json\/wp\/v2\/users\/1"}],"replies":[{"embeddable":true,"href":"https:\/\/portelldemorella.org\/ca\/wp-json\/wp\/v2\/comments?post=8277"}],"version-history":[{"count":1,"href":"https:\/\/portelldemorella.org\/ca\/wp-json\/wp\/v2\/posts\/8277\/revisions"}],"predecessor-version":[{"id":8278,"href":"https:\/\/portelldemorella.org\/ca\/wp-json\/wp\/v2\/posts\/8277\/revisions\/8278"}],"wp:featuredmedia":[{"embeddable":true,"href":"https:\/\/portelldemorella.org\/ca\/wp-json\/wp\/v2\/media\/8275"}],"wp:attachment":[{"href":"https:\/\/portelldemorella.org\/ca\/wp-json\/wp\/v2\/media?parent=8277"}],"wp:term":[{"taxonomy":"category","embeddable":true,"href":"https:\/\/portelldemorella.org\/ca\/wp-json\/wp\/v2\/categories?post=8277"},{"taxonomy":"post_tag","embeddable":true,"href":"https:\/\/portelldemorella.org\/ca\/wp-json\/wp\/v2\/tags?post=8277"}],"curies":[{"name":"wp","href":"https:\/\/api.w.org\/{rel}","templated":true}]}}