{"id":8284,"date":"2025-02-13T08:21:30","date_gmt":"2025-02-13T08:21:30","guid":{"rendered":"https:\/\/portelldemorella.org\/?p=8284"},"modified":"2025-02-13T08:21:31","modified_gmt":"2025-02-13T08:21:31","slug":"portell-honrara-a-sant-antoni-amb-dos-intenses-jornades-de-celebracions","status":"publish","type":"post","link":"https:\/\/portelldemorella.org\/ca\/portell-honrara-a-sant-antoni-amb-dos-intenses-jornades-de-celebracions\/","title":{"rendered":"Portell honrar\u00e0 a Sant Antoni amb dos intenses jornades de celebracions"},"content":{"rendered":"\n<ul class=\"wp-block-list\">\n<li>L&#8217;entrada de cavalls en la pla\u00e7a, l&#8217;encesa de la foguera o el multitudinari sopar de \u2018pa i porta\u2019 s\u00f3n alguns dels actes programats<\/li>\n<\/ul>\n\n\n\n<p>Portell ja ho t\u00e9 tot preparat per a acollir les celebracions en honor a Sant Antoni, unes festes que s&#8217;estendran durant dos intenses jornades. La programaci\u00f3 arrancar\u00e0 el 15 de febrer amb el muntatge de la barraca, seguit del tradicional esmorzar per a les persones col\u00b7laboradores.<br>&nbsp;<br>Posteriorment, a les 10.30, tindr\u00e0 lloc l&#8217;eixida de les cavalleries per a l&#8217;arrossegament de carrasques, i al migdia els cavalls protagonitzaran l&#8217;entrada a la pla\u00e7a. Un acte al qual li seguir\u00e0 l&#8217;encesa de la foguera, un dels moments m\u00e9s esperats d&#8217;aquestes tradicionals celebracions. I per a agafar forces, els assistents podran gaudir d&#8217;un menjar popular en el poliesportiu, acompanyada de la tradicional rifa i la \u2018transa\u2019.<br>&nbsp;<br>A la vesprada, a les 18.00 hores, la festa continuar\u00e0 amb l&#8217;eixida des de l&#8217;esgl\u00e9sia fins a l&#8217;ermita per a escoltar la primera relaci\u00f3. Seguidament, els assistents pujaran a la pla\u00e7a per a la segona relaci\u00f3, despr\u00e9s de la qual es procedir\u00e0 a la benedicci\u00f3 dels animals i al repartiment dels \u2018pastissets\u2019 en Les Basses.<\/p>\n\n\n\n<p>La jornada del dissabte prosseguir\u00e0 amb el \u2018ball pla\u2019 i la \u2018crem\u00e0\u2019 de la barraca (19.30 hores) i conclour\u00e0 amb un multitudinari sopar de \u2018de &#8216;pa i porta\u2019 en el poliesportiu (21.00 hores), que donar\u00e0 pas a una animada vetlada amb l&#8217;actuaci\u00f3 del grup Doble Embrague i la disco-m\u00f2bil DML, amb entrada gratu\u00efta.<\/p>\n\n\n\n<p>La santa missa i process\u00f3 en honor a Sant Antoni, el 16 de febrer a partir de les 12.30 hores, posaran el fermall d&#8217;or a un cap de setmana en el qual la tradici\u00f3, la cultura i el foc seran els aut\u00e8ntics protagonistes en Portell.<\/p>\n","protected":false},"excerpt":{"rendered":"<p>Portell ja ho t\u00e9 tot preparat per a acollir les celebracions en honor a Sant Antoni, unes festes que s&#8217;estendran durant dos intenses jornades. La programaci\u00f3 arrancar\u00e0 el 15 de febrer amb el muntatge de la barraca, seguit del tradicional esmorzar per a les persones col\u00b7laboradores.&nbsp;Posteriorment, a les 10.30, tindr\u00e0 lloc l&#8217;eixida de les cavalleries [&hellip;]<\/p>\n","protected":false},"author":1,"featured_media":8282,"comment_status":"open","ping_status":"open","sticky":false,"template":"","format":"standard","meta":{"footnotes":""},"categories":[97],"tags":[107,124],"class_list":["post-8284","post","type-post","status-publish","format-standard","has-post-thumbnail","hentry","category-ayuntamiento-ca","tag-portell-ca","tag-sant-antoni-ca"],"yoast_head":"<!-- This site is optimized with the Yoast SEO plugin v24.4 - https:\/\/yoast.com\/wordpress\/plugins\/seo\/ -->\n<title>Portell honrar\u00e0 a Sant Antoni amb dos intenses jornades de celebracions - Portell de Morella<\/title>\n<meta name=\"robots\" content=\"noindex, follow, max-snippet:-1, max-image-preview:large, max-video-preview:-1\" \/>\n<meta property=\"og:locale\" content=\"ca_ES\" \/>\n<meta property=\"og:type\" content=\"article\" \/>\n<meta property=\"og:title\" content=\"Portell honrar\u00e0 a Sant Antoni amb dos intenses jornades de celebracions - Portell de Morella\" \/>\n<meta property=\"og:description\" content=\"Portell ja ho t\u00e9 tot preparat per a acollir les celebracions en honor a Sant Antoni, unes festes que s&#8217;estendran durant dos intenses jornades. La programaci\u00f3 arrancar\u00e0 el 15 de febrer amb el muntatge de la barraca, seguit del tradicional esmorzar per a les persones col\u00b7laboradores.&nbsp;Posteriorment, a les 10.30, tindr\u00e0 lloc l&#8217;eixida de les cavalleries [&hellip;]\" \/>\n<meta property=\"og:url\" content=\"https:\/\/portelldemorella.org\/ca\/portell-honrara-a-sant-antoni-amb-dos-intenses-jornades-de-celebracions\/\" \/>\n<meta property=\"og:site_name\" content=\"Portell de Morella\" \/>\n<meta property=\"article:published_time\" content=\"2025-02-13T08:21:30+00:00\" \/>\n<meta property=\"article:modified_time\" content=\"2025-02-13T08:21:31+00:00\" \/>\n<meta property=\"og:image\" content=\"https:\/\/portelldemorella.org\/wp-content\/uploads\/2025\/02\/Arxiu-2024.-Fogueres-i-ball-pla-1.jpeg\" \/>\n\t<meta property=\"og:image:width\" content=\"1600\" \/>\n\t<meta property=\"og:image:height\" content=\"1066\" \/>\n\t<meta property=\"og:image:type\" content=\"image\/jpeg\" \/>\n<meta name=\"author\" content=\"portell\" \/>\n<meta name=\"twitter:card\" content=\"summary_large_image\" \/>\n<meta name=\"twitter:label1\" content=\"Escrit per\" \/>\n\t<meta name=\"twitter:data1\" content=\"portell\" \/>\n\t<meta name=\"twitter:label2\" content=\"Temps estimat de lectura\" \/>\n\t<meta name=\"twitter:data2\" content=\"2 minuts\" \/>\n<script type=\"application\/ld+json\" class=\"yoast-schema-graph\">{\"@context\":\"https:\/\/schema.org\",\"@graph\":[{\"@type\":\"Article\",\"@id\":\"https:\/\/portelldemorella.org\/ca\/portell-honrara-a-sant-antoni-amb-dos-intenses-jornades-de-celebracions\/#article\",\"isPartOf\":{\"@id\":\"https:\/\/portelldemorella.org\/ca\/portell-honrara-a-sant-antoni-amb-dos-intenses-jornades-de-celebracions\/\"},\"author\":{\"name\":\"portell\",\"@id\":\"https:\/\/portelldemorella.org\/#\/schema\/person\/2adde77c454244acd163488ec723a88b\"},\"headline\":\"Portell honrar\u00e0 a Sant Antoni amb dos intenses jornades de celebracions\",\"datePublished\":\"2025-02-13T08:21:30+00:00\",\"dateModified\":\"2025-02-13T08:21:31+00:00\",\"mainEntityOfPage\":{\"@id\":\"https:\/\/portelldemorella.org\/ca\/portell-honrara-a-sant-antoni-amb-dos-intenses-jornades-de-celebracions\/\"},\"wordCount\":305,\"commentCount\":0,\"publisher\":{\"@id\":\"https:\/\/portelldemorella.org\/#organization\"},\"image\":{\"@id\":\"https:\/\/portelldemorella.org\/ca\/portell-honrara-a-sant-antoni-amb-dos-intenses-jornades-de-celebracions\/#primaryimage\"},\"thumbnailUrl\":\"https:\/\/portelldemorella.org\/wp-content\/uploads\/2025\/02\/Arxiu-2024.-Fogueres-i-ball-pla-1.jpeg\",\"keywords\":[\"portell\",\"sant antoni\"],\"articleSection\":[\"Ayuntamiento\"],\"inLanguage\":\"ca\",\"potentialAction\":[{\"@type\":\"CommentAction\",\"name\":\"Comment\",\"target\":[\"https:\/\/portelldemorella.org\/ca\/portell-honrara-a-sant-antoni-amb-dos-intenses-jornades-de-celebracions\/#respond\"]}]},{\"@type\":\"WebPage\",\"@id\":\"https:\/\/portelldemorella.org\/ca\/portell-honrara-a-sant-antoni-amb-dos-intenses-jornades-de-celebracions\/\",\"url\":\"https:\/\/portelldemorella.org\/ca\/portell-honrara-a-sant-antoni-amb-dos-intenses-jornades-de-celebracions\/\",\"name\":\"Portell honrar\u00e0 a Sant Antoni amb dos intenses jornades de celebracions - Portell de Morella\",\"isPartOf\":{\"@id\":\"https:\/\/portelldemorella.org\/#website\"},\"primaryImageOfPage\":{\"@id\":\"https:\/\/portelldemorella.org\/ca\/portell-honrara-a-sant-antoni-amb-dos-intenses-jornades-de-celebracions\/#primaryimage\"},\"image\":{\"@id\":\"https:\/\/portelldemorella.org\/ca\/portell-honrara-a-sant-antoni-amb-dos-intenses-jornades-de-celebracions\/#primaryimage\"},\"thumbnailUrl\":\"https:\/\/portelldemorella.org\/wp-content\/uploads\/2025\/02\/Arxiu-2024.-Fogueres-i-ball-pla-1.jpeg\",\"datePublished\":\"2025-02-13T08:21:30+00:00\",\"dateModified\":\"2025-02-13T08:21:31+00:00\",\"breadcrumb\":{\"@id\":\"https:\/\/portelldemorella.org\/ca\/portell-honrara-a-sant-antoni-amb-dos-intenses-jornades-de-celebracions\/#breadcrumb\"},\"inLanguage\":\"ca\",\"potentialAction\":[{\"@type\":\"ReadAction\",\"target\":[\"https:\/\/portelldemorella.org\/ca\/portell-honrara-a-sant-antoni-amb-dos-intenses-jornades-de-celebracions\/\"]}]},{\"@type\":\"ImageObject\",\"inLanguage\":\"ca\",\"@id\":\"https:\/\/portelldemorella.org\/ca\/portell-honrara-a-sant-antoni-amb-dos-intenses-jornades-de-celebracions\/#primaryimage\",\"url\":\"https:\/\/portelldemorella.org\/wp-content\/uploads\/2025\/02\/Arxiu-2024.-Fogueres-i-ball-pla-1.jpeg\",\"contentUrl\":\"https:\/\/portelldemorella.org\/wp-content\/uploads\/2025\/02\/Arxiu-2024.-Fogueres-i-ball-pla-1.jpeg\",\"width\":1600,\"height\":1066},{\"@type\":\"BreadcrumbList\",\"@id\":\"https:\/\/portelldemorella.org\/ca\/portell-honrara-a-sant-antoni-amb-dos-intenses-jornades-de-celebracions\/#breadcrumb\",\"itemListElement\":[{\"@type\":\"ListItem\",\"position\":1,\"name\":\"Portada\",\"item\":\"https:\/\/portelldemorella.org\/ca\/\"},{\"@type\":\"ListItem\",\"position\":2,\"name\":\"Portell honrar\u00e0 a Sant Antoni amb dos intenses jornades de celebracions\"}]},{\"@type\":\"WebSite\",\"@id\":\"https:\/\/portelldemorella.org\/#website\",\"url\":\"https:\/\/portelldemorella.org\/\",\"name\":\"Portell de Morella\",\"description\":\"Web del Ayuntamiento de Portell de Morella\",\"publisher\":{\"@id\":\"https:\/\/portelldemorella.org\/#organization\"},\"potentialAction\":[{\"@type\":\"SearchAction\",\"target\":{\"@type\":\"EntryPoint\",\"urlTemplate\":\"https:\/\/portelldemorella.org\/?s={search_term_string}\"},\"query-input\":{\"@type\":\"PropertyValueSpecification\",\"valueRequired\":true,\"valueName\":\"search_term_string\"}}],\"inLanguage\":\"ca\"},{\"@type\":\"Organization\",\"@id\":\"https:\/\/portelldemorella.org\/#organization\",\"name\":\"Portell de Morella\",\"url\":\"https:\/\/portelldemorella.org\/\",\"logo\":{\"@type\":\"ImageObject\",\"inLanguage\":\"ca\",\"@id\":\"https:\/\/portelldemorella.org\/#\/schema\/logo\/image\/\",\"url\":\"https:\/\/portelldemorella.org\/wp-content\/uploads\/2020\/11\/Escudo-Portell-04.jpg\",\"contentUrl\":\"https:\/\/portelldemorella.org\/wp-content\/uploads\/2020\/11\/Escudo-Portell-04.jpg\",\"width\":1001,\"height\":394,\"caption\":\"Portell de Morella\"},\"image\":{\"@id\":\"https:\/\/portelldemorella.org\/#\/schema\/logo\/image\/\"}},{\"@type\":\"Person\",\"@id\":\"https:\/\/portelldemorella.org\/#\/schema\/person\/2adde77c454244acd163488ec723a88b\",\"name\":\"portell\",\"image\":{\"@type\":\"ImageObject\",\"inLanguage\":\"ca\",\"@id\":\"https:\/\/portelldemorella.org\/#\/schema\/person\/image\/\",\"url\":\"https:\/\/secure.gravatar.com\/avatar\/077c6bd89604df620d2fa93a06be2531944cdd6826fd322dbd8b483fd84d6407?s=96&d=mm&r=g\",\"contentUrl\":\"https:\/\/secure.gravatar.com\/avatar\/077c6bd89604df620d2fa93a06be2531944cdd6826fd322dbd8b483fd84d6407?s=96&d=mm&r=g\",\"caption\":\"portell\"},\"sameAs\":[\"https:\/\/portelldemorella.org\"],\"url\":\"https:\/\/portelldemorella.org\/ca\/author\/portell\/\"}]}<\/script>\n<!-- \/ Yoast SEO plugin. -->","yoast_head_json":{"title":"Portell honrar\u00e0 a Sant Antoni amb dos intenses jornades de celebracions - Portell de Morella","robots":{"index":"noindex","follow":"follow","max-snippet":"max-snippet:-1","max-image-preview":"max-image-preview:large","max-video-preview":"max-video-preview:-1"},"og_locale":"ca_ES","og_type":"article","og_title":"Portell honrar\u00e0 a Sant Antoni amb dos intenses jornades de celebracions - Portell de Morella","og_description":"Portell ja ho t\u00e9 tot preparat per a acollir les celebracions en honor a Sant Antoni, unes festes que s&#8217;estendran durant dos intenses jornades. La programaci\u00f3 arrancar\u00e0 el 15 de febrer amb el muntatge de la barraca, seguit del tradicional esmorzar per a les persones col\u00b7laboradores.&nbsp;Posteriorment, a les 10.30, tindr\u00e0 lloc l&#8217;eixida de les cavalleries [&hellip;]","og_url":"https:\/\/portelldemorella.org\/ca\/portell-honrara-a-sant-antoni-amb-dos-intenses-jornades-de-celebracions\/","og_site_name":"Portell de Morella","article_published_time":"2025-02-13T08:21:30+00:00","article_modified_time":"2025-02-13T08:21:31+00:00","og_image":[{"width":1600,"height":1066,"url":"https:\/\/portelldemorella.org\/wp-content\/uploads\/2025\/02\/Arxiu-2024.-Fogueres-i-ball-pla-1.jpeg","type":"image\/jpeg"}],"author":"portell","twitter_card":"summary_large_image","twitter_misc":{"Escrit per":"portell","Temps estimat de lectura":"2 minuts"},"schema":{"@context":"https:\/\/schema.org","@graph":[{"@type":"Article","@id":"https:\/\/portelldemorella.org\/ca\/portell-honrara-a-sant-antoni-amb-dos-intenses-jornades-de-celebracions\/#article","isPartOf":{"@id":"https:\/\/portelldemorella.org\/ca\/portell-honrara-a-sant-antoni-amb-dos-intenses-jornades-de-celebracions\/"},"author":{"name":"portell","@id":"https:\/\/portelldemorella.org\/#\/schema\/person\/2adde77c454244acd163488ec723a88b"},"headline":"Portell honrar\u00e0 a Sant Antoni amb dos intenses jornades de celebracions","datePublished":"2025-02-13T08:21:30+00:00","dateModified":"2025-02-13T08:21:31+00:00","mainEntityOfPage":{"@id":"https:\/\/portelldemorella.org\/ca\/portell-honrara-a-sant-antoni-amb-dos-intenses-jornades-de-celebracions\/"},"wordCount":305,"commentCount":0,"publisher":{"@id":"https:\/\/portelldemorella.org\/#organization"},"image":{"@id":"https:\/\/portelldemorella.org\/ca\/portell-honrara-a-sant-antoni-amb-dos-intenses-jornades-de-celebracions\/#primaryimage"},"thumbnailUrl":"https:\/\/portelldemorella.org\/wp-content\/uploads\/2025\/02\/Arxiu-2024.-Fogueres-i-ball-pla-1.jpeg","keywords":["portell","sant antoni"],"articleSection":["Ayuntamiento"],"inLanguage":"ca","potentialAction":[{"@type":"CommentAction","name":"Comment","target":["https:\/\/portelldemorella.org\/ca\/portell-honrara-a-sant-antoni-amb-dos-intenses-jornades-de-celebracions\/#respond"]}]},{"@type":"WebPage","@id":"https:\/\/portelldemorella.org\/ca\/portell-honrara-a-sant-antoni-amb-dos-intenses-jornades-de-celebracions\/","url":"https:\/\/portelldemorella.org\/ca\/portell-honrara-a-sant-antoni-amb-dos-intenses-jornades-de-celebracions\/","name":"Portell honrar\u00e0 a Sant Antoni amb dos intenses jornades de celebracions - Portell de Morella","isPartOf":{"@id":"https:\/\/portelldemorella.org\/#website"},"primaryImageOfPage":{"@id":"https:\/\/portelldemorella.org\/ca\/portell-honrara-a-sant-antoni-amb-dos-intenses-jornades-de-celebracions\/#primaryimage"},"image":{"@id":"https:\/\/portelldemorella.org\/ca\/portell-honrara-a-sant-antoni-amb-dos-intenses-jornades-de-celebracions\/#primaryimage"},"thumbnailUrl":"https:\/\/portelldemorella.org\/wp-content\/uploads\/2025\/02\/Arxiu-2024.-Fogueres-i-ball-pla-1.jpeg","datePublished":"2025-02-13T08:21:30+00:00","dateModified":"2025-02-13T08:21:31+00:00","breadcrumb":{"@id":"https:\/\/portelldemorella.org\/ca\/portell-honrara-a-sant-antoni-amb-dos-intenses-jornades-de-celebracions\/#breadcrumb"},"inLanguage":"ca","potentialAction":[{"@type":"ReadAction","target":["https:\/\/portelldemorella.org\/ca\/portell-honrara-a-sant-antoni-amb-dos-intenses-jornades-de-celebracions\/"]}]},{"@type":"ImageObject","inLanguage":"ca","@id":"https:\/\/portelldemorella.org\/ca\/portell-honrara-a-sant-antoni-amb-dos-intenses-jornades-de-celebracions\/#primaryimage","url":"https:\/\/portelldemorella.org\/wp-content\/uploads\/2025\/02\/Arxiu-2024.-Fogueres-i-ball-pla-1.jpeg","contentUrl":"https:\/\/portelldemorella.org\/wp-content\/uploads\/2025\/02\/Arxiu-2024.-Fogueres-i-ball-pla-1.jpeg","width":1600,"height":1066},{"@type":"BreadcrumbList","@id":"https:\/\/portelldemorella.org\/ca\/portell-honrara-a-sant-antoni-amb-dos-intenses-jornades-de-celebracions\/#breadcrumb","itemListElement":[{"@type":"ListItem","position":1,"name":"Portada","item":"https:\/\/portelldemorella.org\/ca\/"},{"@type":"ListItem","position":2,"name":"Portell honrar\u00e0 a Sant Antoni amb dos intenses jornades de celebracions"}]},{"@type":"WebSite","@id":"https:\/\/portelldemorella.org\/#website","url":"https:\/\/portelldemorella.org\/","name":"Portell de Morella","description":"Web del Ayuntamiento de Portell de Morella","publisher":{"@id":"https:\/\/portelldemorella.org\/#organization"},"potentialAction":[{"@type":"SearchAction","target":{"@type":"EntryPoint","urlTemplate":"https:\/\/portelldemorella.org\/?s={search_term_string}"},"query-input":{"@type":"PropertyValueSpecification","valueRequired":true,"valueName":"search_term_string"}}],"inLanguage":"ca"},{"@type":"Organization","@id":"https:\/\/portelldemorella.org\/#organization","name":"Portell de Morella","url":"https:\/\/portelldemorella.org\/","logo":{"@type":"ImageObject","inLanguage":"ca","@id":"https:\/\/portelldemorella.org\/#\/schema\/logo\/image\/","url":"https:\/\/portelldemorella.org\/wp-content\/uploads\/2020\/11\/Escudo-Portell-04.jpg","contentUrl":"https:\/\/portelldemorella.org\/wp-content\/uploads\/2020\/11\/Escudo-Portell-04.jpg","width":1001,"height":394,"caption":"Portell de Morella"},"image":{"@id":"https:\/\/portelldemorella.org\/#\/schema\/logo\/image\/"}},{"@type":"Person","@id":"https:\/\/portelldemorella.org\/#\/schema\/person\/2adde77c454244acd163488ec723a88b","name":"portell","image":{"@type":"ImageObject","inLanguage":"ca","@id":"https:\/\/portelldemorella.org\/#\/schema\/person\/image\/","url":"https:\/\/secure.gravatar.com\/avatar\/077c6bd89604df620d2fa93a06be2531944cdd6826fd322dbd8b483fd84d6407?s=96&d=mm&r=g","contentUrl":"https:\/\/secure.gravatar.com\/avatar\/077c6bd89604df620d2fa93a06be2531944cdd6826fd322dbd8b483fd84d6407?s=96&d=mm&r=g","caption":"portell"},"sameAs":["https:\/\/portelldemorella.org"],"url":"https:\/\/portelldemorella.org\/ca\/author\/portell\/"}]}},"_links":{"self":[{"href":"https:\/\/portelldemorella.org\/ca\/wp-json\/wp\/v2\/posts\/8284","targetHints":{"allow":["GET"]}}],"collection":[{"href":"https:\/\/portelldemorella.org\/ca\/wp-json\/wp\/v2\/posts"}],"about":[{"href":"https:\/\/portelldemorella.org\/ca\/wp-json\/wp\/v2\/types\/post"}],"author":[{"embeddable":true,"href":"https:\/\/portelldemorella.org\/ca\/wp-json\/wp\/v2\/users\/1"}],"replies":[{"embeddable":true,"href":"https:\/\/portelldemorella.org\/ca\/wp-json\/wp\/v2\/comments?post=8284"}],"version-history":[{"count":1,"href":"https:\/\/portelldemorella.org\/ca\/wp-json\/wp\/v2\/posts\/8284\/revisions"}],"predecessor-version":[{"id":8285,"href":"https:\/\/portelldemorella.org\/ca\/wp-json\/wp\/v2\/posts\/8284\/revisions\/8285"}],"wp:featuredmedia":[{"embeddable":true,"href":"https:\/\/portelldemorella.org\/ca\/wp-json\/wp\/v2\/media\/8282"}],"wp:attachment":[{"href":"https:\/\/portelldemorella.org\/ca\/wp-json\/wp\/v2\/media?parent=8284"}],"wp:term":[{"taxonomy":"category","embeddable":true,"href":"https:\/\/portelldemorella.org\/ca\/wp-json\/wp\/v2\/categories?post=8284"},{"taxonomy":"post_tag","embeddable":true,"href":"https:\/\/portelldemorella.org\/ca\/wp-json\/wp\/v2\/tags?post=8284"}],"curies":[{"name":"wp","href":"https:\/\/api.w.org\/{rel}","templated":true}]}}