{"id":8291,"date":"2025-02-17T12:31:11","date_gmt":"2025-02-17T12:31:11","guid":{"rendered":"https:\/\/portelldemorella.org\/?p=8291"},"modified":"2025-02-17T12:31:12","modified_gmt":"2025-02-17T12:31:12","slug":"multitudinari-sant-antoni-a-portell","status":"publish","type":"post","link":"https:\/\/portelldemorella.org\/ca\/multitudinari-sant-antoni-a-portell\/","title":{"rendered":"Multitudinari Sant Antoni a Portell"},"content":{"rendered":"\n<p><\/p>\n\n\n\n<p>-La tran\u00e7a, les relacions, la benedicci\u00f3 dels animals, el Ball Pla i la crema de la foguera protagonitzen la festa del patr\u00f3 dels animals<\/p>\n\n\n\n<p>Portell ha viscut un cap de setmana multitudinari amb la celebraci\u00f3 de Sant Antoni. El fet de no haver coincidit amb altres localitats dels Ports ha propiciat que centenars de persones procedents d&#8217;altres municipis s&#8217;hagen sumat als actes organitzats pels majorals.<\/p>\n\n\n\n<p>La jornada de dissabte va comen\u00e7ar de bon mat\u00ed amb el muntatge de la &#8220;barraca&#8221;, la monumental foguera que se sost\u00e9 sobre un pi central anomenat maio. Sobre el pi central es recolzen les costelles que conformen l&#8217;estructura de la foguera que despr\u00e9s queda revestida amb la llenya o malea que han tallat majorals i col\u00b7laboradors a la muntanya.<\/p>\n\n\n\n<p>Despr\u00e9s del muntatge de la foguera i el dinar per a tots els col\u00b7laboradors i col\u00b7laboradores les cavalleries van ser aparellades per a l&#8217;arrossegament de les carrasques que conformarien la foguera de les Tronques, situada al costat de la barraca.<\/p>\n\n\n\n<p>Al dinar es van reunir m\u00e9s de 400 persones, que no van dubtar a tran\u00e7ar ia adquirir els productes eixits a subhasta.<\/p>\n\n\n\n<p>Els actes m\u00e9s intensos i tradicionals es van viure a la vesprada amb la lectura de la primera relaci\u00f3 davant de l&#8217;ermita de la Mare de D\u00e9u de l&#8217;Esperan\u00e7a. L&#8217;encarregat de recitar-la va fer un rep\u00e0s a l&#8217;actualitat del poble de manera sarc\u00e0stica. Amb el so de les dol\u00e7aines i el tambor la comitiva va pujar fins a la pla\u00e7a on, amb la pres\u00e8ncia de Sant Antoni i l&#8217;Abueleta es va recitar la segona relaci\u00f3.<\/p>\n\n\n\n<p>Tot seguit va arribar la benedicci\u00f3 dels animals i el repartiment dels enormes pastissos de confitura de carbassa que van preparar els majorals al forn del poble. A continuaci\u00f3 va ser el moment en qu\u00e8 els majorals es van vestir amb la indument\u00e0ria tradicional per dansar el Ball Pla, interpretat per dol\u00e7ainers i tabaleters.<\/p>\n\n\n\n<p>Ballat el Ball Pla Sant Antoni i els &#8220;diablicos&#8221; &nbsp;van desfilar al voltant de la foguera per despr\u00e9s introduir-se a la barraca i donar pas al moment en qu\u00e8 els majorals van encendre la monumental barraca que va cremar sense incid\u00e8ncies, sota l&#8217;atenta mirada dels bombers. En una nit hivernal per\u00f2 pl\u00e0cida Portell va mantenir viva la tradici\u00f3 de la festa del foc.<\/p>\n","protected":false},"excerpt":{"rendered":"<p>-La tran\u00e7a, les relacions, la benedicci\u00f3 dels animals, el Ball Pla i la crema de la foguera protagonitzen la festa del patr\u00f3 dels animals Portell ha viscut un cap de setmana multitudinari amb la celebraci\u00f3 de Sant Antoni. El fet de no haver coincidit amb altres localitats dels Ports ha propiciat que centenars de persones [&hellip;]<\/p>\n","protected":false},"author":1,"featured_media":8288,"comment_status":"open","ping_status":"open","sticky":false,"template":"","format":"standard","meta":{"footnotes":""},"categories":[97],"tags":[135,107,124],"class_list":["post-8291","post","type-post","status-publish","format-standard","has-post-thumbnail","hentry","category-ayuntamiento-ca","tag-els-ports","tag-portell-ca","tag-sant-antoni-ca"],"yoast_head":"<!-- This site is optimized with the Yoast SEO plugin v24.4 - https:\/\/yoast.com\/wordpress\/plugins\/seo\/ -->\n<title>Multitudinari Sant Antoni a Portell - Portell de Morella<\/title>\n<meta name=\"robots\" content=\"noindex, follow, max-snippet:-1, max-image-preview:large, max-video-preview:-1\" \/>\n<meta property=\"og:locale\" content=\"ca_ES\" \/>\n<meta property=\"og:type\" content=\"article\" \/>\n<meta property=\"og:title\" content=\"Multitudinari Sant Antoni a Portell - Portell de Morella\" \/>\n<meta property=\"og:description\" content=\"-La tran\u00e7a, les relacions, la benedicci\u00f3 dels animals, el Ball Pla i la crema de la foguera protagonitzen la festa del patr\u00f3 dels animals Portell ha viscut un cap de setmana multitudinari amb la celebraci\u00f3 de Sant Antoni. El fet de no haver coincidit amb altres localitats dels Ports ha propiciat que centenars de persones [&hellip;]\" \/>\n<meta property=\"og:url\" content=\"https:\/\/portelldemorella.org\/ca\/multitudinari-sant-antoni-a-portell\/\" \/>\n<meta property=\"og:site_name\" content=\"Portell de Morella\" \/>\n<meta property=\"article:published_time\" content=\"2025-02-17T12:31:11+00:00\" \/>\n<meta property=\"article:modified_time\" content=\"2025-02-17T12:31:12+00:00\" \/>\n<meta property=\"og:image\" content=\"https:\/\/portelldemorella.org\/wp-content\/uploads\/2025\/02\/Multitudinari-Sant-Antoni-a-Portell.jpg\" \/>\n\t<meta property=\"og:image:width\" content=\"1600\" \/>\n\t<meta property=\"og:image:height\" content=\"1066\" \/>\n\t<meta property=\"og:image:type\" content=\"image\/jpeg\" \/>\n<meta name=\"author\" content=\"portell\" \/>\n<meta name=\"twitter:card\" content=\"summary_large_image\" \/>\n<meta name=\"twitter:label1\" content=\"Escrit per\" \/>\n\t<meta name=\"twitter:data1\" content=\"portell\" \/>\n\t<meta name=\"twitter:label2\" content=\"Temps estimat de lectura\" \/>\n\t<meta name=\"twitter:data2\" content=\"2 minuts\" \/>\n<script type=\"application\/ld+json\" class=\"yoast-schema-graph\">{\"@context\":\"https:\/\/schema.org\",\"@graph\":[{\"@type\":\"Article\",\"@id\":\"https:\/\/portelldemorella.org\/ca\/multitudinari-sant-antoni-a-portell\/#article\",\"isPartOf\":{\"@id\":\"https:\/\/portelldemorella.org\/ca\/multitudinari-sant-antoni-a-portell\/\"},\"author\":{\"name\":\"portell\",\"@id\":\"https:\/\/portelldemorella.org\/#\/schema\/person\/2adde77c454244acd163488ec723a88b\"},\"headline\":\"Multitudinari Sant Antoni a Portell\",\"datePublished\":\"2025-02-17T12:31:11+00:00\",\"dateModified\":\"2025-02-17T12:31:12+00:00\",\"mainEntityOfPage\":{\"@id\":\"https:\/\/portelldemorella.org\/ca\/multitudinari-sant-antoni-a-portell\/\"},\"wordCount\":405,\"commentCount\":0,\"publisher\":{\"@id\":\"https:\/\/portelldemorella.org\/#organization\"},\"image\":{\"@id\":\"https:\/\/portelldemorella.org\/ca\/multitudinari-sant-antoni-a-portell\/#primaryimage\"},\"thumbnailUrl\":\"https:\/\/portelldemorella.org\/wp-content\/uploads\/2025\/02\/Multitudinari-Sant-Antoni-a-Portell.jpg\",\"keywords\":[\"els ports\",\"portell\",\"sant antoni\"],\"articleSection\":[\"Ayuntamiento\"],\"inLanguage\":\"ca\",\"potentialAction\":[{\"@type\":\"CommentAction\",\"name\":\"Comment\",\"target\":[\"https:\/\/portelldemorella.org\/ca\/multitudinari-sant-antoni-a-portell\/#respond\"]}]},{\"@type\":\"WebPage\",\"@id\":\"https:\/\/portelldemorella.org\/ca\/multitudinari-sant-antoni-a-portell\/\",\"url\":\"https:\/\/portelldemorella.org\/ca\/multitudinari-sant-antoni-a-portell\/\",\"name\":\"Multitudinari Sant Antoni a Portell - Portell de Morella\",\"isPartOf\":{\"@id\":\"https:\/\/portelldemorella.org\/#website\"},\"primaryImageOfPage\":{\"@id\":\"https:\/\/portelldemorella.org\/ca\/multitudinari-sant-antoni-a-portell\/#primaryimage\"},\"image\":{\"@id\":\"https:\/\/portelldemorella.org\/ca\/multitudinari-sant-antoni-a-portell\/#primaryimage\"},\"thumbnailUrl\":\"https:\/\/portelldemorella.org\/wp-content\/uploads\/2025\/02\/Multitudinari-Sant-Antoni-a-Portell.jpg\",\"datePublished\":\"2025-02-17T12:31:11+00:00\",\"dateModified\":\"2025-02-17T12:31:12+00:00\",\"breadcrumb\":{\"@id\":\"https:\/\/portelldemorella.org\/ca\/multitudinari-sant-antoni-a-portell\/#breadcrumb\"},\"inLanguage\":\"ca\",\"potentialAction\":[{\"@type\":\"ReadAction\",\"target\":[\"https:\/\/portelldemorella.org\/ca\/multitudinari-sant-antoni-a-portell\/\"]}]},{\"@type\":\"ImageObject\",\"inLanguage\":\"ca\",\"@id\":\"https:\/\/portelldemorella.org\/ca\/multitudinari-sant-antoni-a-portell\/#primaryimage\",\"url\":\"https:\/\/portelldemorella.org\/wp-content\/uploads\/2025\/02\/Multitudinari-Sant-Antoni-a-Portell.jpg\",\"contentUrl\":\"https:\/\/portelldemorella.org\/wp-content\/uploads\/2025\/02\/Multitudinari-Sant-Antoni-a-Portell.jpg\",\"width\":1600,\"height\":1066},{\"@type\":\"BreadcrumbList\",\"@id\":\"https:\/\/portelldemorella.org\/ca\/multitudinari-sant-antoni-a-portell\/#breadcrumb\",\"itemListElement\":[{\"@type\":\"ListItem\",\"position\":1,\"name\":\"Portada\",\"item\":\"https:\/\/portelldemorella.org\/ca\/\"},{\"@type\":\"ListItem\",\"position\":2,\"name\":\"Multitudinari Sant Antoni a Portell\"}]},{\"@type\":\"WebSite\",\"@id\":\"https:\/\/portelldemorella.org\/#website\",\"url\":\"https:\/\/portelldemorella.org\/\",\"name\":\"Portell de Morella\",\"description\":\"Web del Ayuntamiento de Portell de Morella\",\"publisher\":{\"@id\":\"https:\/\/portelldemorella.org\/#organization\"},\"potentialAction\":[{\"@type\":\"SearchAction\",\"target\":{\"@type\":\"EntryPoint\",\"urlTemplate\":\"https:\/\/portelldemorella.org\/?s={search_term_string}\"},\"query-input\":{\"@type\":\"PropertyValueSpecification\",\"valueRequired\":true,\"valueName\":\"search_term_string\"}}],\"inLanguage\":\"ca\"},{\"@type\":\"Organization\",\"@id\":\"https:\/\/portelldemorella.org\/#organization\",\"name\":\"Portell de Morella\",\"url\":\"https:\/\/portelldemorella.org\/\",\"logo\":{\"@type\":\"ImageObject\",\"inLanguage\":\"ca\",\"@id\":\"https:\/\/portelldemorella.org\/#\/schema\/logo\/image\/\",\"url\":\"https:\/\/portelldemorella.org\/wp-content\/uploads\/2020\/11\/Escudo-Portell-04.jpg\",\"contentUrl\":\"https:\/\/portelldemorella.org\/wp-content\/uploads\/2020\/11\/Escudo-Portell-04.jpg\",\"width\":1001,\"height\":394,\"caption\":\"Portell de Morella\"},\"image\":{\"@id\":\"https:\/\/portelldemorella.org\/#\/schema\/logo\/image\/\"}},{\"@type\":\"Person\",\"@id\":\"https:\/\/portelldemorella.org\/#\/schema\/person\/2adde77c454244acd163488ec723a88b\",\"name\":\"portell\",\"image\":{\"@type\":\"ImageObject\",\"inLanguage\":\"ca\",\"@id\":\"https:\/\/portelldemorella.org\/#\/schema\/person\/image\/\",\"url\":\"https:\/\/secure.gravatar.com\/avatar\/077c6bd89604df620d2fa93a06be2531944cdd6826fd322dbd8b483fd84d6407?s=96&d=mm&r=g\",\"contentUrl\":\"https:\/\/secure.gravatar.com\/avatar\/077c6bd89604df620d2fa93a06be2531944cdd6826fd322dbd8b483fd84d6407?s=96&d=mm&r=g\",\"caption\":\"portell\"},\"sameAs\":[\"https:\/\/portelldemorella.org\"],\"url\":\"https:\/\/portelldemorella.org\/ca\/author\/portell\/\"}]}<\/script>\n<!-- \/ Yoast SEO plugin. -->","yoast_head_json":{"title":"Multitudinari Sant Antoni a Portell - Portell de Morella","robots":{"index":"noindex","follow":"follow","max-snippet":"max-snippet:-1","max-image-preview":"max-image-preview:large","max-video-preview":"max-video-preview:-1"},"og_locale":"ca_ES","og_type":"article","og_title":"Multitudinari Sant Antoni a Portell - Portell de Morella","og_description":"-La tran\u00e7a, les relacions, la benedicci\u00f3 dels animals, el Ball Pla i la crema de la foguera protagonitzen la festa del patr\u00f3 dels animals Portell ha viscut un cap de setmana multitudinari amb la celebraci\u00f3 de Sant Antoni. El fet de no haver coincidit amb altres localitats dels Ports ha propiciat que centenars de persones [&hellip;]","og_url":"https:\/\/portelldemorella.org\/ca\/multitudinari-sant-antoni-a-portell\/","og_site_name":"Portell de Morella","article_published_time":"2025-02-17T12:31:11+00:00","article_modified_time":"2025-02-17T12:31:12+00:00","og_image":[{"width":1600,"height":1066,"url":"https:\/\/portelldemorella.org\/wp-content\/uploads\/2025\/02\/Multitudinari-Sant-Antoni-a-Portell.jpg","type":"image\/jpeg"}],"author":"portell","twitter_card":"summary_large_image","twitter_misc":{"Escrit per":"portell","Temps estimat de lectura":"2 minuts"},"schema":{"@context":"https:\/\/schema.org","@graph":[{"@type":"Article","@id":"https:\/\/portelldemorella.org\/ca\/multitudinari-sant-antoni-a-portell\/#article","isPartOf":{"@id":"https:\/\/portelldemorella.org\/ca\/multitudinari-sant-antoni-a-portell\/"},"author":{"name":"portell","@id":"https:\/\/portelldemorella.org\/#\/schema\/person\/2adde77c454244acd163488ec723a88b"},"headline":"Multitudinari Sant Antoni a Portell","datePublished":"2025-02-17T12:31:11+00:00","dateModified":"2025-02-17T12:31:12+00:00","mainEntityOfPage":{"@id":"https:\/\/portelldemorella.org\/ca\/multitudinari-sant-antoni-a-portell\/"},"wordCount":405,"commentCount":0,"publisher":{"@id":"https:\/\/portelldemorella.org\/#organization"},"image":{"@id":"https:\/\/portelldemorella.org\/ca\/multitudinari-sant-antoni-a-portell\/#primaryimage"},"thumbnailUrl":"https:\/\/portelldemorella.org\/wp-content\/uploads\/2025\/02\/Multitudinari-Sant-Antoni-a-Portell.jpg","keywords":["els ports","portell","sant antoni"],"articleSection":["Ayuntamiento"],"inLanguage":"ca","potentialAction":[{"@type":"CommentAction","name":"Comment","target":["https:\/\/portelldemorella.org\/ca\/multitudinari-sant-antoni-a-portell\/#respond"]}]},{"@type":"WebPage","@id":"https:\/\/portelldemorella.org\/ca\/multitudinari-sant-antoni-a-portell\/","url":"https:\/\/portelldemorella.org\/ca\/multitudinari-sant-antoni-a-portell\/","name":"Multitudinari Sant Antoni a Portell - Portell de Morella","isPartOf":{"@id":"https:\/\/portelldemorella.org\/#website"},"primaryImageOfPage":{"@id":"https:\/\/portelldemorella.org\/ca\/multitudinari-sant-antoni-a-portell\/#primaryimage"},"image":{"@id":"https:\/\/portelldemorella.org\/ca\/multitudinari-sant-antoni-a-portell\/#primaryimage"},"thumbnailUrl":"https:\/\/portelldemorella.org\/wp-content\/uploads\/2025\/02\/Multitudinari-Sant-Antoni-a-Portell.jpg","datePublished":"2025-02-17T12:31:11+00:00","dateModified":"2025-02-17T12:31:12+00:00","breadcrumb":{"@id":"https:\/\/portelldemorella.org\/ca\/multitudinari-sant-antoni-a-portell\/#breadcrumb"},"inLanguage":"ca","potentialAction":[{"@type":"ReadAction","target":["https:\/\/portelldemorella.org\/ca\/multitudinari-sant-antoni-a-portell\/"]}]},{"@type":"ImageObject","inLanguage":"ca","@id":"https:\/\/portelldemorella.org\/ca\/multitudinari-sant-antoni-a-portell\/#primaryimage","url":"https:\/\/portelldemorella.org\/wp-content\/uploads\/2025\/02\/Multitudinari-Sant-Antoni-a-Portell.jpg","contentUrl":"https:\/\/portelldemorella.org\/wp-content\/uploads\/2025\/02\/Multitudinari-Sant-Antoni-a-Portell.jpg","width":1600,"height":1066},{"@type":"BreadcrumbList","@id":"https:\/\/portelldemorella.org\/ca\/multitudinari-sant-antoni-a-portell\/#breadcrumb","itemListElement":[{"@type":"ListItem","position":1,"name":"Portada","item":"https:\/\/portelldemorella.org\/ca\/"},{"@type":"ListItem","position":2,"name":"Multitudinari Sant Antoni a Portell"}]},{"@type":"WebSite","@id":"https:\/\/portelldemorella.org\/#website","url":"https:\/\/portelldemorella.org\/","name":"Portell de Morella","description":"Web del Ayuntamiento de Portell de Morella","publisher":{"@id":"https:\/\/portelldemorella.org\/#organization"},"potentialAction":[{"@type":"SearchAction","target":{"@type":"EntryPoint","urlTemplate":"https:\/\/portelldemorella.org\/?s={search_term_string}"},"query-input":{"@type":"PropertyValueSpecification","valueRequired":true,"valueName":"search_term_string"}}],"inLanguage":"ca"},{"@type":"Organization","@id":"https:\/\/portelldemorella.org\/#organization","name":"Portell de Morella","url":"https:\/\/portelldemorella.org\/","logo":{"@type":"ImageObject","inLanguage":"ca","@id":"https:\/\/portelldemorella.org\/#\/schema\/logo\/image\/","url":"https:\/\/portelldemorella.org\/wp-content\/uploads\/2020\/11\/Escudo-Portell-04.jpg","contentUrl":"https:\/\/portelldemorella.org\/wp-content\/uploads\/2020\/11\/Escudo-Portell-04.jpg","width":1001,"height":394,"caption":"Portell de Morella"},"image":{"@id":"https:\/\/portelldemorella.org\/#\/schema\/logo\/image\/"}},{"@type":"Person","@id":"https:\/\/portelldemorella.org\/#\/schema\/person\/2adde77c454244acd163488ec723a88b","name":"portell","image":{"@type":"ImageObject","inLanguage":"ca","@id":"https:\/\/portelldemorella.org\/#\/schema\/person\/image\/","url":"https:\/\/secure.gravatar.com\/avatar\/077c6bd89604df620d2fa93a06be2531944cdd6826fd322dbd8b483fd84d6407?s=96&d=mm&r=g","contentUrl":"https:\/\/secure.gravatar.com\/avatar\/077c6bd89604df620d2fa93a06be2531944cdd6826fd322dbd8b483fd84d6407?s=96&d=mm&r=g","caption":"portell"},"sameAs":["https:\/\/portelldemorella.org"],"url":"https:\/\/portelldemorella.org\/ca\/author\/portell\/"}]}},"_links":{"self":[{"href":"https:\/\/portelldemorella.org\/ca\/wp-json\/wp\/v2\/posts\/8291","targetHints":{"allow":["GET"]}}],"collection":[{"href":"https:\/\/portelldemorella.org\/ca\/wp-json\/wp\/v2\/posts"}],"about":[{"href":"https:\/\/portelldemorella.org\/ca\/wp-json\/wp\/v2\/types\/post"}],"author":[{"embeddable":true,"href":"https:\/\/portelldemorella.org\/ca\/wp-json\/wp\/v2\/users\/1"}],"replies":[{"embeddable":true,"href":"https:\/\/portelldemorella.org\/ca\/wp-json\/wp\/v2\/comments?post=8291"}],"version-history":[{"count":1,"href":"https:\/\/portelldemorella.org\/ca\/wp-json\/wp\/v2\/posts\/8291\/revisions"}],"predecessor-version":[{"id":8294,"href":"https:\/\/portelldemorella.org\/ca\/wp-json\/wp\/v2\/posts\/8291\/revisions\/8294"}],"wp:featuredmedia":[{"embeddable":true,"href":"https:\/\/portelldemorella.org\/ca\/wp-json\/wp\/v2\/media\/8288"}],"wp:attachment":[{"href":"https:\/\/portelldemorella.org\/ca\/wp-json\/wp\/v2\/media?parent=8291"}],"wp:term":[{"taxonomy":"category","embeddable":true,"href":"https:\/\/portelldemorella.org\/ca\/wp-json\/wp\/v2\/categories?post=8291"},{"taxonomy":"post_tag","embeddable":true,"href":"https:\/\/portelldemorella.org\/ca\/wp-json\/wp\/v2\/tags?post=8291"}],"curies":[{"name":"wp","href":"https:\/\/api.w.org\/{rel}","templated":true}]}}