{"id":8300,"date":"2025-04-02T08:13:23","date_gmt":"2025-04-02T08:13:23","guid":{"rendered":"https:\/\/portelldemorella.org\/?p=8300"},"modified":"2025-04-02T08:13:24","modified_gmt":"2025-04-02T08:13:24","slug":"portell-ofereix-una-oportunitat-unica-per-a-descobrir-les-pintures-rupestres-del-mas-de-la-rambla","status":"publish","type":"post","link":"https:\/\/portelldemorella.org\/ca\/portell-ofereix-una-oportunitat-unica-per-a-descobrir-les-pintures-rupestres-del-mas-de-la-rambla\/","title":{"rendered":"Portell ofereix una oportunitat \u00fanica per a descobrir les pintures rupestres del Mas de la Rambla"},"content":{"rendered":"\n<ul class=\"wp-block-list\">\n<li>El Museu de la Valltorta organitza una visita guiada el pr\u00f2xim 6 d&#8217;abril per a con\u00e9ixer aquest abric que data de fa m\u00e9s de 7.000 anys i que consta de 29 motius<\/li>\n<\/ul>\n\n\n\n<p>Viatjar al passat \u00e9s possible en Portell. I \u00e9s que el Museu de la Valltorta organitza una visita guiada per a con\u00e9ixer tots els secrets que amaga l&#8217;abric rupestre del Mas de la Rambla localitzat en aquest municipi dels Ports, una activitat amb la qual es pret\u00e9n posar en valor l&#8217;art rupestre present en bona part de la prov\u00edncia de Castell\u00f3 i la comarca dels Ports.<br><br>D&#8217;aquesta manera, els assistents podran submergir-se en un dels conjunts pict\u00f2rics m\u00e9s representatius de l&#8217;art rupestre llevant\u00ed, declarat Patrimoni de la Humanitat per la Unesco. En aquest abric es poden observar 29 motius, entre els quals es poden distingir 4 animals (2 cabres, 1 c\u00e9rvol i un altre indeterminat), a m\u00e9s de 19 arquers i una m\u00e0 impresa.<\/p>\n\n\n\n<p>Cal destacar que aquest tipus de manifestacions art\u00edstiques, que daten de fa m\u00e9s de 7.000 anys, conformen un testimoniatge \u00fanic de les societats prehist\u00f2riques que van habitar la zona. Aix\u00ed mateix, aquest jaciment conserva restes de dues tradicions art\u00edstiques prehist\u00f2riques, conegudes com a art rupestre Llevant\u00ed i art rupestre Esquem\u00e0tic, la qual cosa li confereix un car\u00e0cter singular.<\/p>\n\n\n\n<p>Totes aquelles persones interessades a con\u00e9ixer m\u00e9s sobre aquestes pintures localitzades en Portell poden sumar-se a l&#8217;eixida que tindr\u00e0 lloc diumenge que ve, 6 d&#8217;abril, a les 16.00 hores des de la pla\u00e7a de l&#8217;Ajuntament. La visita guiada permetr\u00e0 als participants comprendre millor el context en el qual van ser creades aquestes pintures, aix\u00ed com la seua import\u00e0ncia hist\u00f2rica i cultural.<\/p>\n\n\n\n<p>Per a m\u00e9s informaci\u00f3 i reserves, els interessats poden contactar amb el Museu de la Valltorta a trav\u00e9s del tel\u00e8fon 964 33 60 10 o a l&#8217;Ajuntament de Portell, telefonant al 964 17 87 79.<\/p>\n\n\n\n<p>\u00b7 Dos ve\u00efns de Portell, protagonistes de la troballa<\/p>\n\n\n\n<p>Aquesta troballa \u00e9s fruit d&#8217;una s\u00e8rie de casualitats. En una dels seus passejos pel terme municipal per a gaudir de la flora i la fauna aut\u00f2ctona, Ismael Gil Bell\u00e9s i Jacinto Cerd\u00e0 Moles, ve\u00efns de Portell, es van topar amb aquesta joia mil\u00b7len\u00e0ria en algun moment de l&#8217;any 2004. Va ser en 2010 &nbsp;quan Ismael es va creuar amb els arque\u00f2legs Francesc-X. Duarte i Francisco J. Hern\u00e1ndez, que passejaven pel municipi per a elaborar el Pla General d&#8217;Ordenaci\u00f3 Urbana Municipal i, en assabentar-se que buscaven restes arqueol\u00f2giques, els va comentar el seu descobriment.<\/p>\n\n\n\n<p>Amb la finalitat de confirmar la seua autenticitat, van convidar a l&#8217;arque\u00f2loga In\u00e9s Domingo, investigadora ICREA en la Universitat de Barcelona, especialista en art rupestre i amb diversos projectes als Ports i El Maestrat. La visita que van fer en 2011 va permetre identificar un total de 29 motius prehist\u00f2rics, alguns d&#8217;ells molt singulars.<\/p>\n\n\n\n<p>Fruit d&#8217;una col\u00b7laboraci\u00f3 administraci\u00f3-universitat-empresa que va comptar amb la participaci\u00f3 de l&#8217;Ajuntament de Portell, la Instituci\u00f3 Catalana d&#8217;Investigaci\u00f3 i Estudis Avan\u00e7ats (ICREA), la Universitat de Barcelona i membres de les empreses Sarq i Mixuro, el jaciment va ser tancat i senyalitzat a la fi de 2013 amb una ajuda per a la conservaci\u00f3 i protecci\u00f3 de B\u00e9ns immobles del Patrimoni Cultural de la Comunitat Valenciana, finan\u00e7ada per la Conselleria d&#8217;Educaci\u00f3, Cultura&nbsp;i&nbsp;Esport.<\/p>\n","protected":false},"excerpt":{"rendered":"<p>Viatjar al passat \u00e9s possible en Portell. I \u00e9s que el Museu de la Valltorta organitza una visita guiada per a con\u00e9ixer tots els secrets que amaga l&#8217;abric rupestre del Mas de la Rambla localitzat en aquest municipi dels Ports, una activitat amb la qual es pret\u00e9n posar en valor l&#8217;art rupestre present en bona [&hellip;]<\/p>\n","protected":false},"author":1,"featured_media":8298,"comment_status":"open","ping_status":"open","sticky":false,"template":"","format":"standard","meta":{"footnotes":""},"categories":[97],"tags":[287,286,289,264,290,288,100],"class_list":["post-8300","post","type-post","status-publish","format-standard","has-post-thumbnail","hentry","category-ayuntamiento-ca","tag-art-llevanti-2","tag-art-rupestre","tag-cultura-2","tag-historia","tag-mas-de-la-rambla-2","tag-pintures","tag-portell-2"],"yoast_head":"<!-- This site is optimized with the Yoast SEO plugin v24.4 - https:\/\/yoast.com\/wordpress\/plugins\/seo\/ -->\n<title>Portell ofereix una oportunitat \u00fanica per a descobrir les pintures rupestres del Mas de la Rambla - Portell de Morella<\/title>\n<meta name=\"robots\" content=\"noindex, follow, max-snippet:-1, max-image-preview:large, max-video-preview:-1\" \/>\n<meta property=\"og:locale\" content=\"ca_ES\" \/>\n<meta property=\"og:type\" content=\"article\" \/>\n<meta property=\"og:title\" content=\"Portell ofereix una oportunitat \u00fanica per a descobrir les pintures rupestres del Mas de la Rambla - Portell de Morella\" \/>\n<meta property=\"og:description\" content=\"Viatjar al passat \u00e9s possible en Portell. I \u00e9s que el Museu de la Valltorta organitza una visita guiada per a con\u00e9ixer tots els secrets que amaga l&#8217;abric rupestre del Mas de la Rambla localitzat en aquest municipi dels Ports, una activitat amb la qual es pret\u00e9n posar en valor l&#8217;art rupestre present en bona [&hellip;]\" \/>\n<meta property=\"og:url\" content=\"https:\/\/portelldemorella.org\/ca\/portell-ofereix-una-oportunitat-unica-per-a-descobrir-les-pintures-rupestres-del-mas-de-la-rambla\/\" \/>\n<meta property=\"og:site_name\" content=\"Portell de Morella\" \/>\n<meta property=\"article:published_time\" content=\"2025-04-02T08:13:23+00:00\" \/>\n<meta property=\"article:modified_time\" content=\"2025-04-02T08:13:24+00:00\" \/>\n<meta property=\"og:image\" content=\"https:\/\/portelldemorella.org\/wp-content\/uploads\/2025\/04\/cartell-palanques.jpg\" \/>\n\t<meta property=\"og:image:width\" content=\"792\" \/>\n\t<meta property=\"og:image:height\" content=\"859\" \/>\n\t<meta property=\"og:image:type\" content=\"image\/jpeg\" \/>\n<meta name=\"author\" content=\"portell\" \/>\n<meta name=\"twitter:card\" content=\"summary_large_image\" \/>\n<meta name=\"twitter:label1\" content=\"Escrit per\" \/>\n\t<meta name=\"twitter:data1\" content=\"portell\" \/>\n\t<meta name=\"twitter:label2\" content=\"Temps estimat de lectura\" \/>\n\t<meta name=\"twitter:data2\" content=\"3 minuts\" \/>\n<script type=\"application\/ld+json\" class=\"yoast-schema-graph\">{\"@context\":\"https:\/\/schema.org\",\"@graph\":[{\"@type\":\"Article\",\"@id\":\"https:\/\/portelldemorella.org\/ca\/portell-ofereix-una-oportunitat-unica-per-a-descobrir-les-pintures-rupestres-del-mas-de-la-rambla\/#article\",\"isPartOf\":{\"@id\":\"https:\/\/portelldemorella.org\/ca\/portell-ofereix-una-oportunitat-unica-per-a-descobrir-les-pintures-rupestres-del-mas-de-la-rambla\/\"},\"author\":{\"name\":\"portell\",\"@id\":\"https:\/\/portelldemorella.org\/#\/schema\/person\/2adde77c454244acd163488ec723a88b\"},\"headline\":\"Portell ofereix una oportunitat \u00fanica per a descobrir les pintures rupestres del Mas de la Rambla\",\"datePublished\":\"2025-04-02T08:13:23+00:00\",\"dateModified\":\"2025-04-02T08:13:24+00:00\",\"mainEntityOfPage\":{\"@id\":\"https:\/\/portelldemorella.org\/ca\/portell-ofereix-una-oportunitat-unica-per-a-descobrir-les-pintures-rupestres-del-mas-de-la-rambla\/\"},\"wordCount\":576,\"commentCount\":0,\"publisher\":{\"@id\":\"https:\/\/portelldemorella.org\/#organization\"},\"image\":{\"@id\":\"https:\/\/portelldemorella.org\/ca\/portell-ofereix-una-oportunitat-unica-per-a-descobrir-les-pintures-rupestres-del-mas-de-la-rambla\/#primaryimage\"},\"thumbnailUrl\":\"https:\/\/portelldemorella.org\/wp-content\/uploads\/2025\/04\/cartell-palanques.jpg\",\"keywords\":[\"Art llevant\u00ed\",\"Art rupestre\",\"Cultura\",\"Hist\u00f2ria\",\"Mas de la Rambla\",\"Pintures\",\"portell\"],\"articleSection\":[\"Ayuntamiento\"],\"inLanguage\":\"ca\",\"potentialAction\":[{\"@type\":\"CommentAction\",\"name\":\"Comment\",\"target\":[\"https:\/\/portelldemorella.org\/ca\/portell-ofereix-una-oportunitat-unica-per-a-descobrir-les-pintures-rupestres-del-mas-de-la-rambla\/#respond\"]}]},{\"@type\":\"WebPage\",\"@id\":\"https:\/\/portelldemorella.org\/ca\/portell-ofereix-una-oportunitat-unica-per-a-descobrir-les-pintures-rupestres-del-mas-de-la-rambla\/\",\"url\":\"https:\/\/portelldemorella.org\/ca\/portell-ofereix-una-oportunitat-unica-per-a-descobrir-les-pintures-rupestres-del-mas-de-la-rambla\/\",\"name\":\"Portell ofereix una oportunitat \u00fanica per a descobrir les pintures rupestres del Mas de la Rambla - Portell de Morella\",\"isPartOf\":{\"@id\":\"https:\/\/portelldemorella.org\/#website\"},\"primaryImageOfPage\":{\"@id\":\"https:\/\/portelldemorella.org\/ca\/portell-ofereix-una-oportunitat-unica-per-a-descobrir-les-pintures-rupestres-del-mas-de-la-rambla\/#primaryimage\"},\"image\":{\"@id\":\"https:\/\/portelldemorella.org\/ca\/portell-ofereix-una-oportunitat-unica-per-a-descobrir-les-pintures-rupestres-del-mas-de-la-rambla\/#primaryimage\"},\"thumbnailUrl\":\"https:\/\/portelldemorella.org\/wp-content\/uploads\/2025\/04\/cartell-palanques.jpg\",\"datePublished\":\"2025-04-02T08:13:23+00:00\",\"dateModified\":\"2025-04-02T08:13:24+00:00\",\"breadcrumb\":{\"@id\":\"https:\/\/portelldemorella.org\/ca\/portell-ofereix-una-oportunitat-unica-per-a-descobrir-les-pintures-rupestres-del-mas-de-la-rambla\/#breadcrumb\"},\"inLanguage\":\"ca\",\"potentialAction\":[{\"@type\":\"ReadAction\",\"target\":[\"https:\/\/portelldemorella.org\/ca\/portell-ofereix-una-oportunitat-unica-per-a-descobrir-les-pintures-rupestres-del-mas-de-la-rambla\/\"]}]},{\"@type\":\"ImageObject\",\"inLanguage\":\"ca\",\"@id\":\"https:\/\/portelldemorella.org\/ca\/portell-ofereix-una-oportunitat-unica-per-a-descobrir-les-pintures-rupestres-del-mas-de-la-rambla\/#primaryimage\",\"url\":\"https:\/\/portelldemorella.org\/wp-content\/uploads\/2025\/04\/cartell-palanques.jpg\",\"contentUrl\":\"https:\/\/portelldemorella.org\/wp-content\/uploads\/2025\/04\/cartell-palanques.jpg\",\"width\":792,\"height\":859},{\"@type\":\"BreadcrumbList\",\"@id\":\"https:\/\/portelldemorella.org\/ca\/portell-ofereix-una-oportunitat-unica-per-a-descobrir-les-pintures-rupestres-del-mas-de-la-rambla\/#breadcrumb\",\"itemListElement\":[{\"@type\":\"ListItem\",\"position\":1,\"name\":\"Portada\",\"item\":\"https:\/\/portelldemorella.org\/ca\/\"},{\"@type\":\"ListItem\",\"position\":2,\"name\":\"Portell ofereix una oportunitat \u00fanica per a descobrir les pintures rupestres del Mas de la Rambla\"}]},{\"@type\":\"WebSite\",\"@id\":\"https:\/\/portelldemorella.org\/#website\",\"url\":\"https:\/\/portelldemorella.org\/\",\"name\":\"Portell de Morella\",\"description\":\"Web del Ayuntamiento de Portell de Morella\",\"publisher\":{\"@id\":\"https:\/\/portelldemorella.org\/#organization\"},\"potentialAction\":[{\"@type\":\"SearchAction\",\"target\":{\"@type\":\"EntryPoint\",\"urlTemplate\":\"https:\/\/portelldemorella.org\/?s={search_term_string}\"},\"query-input\":{\"@type\":\"PropertyValueSpecification\",\"valueRequired\":true,\"valueName\":\"search_term_string\"}}],\"inLanguage\":\"ca\"},{\"@type\":\"Organization\",\"@id\":\"https:\/\/portelldemorella.org\/#organization\",\"name\":\"Portell de Morella\",\"url\":\"https:\/\/portelldemorella.org\/\",\"logo\":{\"@type\":\"ImageObject\",\"inLanguage\":\"ca\",\"@id\":\"https:\/\/portelldemorella.org\/#\/schema\/logo\/image\/\",\"url\":\"https:\/\/portelldemorella.org\/wp-content\/uploads\/2020\/11\/Escudo-Portell-04.jpg\",\"contentUrl\":\"https:\/\/portelldemorella.org\/wp-content\/uploads\/2020\/11\/Escudo-Portell-04.jpg\",\"width\":1001,\"height\":394,\"caption\":\"Portell de Morella\"},\"image\":{\"@id\":\"https:\/\/portelldemorella.org\/#\/schema\/logo\/image\/\"}},{\"@type\":\"Person\",\"@id\":\"https:\/\/portelldemorella.org\/#\/schema\/person\/2adde77c454244acd163488ec723a88b\",\"name\":\"portell\",\"image\":{\"@type\":\"ImageObject\",\"inLanguage\":\"ca\",\"@id\":\"https:\/\/portelldemorella.org\/#\/schema\/person\/image\/\",\"url\":\"https:\/\/secure.gravatar.com\/avatar\/077c6bd89604df620d2fa93a06be2531944cdd6826fd322dbd8b483fd84d6407?s=96&d=mm&r=g\",\"contentUrl\":\"https:\/\/secure.gravatar.com\/avatar\/077c6bd89604df620d2fa93a06be2531944cdd6826fd322dbd8b483fd84d6407?s=96&d=mm&r=g\",\"caption\":\"portell\"},\"sameAs\":[\"https:\/\/portelldemorella.org\"],\"url\":\"https:\/\/portelldemorella.org\/ca\/author\/portell\/\"}]}<\/script>\n<!-- \/ Yoast SEO plugin. -->","yoast_head_json":{"title":"Portell ofereix una oportunitat \u00fanica per a descobrir les pintures rupestres del Mas de la Rambla - Portell de Morella","robots":{"index":"noindex","follow":"follow","max-snippet":"max-snippet:-1","max-image-preview":"max-image-preview:large","max-video-preview":"max-video-preview:-1"},"og_locale":"ca_ES","og_type":"article","og_title":"Portell ofereix una oportunitat \u00fanica per a descobrir les pintures rupestres del Mas de la Rambla - Portell de Morella","og_description":"Viatjar al passat \u00e9s possible en Portell. I \u00e9s que el Museu de la Valltorta organitza una visita guiada per a con\u00e9ixer tots els secrets que amaga l&#8217;abric rupestre del Mas de la Rambla localitzat en aquest municipi dels Ports, una activitat amb la qual es pret\u00e9n posar en valor l&#8217;art rupestre present en bona [&hellip;]","og_url":"https:\/\/portelldemorella.org\/ca\/portell-ofereix-una-oportunitat-unica-per-a-descobrir-les-pintures-rupestres-del-mas-de-la-rambla\/","og_site_name":"Portell de Morella","article_published_time":"2025-04-02T08:13:23+00:00","article_modified_time":"2025-04-02T08:13:24+00:00","og_image":[{"width":792,"height":859,"url":"https:\/\/portelldemorella.org\/wp-content\/uploads\/2025\/04\/cartell-palanques.jpg","type":"image\/jpeg"}],"author":"portell","twitter_card":"summary_large_image","twitter_misc":{"Escrit per":"portell","Temps estimat de lectura":"3 minuts"},"schema":{"@context":"https:\/\/schema.org","@graph":[{"@type":"Article","@id":"https:\/\/portelldemorella.org\/ca\/portell-ofereix-una-oportunitat-unica-per-a-descobrir-les-pintures-rupestres-del-mas-de-la-rambla\/#article","isPartOf":{"@id":"https:\/\/portelldemorella.org\/ca\/portell-ofereix-una-oportunitat-unica-per-a-descobrir-les-pintures-rupestres-del-mas-de-la-rambla\/"},"author":{"name":"portell","@id":"https:\/\/portelldemorella.org\/#\/schema\/person\/2adde77c454244acd163488ec723a88b"},"headline":"Portell ofereix una oportunitat \u00fanica per a descobrir les pintures rupestres del Mas de la Rambla","datePublished":"2025-04-02T08:13:23+00:00","dateModified":"2025-04-02T08:13:24+00:00","mainEntityOfPage":{"@id":"https:\/\/portelldemorella.org\/ca\/portell-ofereix-una-oportunitat-unica-per-a-descobrir-les-pintures-rupestres-del-mas-de-la-rambla\/"},"wordCount":576,"commentCount":0,"publisher":{"@id":"https:\/\/portelldemorella.org\/#organization"},"image":{"@id":"https:\/\/portelldemorella.org\/ca\/portell-ofereix-una-oportunitat-unica-per-a-descobrir-les-pintures-rupestres-del-mas-de-la-rambla\/#primaryimage"},"thumbnailUrl":"https:\/\/portelldemorella.org\/wp-content\/uploads\/2025\/04\/cartell-palanques.jpg","keywords":["Art llevant\u00ed","Art rupestre","Cultura","Hist\u00f2ria","Mas de la Rambla","Pintures","portell"],"articleSection":["Ayuntamiento"],"inLanguage":"ca","potentialAction":[{"@type":"CommentAction","name":"Comment","target":["https:\/\/portelldemorella.org\/ca\/portell-ofereix-una-oportunitat-unica-per-a-descobrir-les-pintures-rupestres-del-mas-de-la-rambla\/#respond"]}]},{"@type":"WebPage","@id":"https:\/\/portelldemorella.org\/ca\/portell-ofereix-una-oportunitat-unica-per-a-descobrir-les-pintures-rupestres-del-mas-de-la-rambla\/","url":"https:\/\/portelldemorella.org\/ca\/portell-ofereix-una-oportunitat-unica-per-a-descobrir-les-pintures-rupestres-del-mas-de-la-rambla\/","name":"Portell ofereix una oportunitat \u00fanica per a descobrir les pintures rupestres del Mas de la Rambla - Portell de Morella","isPartOf":{"@id":"https:\/\/portelldemorella.org\/#website"},"primaryImageOfPage":{"@id":"https:\/\/portelldemorella.org\/ca\/portell-ofereix-una-oportunitat-unica-per-a-descobrir-les-pintures-rupestres-del-mas-de-la-rambla\/#primaryimage"},"image":{"@id":"https:\/\/portelldemorella.org\/ca\/portell-ofereix-una-oportunitat-unica-per-a-descobrir-les-pintures-rupestres-del-mas-de-la-rambla\/#primaryimage"},"thumbnailUrl":"https:\/\/portelldemorella.org\/wp-content\/uploads\/2025\/04\/cartell-palanques.jpg","datePublished":"2025-04-02T08:13:23+00:00","dateModified":"2025-04-02T08:13:24+00:00","breadcrumb":{"@id":"https:\/\/portelldemorella.org\/ca\/portell-ofereix-una-oportunitat-unica-per-a-descobrir-les-pintures-rupestres-del-mas-de-la-rambla\/#breadcrumb"},"inLanguage":"ca","potentialAction":[{"@type":"ReadAction","target":["https:\/\/portelldemorella.org\/ca\/portell-ofereix-una-oportunitat-unica-per-a-descobrir-les-pintures-rupestres-del-mas-de-la-rambla\/"]}]},{"@type":"ImageObject","inLanguage":"ca","@id":"https:\/\/portelldemorella.org\/ca\/portell-ofereix-una-oportunitat-unica-per-a-descobrir-les-pintures-rupestres-del-mas-de-la-rambla\/#primaryimage","url":"https:\/\/portelldemorella.org\/wp-content\/uploads\/2025\/04\/cartell-palanques.jpg","contentUrl":"https:\/\/portelldemorella.org\/wp-content\/uploads\/2025\/04\/cartell-palanques.jpg","width":792,"height":859},{"@type":"BreadcrumbList","@id":"https:\/\/portelldemorella.org\/ca\/portell-ofereix-una-oportunitat-unica-per-a-descobrir-les-pintures-rupestres-del-mas-de-la-rambla\/#breadcrumb","itemListElement":[{"@type":"ListItem","position":1,"name":"Portada","item":"https:\/\/portelldemorella.org\/ca\/"},{"@type":"ListItem","position":2,"name":"Portell ofereix una oportunitat \u00fanica per a descobrir les pintures rupestres del Mas de la Rambla"}]},{"@type":"WebSite","@id":"https:\/\/portelldemorella.org\/#website","url":"https:\/\/portelldemorella.org\/","name":"Portell de Morella","description":"Web del Ayuntamiento de Portell de Morella","publisher":{"@id":"https:\/\/portelldemorella.org\/#organization"},"potentialAction":[{"@type":"SearchAction","target":{"@type":"EntryPoint","urlTemplate":"https:\/\/portelldemorella.org\/?s={search_term_string}"},"query-input":{"@type":"PropertyValueSpecification","valueRequired":true,"valueName":"search_term_string"}}],"inLanguage":"ca"},{"@type":"Organization","@id":"https:\/\/portelldemorella.org\/#organization","name":"Portell de Morella","url":"https:\/\/portelldemorella.org\/","logo":{"@type":"ImageObject","inLanguage":"ca","@id":"https:\/\/portelldemorella.org\/#\/schema\/logo\/image\/","url":"https:\/\/portelldemorella.org\/wp-content\/uploads\/2020\/11\/Escudo-Portell-04.jpg","contentUrl":"https:\/\/portelldemorella.org\/wp-content\/uploads\/2020\/11\/Escudo-Portell-04.jpg","width":1001,"height":394,"caption":"Portell de Morella"},"image":{"@id":"https:\/\/portelldemorella.org\/#\/schema\/logo\/image\/"}},{"@type":"Person","@id":"https:\/\/portelldemorella.org\/#\/schema\/person\/2adde77c454244acd163488ec723a88b","name":"portell","image":{"@type":"ImageObject","inLanguage":"ca","@id":"https:\/\/portelldemorella.org\/#\/schema\/person\/image\/","url":"https:\/\/secure.gravatar.com\/avatar\/077c6bd89604df620d2fa93a06be2531944cdd6826fd322dbd8b483fd84d6407?s=96&d=mm&r=g","contentUrl":"https:\/\/secure.gravatar.com\/avatar\/077c6bd89604df620d2fa93a06be2531944cdd6826fd322dbd8b483fd84d6407?s=96&d=mm&r=g","caption":"portell"},"sameAs":["https:\/\/portelldemorella.org"],"url":"https:\/\/portelldemorella.org\/ca\/author\/portell\/"}]}},"_links":{"self":[{"href":"https:\/\/portelldemorella.org\/ca\/wp-json\/wp\/v2\/posts\/8300","targetHints":{"allow":["GET"]}}],"collection":[{"href":"https:\/\/portelldemorella.org\/ca\/wp-json\/wp\/v2\/posts"}],"about":[{"href":"https:\/\/portelldemorella.org\/ca\/wp-json\/wp\/v2\/types\/post"}],"author":[{"embeddable":true,"href":"https:\/\/portelldemorella.org\/ca\/wp-json\/wp\/v2\/users\/1"}],"replies":[{"embeddable":true,"href":"https:\/\/portelldemorella.org\/ca\/wp-json\/wp\/v2\/comments?post=8300"}],"version-history":[{"count":1,"href":"https:\/\/portelldemorella.org\/ca\/wp-json\/wp\/v2\/posts\/8300\/revisions"}],"predecessor-version":[{"id":8301,"href":"https:\/\/portelldemorella.org\/ca\/wp-json\/wp\/v2\/posts\/8300\/revisions\/8301"}],"wp:featuredmedia":[{"embeddable":true,"href":"https:\/\/portelldemorella.org\/ca\/wp-json\/wp\/v2\/media\/8298"}],"wp:attachment":[{"href":"https:\/\/portelldemorella.org\/ca\/wp-json\/wp\/v2\/media?parent=8300"}],"wp:term":[{"taxonomy":"category","embeddable":true,"href":"https:\/\/portelldemorella.org\/ca\/wp-json\/wp\/v2\/categories?post=8300"},{"taxonomy":"post_tag","embeddable":true,"href":"https:\/\/portelldemorella.org\/ca\/wp-json\/wp\/v2\/tags?post=8300"}],"curies":[{"name":"wp","href":"https:\/\/api.w.org\/{rel}","templated":true}]}}