{"id":8310,"date":"2025-04-03T12:13:03","date_gmt":"2025-04-03T12:13:03","guid":{"rendered":"https:\/\/portelldemorella.org\/portell-invierte-257-70000-euros-del-fondo-de-compensacion-del-pecv-plan-eolico-2023-2edicion-en-mejoras-urbanas\/"},"modified":"2025-04-03T12:15:35","modified_gmt":"2025-04-03T12:15:35","slug":"portell-invierte-257-70000-euros-del-fondo-de-compensacion-del-pecv-plan-eolico-2023-2edicion-en-mejoras-urbanas","status":"publish","type":"post","link":"https:\/\/portelldemorella.org\/ca\/portell-invierte-257-70000-euros-del-fondo-de-compensacion-del-pecv-plan-eolico-2023-2edicion-en-mejoras-urbanas\/","title":{"rendered":"Portell inverteix 257.700,00 euros del Fons de Compensaci\u00f3 del PECV. Pla E\u00f2lic 2023 (2\u00b0edici\u00f3) en millores urbanes"},"content":{"rendered":"\n<p>L&#8217;Ajuntament de Portell de Morella, gr\u00e0cies al suport financer de l&#8217;IVACE a trav\u00e9s del programa de Compensaci\u00f3 Del Pla E\u00f2lic de la Comunitat Valenciana 2023 (2\u00b0 edici\u00f3) que ha aportat la quantitat de 257.700,00 \u20ac, ha pogut escometre les obres de REHABILITACI\u00d3 MURO CONTENCI\u00d3 I MILLORA XARXA CLAVEGUERAM C\/BUEMAVISTA I REURBANITZACI\u00d3 C\/ESGL\u00c9SIA I C\/CALVARI.<\/p>\n\n\n<div class=\"wp-block-image\">\n<figure class=\"aligncenter size-full\"><img fetchpriority=\"high\" decoding=\"async\" width=\"525\" height=\"438\" src=\"https:\/\/portelldemorella.org\/wp-content\/uploads\/2025\/04\/Cartel_Fondo_Compensacion_2023_ok_page-0001.jpg\" alt=\"\" class=\"wp-image-8308\" srcset=\"https:\/\/portelldemorella.org\/wp-content\/uploads\/2025\/04\/Cartel_Fondo_Compensacion_2023_ok_page-0001.jpg 525w, https:\/\/portelldemorella.org\/wp-content\/uploads\/2025\/04\/Cartel_Fondo_Compensacion_2023_ok_page-0001-300x250.jpg 300w\" sizes=\"(max-width: 525px) 100vw, 525px\" \/><\/figure>\n<\/div>\n\n\n<figure class=\"wp-block-gallery has-nested-images columns-default is-cropped wp-block-gallery-1 is-layout-flex wp-block-gallery-is-layout-flex\">\n<figure class=\"wp-block-image size-large\"><img decoding=\"async\" width=\"768\" height=\"1024\" data-id=\"8305\" src=\"https:\/\/portelldemorella.org\/wp-content\/uploads\/2025\/04\/WhatsApp-Image-2025-04-03-at-11.00.58-768x1024.jpeg\" alt=\"\" class=\"wp-image-8305\" srcset=\"https:\/\/portelldemorella.org\/wp-content\/uploads\/2025\/04\/WhatsApp-Image-2025-04-03-at-11.00.58-768x1024.jpeg 768w, https:\/\/portelldemorella.org\/wp-content\/uploads\/2025\/04\/WhatsApp-Image-2025-04-03-at-11.00.58-225x300.jpeg 225w, https:\/\/portelldemorella.org\/wp-content\/uploads\/2025\/04\/WhatsApp-Image-2025-04-03-at-11.00.58-1152x1536.jpeg 1152w, https:\/\/portelldemorella.org\/wp-content\/uploads\/2025\/04\/WhatsApp-Image-2025-04-03-at-11.00.58-450x600.jpeg 450w, https:\/\/portelldemorella.org\/wp-content\/uploads\/2025\/04\/WhatsApp-Image-2025-04-03-at-11.00.58-420x560.jpeg 420w, https:\/\/portelldemorella.org\/wp-content\/uploads\/2025\/04\/WhatsApp-Image-2025-04-03-at-11.00.58.jpeg 1200w\" sizes=\"(max-width: 768px) 100vw, 768px\" \/><\/figure>\n\n\n\n<figure class=\"wp-block-image size-large\"><img decoding=\"async\" width=\"768\" height=\"1024\" data-id=\"8303\" src=\"https:\/\/portelldemorella.org\/wp-content\/uploads\/2025\/04\/WhatsApp-Image-2025-04-03-at-11.00.57-768x1024.jpeg\" alt=\"\" class=\"wp-image-8303\" srcset=\"https:\/\/portelldemorella.org\/wp-content\/uploads\/2025\/04\/WhatsApp-Image-2025-04-03-at-11.00.57-768x1024.jpeg 768w, https:\/\/portelldemorella.org\/wp-content\/uploads\/2025\/04\/WhatsApp-Image-2025-04-03-at-11.00.57-225x300.jpeg 225w, https:\/\/portelldemorella.org\/wp-content\/uploads\/2025\/04\/WhatsApp-Image-2025-04-03-at-11.00.57-1152x1536.jpeg 1152w, https:\/\/portelldemorella.org\/wp-content\/uploads\/2025\/04\/WhatsApp-Image-2025-04-03-at-11.00.57-450x600.jpeg 450w, https:\/\/portelldemorella.org\/wp-content\/uploads\/2025\/04\/WhatsApp-Image-2025-04-03-at-11.00.57-420x560.jpeg 420w, https:\/\/portelldemorella.org\/wp-content\/uploads\/2025\/04\/WhatsApp-Image-2025-04-03-at-11.00.57.jpeg 1200w\" sizes=\"(max-width: 768px) 100vw, 768px\" \/><\/figure>\n<\/figure>\n\n\n\n<p><\/p>\n","protected":false},"excerpt":{"rendered":"<p>L&#8217;Ajuntament de Portell de Morella, gr\u00e0cies al suport financer de l&#8217;IVACE a trav\u00e9s del programa de Compensaci\u00f3 Del Pla E\u00f2lic de la Comunitat Valenciana 2023 (2\u00b0 edici\u00f3) que ha aportat la quantitat de 257.700,00 \u20ac, ha pogut escometre les obres de REHABILITACI\u00d3 MURO CONTENCI\u00d3 I MILLORA XARXA CLAVEGUERAM C\/BUEMAVISTA I REURBANITZACI\u00d3 C\/ESGL\u00c9SIA I C\/CALVARI.<\/p>\n","protected":false},"author":1,"featured_media":8308,"comment_status":"open","ping_status":"open","sticky":false,"template":"","format":"standard","meta":{"footnotes":""},"categories":[97],"tags":[292,107],"class_list":["post-8310","post","type-post","status-publish","format-standard","has-post-thumbnail","hentry","category-ayuntamiento-ca","tag-plan-eolico-ca","tag-portell-ca"],"yoast_head":"<!-- This site is optimized with the Yoast SEO plugin v24.4 - https:\/\/yoast.com\/wordpress\/plugins\/seo\/ -->\n<title>Portell inverteix 257.700,00 euros del Fons de Compensaci\u00f3 del PECV. Pla E\u00f2lic 2023 (2\u00b0edici\u00f3) en millores urbanes - Portell de Morella<\/title>\n<meta name=\"robots\" content=\"noindex, follow, max-snippet:-1, max-image-preview:large, max-video-preview:-1\" \/>\n<meta property=\"og:locale\" content=\"ca_ES\" \/>\n<meta property=\"og:type\" content=\"article\" \/>\n<meta property=\"og:title\" content=\"Portell inverteix 257.700,00 euros del Fons de Compensaci\u00f3 del PECV. Pla E\u00f2lic 2023 (2\u00b0edici\u00f3) en millores urbanes - Portell de Morella\" \/>\n<meta property=\"og:description\" content=\"L&#8217;Ajuntament de Portell de Morella, gr\u00e0cies al suport financer de l&#8217;IVACE a trav\u00e9s del programa de Compensaci\u00f3 Del Pla E\u00f2lic de la Comunitat Valenciana 2023 (2\u00b0 edici\u00f3) que ha aportat la quantitat de 257.700,00 \u20ac, ha pogut escometre les obres de REHABILITACI\u00d3 MURO CONTENCI\u00d3 I MILLORA XARXA CLAVEGUERAM C\/BUEMAVISTA I REURBANITZACI\u00d3 C\/ESGL\u00c9SIA I C\/CALVARI.\" \/>\n<meta property=\"og:url\" content=\"https:\/\/portelldemorella.org\/ca\/portell-invierte-257-70000-euros-del-fondo-de-compensacion-del-pecv-plan-eolico-2023-2edicion-en-mejoras-urbanas\/\" \/>\n<meta property=\"og:site_name\" content=\"Portell de Morella\" \/>\n<meta property=\"article:published_time\" content=\"2025-04-03T12:13:03+00:00\" \/>\n<meta property=\"article:modified_time\" content=\"2025-04-03T12:15:35+00:00\" \/>\n<meta property=\"og:image\" content=\"https:\/\/portelldemorella.org\/wp-content\/uploads\/2025\/04\/Cartel_Fondo_Compensacion_2023_ok_page-0001.jpg\" \/>\n\t<meta property=\"og:image:width\" content=\"525\" \/>\n\t<meta property=\"og:image:height\" content=\"438\" \/>\n\t<meta property=\"og:image:type\" content=\"image\/jpeg\" \/>\n<meta name=\"author\" content=\"portell\" \/>\n<meta name=\"twitter:card\" content=\"summary_large_image\" \/>\n<meta name=\"twitter:label1\" content=\"Escrit per\" \/>\n\t<meta name=\"twitter:data1\" content=\"portell\" \/>\n\t<meta name=\"twitter:label2\" content=\"Temps estimat de lectura\" \/>\n\t<meta name=\"twitter:data2\" content=\"2 minuts\" \/>\n<script type=\"application\/ld+json\" class=\"yoast-schema-graph\">{\"@context\":\"https:\/\/schema.org\",\"@graph\":[{\"@type\":\"Article\",\"@id\":\"https:\/\/portelldemorella.org\/ca\/portell-invierte-257-70000-euros-del-fondo-de-compensacion-del-pecv-plan-eolico-2023-2edicion-en-mejoras-urbanas\/#article\",\"isPartOf\":{\"@id\":\"https:\/\/portelldemorella.org\/ca\/portell-invierte-257-70000-euros-del-fondo-de-compensacion-del-pecv-plan-eolico-2023-2edicion-en-mejoras-urbanas\/\"},\"author\":{\"name\":\"portell\",\"@id\":\"https:\/\/portelldemorella.org\/#\/schema\/person\/2adde77c454244acd163488ec723a88b\"},\"headline\":\"Portell inverteix 257.700,00 euros del Fons de Compensaci\u00f3 del PECV. Pla E\u00f2lic 2023 (2\u00b0edici\u00f3) en millores urbanes\",\"datePublished\":\"2025-04-03T12:13:03+00:00\",\"dateModified\":\"2025-04-03T12:15:35+00:00\",\"mainEntityOfPage\":{\"@id\":\"https:\/\/portelldemorella.org\/ca\/portell-invierte-257-70000-euros-del-fondo-de-compensacion-del-pecv-plan-eolico-2023-2edicion-en-mejoras-urbanas\/\"},\"wordCount\":73,\"commentCount\":0,\"publisher\":{\"@id\":\"https:\/\/portelldemorella.org\/#organization\"},\"image\":{\"@id\":\"https:\/\/portelldemorella.org\/ca\/portell-invierte-257-70000-euros-del-fondo-de-compensacion-del-pecv-plan-eolico-2023-2edicion-en-mejoras-urbanas\/#primaryimage\"},\"thumbnailUrl\":\"https:\/\/portelldemorella.org\/wp-content\/uploads\/2025\/04\/Cartel_Fondo_Compensacion_2023_ok_page-0001.jpg\",\"keywords\":[\"plan e\u00f3lico\",\"portell\"],\"articleSection\":[\"Ayuntamiento\"],\"inLanguage\":\"ca\",\"potentialAction\":[{\"@type\":\"CommentAction\",\"name\":\"Comment\",\"target\":[\"https:\/\/portelldemorella.org\/ca\/portell-invierte-257-70000-euros-del-fondo-de-compensacion-del-pecv-plan-eolico-2023-2edicion-en-mejoras-urbanas\/#respond\"]}]},{\"@type\":\"WebPage\",\"@id\":\"https:\/\/portelldemorella.org\/ca\/portell-invierte-257-70000-euros-del-fondo-de-compensacion-del-pecv-plan-eolico-2023-2edicion-en-mejoras-urbanas\/\",\"url\":\"https:\/\/portelldemorella.org\/ca\/portell-invierte-257-70000-euros-del-fondo-de-compensacion-del-pecv-plan-eolico-2023-2edicion-en-mejoras-urbanas\/\",\"name\":\"Portell inverteix 257.700,00 euros del Fons de Compensaci\u00f3 del PECV. Pla E\u00f2lic 2023 (2\u00b0edici\u00f3) en millores urbanes - Portell de Morella\",\"isPartOf\":{\"@id\":\"https:\/\/portelldemorella.org\/#website\"},\"primaryImageOfPage\":{\"@id\":\"https:\/\/portelldemorella.org\/ca\/portell-invierte-257-70000-euros-del-fondo-de-compensacion-del-pecv-plan-eolico-2023-2edicion-en-mejoras-urbanas\/#primaryimage\"},\"image\":{\"@id\":\"https:\/\/portelldemorella.org\/ca\/portell-invierte-257-70000-euros-del-fondo-de-compensacion-del-pecv-plan-eolico-2023-2edicion-en-mejoras-urbanas\/#primaryimage\"},\"thumbnailUrl\":\"https:\/\/portelldemorella.org\/wp-content\/uploads\/2025\/04\/Cartel_Fondo_Compensacion_2023_ok_page-0001.jpg\",\"datePublished\":\"2025-04-03T12:13:03+00:00\",\"dateModified\":\"2025-04-03T12:15:35+00:00\",\"breadcrumb\":{\"@id\":\"https:\/\/portelldemorella.org\/ca\/portell-invierte-257-70000-euros-del-fondo-de-compensacion-del-pecv-plan-eolico-2023-2edicion-en-mejoras-urbanas\/#breadcrumb\"},\"inLanguage\":\"ca\",\"potentialAction\":[{\"@type\":\"ReadAction\",\"target\":[\"https:\/\/portelldemorella.org\/ca\/portell-invierte-257-70000-euros-del-fondo-de-compensacion-del-pecv-plan-eolico-2023-2edicion-en-mejoras-urbanas\/\"]}]},{\"@type\":\"ImageObject\",\"inLanguage\":\"ca\",\"@id\":\"https:\/\/portelldemorella.org\/ca\/portell-invierte-257-70000-euros-del-fondo-de-compensacion-del-pecv-plan-eolico-2023-2edicion-en-mejoras-urbanas\/#primaryimage\",\"url\":\"https:\/\/portelldemorella.org\/wp-content\/uploads\/2025\/04\/Cartel_Fondo_Compensacion_2023_ok_page-0001.jpg\",\"contentUrl\":\"https:\/\/portelldemorella.org\/wp-content\/uploads\/2025\/04\/Cartel_Fondo_Compensacion_2023_ok_page-0001.jpg\",\"width\":525,\"height\":438},{\"@type\":\"BreadcrumbList\",\"@id\":\"https:\/\/portelldemorella.org\/ca\/portell-invierte-257-70000-euros-del-fondo-de-compensacion-del-pecv-plan-eolico-2023-2edicion-en-mejoras-urbanas\/#breadcrumb\",\"itemListElement\":[{\"@type\":\"ListItem\",\"position\":1,\"name\":\"Portada\",\"item\":\"https:\/\/portelldemorella.org\/ca\/\"},{\"@type\":\"ListItem\",\"position\":2,\"name\":\"Portell inverteix 257.700,00 euros del Fons de Compensaci\u00f3 del PECV. Pla E\u00f2lic 2023 (2\u00b0edici\u00f3) en millores urbanes\"}]},{\"@type\":\"WebSite\",\"@id\":\"https:\/\/portelldemorella.org\/#website\",\"url\":\"https:\/\/portelldemorella.org\/\",\"name\":\"Portell de Morella\",\"description\":\"Web del Ayuntamiento de Portell de Morella\",\"publisher\":{\"@id\":\"https:\/\/portelldemorella.org\/#organization\"},\"potentialAction\":[{\"@type\":\"SearchAction\",\"target\":{\"@type\":\"EntryPoint\",\"urlTemplate\":\"https:\/\/portelldemorella.org\/?s={search_term_string}\"},\"query-input\":{\"@type\":\"PropertyValueSpecification\",\"valueRequired\":true,\"valueName\":\"search_term_string\"}}],\"inLanguage\":\"ca\"},{\"@type\":\"Organization\",\"@id\":\"https:\/\/portelldemorella.org\/#organization\",\"name\":\"Portell de Morella\",\"url\":\"https:\/\/portelldemorella.org\/\",\"logo\":{\"@type\":\"ImageObject\",\"inLanguage\":\"ca\",\"@id\":\"https:\/\/portelldemorella.org\/#\/schema\/logo\/image\/\",\"url\":\"https:\/\/portelldemorella.org\/wp-content\/uploads\/2020\/11\/Escudo-Portell-04.jpg\",\"contentUrl\":\"https:\/\/portelldemorella.org\/wp-content\/uploads\/2020\/11\/Escudo-Portell-04.jpg\",\"width\":1001,\"height\":394,\"caption\":\"Portell de Morella\"},\"image\":{\"@id\":\"https:\/\/portelldemorella.org\/#\/schema\/logo\/image\/\"}},{\"@type\":\"Person\",\"@id\":\"https:\/\/portelldemorella.org\/#\/schema\/person\/2adde77c454244acd163488ec723a88b\",\"name\":\"portell\",\"image\":{\"@type\":\"ImageObject\",\"inLanguage\":\"ca\",\"@id\":\"https:\/\/portelldemorella.org\/#\/schema\/person\/image\/\",\"url\":\"https:\/\/secure.gravatar.com\/avatar\/077c6bd89604df620d2fa93a06be2531944cdd6826fd322dbd8b483fd84d6407?s=96&d=mm&r=g\",\"contentUrl\":\"https:\/\/secure.gravatar.com\/avatar\/077c6bd89604df620d2fa93a06be2531944cdd6826fd322dbd8b483fd84d6407?s=96&d=mm&r=g\",\"caption\":\"portell\"},\"sameAs\":[\"https:\/\/portelldemorella.org\"],\"url\":\"https:\/\/portelldemorella.org\/ca\/author\/portell\/\"}]}<\/script>\n<!-- \/ Yoast SEO plugin. -->","yoast_head_json":{"title":"Portell inverteix 257.700,00 euros del Fons de Compensaci\u00f3 del PECV. Pla E\u00f2lic 2023 (2\u00b0edici\u00f3) en millores urbanes - Portell de Morella","robots":{"index":"noindex","follow":"follow","max-snippet":"max-snippet:-1","max-image-preview":"max-image-preview:large","max-video-preview":"max-video-preview:-1"},"og_locale":"ca_ES","og_type":"article","og_title":"Portell inverteix 257.700,00 euros del Fons de Compensaci\u00f3 del PECV. Pla E\u00f2lic 2023 (2\u00b0edici\u00f3) en millores urbanes - Portell de Morella","og_description":"L&#8217;Ajuntament de Portell de Morella, gr\u00e0cies al suport financer de l&#8217;IVACE a trav\u00e9s del programa de Compensaci\u00f3 Del Pla E\u00f2lic de la Comunitat Valenciana 2023 (2\u00b0 edici\u00f3) que ha aportat la quantitat de 257.700,00 \u20ac, ha pogut escometre les obres de REHABILITACI\u00d3 MURO CONTENCI\u00d3 I MILLORA XARXA CLAVEGUERAM C\/BUEMAVISTA I REURBANITZACI\u00d3 C\/ESGL\u00c9SIA I C\/CALVARI.","og_url":"https:\/\/portelldemorella.org\/ca\/portell-invierte-257-70000-euros-del-fondo-de-compensacion-del-pecv-plan-eolico-2023-2edicion-en-mejoras-urbanas\/","og_site_name":"Portell de Morella","article_published_time":"2025-04-03T12:13:03+00:00","article_modified_time":"2025-04-03T12:15:35+00:00","og_image":[{"width":525,"height":438,"url":"https:\/\/portelldemorella.org\/wp-content\/uploads\/2025\/04\/Cartel_Fondo_Compensacion_2023_ok_page-0001.jpg","type":"image\/jpeg"}],"author":"portell","twitter_card":"summary_large_image","twitter_misc":{"Escrit per":"portell","Temps estimat de lectura":"2 minuts"},"schema":{"@context":"https:\/\/schema.org","@graph":[{"@type":"Article","@id":"https:\/\/portelldemorella.org\/ca\/portell-invierte-257-70000-euros-del-fondo-de-compensacion-del-pecv-plan-eolico-2023-2edicion-en-mejoras-urbanas\/#article","isPartOf":{"@id":"https:\/\/portelldemorella.org\/ca\/portell-invierte-257-70000-euros-del-fondo-de-compensacion-del-pecv-plan-eolico-2023-2edicion-en-mejoras-urbanas\/"},"author":{"name":"portell","@id":"https:\/\/portelldemorella.org\/#\/schema\/person\/2adde77c454244acd163488ec723a88b"},"headline":"Portell inverteix 257.700,00 euros del Fons de Compensaci\u00f3 del PECV. Pla E\u00f2lic 2023 (2\u00b0edici\u00f3) en millores urbanes","datePublished":"2025-04-03T12:13:03+00:00","dateModified":"2025-04-03T12:15:35+00:00","mainEntityOfPage":{"@id":"https:\/\/portelldemorella.org\/ca\/portell-invierte-257-70000-euros-del-fondo-de-compensacion-del-pecv-plan-eolico-2023-2edicion-en-mejoras-urbanas\/"},"wordCount":73,"commentCount":0,"publisher":{"@id":"https:\/\/portelldemorella.org\/#organization"},"image":{"@id":"https:\/\/portelldemorella.org\/ca\/portell-invierte-257-70000-euros-del-fondo-de-compensacion-del-pecv-plan-eolico-2023-2edicion-en-mejoras-urbanas\/#primaryimage"},"thumbnailUrl":"https:\/\/portelldemorella.org\/wp-content\/uploads\/2025\/04\/Cartel_Fondo_Compensacion_2023_ok_page-0001.jpg","keywords":["plan e\u00f3lico","portell"],"articleSection":["Ayuntamiento"],"inLanguage":"ca","potentialAction":[{"@type":"CommentAction","name":"Comment","target":["https:\/\/portelldemorella.org\/ca\/portell-invierte-257-70000-euros-del-fondo-de-compensacion-del-pecv-plan-eolico-2023-2edicion-en-mejoras-urbanas\/#respond"]}]},{"@type":"WebPage","@id":"https:\/\/portelldemorella.org\/ca\/portell-invierte-257-70000-euros-del-fondo-de-compensacion-del-pecv-plan-eolico-2023-2edicion-en-mejoras-urbanas\/","url":"https:\/\/portelldemorella.org\/ca\/portell-invierte-257-70000-euros-del-fondo-de-compensacion-del-pecv-plan-eolico-2023-2edicion-en-mejoras-urbanas\/","name":"Portell inverteix 257.700,00 euros del Fons de Compensaci\u00f3 del PECV. Pla E\u00f2lic 2023 (2\u00b0edici\u00f3) en millores urbanes - Portell de Morella","isPartOf":{"@id":"https:\/\/portelldemorella.org\/#website"},"primaryImageOfPage":{"@id":"https:\/\/portelldemorella.org\/ca\/portell-invierte-257-70000-euros-del-fondo-de-compensacion-del-pecv-plan-eolico-2023-2edicion-en-mejoras-urbanas\/#primaryimage"},"image":{"@id":"https:\/\/portelldemorella.org\/ca\/portell-invierte-257-70000-euros-del-fondo-de-compensacion-del-pecv-plan-eolico-2023-2edicion-en-mejoras-urbanas\/#primaryimage"},"thumbnailUrl":"https:\/\/portelldemorella.org\/wp-content\/uploads\/2025\/04\/Cartel_Fondo_Compensacion_2023_ok_page-0001.jpg","datePublished":"2025-04-03T12:13:03+00:00","dateModified":"2025-04-03T12:15:35+00:00","breadcrumb":{"@id":"https:\/\/portelldemorella.org\/ca\/portell-invierte-257-70000-euros-del-fondo-de-compensacion-del-pecv-plan-eolico-2023-2edicion-en-mejoras-urbanas\/#breadcrumb"},"inLanguage":"ca","potentialAction":[{"@type":"ReadAction","target":["https:\/\/portelldemorella.org\/ca\/portell-invierte-257-70000-euros-del-fondo-de-compensacion-del-pecv-plan-eolico-2023-2edicion-en-mejoras-urbanas\/"]}]},{"@type":"ImageObject","inLanguage":"ca","@id":"https:\/\/portelldemorella.org\/ca\/portell-invierte-257-70000-euros-del-fondo-de-compensacion-del-pecv-plan-eolico-2023-2edicion-en-mejoras-urbanas\/#primaryimage","url":"https:\/\/portelldemorella.org\/wp-content\/uploads\/2025\/04\/Cartel_Fondo_Compensacion_2023_ok_page-0001.jpg","contentUrl":"https:\/\/portelldemorella.org\/wp-content\/uploads\/2025\/04\/Cartel_Fondo_Compensacion_2023_ok_page-0001.jpg","width":525,"height":438},{"@type":"BreadcrumbList","@id":"https:\/\/portelldemorella.org\/ca\/portell-invierte-257-70000-euros-del-fondo-de-compensacion-del-pecv-plan-eolico-2023-2edicion-en-mejoras-urbanas\/#breadcrumb","itemListElement":[{"@type":"ListItem","position":1,"name":"Portada","item":"https:\/\/portelldemorella.org\/ca\/"},{"@type":"ListItem","position":2,"name":"Portell inverteix 257.700,00 euros del Fons de Compensaci\u00f3 del PECV. Pla E\u00f2lic 2023 (2\u00b0edici\u00f3) en millores urbanes"}]},{"@type":"WebSite","@id":"https:\/\/portelldemorella.org\/#website","url":"https:\/\/portelldemorella.org\/","name":"Portell de Morella","description":"Web del Ayuntamiento de Portell de Morella","publisher":{"@id":"https:\/\/portelldemorella.org\/#organization"},"potentialAction":[{"@type":"SearchAction","target":{"@type":"EntryPoint","urlTemplate":"https:\/\/portelldemorella.org\/?s={search_term_string}"},"query-input":{"@type":"PropertyValueSpecification","valueRequired":true,"valueName":"search_term_string"}}],"inLanguage":"ca"},{"@type":"Organization","@id":"https:\/\/portelldemorella.org\/#organization","name":"Portell de Morella","url":"https:\/\/portelldemorella.org\/","logo":{"@type":"ImageObject","inLanguage":"ca","@id":"https:\/\/portelldemorella.org\/#\/schema\/logo\/image\/","url":"https:\/\/portelldemorella.org\/wp-content\/uploads\/2020\/11\/Escudo-Portell-04.jpg","contentUrl":"https:\/\/portelldemorella.org\/wp-content\/uploads\/2020\/11\/Escudo-Portell-04.jpg","width":1001,"height":394,"caption":"Portell de Morella"},"image":{"@id":"https:\/\/portelldemorella.org\/#\/schema\/logo\/image\/"}},{"@type":"Person","@id":"https:\/\/portelldemorella.org\/#\/schema\/person\/2adde77c454244acd163488ec723a88b","name":"portell","image":{"@type":"ImageObject","inLanguage":"ca","@id":"https:\/\/portelldemorella.org\/#\/schema\/person\/image\/","url":"https:\/\/secure.gravatar.com\/avatar\/077c6bd89604df620d2fa93a06be2531944cdd6826fd322dbd8b483fd84d6407?s=96&d=mm&r=g","contentUrl":"https:\/\/secure.gravatar.com\/avatar\/077c6bd89604df620d2fa93a06be2531944cdd6826fd322dbd8b483fd84d6407?s=96&d=mm&r=g","caption":"portell"},"sameAs":["https:\/\/portelldemorella.org"],"url":"https:\/\/portelldemorella.org\/ca\/author\/portell\/"}]}},"_links":{"self":[{"href":"https:\/\/portelldemorella.org\/ca\/wp-json\/wp\/v2\/posts\/8310","targetHints":{"allow":["GET"]}}],"collection":[{"href":"https:\/\/portelldemorella.org\/ca\/wp-json\/wp\/v2\/posts"}],"about":[{"href":"https:\/\/portelldemorella.org\/ca\/wp-json\/wp\/v2\/types\/post"}],"author":[{"embeddable":true,"href":"https:\/\/portelldemorella.org\/ca\/wp-json\/wp\/v2\/users\/1"}],"replies":[{"embeddable":true,"href":"https:\/\/portelldemorella.org\/ca\/wp-json\/wp\/v2\/comments?post=8310"}],"version-history":[{"count":3,"href":"https:\/\/portelldemorella.org\/ca\/wp-json\/wp\/v2\/posts\/8310\/revisions"}],"predecessor-version":[{"id":8314,"href":"https:\/\/portelldemorella.org\/ca\/wp-json\/wp\/v2\/posts\/8310\/revisions\/8314"}],"wp:featuredmedia":[{"embeddable":true,"href":"https:\/\/portelldemorella.org\/ca\/wp-json\/wp\/v2\/media\/8308"}],"wp:attachment":[{"href":"https:\/\/portelldemorella.org\/ca\/wp-json\/wp\/v2\/media?parent=8310"}],"wp:term":[{"taxonomy":"category","embeddable":true,"href":"https:\/\/portelldemorella.org\/ca\/wp-json\/wp\/v2\/categories?post=8310"},{"taxonomy":"post_tag","embeddable":true,"href":"https:\/\/portelldemorella.org\/ca\/wp-json\/wp\/v2\/tags?post=8310"}],"curies":[{"name":"wp","href":"https:\/\/api.w.org\/{rel}","templated":true}]}}