{"id":8333,"date":"2025-04-24T09:41:38","date_gmt":"2025-04-24T09:41:38","guid":{"rendered":"https:\/\/portelldemorella.org\/?p=8333"},"modified":"2025-04-24T09:42:45","modified_gmt":"2025-04-24T09:42:45","slug":"portell-celebra-la-festivitat-de-sant-marc-amb-una-jornada-de-tradicio-i-diversio-organitzada-per-la-comissio-de-festes","status":"publish","type":"post","link":"https:\/\/portelldemorella.org\/ca\/portell-celebra-la-festivitat-de-sant-marc-amb-una-jornada-de-tradicio-i-diversio-organitzada-per-la-comissio-de-festes\/","title":{"rendered":"Portell celebra la festivitat de Sant Marc amb una jornada de tradici\u00f3 i diversi\u00f3 organitzada per la comissi\u00f3 de festes"},"content":{"rendered":"\n<p>El pr\u00f2xim 26 d&#8217;abril, la localitat de Portell es prepara per a viure una jornada festiva en honor a Sant Marc, amb una programaci\u00f3 que combina actes tradicionals amb propostes l\u00fadiques per a totes les edats, organitzada per la comissi\u00f3 de festes.<\/p>\n\n\n\n<p>La celebraci\u00f3 donar\u00e0 inici a les 9:30h amb l&#8217;eixida en process\u00f3 que es dirigir\u00e0 cap a l\u2019Albereda des de l&#8217;esgl\u00e9sia, un recorregut ple de significat per als ve\u00efns. A les 11:00h, s&#8217;inaugurar\u00e0 la barra i s&#8217;iniciaran els jocs populars per al gaudi de menuts i majors.<\/p>\n\n\n\n<p>A les 13:00h, se celebrar\u00e0 la Santa Missa en honor al patr\u00f3, Sant Marc. Seguidament, a les 13:30h, tindr\u00e0 lloc l&#8217;esperat &#8220;1r Gran Concurs de Tortilles de Pataca Portell\u00e0&#8221;, que premiar\u00e0 la decoraci\u00f3 m\u00e9s original i la truita m\u00e9s gran, tot convidant a la creativitat i al bon gust dels participants de Portell i voltants.<\/p>\n\n\n\n<p>La vesprada continuar\u00e0 a les 17:00h amb la tradicional eixida de la process\u00f3 cap a a la Creu del Rotllet per a la benedicci\u00f3 del terme, un acte amb profund arrelament en la comunitat de Portell.<\/p>\n\n\n\n<p>La jornada festiva s&#8217;estendr\u00e0 fins a la nit. A les 21:00h, se celebrar\u00e0 un &#8220;Sopar de pa i porta&#8221; al poliesportiu, per tal de fomentar la conviv\u00e8ncia i el compartir entre els assistents. Per a finalitzar la vetlada, a les 22:00h es projectar\u00e0 l&#8217;emocionant Final de la Copa del Rei: Barcelona-Real Madrid, seguida de discom\u00f2bil per a ballar i gaudir de l&#8217;ambient festiu en Portell.<\/p>\n\n\n<div class=\"wp-block-image\">\n<figure class=\"aligncenter size-large is-resized\"><a href=\"https:\/\/portelldemorella.org\/wp-content\/uploads\/2025\/04\/CARTELL-SANT-MARC-PORTELL.jpg\"><img fetchpriority=\"high\" decoding=\"async\" width=\"819\" height=\"1024\" src=\"https:\/\/portelldemorella.org\/wp-content\/uploads\/2025\/04\/CARTELL-SANT-MARC-PORTELL-819x1024.jpg\" alt=\"\" class=\"wp-image-8329\" style=\"width:432px;height:auto\" srcset=\"https:\/\/portelldemorella.org\/wp-content\/uploads\/2025\/04\/CARTELL-SANT-MARC-PORTELL-819x1024.jpg 819w, https:\/\/portelldemorella.org\/wp-content\/uploads\/2025\/04\/CARTELL-SANT-MARC-PORTELL-240x300.jpg 240w, https:\/\/portelldemorella.org\/wp-content\/uploads\/2025\/04\/CARTELL-SANT-MARC-PORTELL-768x960.jpg 768w, https:\/\/portelldemorella.org\/wp-content\/uploads\/2025\/04\/CARTELL-SANT-MARC-PORTELL-1228x1536.jpg 1228w, https:\/\/portelldemorella.org\/wp-content\/uploads\/2025\/04\/CARTELL-SANT-MARC-PORTELL-480x600.jpg 480w, https:\/\/portelldemorella.org\/wp-content\/uploads\/2025\/04\/CARTELL-SANT-MARC-PORTELL-448x560.jpg 448w, https:\/\/portelldemorella.org\/wp-content\/uploads\/2025\/04\/CARTELL-SANT-MARC-PORTELL.jpg 1350w\" sizes=\"(max-width: 819px) 100vw, 819px\" \/><\/a><\/figure>\n<\/div>","protected":false},"excerpt":{"rendered":"<p>El pr\u00f2xim 26 d&#8217;abril, la localitat de Portell es prepara per a viure una jornada festiva en honor a Sant Marc, amb una programaci\u00f3 que combina actes tradicionals amb propostes l\u00fadiques per a totes les edats, organitzada per la comissi\u00f3 de festes. La celebraci\u00f3 donar\u00e0 inici a les 9:30h amb l&#8217;eixida en process\u00f3 que es [&hellip;]<\/p>\n","protected":false},"author":1,"featured_media":8331,"comment_status":"open","ping_status":"open","sticky":false,"template":"","format":"standard","meta":{"footnotes":""},"categories":[97],"tags":[184,107],"class_list":["post-8333","post","type-post","status-publish","format-standard","has-post-thumbnail","hentry","category-ayuntamiento-ca","tag-fiestas-ca","tag-portell-ca"],"yoast_head":"<!-- This site is optimized with the Yoast SEO plugin v24.4 - https:\/\/yoast.com\/wordpress\/plugins\/seo\/ -->\n<title>Portell celebra la festivitat de Sant Marc amb una jornada de tradici\u00f3 i diversi\u00f3 organitzada per la comissi\u00f3 de festes - Portell de Morella<\/title>\n<meta name=\"robots\" content=\"noindex, follow, max-snippet:-1, max-image-preview:large, max-video-preview:-1\" \/>\n<meta property=\"og:locale\" content=\"ca_ES\" \/>\n<meta property=\"og:type\" content=\"article\" \/>\n<meta property=\"og:title\" content=\"Portell celebra la festivitat de Sant Marc amb una jornada de tradici\u00f3 i diversi\u00f3 organitzada per la comissi\u00f3 de festes - Portell de Morella\" \/>\n<meta property=\"og:description\" content=\"El pr\u00f2xim 26 d&#8217;abril, la localitat de Portell es prepara per a viure una jornada festiva en honor a Sant Marc, amb una programaci\u00f3 que combina actes tradicionals amb propostes l\u00fadiques per a totes les edats, organitzada per la comissi\u00f3 de festes. La celebraci\u00f3 donar\u00e0 inici a les 9:30h amb l&#8217;eixida en process\u00f3 que es [&hellip;]\" \/>\n<meta property=\"og:url\" content=\"https:\/\/portelldemorella.org\/ca\/portell-celebra-la-festivitat-de-sant-marc-amb-una-jornada-de-tradicio-i-diversio-organitzada-per-la-comissio-de-festes\/\" \/>\n<meta property=\"og:site_name\" content=\"Portell de Morella\" \/>\n<meta property=\"article:published_time\" content=\"2025-04-24T09:41:38+00:00\" \/>\n<meta property=\"article:modified_time\" content=\"2025-04-24T09:42:45+00:00\" \/>\n<meta property=\"og:image\" content=\"https:\/\/portelldemorella.org\/wp-content\/uploads\/2025\/04\/CARTELL-SANT-MARC-PORTELL-copia.jpg\" \/>\n\t<meta property=\"og:image:width\" content=\"1347\" \/>\n\t<meta property=\"og:image:height\" content=\"624\" \/>\n\t<meta property=\"og:image:type\" content=\"image\/jpeg\" \/>\n<meta name=\"author\" content=\"portell\" \/>\n<meta name=\"twitter:card\" content=\"summary_large_image\" \/>\n<meta name=\"twitter:label1\" content=\"Escrit per\" \/>\n\t<meta name=\"twitter:data1\" content=\"portell\" \/>\n\t<meta name=\"twitter:label2\" content=\"Temps estimat de lectura\" \/>\n\t<meta name=\"twitter:data2\" content=\"2 minuts\" \/>\n<script type=\"application\/ld+json\" class=\"yoast-schema-graph\">{\"@context\":\"https:\/\/schema.org\",\"@graph\":[{\"@type\":\"Article\",\"@id\":\"https:\/\/portelldemorella.org\/ca\/portell-celebra-la-festivitat-de-sant-marc-amb-una-jornada-de-tradicio-i-diversio-organitzada-per-la-comissio-de-festes\/#article\",\"isPartOf\":{\"@id\":\"https:\/\/portelldemorella.org\/ca\/portell-celebra-la-festivitat-de-sant-marc-amb-una-jornada-de-tradicio-i-diversio-organitzada-per-la-comissio-de-festes\/\"},\"author\":{\"name\":\"portell\",\"@id\":\"https:\/\/portelldemorella.org\/#\/schema\/person\/2adde77c454244acd163488ec723a88b\"},\"headline\":\"Portell celebra la festivitat de Sant Marc amb una jornada de tradici\u00f3 i diversi\u00f3 organitzada per la comissi\u00f3 de festes\",\"datePublished\":\"2025-04-24T09:41:38+00:00\",\"dateModified\":\"2025-04-24T09:42:45+00:00\",\"mainEntityOfPage\":{\"@id\":\"https:\/\/portelldemorella.org\/ca\/portell-celebra-la-festivitat-de-sant-marc-amb-una-jornada-de-tradicio-i-diversio-organitzada-per-la-comissio-de-festes\/\"},\"wordCount\":272,\"commentCount\":0,\"publisher\":{\"@id\":\"https:\/\/portelldemorella.org\/#organization\"},\"image\":{\"@id\":\"https:\/\/portelldemorella.org\/ca\/portell-celebra-la-festivitat-de-sant-marc-amb-una-jornada-de-tradicio-i-diversio-organitzada-per-la-comissio-de-festes\/#primaryimage\"},\"thumbnailUrl\":\"https:\/\/portelldemorella.org\/wp-content\/uploads\/2025\/04\/CARTELL-SANT-MARC-PORTELL-copia.jpg\",\"keywords\":[\"fiestas\",\"portell\"],\"articleSection\":[\"Ayuntamiento\"],\"inLanguage\":\"ca\",\"potentialAction\":[{\"@type\":\"CommentAction\",\"name\":\"Comment\",\"target\":[\"https:\/\/portelldemorella.org\/ca\/portell-celebra-la-festivitat-de-sant-marc-amb-una-jornada-de-tradicio-i-diversio-organitzada-per-la-comissio-de-festes\/#respond\"]}]},{\"@type\":\"WebPage\",\"@id\":\"https:\/\/portelldemorella.org\/ca\/portell-celebra-la-festivitat-de-sant-marc-amb-una-jornada-de-tradicio-i-diversio-organitzada-per-la-comissio-de-festes\/\",\"url\":\"https:\/\/portelldemorella.org\/ca\/portell-celebra-la-festivitat-de-sant-marc-amb-una-jornada-de-tradicio-i-diversio-organitzada-per-la-comissio-de-festes\/\",\"name\":\"Portell celebra la festivitat de Sant Marc amb una jornada de tradici\u00f3 i diversi\u00f3 organitzada per la comissi\u00f3 de festes - Portell de Morella\",\"isPartOf\":{\"@id\":\"https:\/\/portelldemorella.org\/#website\"},\"primaryImageOfPage\":{\"@id\":\"https:\/\/portelldemorella.org\/ca\/portell-celebra-la-festivitat-de-sant-marc-amb-una-jornada-de-tradicio-i-diversio-organitzada-per-la-comissio-de-festes\/#primaryimage\"},\"image\":{\"@id\":\"https:\/\/portelldemorella.org\/ca\/portell-celebra-la-festivitat-de-sant-marc-amb-una-jornada-de-tradicio-i-diversio-organitzada-per-la-comissio-de-festes\/#primaryimage\"},\"thumbnailUrl\":\"https:\/\/portelldemorella.org\/wp-content\/uploads\/2025\/04\/CARTELL-SANT-MARC-PORTELL-copia.jpg\",\"datePublished\":\"2025-04-24T09:41:38+00:00\",\"dateModified\":\"2025-04-24T09:42:45+00:00\",\"breadcrumb\":{\"@id\":\"https:\/\/portelldemorella.org\/ca\/portell-celebra-la-festivitat-de-sant-marc-amb-una-jornada-de-tradicio-i-diversio-organitzada-per-la-comissio-de-festes\/#breadcrumb\"},\"inLanguage\":\"ca\",\"potentialAction\":[{\"@type\":\"ReadAction\",\"target\":[\"https:\/\/portelldemorella.org\/ca\/portell-celebra-la-festivitat-de-sant-marc-amb-una-jornada-de-tradicio-i-diversio-organitzada-per-la-comissio-de-festes\/\"]}]},{\"@type\":\"ImageObject\",\"inLanguage\":\"ca\",\"@id\":\"https:\/\/portelldemorella.org\/ca\/portell-celebra-la-festivitat-de-sant-marc-amb-una-jornada-de-tradicio-i-diversio-organitzada-per-la-comissio-de-festes\/#primaryimage\",\"url\":\"https:\/\/portelldemorella.org\/wp-content\/uploads\/2025\/04\/CARTELL-SANT-MARC-PORTELL-copia.jpg\",\"contentUrl\":\"https:\/\/portelldemorella.org\/wp-content\/uploads\/2025\/04\/CARTELL-SANT-MARC-PORTELL-copia.jpg\",\"width\":1347,\"height\":624},{\"@type\":\"BreadcrumbList\",\"@id\":\"https:\/\/portelldemorella.org\/ca\/portell-celebra-la-festivitat-de-sant-marc-amb-una-jornada-de-tradicio-i-diversio-organitzada-per-la-comissio-de-festes\/#breadcrumb\",\"itemListElement\":[{\"@type\":\"ListItem\",\"position\":1,\"name\":\"Portada\",\"item\":\"https:\/\/portelldemorella.org\/ca\/\"},{\"@type\":\"ListItem\",\"position\":2,\"name\":\"Portell celebra la festivitat de Sant Marc amb una jornada de tradici\u00f3 i diversi\u00f3 organitzada per la comissi\u00f3 de festes\"}]},{\"@type\":\"WebSite\",\"@id\":\"https:\/\/portelldemorella.org\/#website\",\"url\":\"https:\/\/portelldemorella.org\/\",\"name\":\"Portell de Morella\",\"description\":\"Web del Ayuntamiento de Portell de Morella\",\"publisher\":{\"@id\":\"https:\/\/portelldemorella.org\/#organization\"},\"potentialAction\":[{\"@type\":\"SearchAction\",\"target\":{\"@type\":\"EntryPoint\",\"urlTemplate\":\"https:\/\/portelldemorella.org\/?s={search_term_string}\"},\"query-input\":{\"@type\":\"PropertyValueSpecification\",\"valueRequired\":true,\"valueName\":\"search_term_string\"}}],\"inLanguage\":\"ca\"},{\"@type\":\"Organization\",\"@id\":\"https:\/\/portelldemorella.org\/#organization\",\"name\":\"Portell de Morella\",\"url\":\"https:\/\/portelldemorella.org\/\",\"logo\":{\"@type\":\"ImageObject\",\"inLanguage\":\"ca\",\"@id\":\"https:\/\/portelldemorella.org\/#\/schema\/logo\/image\/\",\"url\":\"https:\/\/portelldemorella.org\/wp-content\/uploads\/2020\/11\/Escudo-Portell-04.jpg\",\"contentUrl\":\"https:\/\/portelldemorella.org\/wp-content\/uploads\/2020\/11\/Escudo-Portell-04.jpg\",\"width\":1001,\"height\":394,\"caption\":\"Portell de Morella\"},\"image\":{\"@id\":\"https:\/\/portelldemorella.org\/#\/schema\/logo\/image\/\"}},{\"@type\":\"Person\",\"@id\":\"https:\/\/portelldemorella.org\/#\/schema\/person\/2adde77c454244acd163488ec723a88b\",\"name\":\"portell\",\"image\":{\"@type\":\"ImageObject\",\"inLanguage\":\"ca\",\"@id\":\"https:\/\/portelldemorella.org\/#\/schema\/person\/image\/\",\"url\":\"https:\/\/secure.gravatar.com\/avatar\/077c6bd89604df620d2fa93a06be2531944cdd6826fd322dbd8b483fd84d6407?s=96&d=mm&r=g\",\"contentUrl\":\"https:\/\/secure.gravatar.com\/avatar\/077c6bd89604df620d2fa93a06be2531944cdd6826fd322dbd8b483fd84d6407?s=96&d=mm&r=g\",\"caption\":\"portell\"},\"sameAs\":[\"https:\/\/portelldemorella.org\"],\"url\":\"https:\/\/portelldemorella.org\/ca\/author\/portell\/\"}]}<\/script>\n<!-- \/ Yoast SEO plugin. -->","yoast_head_json":{"title":"Portell celebra la festivitat de Sant Marc amb una jornada de tradici\u00f3 i diversi\u00f3 organitzada per la comissi\u00f3 de festes - Portell de Morella","robots":{"index":"noindex","follow":"follow","max-snippet":"max-snippet:-1","max-image-preview":"max-image-preview:large","max-video-preview":"max-video-preview:-1"},"og_locale":"ca_ES","og_type":"article","og_title":"Portell celebra la festivitat de Sant Marc amb una jornada de tradici\u00f3 i diversi\u00f3 organitzada per la comissi\u00f3 de festes - Portell de Morella","og_description":"El pr\u00f2xim 26 d&#8217;abril, la localitat de Portell es prepara per a viure una jornada festiva en honor a Sant Marc, amb una programaci\u00f3 que combina actes tradicionals amb propostes l\u00fadiques per a totes les edats, organitzada per la comissi\u00f3 de festes. La celebraci\u00f3 donar\u00e0 inici a les 9:30h amb l&#8217;eixida en process\u00f3 que es [&hellip;]","og_url":"https:\/\/portelldemorella.org\/ca\/portell-celebra-la-festivitat-de-sant-marc-amb-una-jornada-de-tradicio-i-diversio-organitzada-per-la-comissio-de-festes\/","og_site_name":"Portell de Morella","article_published_time":"2025-04-24T09:41:38+00:00","article_modified_time":"2025-04-24T09:42:45+00:00","og_image":[{"width":1347,"height":624,"url":"https:\/\/portelldemorella.org\/wp-content\/uploads\/2025\/04\/CARTELL-SANT-MARC-PORTELL-copia.jpg","type":"image\/jpeg"}],"author":"portell","twitter_card":"summary_large_image","twitter_misc":{"Escrit per":"portell","Temps estimat de lectura":"2 minuts"},"schema":{"@context":"https:\/\/schema.org","@graph":[{"@type":"Article","@id":"https:\/\/portelldemorella.org\/ca\/portell-celebra-la-festivitat-de-sant-marc-amb-una-jornada-de-tradicio-i-diversio-organitzada-per-la-comissio-de-festes\/#article","isPartOf":{"@id":"https:\/\/portelldemorella.org\/ca\/portell-celebra-la-festivitat-de-sant-marc-amb-una-jornada-de-tradicio-i-diversio-organitzada-per-la-comissio-de-festes\/"},"author":{"name":"portell","@id":"https:\/\/portelldemorella.org\/#\/schema\/person\/2adde77c454244acd163488ec723a88b"},"headline":"Portell celebra la festivitat de Sant Marc amb una jornada de tradici\u00f3 i diversi\u00f3 organitzada per la comissi\u00f3 de festes","datePublished":"2025-04-24T09:41:38+00:00","dateModified":"2025-04-24T09:42:45+00:00","mainEntityOfPage":{"@id":"https:\/\/portelldemorella.org\/ca\/portell-celebra-la-festivitat-de-sant-marc-amb-una-jornada-de-tradicio-i-diversio-organitzada-per-la-comissio-de-festes\/"},"wordCount":272,"commentCount":0,"publisher":{"@id":"https:\/\/portelldemorella.org\/#organization"},"image":{"@id":"https:\/\/portelldemorella.org\/ca\/portell-celebra-la-festivitat-de-sant-marc-amb-una-jornada-de-tradicio-i-diversio-organitzada-per-la-comissio-de-festes\/#primaryimage"},"thumbnailUrl":"https:\/\/portelldemorella.org\/wp-content\/uploads\/2025\/04\/CARTELL-SANT-MARC-PORTELL-copia.jpg","keywords":["fiestas","portell"],"articleSection":["Ayuntamiento"],"inLanguage":"ca","potentialAction":[{"@type":"CommentAction","name":"Comment","target":["https:\/\/portelldemorella.org\/ca\/portell-celebra-la-festivitat-de-sant-marc-amb-una-jornada-de-tradicio-i-diversio-organitzada-per-la-comissio-de-festes\/#respond"]}]},{"@type":"WebPage","@id":"https:\/\/portelldemorella.org\/ca\/portell-celebra-la-festivitat-de-sant-marc-amb-una-jornada-de-tradicio-i-diversio-organitzada-per-la-comissio-de-festes\/","url":"https:\/\/portelldemorella.org\/ca\/portell-celebra-la-festivitat-de-sant-marc-amb-una-jornada-de-tradicio-i-diversio-organitzada-per-la-comissio-de-festes\/","name":"Portell celebra la festivitat de Sant Marc amb una jornada de tradici\u00f3 i diversi\u00f3 organitzada per la comissi\u00f3 de festes - Portell de Morella","isPartOf":{"@id":"https:\/\/portelldemorella.org\/#website"},"primaryImageOfPage":{"@id":"https:\/\/portelldemorella.org\/ca\/portell-celebra-la-festivitat-de-sant-marc-amb-una-jornada-de-tradicio-i-diversio-organitzada-per-la-comissio-de-festes\/#primaryimage"},"image":{"@id":"https:\/\/portelldemorella.org\/ca\/portell-celebra-la-festivitat-de-sant-marc-amb-una-jornada-de-tradicio-i-diversio-organitzada-per-la-comissio-de-festes\/#primaryimage"},"thumbnailUrl":"https:\/\/portelldemorella.org\/wp-content\/uploads\/2025\/04\/CARTELL-SANT-MARC-PORTELL-copia.jpg","datePublished":"2025-04-24T09:41:38+00:00","dateModified":"2025-04-24T09:42:45+00:00","breadcrumb":{"@id":"https:\/\/portelldemorella.org\/ca\/portell-celebra-la-festivitat-de-sant-marc-amb-una-jornada-de-tradicio-i-diversio-organitzada-per-la-comissio-de-festes\/#breadcrumb"},"inLanguage":"ca","potentialAction":[{"@type":"ReadAction","target":["https:\/\/portelldemorella.org\/ca\/portell-celebra-la-festivitat-de-sant-marc-amb-una-jornada-de-tradicio-i-diversio-organitzada-per-la-comissio-de-festes\/"]}]},{"@type":"ImageObject","inLanguage":"ca","@id":"https:\/\/portelldemorella.org\/ca\/portell-celebra-la-festivitat-de-sant-marc-amb-una-jornada-de-tradicio-i-diversio-organitzada-per-la-comissio-de-festes\/#primaryimage","url":"https:\/\/portelldemorella.org\/wp-content\/uploads\/2025\/04\/CARTELL-SANT-MARC-PORTELL-copia.jpg","contentUrl":"https:\/\/portelldemorella.org\/wp-content\/uploads\/2025\/04\/CARTELL-SANT-MARC-PORTELL-copia.jpg","width":1347,"height":624},{"@type":"BreadcrumbList","@id":"https:\/\/portelldemorella.org\/ca\/portell-celebra-la-festivitat-de-sant-marc-amb-una-jornada-de-tradicio-i-diversio-organitzada-per-la-comissio-de-festes\/#breadcrumb","itemListElement":[{"@type":"ListItem","position":1,"name":"Portada","item":"https:\/\/portelldemorella.org\/ca\/"},{"@type":"ListItem","position":2,"name":"Portell celebra la festivitat de Sant Marc amb una jornada de tradici\u00f3 i diversi\u00f3 organitzada per la comissi\u00f3 de festes"}]},{"@type":"WebSite","@id":"https:\/\/portelldemorella.org\/#website","url":"https:\/\/portelldemorella.org\/","name":"Portell de Morella","description":"Web del Ayuntamiento de Portell de Morella","publisher":{"@id":"https:\/\/portelldemorella.org\/#organization"},"potentialAction":[{"@type":"SearchAction","target":{"@type":"EntryPoint","urlTemplate":"https:\/\/portelldemorella.org\/?s={search_term_string}"},"query-input":{"@type":"PropertyValueSpecification","valueRequired":true,"valueName":"search_term_string"}}],"inLanguage":"ca"},{"@type":"Organization","@id":"https:\/\/portelldemorella.org\/#organization","name":"Portell de Morella","url":"https:\/\/portelldemorella.org\/","logo":{"@type":"ImageObject","inLanguage":"ca","@id":"https:\/\/portelldemorella.org\/#\/schema\/logo\/image\/","url":"https:\/\/portelldemorella.org\/wp-content\/uploads\/2020\/11\/Escudo-Portell-04.jpg","contentUrl":"https:\/\/portelldemorella.org\/wp-content\/uploads\/2020\/11\/Escudo-Portell-04.jpg","width":1001,"height":394,"caption":"Portell de Morella"},"image":{"@id":"https:\/\/portelldemorella.org\/#\/schema\/logo\/image\/"}},{"@type":"Person","@id":"https:\/\/portelldemorella.org\/#\/schema\/person\/2adde77c454244acd163488ec723a88b","name":"portell","image":{"@type":"ImageObject","inLanguage":"ca","@id":"https:\/\/portelldemorella.org\/#\/schema\/person\/image\/","url":"https:\/\/secure.gravatar.com\/avatar\/077c6bd89604df620d2fa93a06be2531944cdd6826fd322dbd8b483fd84d6407?s=96&d=mm&r=g","contentUrl":"https:\/\/secure.gravatar.com\/avatar\/077c6bd89604df620d2fa93a06be2531944cdd6826fd322dbd8b483fd84d6407?s=96&d=mm&r=g","caption":"portell"},"sameAs":["https:\/\/portelldemorella.org"],"url":"https:\/\/portelldemorella.org\/ca\/author\/portell\/"}]}},"_links":{"self":[{"href":"https:\/\/portelldemorella.org\/ca\/wp-json\/wp\/v2\/posts\/8333","targetHints":{"allow":["GET"]}}],"collection":[{"href":"https:\/\/portelldemorella.org\/ca\/wp-json\/wp\/v2\/posts"}],"about":[{"href":"https:\/\/portelldemorella.org\/ca\/wp-json\/wp\/v2\/types\/post"}],"author":[{"embeddable":true,"href":"https:\/\/portelldemorella.org\/ca\/wp-json\/wp\/v2\/users\/1"}],"replies":[{"embeddable":true,"href":"https:\/\/portelldemorella.org\/ca\/wp-json\/wp\/v2\/comments?post=8333"}],"version-history":[{"count":2,"href":"https:\/\/portelldemorella.org\/ca\/wp-json\/wp\/v2\/posts\/8333\/revisions"}],"predecessor-version":[{"id":8335,"href":"https:\/\/portelldemorella.org\/ca\/wp-json\/wp\/v2\/posts\/8333\/revisions\/8335"}],"wp:featuredmedia":[{"embeddable":true,"href":"https:\/\/portelldemorella.org\/ca\/wp-json\/wp\/v2\/media\/8331"}],"wp:attachment":[{"href":"https:\/\/portelldemorella.org\/ca\/wp-json\/wp\/v2\/media?parent=8333"}],"wp:term":[{"taxonomy":"category","embeddable":true,"href":"https:\/\/portelldemorella.org\/ca\/wp-json\/wp\/v2\/categories?post=8333"},{"taxonomy":"post_tag","embeddable":true,"href":"https:\/\/portelldemorella.org\/ca\/wp-json\/wp\/v2\/tags?post=8333"}],"curies":[{"name":"wp","href":"https:\/\/api.w.org\/{rel}","templated":true}]}}