{"id":8337,"date":"2025-04-29T10:17:51","date_gmt":"2025-04-29T10:17:51","guid":{"rendered":"https:\/\/portelldemorella.org\/?p=8337"},"modified":"2025-04-29T10:41:18","modified_gmt":"2025-04-29T10:41:18","slug":"tradicio-i-convivencia-en-la-romeria-de-sant-marc-de-les-alberedes-a-portell","status":"publish","type":"post","link":"https:\/\/portelldemorella.org\/ca\/tradicio-i-convivencia-en-la-romeria-de-sant-marc-de-les-alberedes-a-portell\/","title":{"rendered":"Tradici\u00f3 i conviv\u00e8ncia en la romeria de Sant Marc de les Alberedes"},"content":{"rendered":"\n<p>Portell es va retrobar dissabte passat amb la tradici\u00f3 en una jornada de festa i de conviv\u00e8ncia. La participativa romeria de Sant Marc de les Alberedes va marcar l\u2019inici d\u2019un dia on no van faltar les activitats l\u00fadiques, la missa en honor a Sant Marc i la gastronomia, amb el 1r Gran Concurs de Tortilles de Pataca Portell\u00e0. Acabat el concurs, la process\u00f3 va eixir cap a la Creu del Rotllet, per a la benedicci\u00f3 del terme.<\/p>\n\n\n\n<p>El sopar de pa i porta, la projecci\u00f3 de la Final de la Copa del Rei i la discom\u00f2bil van posar el colof\u00f3 a una jornada on Portell va demostrar, una vegada m\u00e9s, el seu esperit de festa i germanor.<\/p>\n\n\n<div class=\"wp-block-image\">\n<figure class=\"aligncenter size-large is-resized\"><a href=\"https:\/\/portelldemorella.org\/wp-content\/uploads\/2025\/04\/WhatsApp-Image-2025-04-28-at-12.25.01.jpeg\"><img fetchpriority=\"high\" decoding=\"async\" width=\"1024\" height=\"682\" src=\"https:\/\/portelldemorella.org\/wp-content\/uploads\/2025\/04\/WhatsApp-Image-2025-04-28-at-12.25.01-1024x682.jpeg\" alt=\"\" class=\"wp-image-8338\" style=\"width:573px;height:auto\" srcset=\"https:\/\/portelldemorella.org\/wp-content\/uploads\/2025\/04\/WhatsApp-Image-2025-04-28-at-12.25.01-1024x682.jpeg 1024w, https:\/\/portelldemorella.org\/wp-content\/uploads\/2025\/04\/WhatsApp-Image-2025-04-28-at-12.25.01-300x200.jpeg 300w, https:\/\/portelldemorella.org\/wp-content\/uploads\/2025\/04\/WhatsApp-Image-2025-04-28-at-12.25.01-768x512.jpeg 768w, https:\/\/portelldemorella.org\/wp-content\/uploads\/2025\/04\/WhatsApp-Image-2025-04-28-at-12.25.01-1536x1023.jpeg 1536w, https:\/\/portelldemorella.org\/wp-content\/uploads\/2025\/04\/WhatsApp-Image-2025-04-28-at-12.25.01-600x400.jpeg 600w, https:\/\/portelldemorella.org\/wp-content\/uploads\/2025\/04\/WhatsApp-Image-2025-04-28-at-12.25.01-560x373.jpeg 560w, https:\/\/portelldemorella.org\/wp-content\/uploads\/2025\/04\/WhatsApp-Image-2025-04-28-at-12.25.01.jpeg 1600w\" sizes=\"(max-width: 1024px) 100vw, 1024px\" \/><\/a><\/figure>\n<\/div>","protected":false},"excerpt":{"rendered":"<p>Portell es va retrobar dissabte passat amb la tradici\u00f3 en una jornada de festa i de conviv\u00e8ncia. La participativa romeria de Sant Marc de les Alberedes va marcar l\u2019inici d\u2019un dia on no van faltar les activitats l\u00fadiques, la missa en honor a Sant Marc i la gastronomia, amb el 1r Gran Concurs de Tortilles [&hellip;]<\/p>\n","protected":false},"author":1,"featured_media":8338,"comment_status":"open","ping_status":"open","sticky":false,"template":"","format":"standard","meta":{"footnotes":""},"categories":[97],"tags":[107,295],"class_list":["post-8337","post","type-post","status-publish","format-standard","has-post-thumbnail","hentry","category-ayuntamiento-ca","tag-portell-ca","tag-sant-marc-2"],"yoast_head":"<!-- This site is optimized with the Yoast SEO plugin v24.4 - https:\/\/yoast.com\/wordpress\/plugins\/seo\/ -->\n<title>Tradici\u00f3 i conviv\u00e8ncia en la romeria de Sant Marc de les Alberedes - Portell de Morella<\/title>\n<meta name=\"robots\" content=\"noindex, follow, max-snippet:-1, max-image-preview:large, max-video-preview:-1\" \/>\n<meta property=\"og:locale\" content=\"ca_ES\" \/>\n<meta property=\"og:type\" content=\"article\" \/>\n<meta property=\"og:title\" content=\"Tradici\u00f3 i conviv\u00e8ncia en la romeria de Sant Marc de les Alberedes - Portell de Morella\" \/>\n<meta property=\"og:description\" content=\"Portell es va retrobar dissabte passat amb la tradici\u00f3 en una jornada de festa i de conviv\u00e8ncia. La participativa romeria de Sant Marc de les Alberedes va marcar l\u2019inici d\u2019un dia on no van faltar les activitats l\u00fadiques, la missa en honor a Sant Marc i la gastronomia, amb el 1r Gran Concurs de Tortilles [&hellip;]\" \/>\n<meta property=\"og:url\" content=\"https:\/\/portelldemorella.org\/ca\/tradicio-i-convivencia-en-la-romeria-de-sant-marc-de-les-alberedes-a-portell\/\" \/>\n<meta property=\"og:site_name\" content=\"Portell de Morella\" \/>\n<meta property=\"article:published_time\" content=\"2025-04-29T10:17:51+00:00\" \/>\n<meta property=\"article:modified_time\" content=\"2025-04-29T10:41:18+00:00\" \/>\n<meta property=\"og:image\" content=\"https:\/\/portelldemorella.org\/wp-content\/uploads\/2025\/04\/WhatsApp-Image-2025-04-28-at-12.25.01.jpeg\" \/>\n\t<meta property=\"og:image:width\" content=\"1600\" \/>\n\t<meta property=\"og:image:height\" content=\"1066\" \/>\n\t<meta property=\"og:image:type\" content=\"image\/jpeg\" \/>\n<meta name=\"author\" content=\"portell\" \/>\n<meta name=\"twitter:card\" content=\"summary_large_image\" \/>\n<meta name=\"twitter:label1\" content=\"Escrit per\" \/>\n\t<meta name=\"twitter:data1\" content=\"portell\" \/>\n\t<meta name=\"twitter:label2\" content=\"Temps estimat de lectura\" \/>\n\t<meta name=\"twitter:data2\" content=\"1 minut\" \/>\n<script type=\"application\/ld+json\" class=\"yoast-schema-graph\">{\"@context\":\"https:\/\/schema.org\",\"@graph\":[{\"@type\":\"Article\",\"@id\":\"https:\/\/portelldemorella.org\/ca\/tradicio-i-convivencia-en-la-romeria-de-sant-marc-de-les-alberedes-a-portell\/#article\",\"isPartOf\":{\"@id\":\"https:\/\/portelldemorella.org\/ca\/tradicio-i-convivencia-en-la-romeria-de-sant-marc-de-les-alberedes-a-portell\/\"},\"author\":{\"name\":\"portell\",\"@id\":\"https:\/\/portelldemorella.org\/#\/schema\/person\/2adde77c454244acd163488ec723a88b\"},\"headline\":\"Tradici\u00f3 i conviv\u00e8ncia en la romeria de Sant Marc de les Alberedes\",\"datePublished\":\"2025-04-29T10:17:51+00:00\",\"dateModified\":\"2025-04-29T10:41:18+00:00\",\"mainEntityOfPage\":{\"@id\":\"https:\/\/portelldemorella.org\/ca\/tradicio-i-convivencia-en-la-romeria-de-sant-marc-de-les-alberedes-a-portell\/\"},\"wordCount\":136,\"commentCount\":0,\"publisher\":{\"@id\":\"https:\/\/portelldemorella.org\/#organization\"},\"image\":{\"@id\":\"https:\/\/portelldemorella.org\/ca\/tradicio-i-convivencia-en-la-romeria-de-sant-marc-de-les-alberedes-a-portell\/#primaryimage\"},\"thumbnailUrl\":\"https:\/\/portelldemorella.org\/wp-content\/uploads\/2025\/04\/WhatsApp-Image-2025-04-28-at-12.25.01.jpeg\",\"keywords\":[\"portell\",\"sant marc\"],\"articleSection\":[\"Ayuntamiento\"],\"inLanguage\":\"ca\",\"potentialAction\":[{\"@type\":\"CommentAction\",\"name\":\"Comment\",\"target\":[\"https:\/\/portelldemorella.org\/ca\/tradicio-i-convivencia-en-la-romeria-de-sant-marc-de-les-alberedes-a-portell\/#respond\"]}]},{\"@type\":\"WebPage\",\"@id\":\"https:\/\/portelldemorella.org\/ca\/tradicio-i-convivencia-en-la-romeria-de-sant-marc-de-les-alberedes-a-portell\/\",\"url\":\"https:\/\/portelldemorella.org\/ca\/tradicio-i-convivencia-en-la-romeria-de-sant-marc-de-les-alberedes-a-portell\/\",\"name\":\"Tradici\u00f3 i conviv\u00e8ncia en la romeria de Sant Marc de les Alberedes - Portell de Morella\",\"isPartOf\":{\"@id\":\"https:\/\/portelldemorella.org\/#website\"},\"primaryImageOfPage\":{\"@id\":\"https:\/\/portelldemorella.org\/ca\/tradicio-i-convivencia-en-la-romeria-de-sant-marc-de-les-alberedes-a-portell\/#primaryimage\"},\"image\":{\"@id\":\"https:\/\/portelldemorella.org\/ca\/tradicio-i-convivencia-en-la-romeria-de-sant-marc-de-les-alberedes-a-portell\/#primaryimage\"},\"thumbnailUrl\":\"https:\/\/portelldemorella.org\/wp-content\/uploads\/2025\/04\/WhatsApp-Image-2025-04-28-at-12.25.01.jpeg\",\"datePublished\":\"2025-04-29T10:17:51+00:00\",\"dateModified\":\"2025-04-29T10:41:18+00:00\",\"breadcrumb\":{\"@id\":\"https:\/\/portelldemorella.org\/ca\/tradicio-i-convivencia-en-la-romeria-de-sant-marc-de-les-alberedes-a-portell\/#breadcrumb\"},\"inLanguage\":\"ca\",\"potentialAction\":[{\"@type\":\"ReadAction\",\"target\":[\"https:\/\/portelldemorella.org\/ca\/tradicio-i-convivencia-en-la-romeria-de-sant-marc-de-les-alberedes-a-portell\/\"]}]},{\"@type\":\"ImageObject\",\"inLanguage\":\"ca\",\"@id\":\"https:\/\/portelldemorella.org\/ca\/tradicio-i-convivencia-en-la-romeria-de-sant-marc-de-les-alberedes-a-portell\/#primaryimage\",\"url\":\"https:\/\/portelldemorella.org\/wp-content\/uploads\/2025\/04\/WhatsApp-Image-2025-04-28-at-12.25.01.jpeg\",\"contentUrl\":\"https:\/\/portelldemorella.org\/wp-content\/uploads\/2025\/04\/WhatsApp-Image-2025-04-28-at-12.25.01.jpeg\",\"width\":1600,\"height\":1066},{\"@type\":\"BreadcrumbList\",\"@id\":\"https:\/\/portelldemorella.org\/ca\/tradicio-i-convivencia-en-la-romeria-de-sant-marc-de-les-alberedes-a-portell\/#breadcrumb\",\"itemListElement\":[{\"@type\":\"ListItem\",\"position\":1,\"name\":\"Portada\",\"item\":\"https:\/\/portelldemorella.org\/ca\/\"},{\"@type\":\"ListItem\",\"position\":2,\"name\":\"Tradici\u00f3 i conviv\u00e8ncia en la romeria de Sant Marc de les Alberedes\"}]},{\"@type\":\"WebSite\",\"@id\":\"https:\/\/portelldemorella.org\/#website\",\"url\":\"https:\/\/portelldemorella.org\/\",\"name\":\"Portell de Morella\",\"description\":\"Web del Ayuntamiento de Portell de Morella\",\"publisher\":{\"@id\":\"https:\/\/portelldemorella.org\/#organization\"},\"potentialAction\":[{\"@type\":\"SearchAction\",\"target\":{\"@type\":\"EntryPoint\",\"urlTemplate\":\"https:\/\/portelldemorella.org\/?s={search_term_string}\"},\"query-input\":{\"@type\":\"PropertyValueSpecification\",\"valueRequired\":true,\"valueName\":\"search_term_string\"}}],\"inLanguage\":\"ca\"},{\"@type\":\"Organization\",\"@id\":\"https:\/\/portelldemorella.org\/#organization\",\"name\":\"Portell de Morella\",\"url\":\"https:\/\/portelldemorella.org\/\",\"logo\":{\"@type\":\"ImageObject\",\"inLanguage\":\"ca\",\"@id\":\"https:\/\/portelldemorella.org\/#\/schema\/logo\/image\/\",\"url\":\"https:\/\/portelldemorella.org\/wp-content\/uploads\/2020\/11\/Escudo-Portell-04.jpg\",\"contentUrl\":\"https:\/\/portelldemorella.org\/wp-content\/uploads\/2020\/11\/Escudo-Portell-04.jpg\",\"width\":1001,\"height\":394,\"caption\":\"Portell de Morella\"},\"image\":{\"@id\":\"https:\/\/portelldemorella.org\/#\/schema\/logo\/image\/\"}},{\"@type\":\"Person\",\"@id\":\"https:\/\/portelldemorella.org\/#\/schema\/person\/2adde77c454244acd163488ec723a88b\",\"name\":\"portell\",\"image\":{\"@type\":\"ImageObject\",\"inLanguage\":\"ca\",\"@id\":\"https:\/\/portelldemorella.org\/#\/schema\/person\/image\/\",\"url\":\"https:\/\/secure.gravatar.com\/avatar\/077c6bd89604df620d2fa93a06be2531944cdd6826fd322dbd8b483fd84d6407?s=96&d=mm&r=g\",\"contentUrl\":\"https:\/\/secure.gravatar.com\/avatar\/077c6bd89604df620d2fa93a06be2531944cdd6826fd322dbd8b483fd84d6407?s=96&d=mm&r=g\",\"caption\":\"portell\"},\"sameAs\":[\"https:\/\/portelldemorella.org\"],\"url\":\"https:\/\/portelldemorella.org\/ca\/author\/portell\/\"}]}<\/script>\n<!-- \/ Yoast SEO plugin. -->","yoast_head_json":{"title":"Tradici\u00f3 i conviv\u00e8ncia en la romeria de Sant Marc de les Alberedes - Portell de Morella","robots":{"index":"noindex","follow":"follow","max-snippet":"max-snippet:-1","max-image-preview":"max-image-preview:large","max-video-preview":"max-video-preview:-1"},"og_locale":"ca_ES","og_type":"article","og_title":"Tradici\u00f3 i conviv\u00e8ncia en la romeria de Sant Marc de les Alberedes - Portell de Morella","og_description":"Portell es va retrobar dissabte passat amb la tradici\u00f3 en una jornada de festa i de conviv\u00e8ncia. La participativa romeria de Sant Marc de les Alberedes va marcar l\u2019inici d\u2019un dia on no van faltar les activitats l\u00fadiques, la missa en honor a Sant Marc i la gastronomia, amb el 1r Gran Concurs de Tortilles [&hellip;]","og_url":"https:\/\/portelldemorella.org\/ca\/tradicio-i-convivencia-en-la-romeria-de-sant-marc-de-les-alberedes-a-portell\/","og_site_name":"Portell de Morella","article_published_time":"2025-04-29T10:17:51+00:00","article_modified_time":"2025-04-29T10:41:18+00:00","og_image":[{"width":1600,"height":1066,"url":"https:\/\/portelldemorella.org\/wp-content\/uploads\/2025\/04\/WhatsApp-Image-2025-04-28-at-12.25.01.jpeg","type":"image\/jpeg"}],"author":"portell","twitter_card":"summary_large_image","twitter_misc":{"Escrit per":"portell","Temps estimat de lectura":"1 minut"},"schema":{"@context":"https:\/\/schema.org","@graph":[{"@type":"Article","@id":"https:\/\/portelldemorella.org\/ca\/tradicio-i-convivencia-en-la-romeria-de-sant-marc-de-les-alberedes-a-portell\/#article","isPartOf":{"@id":"https:\/\/portelldemorella.org\/ca\/tradicio-i-convivencia-en-la-romeria-de-sant-marc-de-les-alberedes-a-portell\/"},"author":{"name":"portell","@id":"https:\/\/portelldemorella.org\/#\/schema\/person\/2adde77c454244acd163488ec723a88b"},"headline":"Tradici\u00f3 i conviv\u00e8ncia en la romeria de Sant Marc de les Alberedes","datePublished":"2025-04-29T10:17:51+00:00","dateModified":"2025-04-29T10:41:18+00:00","mainEntityOfPage":{"@id":"https:\/\/portelldemorella.org\/ca\/tradicio-i-convivencia-en-la-romeria-de-sant-marc-de-les-alberedes-a-portell\/"},"wordCount":136,"commentCount":0,"publisher":{"@id":"https:\/\/portelldemorella.org\/#organization"},"image":{"@id":"https:\/\/portelldemorella.org\/ca\/tradicio-i-convivencia-en-la-romeria-de-sant-marc-de-les-alberedes-a-portell\/#primaryimage"},"thumbnailUrl":"https:\/\/portelldemorella.org\/wp-content\/uploads\/2025\/04\/WhatsApp-Image-2025-04-28-at-12.25.01.jpeg","keywords":["portell","sant marc"],"articleSection":["Ayuntamiento"],"inLanguage":"ca","potentialAction":[{"@type":"CommentAction","name":"Comment","target":["https:\/\/portelldemorella.org\/ca\/tradicio-i-convivencia-en-la-romeria-de-sant-marc-de-les-alberedes-a-portell\/#respond"]}]},{"@type":"WebPage","@id":"https:\/\/portelldemorella.org\/ca\/tradicio-i-convivencia-en-la-romeria-de-sant-marc-de-les-alberedes-a-portell\/","url":"https:\/\/portelldemorella.org\/ca\/tradicio-i-convivencia-en-la-romeria-de-sant-marc-de-les-alberedes-a-portell\/","name":"Tradici\u00f3 i conviv\u00e8ncia en la romeria de Sant Marc de les Alberedes - Portell de Morella","isPartOf":{"@id":"https:\/\/portelldemorella.org\/#website"},"primaryImageOfPage":{"@id":"https:\/\/portelldemorella.org\/ca\/tradicio-i-convivencia-en-la-romeria-de-sant-marc-de-les-alberedes-a-portell\/#primaryimage"},"image":{"@id":"https:\/\/portelldemorella.org\/ca\/tradicio-i-convivencia-en-la-romeria-de-sant-marc-de-les-alberedes-a-portell\/#primaryimage"},"thumbnailUrl":"https:\/\/portelldemorella.org\/wp-content\/uploads\/2025\/04\/WhatsApp-Image-2025-04-28-at-12.25.01.jpeg","datePublished":"2025-04-29T10:17:51+00:00","dateModified":"2025-04-29T10:41:18+00:00","breadcrumb":{"@id":"https:\/\/portelldemorella.org\/ca\/tradicio-i-convivencia-en-la-romeria-de-sant-marc-de-les-alberedes-a-portell\/#breadcrumb"},"inLanguage":"ca","potentialAction":[{"@type":"ReadAction","target":["https:\/\/portelldemorella.org\/ca\/tradicio-i-convivencia-en-la-romeria-de-sant-marc-de-les-alberedes-a-portell\/"]}]},{"@type":"ImageObject","inLanguage":"ca","@id":"https:\/\/portelldemorella.org\/ca\/tradicio-i-convivencia-en-la-romeria-de-sant-marc-de-les-alberedes-a-portell\/#primaryimage","url":"https:\/\/portelldemorella.org\/wp-content\/uploads\/2025\/04\/WhatsApp-Image-2025-04-28-at-12.25.01.jpeg","contentUrl":"https:\/\/portelldemorella.org\/wp-content\/uploads\/2025\/04\/WhatsApp-Image-2025-04-28-at-12.25.01.jpeg","width":1600,"height":1066},{"@type":"BreadcrumbList","@id":"https:\/\/portelldemorella.org\/ca\/tradicio-i-convivencia-en-la-romeria-de-sant-marc-de-les-alberedes-a-portell\/#breadcrumb","itemListElement":[{"@type":"ListItem","position":1,"name":"Portada","item":"https:\/\/portelldemorella.org\/ca\/"},{"@type":"ListItem","position":2,"name":"Tradici\u00f3 i conviv\u00e8ncia en la romeria de Sant Marc de les Alberedes"}]},{"@type":"WebSite","@id":"https:\/\/portelldemorella.org\/#website","url":"https:\/\/portelldemorella.org\/","name":"Portell de Morella","description":"Web del Ayuntamiento de Portell de Morella","publisher":{"@id":"https:\/\/portelldemorella.org\/#organization"},"potentialAction":[{"@type":"SearchAction","target":{"@type":"EntryPoint","urlTemplate":"https:\/\/portelldemorella.org\/?s={search_term_string}"},"query-input":{"@type":"PropertyValueSpecification","valueRequired":true,"valueName":"search_term_string"}}],"inLanguage":"ca"},{"@type":"Organization","@id":"https:\/\/portelldemorella.org\/#organization","name":"Portell de Morella","url":"https:\/\/portelldemorella.org\/","logo":{"@type":"ImageObject","inLanguage":"ca","@id":"https:\/\/portelldemorella.org\/#\/schema\/logo\/image\/","url":"https:\/\/portelldemorella.org\/wp-content\/uploads\/2020\/11\/Escudo-Portell-04.jpg","contentUrl":"https:\/\/portelldemorella.org\/wp-content\/uploads\/2020\/11\/Escudo-Portell-04.jpg","width":1001,"height":394,"caption":"Portell de Morella"},"image":{"@id":"https:\/\/portelldemorella.org\/#\/schema\/logo\/image\/"}},{"@type":"Person","@id":"https:\/\/portelldemorella.org\/#\/schema\/person\/2adde77c454244acd163488ec723a88b","name":"portell","image":{"@type":"ImageObject","inLanguage":"ca","@id":"https:\/\/portelldemorella.org\/#\/schema\/person\/image\/","url":"https:\/\/secure.gravatar.com\/avatar\/077c6bd89604df620d2fa93a06be2531944cdd6826fd322dbd8b483fd84d6407?s=96&d=mm&r=g","contentUrl":"https:\/\/secure.gravatar.com\/avatar\/077c6bd89604df620d2fa93a06be2531944cdd6826fd322dbd8b483fd84d6407?s=96&d=mm&r=g","caption":"portell"},"sameAs":["https:\/\/portelldemorella.org"],"url":"https:\/\/portelldemorella.org\/ca\/author\/portell\/"}]}},"_links":{"self":[{"href":"https:\/\/portelldemorella.org\/ca\/wp-json\/wp\/v2\/posts\/8337","targetHints":{"allow":["GET"]}}],"collection":[{"href":"https:\/\/portelldemorella.org\/ca\/wp-json\/wp\/v2\/posts"}],"about":[{"href":"https:\/\/portelldemorella.org\/ca\/wp-json\/wp\/v2\/types\/post"}],"author":[{"embeddable":true,"href":"https:\/\/portelldemorella.org\/ca\/wp-json\/wp\/v2\/users\/1"}],"replies":[{"embeddable":true,"href":"https:\/\/portelldemorella.org\/ca\/wp-json\/wp\/v2\/comments?post=8337"}],"version-history":[{"count":2,"href":"https:\/\/portelldemorella.org\/ca\/wp-json\/wp\/v2\/posts\/8337\/revisions"}],"predecessor-version":[{"id":8345,"href":"https:\/\/portelldemorella.org\/ca\/wp-json\/wp\/v2\/posts\/8337\/revisions\/8345"}],"wp:featuredmedia":[{"embeddable":true,"href":"https:\/\/portelldemorella.org\/ca\/wp-json\/wp\/v2\/media\/8338"}],"wp:attachment":[{"href":"https:\/\/portelldemorella.org\/ca\/wp-json\/wp\/v2\/media?parent=8337"}],"wp:term":[{"taxonomy":"category","embeddable":true,"href":"https:\/\/portelldemorella.org\/ca\/wp-json\/wp\/v2\/categories?post=8337"},{"taxonomy":"post_tag","embeddable":true,"href":"https:\/\/portelldemorella.org\/ca\/wp-json\/wp\/v2\/tags?post=8337"}],"curies":[{"name":"wp","href":"https:\/\/api.w.org\/{rel}","templated":true}]}}