{"id":8359,"date":"2025-05-29T11:12:22","date_gmt":"2025-05-29T11:12:22","guid":{"rendered":"https:\/\/portelldemorella.org\/?p=8359"},"modified":"2025-05-29T11:12:24","modified_gmt":"2025-05-29T11:12:24","slug":"portell-es-dota-dun-full-de-ruta-per-adaptar-se-al-canvi-climatic-amb-actuacions-per-valor-de-dos-milions-deuros","status":"publish","type":"post","link":"https:\/\/portelldemorella.org\/ca\/portell-es-dota-dun-full-de-ruta-per-adaptar-se-al-canvi-climatic-amb-actuacions-per-valor-de-dos-milions-deuros\/","title":{"rendered":"Portell es dota d\u2019un full de ruta per adaptar-se al canvi clim\u00e0tic amb actuacions per valor de dos milions d\u2019euros"},"content":{"rendered":"\n<p>Portell de Morella ja disposa del seu Pla Local d\u2019Adaptaci\u00f3 al Canvi Clim\u00e0tic, un document estrat\u00e8gic que defineix les actuacions necess\u00e0ries per adaptar el municipi als efectes derivats del canvi clim\u00e0tic. El pla, amb una inversi\u00f3 prevista superior als 2 milions d\u2019euros a trav\u00e9s de una bateria d\u2019actuacions, ha estat redactat pel despatx d\u2019enginyeria i arquitectura especialitzat en medi ambient Assist\u00e8ncia T\u00e8cnica Global Enginyers (ATG Enginyers), i constitueix una eina essencial per a l\u2019acc\u00e9s a convocat\u00f2ries de finan\u00e7ament europeu i auton\u00f2mic.<\/p>\n\n\n\n<p>Tal com ha explicat l\u2019enginyer responsable del projecte, Sergio Casero, \u201cel canvi clim\u00e0tic ja no \u00e9s una amena\u00e7a futura, sin\u00f3 una realitat present. \u00c9s a dir, ja no es tracta de lluitar contra el canvi clim\u00e0tic, sin\u00f3 d\u2019adaptar-nos-hi. En municipis com Portell, aix\u00f2 implica fonamentalment accions en mat\u00e8ria h\u00eddrica, que permeten estar millor preparats per a episodis tant de sequera com d\u2019inundacions, fen\u00f2mens cada vegada m\u00e9s freq\u00fcents i extrems\u201d.<\/p>\n\n\n\n<p>El document \u00e9s obert i flexible, i contempla la incorporaci\u00f3 de noves accions en funci\u00f3 de les oportunitats de finan\u00e7ament i les necessitats del municipi. A m\u00e9s, les mesures proposades s\u2019afegeixen a altres ja previstes en diferents plans municipals.<\/p>\n\n\n\n<p>La diagnosi del municipi aborda q\u00fcestions com la aparici\u00f3 de plagues de mosquits o la instal\u00b7laci\u00f3 d\u2019aires condicionats per l\u2019augment de les temperatures, q\u00fcestions que fa anys no s\u2019haurien plantejat. Per\u00f2 fonamentalment, se centra en la gesti\u00f3 de l\u2019aigua, tant de consum hum\u00e0 com per a la ramaderia. \u201cHem analitzat en profunditat la situaci\u00f3 del municipi per identificar les vulnerabilitats i preparar-nos per a les ajudes europees, per a les que moltes vegades \u00e9s necessari disposar d\u2019un diagn\u00f2stic previ\u201d, ha indicat Casero.<\/p>\n\n\n\n<p>Amb aquest pla, Portell de Morella fa un pas endavant per a seguir marcant la pauta de la resili\u00e8ncia clim\u00e0tica en el m\u00f3n rural.&nbsp;<\/p>\n","protected":false},"excerpt":{"rendered":"<p>Portell de Morella ja disposa del seu Pla Local d\u2019Adaptaci\u00f3 al Canvi Clim\u00e0tic, un document estrat\u00e8gic que defineix les actuacions necess\u00e0ries per adaptar el municipi als efectes derivats del canvi clim\u00e0tic. El pla, amb una inversi\u00f3 prevista superior als 2 milions d\u2019euros a trav\u00e9s de una bateria d\u2019actuacions, ha estat redactat pel despatx d\u2019enginyeria i [&hellip;]<\/p>\n","protected":false},"author":1,"featured_media":8357,"comment_status":"open","ping_status":"open","sticky":false,"template":"","format":"standard","meta":{"footnotes":""},"categories":[97],"tags":[143,107],"class_list":["post-8359","post","type-post","status-publish","format-standard","has-post-thumbnail","hentry","category-ayuntamiento-ca","tag-mejoras-ca","tag-portell-ca"],"yoast_head":"<!-- This site is optimized with the Yoast SEO plugin v24.4 - https:\/\/yoast.com\/wordpress\/plugins\/seo\/ -->\n<title>Portell es dota d\u2019un full de ruta per adaptar-se al canvi clim\u00e0tic amb actuacions per valor de dos milions d\u2019euros - Portell de Morella<\/title>\n<meta name=\"robots\" content=\"noindex, follow, max-snippet:-1, max-image-preview:large, max-video-preview:-1\" \/>\n<meta property=\"og:locale\" content=\"ca_ES\" \/>\n<meta property=\"og:type\" content=\"article\" \/>\n<meta property=\"og:title\" content=\"Portell es dota d\u2019un full de ruta per adaptar-se al canvi clim\u00e0tic amb actuacions per valor de dos milions d\u2019euros - Portell de Morella\" \/>\n<meta property=\"og:description\" content=\"Portell de Morella ja disposa del seu Pla Local d\u2019Adaptaci\u00f3 al Canvi Clim\u00e0tic, un document estrat\u00e8gic que defineix les actuacions necess\u00e0ries per adaptar el municipi als efectes derivats del canvi clim\u00e0tic. El pla, amb una inversi\u00f3 prevista superior als 2 milions d\u2019euros a trav\u00e9s de una bateria d\u2019actuacions, ha estat redactat pel despatx d\u2019enginyeria i [&hellip;]\" \/>\n<meta property=\"og:url\" content=\"https:\/\/portelldemorella.org\/ca\/portell-es-dota-dun-full-de-ruta-per-adaptar-se-al-canvi-climatic-amb-actuacions-per-valor-de-dos-milions-deuros\/\" \/>\n<meta property=\"og:site_name\" content=\"Portell de Morella\" \/>\n<meta property=\"article:published_time\" content=\"2025-05-29T11:12:22+00:00\" \/>\n<meta property=\"article:modified_time\" content=\"2025-05-29T11:12:24+00:00\" \/>\n<meta property=\"og:image\" content=\"https:\/\/portelldemorella.org\/wp-content\/uploads\/2025\/05\/Portell-es-dota-dun-full-de-ruta-per-adaptar-se-al-canvi-climatic-amb-actuacions-per-valor-de-dos-milions-deuros.jpg\" \/>\n\t<meta property=\"og:image:width\" content=\"1280\" \/>\n\t<meta property=\"og:image:height\" content=\"853\" \/>\n\t<meta property=\"og:image:type\" content=\"image\/jpeg\" \/>\n<meta name=\"author\" content=\"portell\" \/>\n<meta name=\"twitter:card\" content=\"summary_large_image\" \/>\n<meta name=\"twitter:label1\" content=\"Escrit per\" \/>\n\t<meta name=\"twitter:data1\" content=\"portell\" \/>\n\t<meta name=\"twitter:label2\" content=\"Temps estimat de lectura\" \/>\n\t<meta name=\"twitter:data2\" content=\"2 minuts\" \/>\n<script type=\"application\/ld+json\" class=\"yoast-schema-graph\">{\"@context\":\"https:\/\/schema.org\",\"@graph\":[{\"@type\":\"Article\",\"@id\":\"https:\/\/portelldemorella.org\/ca\/portell-es-dota-dun-full-de-ruta-per-adaptar-se-al-canvi-climatic-amb-actuacions-per-valor-de-dos-milions-deuros\/#article\",\"isPartOf\":{\"@id\":\"https:\/\/portelldemorella.org\/ca\/portell-es-dota-dun-full-de-ruta-per-adaptar-se-al-canvi-climatic-amb-actuacions-per-valor-de-dos-milions-deuros\/\"},\"author\":{\"name\":\"portell\",\"@id\":\"https:\/\/portelldemorella.org\/#\/schema\/person\/2adde77c454244acd163488ec723a88b\"},\"headline\":\"Portell es dota d\u2019un full de ruta per adaptar-se al canvi clim\u00e0tic amb actuacions per valor de dos milions d\u2019euros\",\"datePublished\":\"2025-05-29T11:12:22+00:00\",\"dateModified\":\"2025-05-29T11:12:24+00:00\",\"mainEntityOfPage\":{\"@id\":\"https:\/\/portelldemorella.org\/ca\/portell-es-dota-dun-full-de-ruta-per-adaptar-se-al-canvi-climatic-amb-actuacions-per-valor-de-dos-milions-deuros\/\"},\"wordCount\":360,\"commentCount\":0,\"publisher\":{\"@id\":\"https:\/\/portelldemorella.org\/#organization\"},\"image\":{\"@id\":\"https:\/\/portelldemorella.org\/ca\/portell-es-dota-dun-full-de-ruta-per-adaptar-se-al-canvi-climatic-amb-actuacions-per-valor-de-dos-milions-deuros\/#primaryimage\"},\"thumbnailUrl\":\"https:\/\/portelldemorella.org\/wp-content\/uploads\/2025\/05\/Portell-es-dota-dun-full-de-ruta-per-adaptar-se-al-canvi-climatic-amb-actuacions-per-valor-de-dos-milions-deuros.jpg\",\"keywords\":[\"mejoras\",\"portell\"],\"articleSection\":[\"Ayuntamiento\"],\"inLanguage\":\"ca\",\"potentialAction\":[{\"@type\":\"CommentAction\",\"name\":\"Comment\",\"target\":[\"https:\/\/portelldemorella.org\/ca\/portell-es-dota-dun-full-de-ruta-per-adaptar-se-al-canvi-climatic-amb-actuacions-per-valor-de-dos-milions-deuros\/#respond\"]}]},{\"@type\":\"WebPage\",\"@id\":\"https:\/\/portelldemorella.org\/ca\/portell-es-dota-dun-full-de-ruta-per-adaptar-se-al-canvi-climatic-amb-actuacions-per-valor-de-dos-milions-deuros\/\",\"url\":\"https:\/\/portelldemorella.org\/ca\/portell-es-dota-dun-full-de-ruta-per-adaptar-se-al-canvi-climatic-amb-actuacions-per-valor-de-dos-milions-deuros\/\",\"name\":\"Portell es dota d\u2019un full de ruta per adaptar-se al canvi clim\u00e0tic amb actuacions per valor de dos milions d\u2019euros - Portell de Morella\",\"isPartOf\":{\"@id\":\"https:\/\/portelldemorella.org\/#website\"},\"primaryImageOfPage\":{\"@id\":\"https:\/\/portelldemorella.org\/ca\/portell-es-dota-dun-full-de-ruta-per-adaptar-se-al-canvi-climatic-amb-actuacions-per-valor-de-dos-milions-deuros\/#primaryimage\"},\"image\":{\"@id\":\"https:\/\/portelldemorella.org\/ca\/portell-es-dota-dun-full-de-ruta-per-adaptar-se-al-canvi-climatic-amb-actuacions-per-valor-de-dos-milions-deuros\/#primaryimage\"},\"thumbnailUrl\":\"https:\/\/portelldemorella.org\/wp-content\/uploads\/2025\/05\/Portell-es-dota-dun-full-de-ruta-per-adaptar-se-al-canvi-climatic-amb-actuacions-per-valor-de-dos-milions-deuros.jpg\",\"datePublished\":\"2025-05-29T11:12:22+00:00\",\"dateModified\":\"2025-05-29T11:12:24+00:00\",\"breadcrumb\":{\"@id\":\"https:\/\/portelldemorella.org\/ca\/portell-es-dota-dun-full-de-ruta-per-adaptar-se-al-canvi-climatic-amb-actuacions-per-valor-de-dos-milions-deuros\/#breadcrumb\"},\"inLanguage\":\"ca\",\"potentialAction\":[{\"@type\":\"ReadAction\",\"target\":[\"https:\/\/portelldemorella.org\/ca\/portell-es-dota-dun-full-de-ruta-per-adaptar-se-al-canvi-climatic-amb-actuacions-per-valor-de-dos-milions-deuros\/\"]}]},{\"@type\":\"ImageObject\",\"inLanguage\":\"ca\",\"@id\":\"https:\/\/portelldemorella.org\/ca\/portell-es-dota-dun-full-de-ruta-per-adaptar-se-al-canvi-climatic-amb-actuacions-per-valor-de-dos-milions-deuros\/#primaryimage\",\"url\":\"https:\/\/portelldemorella.org\/wp-content\/uploads\/2025\/05\/Portell-es-dota-dun-full-de-ruta-per-adaptar-se-al-canvi-climatic-amb-actuacions-per-valor-de-dos-milions-deuros.jpg\",\"contentUrl\":\"https:\/\/portelldemorella.org\/wp-content\/uploads\/2025\/05\/Portell-es-dota-dun-full-de-ruta-per-adaptar-se-al-canvi-climatic-amb-actuacions-per-valor-de-dos-milions-deuros.jpg\",\"width\":1280,\"height\":853},{\"@type\":\"BreadcrumbList\",\"@id\":\"https:\/\/portelldemorella.org\/ca\/portell-es-dota-dun-full-de-ruta-per-adaptar-se-al-canvi-climatic-amb-actuacions-per-valor-de-dos-milions-deuros\/#breadcrumb\",\"itemListElement\":[{\"@type\":\"ListItem\",\"position\":1,\"name\":\"Portada\",\"item\":\"https:\/\/portelldemorella.org\/ca\/\"},{\"@type\":\"ListItem\",\"position\":2,\"name\":\"Portell es dota d\u2019un full de ruta per adaptar-se al canvi clim\u00e0tic amb actuacions per valor de dos milions d\u2019euros\"}]},{\"@type\":\"WebSite\",\"@id\":\"https:\/\/portelldemorella.org\/#website\",\"url\":\"https:\/\/portelldemorella.org\/\",\"name\":\"Portell de Morella\",\"description\":\"Web del Ayuntamiento de Portell de Morella\",\"publisher\":{\"@id\":\"https:\/\/portelldemorella.org\/#organization\"},\"potentialAction\":[{\"@type\":\"SearchAction\",\"target\":{\"@type\":\"EntryPoint\",\"urlTemplate\":\"https:\/\/portelldemorella.org\/?s={search_term_string}\"},\"query-input\":{\"@type\":\"PropertyValueSpecification\",\"valueRequired\":true,\"valueName\":\"search_term_string\"}}],\"inLanguage\":\"ca\"},{\"@type\":\"Organization\",\"@id\":\"https:\/\/portelldemorella.org\/#organization\",\"name\":\"Portell de Morella\",\"url\":\"https:\/\/portelldemorella.org\/\",\"logo\":{\"@type\":\"ImageObject\",\"inLanguage\":\"ca\",\"@id\":\"https:\/\/portelldemorella.org\/#\/schema\/logo\/image\/\",\"url\":\"https:\/\/portelldemorella.org\/wp-content\/uploads\/2020\/11\/Escudo-Portell-04.jpg\",\"contentUrl\":\"https:\/\/portelldemorella.org\/wp-content\/uploads\/2020\/11\/Escudo-Portell-04.jpg\",\"width\":1001,\"height\":394,\"caption\":\"Portell de Morella\"},\"image\":{\"@id\":\"https:\/\/portelldemorella.org\/#\/schema\/logo\/image\/\"}},{\"@type\":\"Person\",\"@id\":\"https:\/\/portelldemorella.org\/#\/schema\/person\/2adde77c454244acd163488ec723a88b\",\"name\":\"portell\",\"image\":{\"@type\":\"ImageObject\",\"inLanguage\":\"ca\",\"@id\":\"https:\/\/portelldemorella.org\/#\/schema\/person\/image\/\",\"url\":\"https:\/\/secure.gravatar.com\/avatar\/077c6bd89604df620d2fa93a06be2531944cdd6826fd322dbd8b483fd84d6407?s=96&d=mm&r=g\",\"contentUrl\":\"https:\/\/secure.gravatar.com\/avatar\/077c6bd89604df620d2fa93a06be2531944cdd6826fd322dbd8b483fd84d6407?s=96&d=mm&r=g\",\"caption\":\"portell\"},\"sameAs\":[\"https:\/\/portelldemorella.org\"],\"url\":\"https:\/\/portelldemorella.org\/ca\/author\/portell\/\"}]}<\/script>\n<!-- \/ Yoast SEO plugin. -->","yoast_head_json":{"title":"Portell es dota d\u2019un full de ruta per adaptar-se al canvi clim\u00e0tic amb actuacions per valor de dos milions d\u2019euros - Portell de Morella","robots":{"index":"noindex","follow":"follow","max-snippet":"max-snippet:-1","max-image-preview":"max-image-preview:large","max-video-preview":"max-video-preview:-1"},"og_locale":"ca_ES","og_type":"article","og_title":"Portell es dota d\u2019un full de ruta per adaptar-se al canvi clim\u00e0tic amb actuacions per valor de dos milions d\u2019euros - Portell de Morella","og_description":"Portell de Morella ja disposa del seu Pla Local d\u2019Adaptaci\u00f3 al Canvi Clim\u00e0tic, un document estrat\u00e8gic que defineix les actuacions necess\u00e0ries per adaptar el municipi als efectes derivats del canvi clim\u00e0tic. El pla, amb una inversi\u00f3 prevista superior als 2 milions d\u2019euros a trav\u00e9s de una bateria d\u2019actuacions, ha estat redactat pel despatx d\u2019enginyeria i [&hellip;]","og_url":"https:\/\/portelldemorella.org\/ca\/portell-es-dota-dun-full-de-ruta-per-adaptar-se-al-canvi-climatic-amb-actuacions-per-valor-de-dos-milions-deuros\/","og_site_name":"Portell de Morella","article_published_time":"2025-05-29T11:12:22+00:00","article_modified_time":"2025-05-29T11:12:24+00:00","og_image":[{"width":1280,"height":853,"url":"https:\/\/portelldemorella.org\/wp-content\/uploads\/2025\/05\/Portell-es-dota-dun-full-de-ruta-per-adaptar-se-al-canvi-climatic-amb-actuacions-per-valor-de-dos-milions-deuros.jpg","type":"image\/jpeg"}],"author":"portell","twitter_card":"summary_large_image","twitter_misc":{"Escrit per":"portell","Temps estimat de lectura":"2 minuts"},"schema":{"@context":"https:\/\/schema.org","@graph":[{"@type":"Article","@id":"https:\/\/portelldemorella.org\/ca\/portell-es-dota-dun-full-de-ruta-per-adaptar-se-al-canvi-climatic-amb-actuacions-per-valor-de-dos-milions-deuros\/#article","isPartOf":{"@id":"https:\/\/portelldemorella.org\/ca\/portell-es-dota-dun-full-de-ruta-per-adaptar-se-al-canvi-climatic-amb-actuacions-per-valor-de-dos-milions-deuros\/"},"author":{"name":"portell","@id":"https:\/\/portelldemorella.org\/#\/schema\/person\/2adde77c454244acd163488ec723a88b"},"headline":"Portell es dota d\u2019un full de ruta per adaptar-se al canvi clim\u00e0tic amb actuacions per valor de dos milions d\u2019euros","datePublished":"2025-05-29T11:12:22+00:00","dateModified":"2025-05-29T11:12:24+00:00","mainEntityOfPage":{"@id":"https:\/\/portelldemorella.org\/ca\/portell-es-dota-dun-full-de-ruta-per-adaptar-se-al-canvi-climatic-amb-actuacions-per-valor-de-dos-milions-deuros\/"},"wordCount":360,"commentCount":0,"publisher":{"@id":"https:\/\/portelldemorella.org\/#organization"},"image":{"@id":"https:\/\/portelldemorella.org\/ca\/portell-es-dota-dun-full-de-ruta-per-adaptar-se-al-canvi-climatic-amb-actuacions-per-valor-de-dos-milions-deuros\/#primaryimage"},"thumbnailUrl":"https:\/\/portelldemorella.org\/wp-content\/uploads\/2025\/05\/Portell-es-dota-dun-full-de-ruta-per-adaptar-se-al-canvi-climatic-amb-actuacions-per-valor-de-dos-milions-deuros.jpg","keywords":["mejoras","portell"],"articleSection":["Ayuntamiento"],"inLanguage":"ca","potentialAction":[{"@type":"CommentAction","name":"Comment","target":["https:\/\/portelldemorella.org\/ca\/portell-es-dota-dun-full-de-ruta-per-adaptar-se-al-canvi-climatic-amb-actuacions-per-valor-de-dos-milions-deuros\/#respond"]}]},{"@type":"WebPage","@id":"https:\/\/portelldemorella.org\/ca\/portell-es-dota-dun-full-de-ruta-per-adaptar-se-al-canvi-climatic-amb-actuacions-per-valor-de-dos-milions-deuros\/","url":"https:\/\/portelldemorella.org\/ca\/portell-es-dota-dun-full-de-ruta-per-adaptar-se-al-canvi-climatic-amb-actuacions-per-valor-de-dos-milions-deuros\/","name":"Portell es dota d\u2019un full de ruta per adaptar-se al canvi clim\u00e0tic amb actuacions per valor de dos milions d\u2019euros - Portell de Morella","isPartOf":{"@id":"https:\/\/portelldemorella.org\/#website"},"primaryImageOfPage":{"@id":"https:\/\/portelldemorella.org\/ca\/portell-es-dota-dun-full-de-ruta-per-adaptar-se-al-canvi-climatic-amb-actuacions-per-valor-de-dos-milions-deuros\/#primaryimage"},"image":{"@id":"https:\/\/portelldemorella.org\/ca\/portell-es-dota-dun-full-de-ruta-per-adaptar-se-al-canvi-climatic-amb-actuacions-per-valor-de-dos-milions-deuros\/#primaryimage"},"thumbnailUrl":"https:\/\/portelldemorella.org\/wp-content\/uploads\/2025\/05\/Portell-es-dota-dun-full-de-ruta-per-adaptar-se-al-canvi-climatic-amb-actuacions-per-valor-de-dos-milions-deuros.jpg","datePublished":"2025-05-29T11:12:22+00:00","dateModified":"2025-05-29T11:12:24+00:00","breadcrumb":{"@id":"https:\/\/portelldemorella.org\/ca\/portell-es-dota-dun-full-de-ruta-per-adaptar-se-al-canvi-climatic-amb-actuacions-per-valor-de-dos-milions-deuros\/#breadcrumb"},"inLanguage":"ca","potentialAction":[{"@type":"ReadAction","target":["https:\/\/portelldemorella.org\/ca\/portell-es-dota-dun-full-de-ruta-per-adaptar-se-al-canvi-climatic-amb-actuacions-per-valor-de-dos-milions-deuros\/"]}]},{"@type":"ImageObject","inLanguage":"ca","@id":"https:\/\/portelldemorella.org\/ca\/portell-es-dota-dun-full-de-ruta-per-adaptar-se-al-canvi-climatic-amb-actuacions-per-valor-de-dos-milions-deuros\/#primaryimage","url":"https:\/\/portelldemorella.org\/wp-content\/uploads\/2025\/05\/Portell-es-dota-dun-full-de-ruta-per-adaptar-se-al-canvi-climatic-amb-actuacions-per-valor-de-dos-milions-deuros.jpg","contentUrl":"https:\/\/portelldemorella.org\/wp-content\/uploads\/2025\/05\/Portell-es-dota-dun-full-de-ruta-per-adaptar-se-al-canvi-climatic-amb-actuacions-per-valor-de-dos-milions-deuros.jpg","width":1280,"height":853},{"@type":"BreadcrumbList","@id":"https:\/\/portelldemorella.org\/ca\/portell-es-dota-dun-full-de-ruta-per-adaptar-se-al-canvi-climatic-amb-actuacions-per-valor-de-dos-milions-deuros\/#breadcrumb","itemListElement":[{"@type":"ListItem","position":1,"name":"Portada","item":"https:\/\/portelldemorella.org\/ca\/"},{"@type":"ListItem","position":2,"name":"Portell es dota d\u2019un full de ruta per adaptar-se al canvi clim\u00e0tic amb actuacions per valor de dos milions d\u2019euros"}]},{"@type":"WebSite","@id":"https:\/\/portelldemorella.org\/#website","url":"https:\/\/portelldemorella.org\/","name":"Portell de Morella","description":"Web del Ayuntamiento de Portell de Morella","publisher":{"@id":"https:\/\/portelldemorella.org\/#organization"},"potentialAction":[{"@type":"SearchAction","target":{"@type":"EntryPoint","urlTemplate":"https:\/\/portelldemorella.org\/?s={search_term_string}"},"query-input":{"@type":"PropertyValueSpecification","valueRequired":true,"valueName":"search_term_string"}}],"inLanguage":"ca"},{"@type":"Organization","@id":"https:\/\/portelldemorella.org\/#organization","name":"Portell de Morella","url":"https:\/\/portelldemorella.org\/","logo":{"@type":"ImageObject","inLanguage":"ca","@id":"https:\/\/portelldemorella.org\/#\/schema\/logo\/image\/","url":"https:\/\/portelldemorella.org\/wp-content\/uploads\/2020\/11\/Escudo-Portell-04.jpg","contentUrl":"https:\/\/portelldemorella.org\/wp-content\/uploads\/2020\/11\/Escudo-Portell-04.jpg","width":1001,"height":394,"caption":"Portell de Morella"},"image":{"@id":"https:\/\/portelldemorella.org\/#\/schema\/logo\/image\/"}},{"@type":"Person","@id":"https:\/\/portelldemorella.org\/#\/schema\/person\/2adde77c454244acd163488ec723a88b","name":"portell","image":{"@type":"ImageObject","inLanguage":"ca","@id":"https:\/\/portelldemorella.org\/#\/schema\/person\/image\/","url":"https:\/\/secure.gravatar.com\/avatar\/077c6bd89604df620d2fa93a06be2531944cdd6826fd322dbd8b483fd84d6407?s=96&d=mm&r=g","contentUrl":"https:\/\/secure.gravatar.com\/avatar\/077c6bd89604df620d2fa93a06be2531944cdd6826fd322dbd8b483fd84d6407?s=96&d=mm&r=g","caption":"portell"},"sameAs":["https:\/\/portelldemorella.org"],"url":"https:\/\/portelldemorella.org\/ca\/author\/portell\/"}]}},"_links":{"self":[{"href":"https:\/\/portelldemorella.org\/ca\/wp-json\/wp\/v2\/posts\/8359","targetHints":{"allow":["GET"]}}],"collection":[{"href":"https:\/\/portelldemorella.org\/ca\/wp-json\/wp\/v2\/posts"}],"about":[{"href":"https:\/\/portelldemorella.org\/ca\/wp-json\/wp\/v2\/types\/post"}],"author":[{"embeddable":true,"href":"https:\/\/portelldemorella.org\/ca\/wp-json\/wp\/v2\/users\/1"}],"replies":[{"embeddable":true,"href":"https:\/\/portelldemorella.org\/ca\/wp-json\/wp\/v2\/comments?post=8359"}],"version-history":[{"count":1,"href":"https:\/\/portelldemorella.org\/ca\/wp-json\/wp\/v2\/posts\/8359\/revisions"}],"predecessor-version":[{"id":8360,"href":"https:\/\/portelldemorella.org\/ca\/wp-json\/wp\/v2\/posts\/8359\/revisions\/8360"}],"wp:featuredmedia":[{"embeddable":true,"href":"https:\/\/portelldemorella.org\/ca\/wp-json\/wp\/v2\/media\/8357"}],"wp:attachment":[{"href":"https:\/\/portelldemorella.org\/ca\/wp-json\/wp\/v2\/media?parent=8359"}],"wp:term":[{"taxonomy":"category","embeddable":true,"href":"https:\/\/portelldemorella.org\/ca\/wp-json\/wp\/v2\/categories?post=8359"},{"taxonomy":"post_tag","embeddable":true,"href":"https:\/\/portelldemorella.org\/ca\/wp-json\/wp\/v2\/tags?post=8359"}],"curies":[{"name":"wp","href":"https:\/\/api.w.org\/{rel}","templated":true}]}}