{"id":8361,"date":"2025-05-30T08:26:55","date_gmt":"2025-05-30T08:26:55","guid":{"rendered":"https:\/\/portelldemorella.org\/?p=8361"},"modified":"2025-05-30T08:26:57","modified_gmt":"2025-05-30T08:26:57","slug":"portell-activa-una-nova-edicio-de-lescola-destiu-per-a-oferir-activitats-ludiques-i-oci-educatiu-als-xiquets-i-xiquetes-durant-les-vacances-escolars","status":"publish","type":"post","link":"https:\/\/portelldemorella.org\/ca\/portell-activa-una-nova-edicio-de-lescola-destiu-per-a-oferir-activitats-ludiques-i-oci-educatiu-als-xiquets-i-xiquetes-durant-les-vacances-escolars\/","title":{"rendered":"Portell activa una nova edici\u00f3 de l&#8217;Escola d&#8217;Estiu per a oferir activitats l\u00fadiques i oci educatiu als xiquets i xiquetes durant les vacances escolars"},"content":{"rendered":"\n<p><\/p>\n\n\n\n<p>L\u2019Ajuntament de Portell prepara, un any m\u00e9s, un servei d\u2019Escola d\u2019Estiu per oferir als xiquets i xiquetes del poble i estiuejants un programa d&#8217;activitats l\u00fadiques i educatives durant les vacances escolars. Enguany, l\u2019Escola d\u2019Estiu obrir\u00e0 les portes del 14 de juliol a l\u20191 d&#8217;agost a l&#8217;Aulari de Portell, amb activitats des de los 9.30 fins a les 13.30 hores de dilluns a divendres.<\/p>\n\n\n\n<p>L\u2019Escola d\u2019Estiu de Portell est\u00e0 adre\u00e7ada a xiquets i xiquetes nascuts entre els anys 2013 i 2023 i comptar\u00e0 amb un programa variat amb tallers creatius, jocs, activitats d&#8217;aigua, excursions, esports i din\u00e0miques per fomentar l&#8217;aprenentatge i la conviv\u00e8ncia. L&#8217;objectiu principal d\u2019aquesta iniciativa, que es consolida ja als estius de Portell, \u00e9s oferir una alternativa educativa i d\u2019oci durant el per\u00edode estival, afavorint alhora la conciliaci\u00f3 familiar.<\/p>\n\n\n\n<p>El nombre m\u00e0xim de participants en aquesta edici\u00f3 de l\u2019Escola d\u2019Estiu ser\u00e0 de 30 xiquets i xiquetes. Els formularis per a les inscripcions estan disponibles a l\u2019Ajuntament de Portell i el termini per a assegurar la pla\u00e7a est\u00e0 obert fins a finals de juny o principis de juliol, tot i que, si hi haguera algun cas posterior i disponibilitat s\u2019intentar\u00e0 atendre. Tamb\u00e9 es valorar\u00e0 la possibilitat&nbsp; d\u2019ampliar el per\u00edode d\u2019escoleta en el cas que es detectara una demanda superior.<\/p>\n","protected":false},"excerpt":{"rendered":"<p>L\u2019Ajuntament de Portell prepara, un any m\u00e9s, un servei d\u2019Escola d\u2019Estiu per oferir als xiquets i xiquetes del poble i estiuejants un programa d&#8217;activitats l\u00fadiques i educatives durant les vacances escolars. Enguany, l\u2019Escola d\u2019Estiu obrir\u00e0 les portes del 14 de juliol a l\u20191 d&#8217;agost a l&#8217;Aulari de Portell, amb activitats des de los 9.30 fins [&hellip;]<\/p>\n","protected":false},"author":1,"featured_media":8362,"comment_status":"open","ping_status":"open","sticky":false,"template":"","format":"standard","meta":{"footnotes":""},"categories":[97],"tags":[297,100],"class_list":["post-8361","post","type-post","status-publish","format-standard","has-post-thumbnail","hentry","category-ayuntamiento-ca","tag-escoleta-destiu","tag-portell-2"],"yoast_head":"<!-- This site is optimized with the Yoast SEO plugin v24.4 - https:\/\/yoast.com\/wordpress\/plugins\/seo\/ -->\n<title>Portell activa una nova edici\u00f3 de l&#039;Escola d&#039;Estiu per a oferir activitats l\u00fadiques i oci educatiu als xiquets i xiquetes durant les vacances escolars - Portell de Morella<\/title>\n<meta name=\"robots\" content=\"noindex, follow, max-snippet:-1, max-image-preview:large, max-video-preview:-1\" \/>\n<meta property=\"og:locale\" content=\"ca_ES\" \/>\n<meta property=\"og:type\" content=\"article\" \/>\n<meta property=\"og:title\" content=\"Portell activa una nova edici\u00f3 de l&#039;Escola d&#039;Estiu per a oferir activitats l\u00fadiques i oci educatiu als xiquets i xiquetes durant les vacances escolars - Portell de Morella\" \/>\n<meta property=\"og:description\" content=\"L\u2019Ajuntament de Portell prepara, un any m\u00e9s, un servei d\u2019Escola d\u2019Estiu per oferir als xiquets i xiquetes del poble i estiuejants un programa d&#8217;activitats l\u00fadiques i educatives durant les vacances escolars. Enguany, l\u2019Escola d\u2019Estiu obrir\u00e0 les portes del 14 de juliol a l\u20191 d&#8217;agost a l&#8217;Aulari de Portell, amb activitats des de los 9.30 fins [&hellip;]\" \/>\n<meta property=\"og:url\" content=\"https:\/\/portelldemorella.org\/ca\/portell-activa-una-nova-edicio-de-lescola-destiu-per-a-oferir-activitats-ludiques-i-oci-educatiu-als-xiquets-i-xiquetes-durant-les-vacances-escolars\/\" \/>\n<meta property=\"og:site_name\" content=\"Portell de Morella\" \/>\n<meta property=\"article:published_time\" content=\"2025-05-30T08:26:55+00:00\" \/>\n<meta property=\"article:modified_time\" content=\"2025-05-30T08:26:57+00:00\" \/>\n<meta property=\"og:image\" content=\"https:\/\/portelldemorella.org\/wp-content\/uploads\/2025\/05\/Portell-activa-una-nova-edicio-de-lEscola-dEstiu-per-a-oferir-activitats-ludiques-i-oci-educatiu-als-xiquets-i-xiquetes-durant-les-vacances-escolars.jpg\" \/>\n\t<meta property=\"og:image:width\" content=\"1080\" \/>\n\t<meta property=\"og:image:height\" content=\"1350\" \/>\n\t<meta property=\"og:image:type\" content=\"image\/jpeg\" \/>\n<meta name=\"author\" content=\"portell\" \/>\n<meta name=\"twitter:card\" content=\"summary_large_image\" \/>\n<meta name=\"twitter:label1\" content=\"Escrit per\" \/>\n\t<meta name=\"twitter:data1\" content=\"portell\" \/>\n\t<meta name=\"twitter:label2\" content=\"Temps estimat de lectura\" \/>\n\t<meta name=\"twitter:data2\" content=\"2 minuts\" \/>\n<script type=\"application\/ld+json\" class=\"yoast-schema-graph\">{\"@context\":\"https:\/\/schema.org\",\"@graph\":[{\"@type\":\"Article\",\"@id\":\"https:\/\/portelldemorella.org\/ca\/portell-activa-una-nova-edicio-de-lescola-destiu-per-a-oferir-activitats-ludiques-i-oci-educatiu-als-xiquets-i-xiquetes-durant-les-vacances-escolars\/#article\",\"isPartOf\":{\"@id\":\"https:\/\/portelldemorella.org\/ca\/portell-activa-una-nova-edicio-de-lescola-destiu-per-a-oferir-activitats-ludiques-i-oci-educatiu-als-xiquets-i-xiquetes-durant-les-vacances-escolars\/\"},\"author\":{\"name\":\"portell\",\"@id\":\"https:\/\/portelldemorella.org\/#\/schema\/person\/2adde77c454244acd163488ec723a88b\"},\"headline\":\"Portell activa una nova edici\u00f3 de l&#8217;Escola d&#8217;Estiu per a oferir activitats l\u00fadiques i oci educatiu als xiquets i xiquetes durant les vacances escolars\",\"datePublished\":\"2025-05-30T08:26:55+00:00\",\"dateModified\":\"2025-05-30T08:26:57+00:00\",\"mainEntityOfPage\":{\"@id\":\"https:\/\/portelldemorella.org\/ca\/portell-activa-una-nova-edicio-de-lescola-destiu-per-a-oferir-activitats-ludiques-i-oci-educatiu-als-xiquets-i-xiquetes-durant-les-vacances-escolars\/\"},\"wordCount\":253,\"commentCount\":0,\"publisher\":{\"@id\":\"https:\/\/portelldemorella.org\/#organization\"},\"image\":{\"@id\":\"https:\/\/portelldemorella.org\/ca\/portell-activa-una-nova-edicio-de-lescola-destiu-per-a-oferir-activitats-ludiques-i-oci-educatiu-als-xiquets-i-xiquetes-durant-les-vacances-escolars\/#primaryimage\"},\"thumbnailUrl\":\"https:\/\/portelldemorella.org\/wp-content\/uploads\/2025\/05\/Portell-activa-una-nova-edicio-de-lEscola-dEstiu-per-a-oferir-activitats-ludiques-i-oci-educatiu-als-xiquets-i-xiquetes-durant-les-vacances-escolars.jpg\",\"keywords\":[\"escoleta d'estiu\",\"portell\"],\"articleSection\":[\"Ayuntamiento\"],\"inLanguage\":\"ca\",\"potentialAction\":[{\"@type\":\"CommentAction\",\"name\":\"Comment\",\"target\":[\"https:\/\/portelldemorella.org\/ca\/portell-activa-una-nova-edicio-de-lescola-destiu-per-a-oferir-activitats-ludiques-i-oci-educatiu-als-xiquets-i-xiquetes-durant-les-vacances-escolars\/#respond\"]}]},{\"@type\":\"WebPage\",\"@id\":\"https:\/\/portelldemorella.org\/ca\/portell-activa-una-nova-edicio-de-lescola-destiu-per-a-oferir-activitats-ludiques-i-oci-educatiu-als-xiquets-i-xiquetes-durant-les-vacances-escolars\/\",\"url\":\"https:\/\/portelldemorella.org\/ca\/portell-activa-una-nova-edicio-de-lescola-destiu-per-a-oferir-activitats-ludiques-i-oci-educatiu-als-xiquets-i-xiquetes-durant-les-vacances-escolars\/\",\"name\":\"Portell activa una nova edici\u00f3 de l'Escola d'Estiu per a oferir activitats l\u00fadiques i oci educatiu als xiquets i xiquetes durant les vacances escolars - Portell de Morella\",\"isPartOf\":{\"@id\":\"https:\/\/portelldemorella.org\/#website\"},\"primaryImageOfPage\":{\"@id\":\"https:\/\/portelldemorella.org\/ca\/portell-activa-una-nova-edicio-de-lescola-destiu-per-a-oferir-activitats-ludiques-i-oci-educatiu-als-xiquets-i-xiquetes-durant-les-vacances-escolars\/#primaryimage\"},\"image\":{\"@id\":\"https:\/\/portelldemorella.org\/ca\/portell-activa-una-nova-edicio-de-lescola-destiu-per-a-oferir-activitats-ludiques-i-oci-educatiu-als-xiquets-i-xiquetes-durant-les-vacances-escolars\/#primaryimage\"},\"thumbnailUrl\":\"https:\/\/portelldemorella.org\/wp-content\/uploads\/2025\/05\/Portell-activa-una-nova-edicio-de-lEscola-dEstiu-per-a-oferir-activitats-ludiques-i-oci-educatiu-als-xiquets-i-xiquetes-durant-les-vacances-escolars.jpg\",\"datePublished\":\"2025-05-30T08:26:55+00:00\",\"dateModified\":\"2025-05-30T08:26:57+00:00\",\"breadcrumb\":{\"@id\":\"https:\/\/portelldemorella.org\/ca\/portell-activa-una-nova-edicio-de-lescola-destiu-per-a-oferir-activitats-ludiques-i-oci-educatiu-als-xiquets-i-xiquetes-durant-les-vacances-escolars\/#breadcrumb\"},\"inLanguage\":\"ca\",\"potentialAction\":[{\"@type\":\"ReadAction\",\"target\":[\"https:\/\/portelldemorella.org\/ca\/portell-activa-una-nova-edicio-de-lescola-destiu-per-a-oferir-activitats-ludiques-i-oci-educatiu-als-xiquets-i-xiquetes-durant-les-vacances-escolars\/\"]}]},{\"@type\":\"ImageObject\",\"inLanguage\":\"ca\",\"@id\":\"https:\/\/portelldemorella.org\/ca\/portell-activa-una-nova-edicio-de-lescola-destiu-per-a-oferir-activitats-ludiques-i-oci-educatiu-als-xiquets-i-xiquetes-durant-les-vacances-escolars\/#primaryimage\",\"url\":\"https:\/\/portelldemorella.org\/wp-content\/uploads\/2025\/05\/Portell-activa-una-nova-edicio-de-lEscola-dEstiu-per-a-oferir-activitats-ludiques-i-oci-educatiu-als-xiquets-i-xiquetes-durant-les-vacances-escolars.jpg\",\"contentUrl\":\"https:\/\/portelldemorella.org\/wp-content\/uploads\/2025\/05\/Portell-activa-una-nova-edicio-de-lEscola-dEstiu-per-a-oferir-activitats-ludiques-i-oci-educatiu-als-xiquets-i-xiquetes-durant-les-vacances-escolars.jpg\",\"width\":1080,\"height\":1350},{\"@type\":\"BreadcrumbList\",\"@id\":\"https:\/\/portelldemorella.org\/ca\/portell-activa-una-nova-edicio-de-lescola-destiu-per-a-oferir-activitats-ludiques-i-oci-educatiu-als-xiquets-i-xiquetes-durant-les-vacances-escolars\/#breadcrumb\",\"itemListElement\":[{\"@type\":\"ListItem\",\"position\":1,\"name\":\"Portada\",\"item\":\"https:\/\/portelldemorella.org\/ca\/\"},{\"@type\":\"ListItem\",\"position\":2,\"name\":\"Portell activa una nova edici\u00f3 de l&#8217;Escola d&#8217;Estiu per a oferir activitats l\u00fadiques i oci educatiu als xiquets i xiquetes durant les vacances escolars\"}]},{\"@type\":\"WebSite\",\"@id\":\"https:\/\/portelldemorella.org\/#website\",\"url\":\"https:\/\/portelldemorella.org\/\",\"name\":\"Portell de Morella\",\"description\":\"Web del Ayuntamiento de Portell de Morella\",\"publisher\":{\"@id\":\"https:\/\/portelldemorella.org\/#organization\"},\"potentialAction\":[{\"@type\":\"SearchAction\",\"target\":{\"@type\":\"EntryPoint\",\"urlTemplate\":\"https:\/\/portelldemorella.org\/?s={search_term_string}\"},\"query-input\":{\"@type\":\"PropertyValueSpecification\",\"valueRequired\":true,\"valueName\":\"search_term_string\"}}],\"inLanguage\":\"ca\"},{\"@type\":\"Organization\",\"@id\":\"https:\/\/portelldemorella.org\/#organization\",\"name\":\"Portell de Morella\",\"url\":\"https:\/\/portelldemorella.org\/\",\"logo\":{\"@type\":\"ImageObject\",\"inLanguage\":\"ca\",\"@id\":\"https:\/\/portelldemorella.org\/#\/schema\/logo\/image\/\",\"url\":\"https:\/\/portelldemorella.org\/wp-content\/uploads\/2020\/11\/Escudo-Portell-04.jpg\",\"contentUrl\":\"https:\/\/portelldemorella.org\/wp-content\/uploads\/2020\/11\/Escudo-Portell-04.jpg\",\"width\":1001,\"height\":394,\"caption\":\"Portell de Morella\"},\"image\":{\"@id\":\"https:\/\/portelldemorella.org\/#\/schema\/logo\/image\/\"}},{\"@type\":\"Person\",\"@id\":\"https:\/\/portelldemorella.org\/#\/schema\/person\/2adde77c454244acd163488ec723a88b\",\"name\":\"portell\",\"image\":{\"@type\":\"ImageObject\",\"inLanguage\":\"ca\",\"@id\":\"https:\/\/portelldemorella.org\/#\/schema\/person\/image\/\",\"url\":\"https:\/\/secure.gravatar.com\/avatar\/077c6bd89604df620d2fa93a06be2531944cdd6826fd322dbd8b483fd84d6407?s=96&d=mm&r=g\",\"contentUrl\":\"https:\/\/secure.gravatar.com\/avatar\/077c6bd89604df620d2fa93a06be2531944cdd6826fd322dbd8b483fd84d6407?s=96&d=mm&r=g\",\"caption\":\"portell\"},\"sameAs\":[\"https:\/\/portelldemorella.org\"],\"url\":\"https:\/\/portelldemorella.org\/ca\/author\/portell\/\"}]}<\/script>\n<!-- \/ Yoast SEO plugin. -->","yoast_head_json":{"title":"Portell activa una nova edici\u00f3 de l'Escola d'Estiu per a oferir activitats l\u00fadiques i oci educatiu als xiquets i xiquetes durant les vacances escolars - Portell de Morella","robots":{"index":"noindex","follow":"follow","max-snippet":"max-snippet:-1","max-image-preview":"max-image-preview:large","max-video-preview":"max-video-preview:-1"},"og_locale":"ca_ES","og_type":"article","og_title":"Portell activa una nova edici\u00f3 de l'Escola d'Estiu per a oferir activitats l\u00fadiques i oci educatiu als xiquets i xiquetes durant les vacances escolars - Portell de Morella","og_description":"L\u2019Ajuntament de Portell prepara, un any m\u00e9s, un servei d\u2019Escola d\u2019Estiu per oferir als xiquets i xiquetes del poble i estiuejants un programa d&#8217;activitats l\u00fadiques i educatives durant les vacances escolars. Enguany, l\u2019Escola d\u2019Estiu obrir\u00e0 les portes del 14 de juliol a l\u20191 d&#8217;agost a l&#8217;Aulari de Portell, amb activitats des de los 9.30 fins [&hellip;]","og_url":"https:\/\/portelldemorella.org\/ca\/portell-activa-una-nova-edicio-de-lescola-destiu-per-a-oferir-activitats-ludiques-i-oci-educatiu-als-xiquets-i-xiquetes-durant-les-vacances-escolars\/","og_site_name":"Portell de Morella","article_published_time":"2025-05-30T08:26:55+00:00","article_modified_time":"2025-05-30T08:26:57+00:00","og_image":[{"width":1080,"height":1350,"url":"https:\/\/portelldemorella.org\/wp-content\/uploads\/2025\/05\/Portell-activa-una-nova-edicio-de-lEscola-dEstiu-per-a-oferir-activitats-ludiques-i-oci-educatiu-als-xiquets-i-xiquetes-durant-les-vacances-escolars.jpg","type":"image\/jpeg"}],"author":"portell","twitter_card":"summary_large_image","twitter_misc":{"Escrit per":"portell","Temps estimat de lectura":"2 minuts"},"schema":{"@context":"https:\/\/schema.org","@graph":[{"@type":"Article","@id":"https:\/\/portelldemorella.org\/ca\/portell-activa-una-nova-edicio-de-lescola-destiu-per-a-oferir-activitats-ludiques-i-oci-educatiu-als-xiquets-i-xiquetes-durant-les-vacances-escolars\/#article","isPartOf":{"@id":"https:\/\/portelldemorella.org\/ca\/portell-activa-una-nova-edicio-de-lescola-destiu-per-a-oferir-activitats-ludiques-i-oci-educatiu-als-xiquets-i-xiquetes-durant-les-vacances-escolars\/"},"author":{"name":"portell","@id":"https:\/\/portelldemorella.org\/#\/schema\/person\/2adde77c454244acd163488ec723a88b"},"headline":"Portell activa una nova edici\u00f3 de l&#8217;Escola d&#8217;Estiu per a oferir activitats l\u00fadiques i oci educatiu als xiquets i xiquetes durant les vacances escolars","datePublished":"2025-05-30T08:26:55+00:00","dateModified":"2025-05-30T08:26:57+00:00","mainEntityOfPage":{"@id":"https:\/\/portelldemorella.org\/ca\/portell-activa-una-nova-edicio-de-lescola-destiu-per-a-oferir-activitats-ludiques-i-oci-educatiu-als-xiquets-i-xiquetes-durant-les-vacances-escolars\/"},"wordCount":253,"commentCount":0,"publisher":{"@id":"https:\/\/portelldemorella.org\/#organization"},"image":{"@id":"https:\/\/portelldemorella.org\/ca\/portell-activa-una-nova-edicio-de-lescola-destiu-per-a-oferir-activitats-ludiques-i-oci-educatiu-als-xiquets-i-xiquetes-durant-les-vacances-escolars\/#primaryimage"},"thumbnailUrl":"https:\/\/portelldemorella.org\/wp-content\/uploads\/2025\/05\/Portell-activa-una-nova-edicio-de-lEscola-dEstiu-per-a-oferir-activitats-ludiques-i-oci-educatiu-als-xiquets-i-xiquetes-durant-les-vacances-escolars.jpg","keywords":["escoleta d'estiu","portell"],"articleSection":["Ayuntamiento"],"inLanguage":"ca","potentialAction":[{"@type":"CommentAction","name":"Comment","target":["https:\/\/portelldemorella.org\/ca\/portell-activa-una-nova-edicio-de-lescola-destiu-per-a-oferir-activitats-ludiques-i-oci-educatiu-als-xiquets-i-xiquetes-durant-les-vacances-escolars\/#respond"]}]},{"@type":"WebPage","@id":"https:\/\/portelldemorella.org\/ca\/portell-activa-una-nova-edicio-de-lescola-destiu-per-a-oferir-activitats-ludiques-i-oci-educatiu-als-xiquets-i-xiquetes-durant-les-vacances-escolars\/","url":"https:\/\/portelldemorella.org\/ca\/portell-activa-una-nova-edicio-de-lescola-destiu-per-a-oferir-activitats-ludiques-i-oci-educatiu-als-xiquets-i-xiquetes-durant-les-vacances-escolars\/","name":"Portell activa una nova edici\u00f3 de l'Escola d'Estiu per a oferir activitats l\u00fadiques i oci educatiu als xiquets i xiquetes durant les vacances escolars - Portell de Morella","isPartOf":{"@id":"https:\/\/portelldemorella.org\/#website"},"primaryImageOfPage":{"@id":"https:\/\/portelldemorella.org\/ca\/portell-activa-una-nova-edicio-de-lescola-destiu-per-a-oferir-activitats-ludiques-i-oci-educatiu-als-xiquets-i-xiquetes-durant-les-vacances-escolars\/#primaryimage"},"image":{"@id":"https:\/\/portelldemorella.org\/ca\/portell-activa-una-nova-edicio-de-lescola-destiu-per-a-oferir-activitats-ludiques-i-oci-educatiu-als-xiquets-i-xiquetes-durant-les-vacances-escolars\/#primaryimage"},"thumbnailUrl":"https:\/\/portelldemorella.org\/wp-content\/uploads\/2025\/05\/Portell-activa-una-nova-edicio-de-lEscola-dEstiu-per-a-oferir-activitats-ludiques-i-oci-educatiu-als-xiquets-i-xiquetes-durant-les-vacances-escolars.jpg","datePublished":"2025-05-30T08:26:55+00:00","dateModified":"2025-05-30T08:26:57+00:00","breadcrumb":{"@id":"https:\/\/portelldemorella.org\/ca\/portell-activa-una-nova-edicio-de-lescola-destiu-per-a-oferir-activitats-ludiques-i-oci-educatiu-als-xiquets-i-xiquetes-durant-les-vacances-escolars\/#breadcrumb"},"inLanguage":"ca","potentialAction":[{"@type":"ReadAction","target":["https:\/\/portelldemorella.org\/ca\/portell-activa-una-nova-edicio-de-lescola-destiu-per-a-oferir-activitats-ludiques-i-oci-educatiu-als-xiquets-i-xiquetes-durant-les-vacances-escolars\/"]}]},{"@type":"ImageObject","inLanguage":"ca","@id":"https:\/\/portelldemorella.org\/ca\/portell-activa-una-nova-edicio-de-lescola-destiu-per-a-oferir-activitats-ludiques-i-oci-educatiu-als-xiquets-i-xiquetes-durant-les-vacances-escolars\/#primaryimage","url":"https:\/\/portelldemorella.org\/wp-content\/uploads\/2025\/05\/Portell-activa-una-nova-edicio-de-lEscola-dEstiu-per-a-oferir-activitats-ludiques-i-oci-educatiu-als-xiquets-i-xiquetes-durant-les-vacances-escolars.jpg","contentUrl":"https:\/\/portelldemorella.org\/wp-content\/uploads\/2025\/05\/Portell-activa-una-nova-edicio-de-lEscola-dEstiu-per-a-oferir-activitats-ludiques-i-oci-educatiu-als-xiquets-i-xiquetes-durant-les-vacances-escolars.jpg","width":1080,"height":1350},{"@type":"BreadcrumbList","@id":"https:\/\/portelldemorella.org\/ca\/portell-activa-una-nova-edicio-de-lescola-destiu-per-a-oferir-activitats-ludiques-i-oci-educatiu-als-xiquets-i-xiquetes-durant-les-vacances-escolars\/#breadcrumb","itemListElement":[{"@type":"ListItem","position":1,"name":"Portada","item":"https:\/\/portelldemorella.org\/ca\/"},{"@type":"ListItem","position":2,"name":"Portell activa una nova edici\u00f3 de l&#8217;Escola d&#8217;Estiu per a oferir activitats l\u00fadiques i oci educatiu als xiquets i xiquetes durant les vacances escolars"}]},{"@type":"WebSite","@id":"https:\/\/portelldemorella.org\/#website","url":"https:\/\/portelldemorella.org\/","name":"Portell de Morella","description":"Web del Ayuntamiento de Portell de Morella","publisher":{"@id":"https:\/\/portelldemorella.org\/#organization"},"potentialAction":[{"@type":"SearchAction","target":{"@type":"EntryPoint","urlTemplate":"https:\/\/portelldemorella.org\/?s={search_term_string}"},"query-input":{"@type":"PropertyValueSpecification","valueRequired":true,"valueName":"search_term_string"}}],"inLanguage":"ca"},{"@type":"Organization","@id":"https:\/\/portelldemorella.org\/#organization","name":"Portell de Morella","url":"https:\/\/portelldemorella.org\/","logo":{"@type":"ImageObject","inLanguage":"ca","@id":"https:\/\/portelldemorella.org\/#\/schema\/logo\/image\/","url":"https:\/\/portelldemorella.org\/wp-content\/uploads\/2020\/11\/Escudo-Portell-04.jpg","contentUrl":"https:\/\/portelldemorella.org\/wp-content\/uploads\/2020\/11\/Escudo-Portell-04.jpg","width":1001,"height":394,"caption":"Portell de Morella"},"image":{"@id":"https:\/\/portelldemorella.org\/#\/schema\/logo\/image\/"}},{"@type":"Person","@id":"https:\/\/portelldemorella.org\/#\/schema\/person\/2adde77c454244acd163488ec723a88b","name":"portell","image":{"@type":"ImageObject","inLanguage":"ca","@id":"https:\/\/portelldemorella.org\/#\/schema\/person\/image\/","url":"https:\/\/secure.gravatar.com\/avatar\/077c6bd89604df620d2fa93a06be2531944cdd6826fd322dbd8b483fd84d6407?s=96&d=mm&r=g","contentUrl":"https:\/\/secure.gravatar.com\/avatar\/077c6bd89604df620d2fa93a06be2531944cdd6826fd322dbd8b483fd84d6407?s=96&d=mm&r=g","caption":"portell"},"sameAs":["https:\/\/portelldemorella.org"],"url":"https:\/\/portelldemorella.org\/ca\/author\/portell\/"}]}},"_links":{"self":[{"href":"https:\/\/portelldemorella.org\/ca\/wp-json\/wp\/v2\/posts\/8361","targetHints":{"allow":["GET"]}}],"collection":[{"href":"https:\/\/portelldemorella.org\/ca\/wp-json\/wp\/v2\/posts"}],"about":[{"href":"https:\/\/portelldemorella.org\/ca\/wp-json\/wp\/v2\/types\/post"}],"author":[{"embeddable":true,"href":"https:\/\/portelldemorella.org\/ca\/wp-json\/wp\/v2\/users\/1"}],"replies":[{"embeddable":true,"href":"https:\/\/portelldemorella.org\/ca\/wp-json\/wp\/v2\/comments?post=8361"}],"version-history":[{"count":1,"href":"https:\/\/portelldemorella.org\/ca\/wp-json\/wp\/v2\/posts\/8361\/revisions"}],"predecessor-version":[{"id":8364,"href":"https:\/\/portelldemorella.org\/ca\/wp-json\/wp\/v2\/posts\/8361\/revisions\/8364"}],"wp:featuredmedia":[{"embeddable":true,"href":"https:\/\/portelldemorella.org\/ca\/wp-json\/wp\/v2\/media\/8362"}],"wp:attachment":[{"href":"https:\/\/portelldemorella.org\/ca\/wp-json\/wp\/v2\/media?parent=8361"}],"wp:term":[{"taxonomy":"category","embeddable":true,"href":"https:\/\/portelldemorella.org\/ca\/wp-json\/wp\/v2\/categories?post=8361"},{"taxonomy":"post_tag","embeddable":true,"href":"https:\/\/portelldemorella.org\/ca\/wp-json\/wp\/v2\/tags?post=8361"}],"curies":[{"name":"wp","href":"https:\/\/api.w.org\/{rel}","templated":true}]}}