{"id":8372,"date":"2025-06-12T07:39:34","date_gmt":"2025-06-12T07:39:34","guid":{"rendered":"https:\/\/portelldemorella.org\/?p=8372"},"modified":"2025-06-12T07:40:59","modified_gmt":"2025-06-12T07:40:59","slug":"mes-pelegrines-que-pelegrins-portell-reviu-dissabte-el-cami-ancestral-a-sant-pere-de-castellfort-amb-una-participacio-creixent-de-dones","status":"publish","type":"post","link":"https:\/\/portelldemorella.org\/ca\/mes-pelegrines-que-pelegrins-portell-reviu-dissabte-el-cami-ancestral-a-sant-pere-de-castellfort-amb-una-participacio-creixent-de-dones\/","title":{"rendered":"M\u00e9s pelegrines que pelegrins: Portell reviu dissabte el cam\u00ed ancestral a Sant Pere de Castellfort amb una participaci\u00f3 creixent de dones"},"content":{"rendered":"\n<p>Amb m\u00e9s de 500 anys d\u2019hist\u00f2ria, Els Pelegrins de Portell tornaran a rec\u00f3rrer aquest dissabte el cam\u00ed ancestral que separa el poble de l\u2019ermita de Sant Pere de Castellfort. Ho faran amb el silenci i el recolliment que marca la tradici\u00f3, per\u00f2 amb la modernitat que requereixen els temps actuals: vuit dels 12 pelegrins seran pelegrines.<\/p>\n\n\n\n<p>Una circumst\u00e0ncia impensable no nom\u00e9s en els or\u00edgens medievals del pelegrinatge sin\u00f3 fins ben entrat el segle XXI: no va ser fins l\u2019any 2018 que es va permetre, per primera vegada, la participaci\u00f3 de les dones en el cam\u00ed cap a Castellfort. Des d\u2019aleshores, la pres\u00e8ncia femenina ha estat variable per\u00f2 constant. Enguany, superar\u00e0 la participaci\u00f3 d\u2019homes, una situaci\u00f3 que nom\u00e9s s\u2019ha produ\u00eft una vegada, en la recuperaci\u00f3 de la romeria despr\u00e9s de la pand\u00e8mia (2022).<\/p>\n\n\n\n<p>Elena Prades Carceller, David L\u00f3pez Lozano, Claudia Bono Mestre, Ana Bel\u00e9n Gisbert Cerd\u00e0, Jose Antonio Cruz Ferrer, Natalia Vinaixa Ferrer, Sara Celades Pla, \u2060Pilar Estupi\u00f1\u00e1 Beltr\u00e1n, \u2060Jaume Carb\u00ed Tella, Laura Beltran Garcia, Lorenzo Gargallo Gual i Susana Morralla Aparici seran els encarregats de donar compliment al ritual. Amb ells, en la mem\u00f2ria, Diego Agut Tena, un amic del grup mort a principis d\u2019any, a qui retran homenatge amb bra\u00e7alets negres.<\/p>\n\n\n\n<p>Vestits amb capes i barret, els pelegrins i pelegrines eixiran del poble de matinada separats per 50 passos per a rec\u00f3rrer els 15 quil\u00f2metres de dist\u00e0ncia entre Portell i Sant Pere de Castellfort. Com a \u00fanic company de viatge, el silenci. Un silenci que impregna tot el cam\u00ed de misticisme i que el converteix en un pelegrinatge \u00fanic.<\/p>\n\n\n\n<p>A trav\u00e9s de pinedes i barrancs, el pelegrins i pelegrines arribaran a l\u2019ermita de Sant Pere de Castellfort, on besaran el terra i saludaran amb el cap la silueta de Portell en la llunyania. De vesprada, emprendran el cam\u00ed de tornada a casa, on, de nit, els rebr\u00e0 el poble per acompanyar-los, amb peanyes i banderes, fins a l\u2019esgl\u00e9sia.<\/p>\n","protected":false},"excerpt":{"rendered":"<p>Amb m\u00e9s de 500 anys d\u2019hist\u00f2ria, Els Pelegrins de Portell tornaran a rec\u00f3rrer aquest dissabte el cam\u00ed ancestral que separa el poble de l\u2019ermita de Sant Pere de Castellfort. Ho faran amb el silenci i el recolliment que marca la tradici\u00f3, per\u00f2 amb la modernitat que requereixen els temps actuals: vuit dels 12 pelegrins seran [&hellip;]<\/p>\n","protected":false},"author":1,"featured_media":8370,"comment_status":"open","ping_status":"open","sticky":false,"template":"","format":"standard","meta":{"footnotes":""},"categories":[97],"tags":[289,135,303,107,305,304],"class_list":["post-8372","post","type-post","status-publish","format-standard","has-post-thumbnail","hentry","category-ayuntamiento-ca","tag-cultura-2","tag-els-ports","tag-pelgrins-de-portell","tag-portell-ca","tag-romeria","tag-sant-pere-de-castellfort-2"],"yoast_head":"<!-- This site is optimized with the Yoast SEO plugin v24.4 - https:\/\/yoast.com\/wordpress\/plugins\/seo\/ -->\n<title>M\u00e9s pelegrines que pelegrins: Portell reviu dissabte el cam\u00ed ancestral a Sant Pere de Castellfort amb una participaci\u00f3 creixent de dones - Portell de Morella<\/title>\n<meta name=\"robots\" content=\"noindex, follow, max-snippet:-1, max-image-preview:large, max-video-preview:-1\" \/>\n<meta property=\"og:locale\" content=\"ca_ES\" \/>\n<meta property=\"og:type\" content=\"article\" \/>\n<meta property=\"og:title\" content=\"M\u00e9s pelegrines que pelegrins: Portell reviu dissabte el cam\u00ed ancestral a Sant Pere de Castellfort amb una participaci\u00f3 creixent de dones - Portell de Morella\" \/>\n<meta property=\"og:description\" content=\"Amb m\u00e9s de 500 anys d\u2019hist\u00f2ria, Els Pelegrins de Portell tornaran a rec\u00f3rrer aquest dissabte el cam\u00ed ancestral que separa el poble de l\u2019ermita de Sant Pere de Castellfort. Ho faran amb el silenci i el recolliment que marca la tradici\u00f3, per\u00f2 amb la modernitat que requereixen els temps actuals: vuit dels 12 pelegrins seran [&hellip;]\" \/>\n<meta property=\"og:url\" content=\"https:\/\/portelldemorella.org\/ca\/mes-pelegrines-que-pelegrins-portell-reviu-dissabte-el-cami-ancestral-a-sant-pere-de-castellfort-amb-una-participacio-creixent-de-dones\/\" \/>\n<meta property=\"og:site_name\" content=\"Portell de Morella\" \/>\n<meta property=\"article:published_time\" content=\"2025-06-12T07:39:34+00:00\" \/>\n<meta property=\"article:modified_time\" content=\"2025-06-12T07:40:59+00:00\" \/>\n<meta property=\"og:image\" content=\"https:\/\/portelldemorella.org\/wp-content\/uploads\/2025\/06\/Mes-pelegrines-que-pelegrins.jpg\" \/>\n\t<meta property=\"og:image:width\" content=\"1600\" \/>\n\t<meta property=\"og:image:height\" content=\"1066\" \/>\n\t<meta property=\"og:image:type\" content=\"image\/jpeg\" \/>\n<meta name=\"author\" content=\"portell\" \/>\n<meta name=\"twitter:card\" content=\"summary_large_image\" \/>\n<meta name=\"twitter:label1\" content=\"Escrit per\" \/>\n\t<meta name=\"twitter:data1\" content=\"portell\" \/>\n\t<meta name=\"twitter:label2\" content=\"Temps estimat de lectura\" \/>\n\t<meta name=\"twitter:data2\" content=\"2 minuts\" \/>\n<script type=\"application\/ld+json\" class=\"yoast-schema-graph\">{\"@context\":\"https:\/\/schema.org\",\"@graph\":[{\"@type\":\"Article\",\"@id\":\"https:\/\/portelldemorella.org\/ca\/mes-pelegrines-que-pelegrins-portell-reviu-dissabte-el-cami-ancestral-a-sant-pere-de-castellfort-amb-una-participacio-creixent-de-dones\/#article\",\"isPartOf\":{\"@id\":\"https:\/\/portelldemorella.org\/ca\/mes-pelegrines-que-pelegrins-portell-reviu-dissabte-el-cami-ancestral-a-sant-pere-de-castellfort-amb-una-participacio-creixent-de-dones\/\"},\"author\":{\"name\":\"portell\",\"@id\":\"https:\/\/portelldemorella.org\/#\/schema\/person\/2adde77c454244acd163488ec723a88b\"},\"headline\":\"M\u00e9s pelegrines que pelegrins: Portell reviu dissabte el cam\u00ed ancestral a Sant Pere de Castellfort amb una participaci\u00f3 creixent de dones\",\"datePublished\":\"2025-06-12T07:39:34+00:00\",\"dateModified\":\"2025-06-12T07:40:59+00:00\",\"mainEntityOfPage\":{\"@id\":\"https:\/\/portelldemorella.org\/ca\/mes-pelegrines-que-pelegrins-portell-reviu-dissabte-el-cami-ancestral-a-sant-pere-de-castellfort-amb-una-participacio-creixent-de-dones\/\"},\"wordCount\":365,\"commentCount\":0,\"publisher\":{\"@id\":\"https:\/\/portelldemorella.org\/#organization\"},\"image\":{\"@id\":\"https:\/\/portelldemorella.org\/ca\/mes-pelegrines-que-pelegrins-portell-reviu-dissabte-el-cami-ancestral-a-sant-pere-de-castellfort-amb-una-participacio-creixent-de-dones\/#primaryimage\"},\"thumbnailUrl\":\"https:\/\/portelldemorella.org\/wp-content\/uploads\/2025\/06\/Mes-pelegrines-que-pelegrins.jpg\",\"keywords\":[\"Cultura\",\"els ports\",\"Pelgrins de Portell\",\"portell\",\"Romeria\",\"Sant Pere de Castellfort\"],\"articleSection\":[\"Ayuntamiento\"],\"inLanguage\":\"ca\",\"potentialAction\":[{\"@type\":\"CommentAction\",\"name\":\"Comment\",\"target\":[\"https:\/\/portelldemorella.org\/ca\/mes-pelegrines-que-pelegrins-portell-reviu-dissabte-el-cami-ancestral-a-sant-pere-de-castellfort-amb-una-participacio-creixent-de-dones\/#respond\"]}]},{\"@type\":\"WebPage\",\"@id\":\"https:\/\/portelldemorella.org\/ca\/mes-pelegrines-que-pelegrins-portell-reviu-dissabte-el-cami-ancestral-a-sant-pere-de-castellfort-amb-una-participacio-creixent-de-dones\/\",\"url\":\"https:\/\/portelldemorella.org\/ca\/mes-pelegrines-que-pelegrins-portell-reviu-dissabte-el-cami-ancestral-a-sant-pere-de-castellfort-amb-una-participacio-creixent-de-dones\/\",\"name\":\"M\u00e9s pelegrines que pelegrins: Portell reviu dissabte el cam\u00ed ancestral a Sant Pere de Castellfort amb una participaci\u00f3 creixent de dones - Portell de Morella\",\"isPartOf\":{\"@id\":\"https:\/\/portelldemorella.org\/#website\"},\"primaryImageOfPage\":{\"@id\":\"https:\/\/portelldemorella.org\/ca\/mes-pelegrines-que-pelegrins-portell-reviu-dissabte-el-cami-ancestral-a-sant-pere-de-castellfort-amb-una-participacio-creixent-de-dones\/#primaryimage\"},\"image\":{\"@id\":\"https:\/\/portelldemorella.org\/ca\/mes-pelegrines-que-pelegrins-portell-reviu-dissabte-el-cami-ancestral-a-sant-pere-de-castellfort-amb-una-participacio-creixent-de-dones\/#primaryimage\"},\"thumbnailUrl\":\"https:\/\/portelldemorella.org\/wp-content\/uploads\/2025\/06\/Mes-pelegrines-que-pelegrins.jpg\",\"datePublished\":\"2025-06-12T07:39:34+00:00\",\"dateModified\":\"2025-06-12T07:40:59+00:00\",\"breadcrumb\":{\"@id\":\"https:\/\/portelldemorella.org\/ca\/mes-pelegrines-que-pelegrins-portell-reviu-dissabte-el-cami-ancestral-a-sant-pere-de-castellfort-amb-una-participacio-creixent-de-dones\/#breadcrumb\"},\"inLanguage\":\"ca\",\"potentialAction\":[{\"@type\":\"ReadAction\",\"target\":[\"https:\/\/portelldemorella.org\/ca\/mes-pelegrines-que-pelegrins-portell-reviu-dissabte-el-cami-ancestral-a-sant-pere-de-castellfort-amb-una-participacio-creixent-de-dones\/\"]}]},{\"@type\":\"ImageObject\",\"inLanguage\":\"ca\",\"@id\":\"https:\/\/portelldemorella.org\/ca\/mes-pelegrines-que-pelegrins-portell-reviu-dissabte-el-cami-ancestral-a-sant-pere-de-castellfort-amb-una-participacio-creixent-de-dones\/#primaryimage\",\"url\":\"https:\/\/portelldemorella.org\/wp-content\/uploads\/2025\/06\/Mes-pelegrines-que-pelegrins.jpg\",\"contentUrl\":\"https:\/\/portelldemorella.org\/wp-content\/uploads\/2025\/06\/Mes-pelegrines-que-pelegrins.jpg\",\"width\":1600,\"height\":1066,\"caption\":\"Mes pelegrines que pelegrins\"},{\"@type\":\"BreadcrumbList\",\"@id\":\"https:\/\/portelldemorella.org\/ca\/mes-pelegrines-que-pelegrins-portell-reviu-dissabte-el-cami-ancestral-a-sant-pere-de-castellfort-amb-una-participacio-creixent-de-dones\/#breadcrumb\",\"itemListElement\":[{\"@type\":\"ListItem\",\"position\":1,\"name\":\"Portada\",\"item\":\"https:\/\/portelldemorella.org\/ca\/\"},{\"@type\":\"ListItem\",\"position\":2,\"name\":\"M\u00e9s pelegrines que pelegrins: Portell reviu dissabte el cam\u00ed ancestral a Sant Pere de Castellfort amb una participaci\u00f3 creixent de dones\"}]},{\"@type\":\"WebSite\",\"@id\":\"https:\/\/portelldemorella.org\/#website\",\"url\":\"https:\/\/portelldemorella.org\/\",\"name\":\"Portell de Morella\",\"description\":\"Web del Ayuntamiento de Portell de Morella\",\"publisher\":{\"@id\":\"https:\/\/portelldemorella.org\/#organization\"},\"potentialAction\":[{\"@type\":\"SearchAction\",\"target\":{\"@type\":\"EntryPoint\",\"urlTemplate\":\"https:\/\/portelldemorella.org\/?s={search_term_string}\"},\"query-input\":{\"@type\":\"PropertyValueSpecification\",\"valueRequired\":true,\"valueName\":\"search_term_string\"}}],\"inLanguage\":\"ca\"},{\"@type\":\"Organization\",\"@id\":\"https:\/\/portelldemorella.org\/#organization\",\"name\":\"Portell de Morella\",\"url\":\"https:\/\/portelldemorella.org\/\",\"logo\":{\"@type\":\"ImageObject\",\"inLanguage\":\"ca\",\"@id\":\"https:\/\/portelldemorella.org\/#\/schema\/logo\/image\/\",\"url\":\"https:\/\/portelldemorella.org\/wp-content\/uploads\/2020\/11\/Escudo-Portell-04.jpg\",\"contentUrl\":\"https:\/\/portelldemorella.org\/wp-content\/uploads\/2020\/11\/Escudo-Portell-04.jpg\",\"width\":1001,\"height\":394,\"caption\":\"Portell de Morella\"},\"image\":{\"@id\":\"https:\/\/portelldemorella.org\/#\/schema\/logo\/image\/\"}},{\"@type\":\"Person\",\"@id\":\"https:\/\/portelldemorella.org\/#\/schema\/person\/2adde77c454244acd163488ec723a88b\",\"name\":\"portell\",\"image\":{\"@type\":\"ImageObject\",\"inLanguage\":\"ca\",\"@id\":\"https:\/\/portelldemorella.org\/#\/schema\/person\/image\/\",\"url\":\"https:\/\/secure.gravatar.com\/avatar\/077c6bd89604df620d2fa93a06be2531944cdd6826fd322dbd8b483fd84d6407?s=96&d=mm&r=g\",\"contentUrl\":\"https:\/\/secure.gravatar.com\/avatar\/077c6bd89604df620d2fa93a06be2531944cdd6826fd322dbd8b483fd84d6407?s=96&d=mm&r=g\",\"caption\":\"portell\"},\"sameAs\":[\"https:\/\/portelldemorella.org\"],\"url\":\"https:\/\/portelldemorella.org\/ca\/author\/portell\/\"}]}<\/script>\n<!-- \/ Yoast SEO plugin. -->","yoast_head_json":{"title":"M\u00e9s pelegrines que pelegrins: Portell reviu dissabte el cam\u00ed ancestral a Sant Pere de Castellfort amb una participaci\u00f3 creixent de dones - Portell de Morella","robots":{"index":"noindex","follow":"follow","max-snippet":"max-snippet:-1","max-image-preview":"max-image-preview:large","max-video-preview":"max-video-preview:-1"},"og_locale":"ca_ES","og_type":"article","og_title":"M\u00e9s pelegrines que pelegrins: Portell reviu dissabte el cam\u00ed ancestral a Sant Pere de Castellfort amb una participaci\u00f3 creixent de dones - Portell de Morella","og_description":"Amb m\u00e9s de 500 anys d\u2019hist\u00f2ria, Els Pelegrins de Portell tornaran a rec\u00f3rrer aquest dissabte el cam\u00ed ancestral que separa el poble de l\u2019ermita de Sant Pere de Castellfort. Ho faran amb el silenci i el recolliment que marca la tradici\u00f3, per\u00f2 amb la modernitat que requereixen els temps actuals: vuit dels 12 pelegrins seran [&hellip;]","og_url":"https:\/\/portelldemorella.org\/ca\/mes-pelegrines-que-pelegrins-portell-reviu-dissabte-el-cami-ancestral-a-sant-pere-de-castellfort-amb-una-participacio-creixent-de-dones\/","og_site_name":"Portell de Morella","article_published_time":"2025-06-12T07:39:34+00:00","article_modified_time":"2025-06-12T07:40:59+00:00","og_image":[{"width":1600,"height":1066,"url":"https:\/\/portelldemorella.org\/wp-content\/uploads\/2025\/06\/Mes-pelegrines-que-pelegrins.jpg","type":"image\/jpeg"}],"author":"portell","twitter_card":"summary_large_image","twitter_misc":{"Escrit per":"portell","Temps estimat de lectura":"2 minuts"},"schema":{"@context":"https:\/\/schema.org","@graph":[{"@type":"Article","@id":"https:\/\/portelldemorella.org\/ca\/mes-pelegrines-que-pelegrins-portell-reviu-dissabte-el-cami-ancestral-a-sant-pere-de-castellfort-amb-una-participacio-creixent-de-dones\/#article","isPartOf":{"@id":"https:\/\/portelldemorella.org\/ca\/mes-pelegrines-que-pelegrins-portell-reviu-dissabte-el-cami-ancestral-a-sant-pere-de-castellfort-amb-una-participacio-creixent-de-dones\/"},"author":{"name":"portell","@id":"https:\/\/portelldemorella.org\/#\/schema\/person\/2adde77c454244acd163488ec723a88b"},"headline":"M\u00e9s pelegrines que pelegrins: Portell reviu dissabte el cam\u00ed ancestral a Sant Pere de Castellfort amb una participaci\u00f3 creixent de dones","datePublished":"2025-06-12T07:39:34+00:00","dateModified":"2025-06-12T07:40:59+00:00","mainEntityOfPage":{"@id":"https:\/\/portelldemorella.org\/ca\/mes-pelegrines-que-pelegrins-portell-reviu-dissabte-el-cami-ancestral-a-sant-pere-de-castellfort-amb-una-participacio-creixent-de-dones\/"},"wordCount":365,"commentCount":0,"publisher":{"@id":"https:\/\/portelldemorella.org\/#organization"},"image":{"@id":"https:\/\/portelldemorella.org\/ca\/mes-pelegrines-que-pelegrins-portell-reviu-dissabte-el-cami-ancestral-a-sant-pere-de-castellfort-amb-una-participacio-creixent-de-dones\/#primaryimage"},"thumbnailUrl":"https:\/\/portelldemorella.org\/wp-content\/uploads\/2025\/06\/Mes-pelegrines-que-pelegrins.jpg","keywords":["Cultura","els ports","Pelgrins de Portell","portell","Romeria","Sant Pere de Castellfort"],"articleSection":["Ayuntamiento"],"inLanguage":"ca","potentialAction":[{"@type":"CommentAction","name":"Comment","target":["https:\/\/portelldemorella.org\/ca\/mes-pelegrines-que-pelegrins-portell-reviu-dissabte-el-cami-ancestral-a-sant-pere-de-castellfort-amb-una-participacio-creixent-de-dones\/#respond"]}]},{"@type":"WebPage","@id":"https:\/\/portelldemorella.org\/ca\/mes-pelegrines-que-pelegrins-portell-reviu-dissabte-el-cami-ancestral-a-sant-pere-de-castellfort-amb-una-participacio-creixent-de-dones\/","url":"https:\/\/portelldemorella.org\/ca\/mes-pelegrines-que-pelegrins-portell-reviu-dissabte-el-cami-ancestral-a-sant-pere-de-castellfort-amb-una-participacio-creixent-de-dones\/","name":"M\u00e9s pelegrines que pelegrins: Portell reviu dissabte el cam\u00ed ancestral a Sant Pere de Castellfort amb una participaci\u00f3 creixent de dones - Portell de Morella","isPartOf":{"@id":"https:\/\/portelldemorella.org\/#website"},"primaryImageOfPage":{"@id":"https:\/\/portelldemorella.org\/ca\/mes-pelegrines-que-pelegrins-portell-reviu-dissabte-el-cami-ancestral-a-sant-pere-de-castellfort-amb-una-participacio-creixent-de-dones\/#primaryimage"},"image":{"@id":"https:\/\/portelldemorella.org\/ca\/mes-pelegrines-que-pelegrins-portell-reviu-dissabte-el-cami-ancestral-a-sant-pere-de-castellfort-amb-una-participacio-creixent-de-dones\/#primaryimage"},"thumbnailUrl":"https:\/\/portelldemorella.org\/wp-content\/uploads\/2025\/06\/Mes-pelegrines-que-pelegrins.jpg","datePublished":"2025-06-12T07:39:34+00:00","dateModified":"2025-06-12T07:40:59+00:00","breadcrumb":{"@id":"https:\/\/portelldemorella.org\/ca\/mes-pelegrines-que-pelegrins-portell-reviu-dissabte-el-cami-ancestral-a-sant-pere-de-castellfort-amb-una-participacio-creixent-de-dones\/#breadcrumb"},"inLanguage":"ca","potentialAction":[{"@type":"ReadAction","target":["https:\/\/portelldemorella.org\/ca\/mes-pelegrines-que-pelegrins-portell-reviu-dissabte-el-cami-ancestral-a-sant-pere-de-castellfort-amb-una-participacio-creixent-de-dones\/"]}]},{"@type":"ImageObject","inLanguage":"ca","@id":"https:\/\/portelldemorella.org\/ca\/mes-pelegrines-que-pelegrins-portell-reviu-dissabte-el-cami-ancestral-a-sant-pere-de-castellfort-amb-una-participacio-creixent-de-dones\/#primaryimage","url":"https:\/\/portelldemorella.org\/wp-content\/uploads\/2025\/06\/Mes-pelegrines-que-pelegrins.jpg","contentUrl":"https:\/\/portelldemorella.org\/wp-content\/uploads\/2025\/06\/Mes-pelegrines-que-pelegrins.jpg","width":1600,"height":1066,"caption":"Mes pelegrines que pelegrins"},{"@type":"BreadcrumbList","@id":"https:\/\/portelldemorella.org\/ca\/mes-pelegrines-que-pelegrins-portell-reviu-dissabte-el-cami-ancestral-a-sant-pere-de-castellfort-amb-una-participacio-creixent-de-dones\/#breadcrumb","itemListElement":[{"@type":"ListItem","position":1,"name":"Portada","item":"https:\/\/portelldemorella.org\/ca\/"},{"@type":"ListItem","position":2,"name":"M\u00e9s pelegrines que pelegrins: Portell reviu dissabte el cam\u00ed ancestral a Sant Pere de Castellfort amb una participaci\u00f3 creixent de dones"}]},{"@type":"WebSite","@id":"https:\/\/portelldemorella.org\/#website","url":"https:\/\/portelldemorella.org\/","name":"Portell de Morella","description":"Web del Ayuntamiento de Portell de Morella","publisher":{"@id":"https:\/\/portelldemorella.org\/#organization"},"potentialAction":[{"@type":"SearchAction","target":{"@type":"EntryPoint","urlTemplate":"https:\/\/portelldemorella.org\/?s={search_term_string}"},"query-input":{"@type":"PropertyValueSpecification","valueRequired":true,"valueName":"search_term_string"}}],"inLanguage":"ca"},{"@type":"Organization","@id":"https:\/\/portelldemorella.org\/#organization","name":"Portell de Morella","url":"https:\/\/portelldemorella.org\/","logo":{"@type":"ImageObject","inLanguage":"ca","@id":"https:\/\/portelldemorella.org\/#\/schema\/logo\/image\/","url":"https:\/\/portelldemorella.org\/wp-content\/uploads\/2020\/11\/Escudo-Portell-04.jpg","contentUrl":"https:\/\/portelldemorella.org\/wp-content\/uploads\/2020\/11\/Escudo-Portell-04.jpg","width":1001,"height":394,"caption":"Portell de Morella"},"image":{"@id":"https:\/\/portelldemorella.org\/#\/schema\/logo\/image\/"}},{"@type":"Person","@id":"https:\/\/portelldemorella.org\/#\/schema\/person\/2adde77c454244acd163488ec723a88b","name":"portell","image":{"@type":"ImageObject","inLanguage":"ca","@id":"https:\/\/portelldemorella.org\/#\/schema\/person\/image\/","url":"https:\/\/secure.gravatar.com\/avatar\/077c6bd89604df620d2fa93a06be2531944cdd6826fd322dbd8b483fd84d6407?s=96&d=mm&r=g","contentUrl":"https:\/\/secure.gravatar.com\/avatar\/077c6bd89604df620d2fa93a06be2531944cdd6826fd322dbd8b483fd84d6407?s=96&d=mm&r=g","caption":"portell"},"sameAs":["https:\/\/portelldemorella.org"],"url":"https:\/\/portelldemorella.org\/ca\/author\/portell\/"}]}},"_links":{"self":[{"href":"https:\/\/portelldemorella.org\/ca\/wp-json\/wp\/v2\/posts\/8372","targetHints":{"allow":["GET"]}}],"collection":[{"href":"https:\/\/portelldemorella.org\/ca\/wp-json\/wp\/v2\/posts"}],"about":[{"href":"https:\/\/portelldemorella.org\/ca\/wp-json\/wp\/v2\/types\/post"}],"author":[{"embeddable":true,"href":"https:\/\/portelldemorella.org\/ca\/wp-json\/wp\/v2\/users\/1"}],"replies":[{"embeddable":true,"href":"https:\/\/portelldemorella.org\/ca\/wp-json\/wp\/v2\/comments?post=8372"}],"version-history":[{"count":1,"href":"https:\/\/portelldemorella.org\/ca\/wp-json\/wp\/v2\/posts\/8372\/revisions"}],"predecessor-version":[{"id":8373,"href":"https:\/\/portelldemorella.org\/ca\/wp-json\/wp\/v2\/posts\/8372\/revisions\/8373"}],"wp:featuredmedia":[{"embeddable":true,"href":"https:\/\/portelldemorella.org\/ca\/wp-json\/wp\/v2\/media\/8370"}],"wp:attachment":[{"href":"https:\/\/portelldemorella.org\/ca\/wp-json\/wp\/v2\/media?parent=8372"}],"wp:term":[{"taxonomy":"category","embeddable":true,"href":"https:\/\/portelldemorella.org\/ca\/wp-json\/wp\/v2\/categories?post=8372"},{"taxonomy":"post_tag","embeddable":true,"href":"https:\/\/portelldemorella.org\/ca\/wp-json\/wp\/v2\/tags?post=8372"}],"curies":[{"name":"wp","href":"https:\/\/api.w.org\/{rel}","templated":true}]}}