{"id":8379,"date":"2025-06-16T12:18:08","date_gmt":"2025-06-16T12:18:08","guid":{"rendered":"https:\/\/portelldemorella.org\/?p=8379"},"modified":"2025-06-16T12:20:59","modified_gmt":"2025-06-16T12:20:59","slug":"els-pelegrins-i-pelegrines-de-portell-donen-compliment-a-la-tradicio-i-mantenen-viva-la-ruta-a-sant-pere-de-castellfort","status":"publish","type":"post","link":"https:\/\/portelldemorella.org\/ca\/els-pelegrins-i-pelegrines-de-portell-donen-compliment-a-la-tradicio-i-mantenen-viva-la-ruta-a-sant-pere-de-castellfort\/","title":{"rendered":"Els Pelegrins i Pelegrines de Portell donen compliment a la tradici\u00f3 i mantenen viva la ruta a Sant Pere de Castellfort"},"content":{"rendered":"\n<p>Els Pelegrins i Pelegrines de Portell han tornat a rec\u00f3rrer aquest dissabte el cam\u00ed que uneix el poble amb l\u2019ermita de Sant Pere de Castellfort, mantenint viu un ritual de m\u00e9s de cinc segles d\u2019hist\u00f2ria. Fidels al vot de silenci i al recolliment que marca la tradici\u00f3, les vuit pelegrines i quatre pelegrins de Portell van eixir de matinada per donar compliment a la tradici\u00f3.<\/p>\n\n\n\n<p>Els dotze pelegrins d\u2019aquesta edici\u00f3 han sigut Elena Prades Carceller, David L\u00f3pez Lozano, Claudia Bono Mestre, Ana Bel\u00e9n Gisbert Cerd\u00e0, Jose Antonio Cruz Ferrer, Natalia Vinaixa Ferrer, Sara Celades Pla, Pilar Estupi\u00f1\u00e1 Beltr\u00e1n, Jaume Carb\u00ed Tella, Laura Beltran Garcia, Lorenzo Gargallo Gual i Susana Morralla Aparici. Tots ells han dedicat el cam\u00ed a la mem\u00f2ria del seu amic i company Diego Agut Tena, mort a principis d\u2019any.<\/p>\n\n\n\n<p>L\u2019itinerari va disc\u00f3rrer a trav\u00e9s d\u2019uns 15 quil\u00f2metres de pinedes, sendes i barrancs fins arribar a l\u2019ermita de Sant Pere, on, seguint la tradici\u00f3, els pelegrins van compartir una missa i un dinar, abans d\u2019emprendre el cam\u00ed de tornada al poble. All\u00e0, ja de nit, van ser rebuts pel ve\u00efnat en un dels moments culminants del ritual, documentat almenys des de 1575.<\/p>\n\n\n\n<p>L\u2019alcalde de Portell, \u00c1lvaro Ferrer, ha volgut agrair els pelegrins i pelegrines d\u2019enguany per haver fet possible \u201cel manteniment d\u2019una tradici\u00f3 viva, que ha sabut adaptar-se als nous temps, incorporant la pres\u00e8ncia de dones des de 2018, sense perdre mai l\u2019ess\u00e8ncia\u201d. \u201cUna pelegrinaci\u00f3 \u00fanica que \u00e9s part de la nostra identitat\u201d, conclou.<\/p>\n\n\n\n<figure class=\"wp-block-image size-large\"><a href=\"https:\/\/portelldemorella.org\/wp-content\/uploads\/2025\/06\/pelegrins-portell.jpg\"><img fetchpriority=\"high\" decoding=\"async\" width=\"1024\" height=\"683\" src=\"https:\/\/portelldemorella.org\/wp-content\/uploads\/2025\/06\/pelegrins-portell-1024x683.jpg\" alt=\"\" class=\"wp-image-8376\" srcset=\"https:\/\/portelldemorella.org\/wp-content\/uploads\/2025\/06\/pelegrins-portell-1024x683.jpg 1024w, https:\/\/portelldemorella.org\/wp-content\/uploads\/2025\/06\/pelegrins-portell-300x200.jpg 300w, https:\/\/portelldemorella.org\/wp-content\/uploads\/2025\/06\/pelegrins-portell-768x512.jpg 768w, https:\/\/portelldemorella.org\/wp-content\/uploads\/2025\/06\/pelegrins-portell-600x400.jpg 600w, https:\/\/portelldemorella.org\/wp-content\/uploads\/2025\/06\/pelegrins-portell-560x373.jpg 560w, https:\/\/portelldemorella.org\/wp-content\/uploads\/2025\/06\/pelegrins-portell.jpg 1318w\" sizes=\"(max-width: 1024px) 100vw, 1024px\" \/><\/a><\/figure>\n","protected":false},"excerpt":{"rendered":"<p>Els Pelegrins i Pelegrines de Portell han tornat a rec\u00f3rrer aquest dissabte el cam\u00ed que uneix el poble amb l\u2019ermita de Sant Pere de Castellfort, mantenint viu un ritual de m\u00e9s de cinc segles d\u2019hist\u00f2ria. Fidels al vot de silenci i al recolliment que marca la tradici\u00f3, les vuit pelegrines i quatre pelegrins de Portell [&hellip;]<\/p>\n","protected":false},"author":1,"featured_media":8376,"comment_status":"open","ping_status":"open","sticky":false,"template":"","format":"standard","meta":{"footnotes":""},"categories":[97],"tags":[100],"class_list":["post-8379","post","type-post","status-publish","format-standard","has-post-thumbnail","hentry","category-ayuntamiento-ca","tag-portell-2"],"yoast_head":"<!-- This site is optimized with the Yoast SEO plugin v24.4 - https:\/\/yoast.com\/wordpress\/plugins\/seo\/ -->\n<title>Els Pelegrins i Pelegrines de Portell donen compliment a la tradici\u00f3 i mantenen viva la ruta a Sant Pere de Castellfort - Portell de Morella<\/title>\n<meta name=\"robots\" content=\"noindex, follow, max-snippet:-1, max-image-preview:large, max-video-preview:-1\" \/>\n<meta property=\"og:locale\" content=\"ca_ES\" \/>\n<meta property=\"og:type\" content=\"article\" \/>\n<meta property=\"og:title\" content=\"Els Pelegrins i Pelegrines de Portell donen compliment a la tradici\u00f3 i mantenen viva la ruta a Sant Pere de Castellfort - Portell de Morella\" \/>\n<meta property=\"og:description\" content=\"Els Pelegrins i Pelegrines de Portell han tornat a rec\u00f3rrer aquest dissabte el cam\u00ed que uneix el poble amb l\u2019ermita de Sant Pere de Castellfort, mantenint viu un ritual de m\u00e9s de cinc segles d\u2019hist\u00f2ria. Fidels al vot de silenci i al recolliment que marca la tradici\u00f3, les vuit pelegrines i quatre pelegrins de Portell [&hellip;]\" \/>\n<meta property=\"og:url\" content=\"https:\/\/portelldemorella.org\/ca\/els-pelegrins-i-pelegrines-de-portell-donen-compliment-a-la-tradicio-i-mantenen-viva-la-ruta-a-sant-pere-de-castellfort\/\" \/>\n<meta property=\"og:site_name\" content=\"Portell de Morella\" \/>\n<meta property=\"article:published_time\" content=\"2025-06-16T12:18:08+00:00\" \/>\n<meta property=\"article:modified_time\" content=\"2025-06-16T12:20:59+00:00\" \/>\n<meta property=\"og:image\" content=\"https:\/\/portelldemorella.org\/wp-content\/uploads\/2025\/06\/pelegrins-portell.jpg\" \/>\n\t<meta property=\"og:image:width\" content=\"1318\" \/>\n\t<meta property=\"og:image:height\" content=\"879\" \/>\n\t<meta property=\"og:image:type\" content=\"image\/jpeg\" \/>\n<meta name=\"author\" content=\"portell\" \/>\n<meta name=\"twitter:card\" content=\"summary_large_image\" \/>\n<meta name=\"twitter:label1\" content=\"Escrit per\" \/>\n\t<meta name=\"twitter:data1\" content=\"portell\" \/>\n\t<meta name=\"twitter:label2\" content=\"Temps estimat de lectura\" \/>\n\t<meta name=\"twitter:data2\" content=\"2 minuts\" \/>\n<script type=\"application\/ld+json\" class=\"yoast-schema-graph\">{\"@context\":\"https:\/\/schema.org\",\"@graph\":[{\"@type\":\"Article\",\"@id\":\"https:\/\/portelldemorella.org\/ca\/els-pelegrins-i-pelegrines-de-portell-donen-compliment-a-la-tradicio-i-mantenen-viva-la-ruta-a-sant-pere-de-castellfort\/#article\",\"isPartOf\":{\"@id\":\"https:\/\/portelldemorella.org\/ca\/els-pelegrins-i-pelegrines-de-portell-donen-compliment-a-la-tradicio-i-mantenen-viva-la-ruta-a-sant-pere-de-castellfort\/\"},\"author\":{\"name\":\"portell\",\"@id\":\"https:\/\/portelldemorella.org\/#\/schema\/person\/2adde77c454244acd163488ec723a88b\"},\"headline\":\"Els Pelegrins i Pelegrines de Portell donen compliment a la tradici\u00f3 i mantenen viva la ruta a Sant Pere de Castellfort\",\"datePublished\":\"2025-06-16T12:18:08+00:00\",\"dateModified\":\"2025-06-16T12:20:59+00:00\",\"mainEntityOfPage\":{\"@id\":\"https:\/\/portelldemorella.org\/ca\/els-pelegrins-i-pelegrines-de-portell-donen-compliment-a-la-tradicio-i-mantenen-viva-la-ruta-a-sant-pere-de-castellfort\/\"},\"wordCount\":289,\"commentCount\":0,\"publisher\":{\"@id\":\"https:\/\/portelldemorella.org\/#organization\"},\"image\":{\"@id\":\"https:\/\/portelldemorella.org\/ca\/els-pelegrins-i-pelegrines-de-portell-donen-compliment-a-la-tradicio-i-mantenen-viva-la-ruta-a-sant-pere-de-castellfort\/#primaryimage\"},\"thumbnailUrl\":\"https:\/\/portelldemorella.org\/wp-content\/uploads\/2025\/06\/pelegrins-portell.jpg\",\"keywords\":[\"portell\"],\"articleSection\":[\"Ayuntamiento\"],\"inLanguage\":\"ca\",\"potentialAction\":[{\"@type\":\"CommentAction\",\"name\":\"Comment\",\"target\":[\"https:\/\/portelldemorella.org\/ca\/els-pelegrins-i-pelegrines-de-portell-donen-compliment-a-la-tradicio-i-mantenen-viva-la-ruta-a-sant-pere-de-castellfort\/#respond\"]}]},{\"@type\":\"WebPage\",\"@id\":\"https:\/\/portelldemorella.org\/ca\/els-pelegrins-i-pelegrines-de-portell-donen-compliment-a-la-tradicio-i-mantenen-viva-la-ruta-a-sant-pere-de-castellfort\/\",\"url\":\"https:\/\/portelldemorella.org\/ca\/els-pelegrins-i-pelegrines-de-portell-donen-compliment-a-la-tradicio-i-mantenen-viva-la-ruta-a-sant-pere-de-castellfort\/\",\"name\":\"Els Pelegrins i Pelegrines de Portell donen compliment a la tradici\u00f3 i mantenen viva la ruta a Sant Pere de Castellfort - Portell de Morella\",\"isPartOf\":{\"@id\":\"https:\/\/portelldemorella.org\/#website\"},\"primaryImageOfPage\":{\"@id\":\"https:\/\/portelldemorella.org\/ca\/els-pelegrins-i-pelegrines-de-portell-donen-compliment-a-la-tradicio-i-mantenen-viva-la-ruta-a-sant-pere-de-castellfort\/#primaryimage\"},\"image\":{\"@id\":\"https:\/\/portelldemorella.org\/ca\/els-pelegrins-i-pelegrines-de-portell-donen-compliment-a-la-tradicio-i-mantenen-viva-la-ruta-a-sant-pere-de-castellfort\/#primaryimage\"},\"thumbnailUrl\":\"https:\/\/portelldemorella.org\/wp-content\/uploads\/2025\/06\/pelegrins-portell.jpg\",\"datePublished\":\"2025-06-16T12:18:08+00:00\",\"dateModified\":\"2025-06-16T12:20:59+00:00\",\"breadcrumb\":{\"@id\":\"https:\/\/portelldemorella.org\/ca\/els-pelegrins-i-pelegrines-de-portell-donen-compliment-a-la-tradicio-i-mantenen-viva-la-ruta-a-sant-pere-de-castellfort\/#breadcrumb\"},\"inLanguage\":\"ca\",\"potentialAction\":[{\"@type\":\"ReadAction\",\"target\":[\"https:\/\/portelldemorella.org\/ca\/els-pelegrins-i-pelegrines-de-portell-donen-compliment-a-la-tradicio-i-mantenen-viva-la-ruta-a-sant-pere-de-castellfort\/\"]}]},{\"@type\":\"ImageObject\",\"inLanguage\":\"ca\",\"@id\":\"https:\/\/portelldemorella.org\/ca\/els-pelegrins-i-pelegrines-de-portell-donen-compliment-a-la-tradicio-i-mantenen-viva-la-ruta-a-sant-pere-de-castellfort\/#primaryimage\",\"url\":\"https:\/\/portelldemorella.org\/wp-content\/uploads\/2025\/06\/pelegrins-portell.jpg\",\"contentUrl\":\"https:\/\/portelldemorella.org\/wp-content\/uploads\/2025\/06\/pelegrins-portell.jpg\",\"width\":1318,\"height\":879},{\"@type\":\"BreadcrumbList\",\"@id\":\"https:\/\/portelldemorella.org\/ca\/els-pelegrins-i-pelegrines-de-portell-donen-compliment-a-la-tradicio-i-mantenen-viva-la-ruta-a-sant-pere-de-castellfort\/#breadcrumb\",\"itemListElement\":[{\"@type\":\"ListItem\",\"position\":1,\"name\":\"Portada\",\"item\":\"https:\/\/portelldemorella.org\/ca\/\"},{\"@type\":\"ListItem\",\"position\":2,\"name\":\"Els Pelegrins i Pelegrines de Portell donen compliment a la tradici\u00f3 i mantenen viva la ruta a Sant Pere de Castellfort\"}]},{\"@type\":\"WebSite\",\"@id\":\"https:\/\/portelldemorella.org\/#website\",\"url\":\"https:\/\/portelldemorella.org\/\",\"name\":\"Portell de Morella\",\"description\":\"Web del Ayuntamiento de Portell de Morella\",\"publisher\":{\"@id\":\"https:\/\/portelldemorella.org\/#organization\"},\"potentialAction\":[{\"@type\":\"SearchAction\",\"target\":{\"@type\":\"EntryPoint\",\"urlTemplate\":\"https:\/\/portelldemorella.org\/?s={search_term_string}\"},\"query-input\":{\"@type\":\"PropertyValueSpecification\",\"valueRequired\":true,\"valueName\":\"search_term_string\"}}],\"inLanguage\":\"ca\"},{\"@type\":\"Organization\",\"@id\":\"https:\/\/portelldemorella.org\/#organization\",\"name\":\"Portell de Morella\",\"url\":\"https:\/\/portelldemorella.org\/\",\"logo\":{\"@type\":\"ImageObject\",\"inLanguage\":\"ca\",\"@id\":\"https:\/\/portelldemorella.org\/#\/schema\/logo\/image\/\",\"url\":\"https:\/\/portelldemorella.org\/wp-content\/uploads\/2020\/11\/Escudo-Portell-04.jpg\",\"contentUrl\":\"https:\/\/portelldemorella.org\/wp-content\/uploads\/2020\/11\/Escudo-Portell-04.jpg\",\"width\":1001,\"height\":394,\"caption\":\"Portell de Morella\"},\"image\":{\"@id\":\"https:\/\/portelldemorella.org\/#\/schema\/logo\/image\/\"}},{\"@type\":\"Person\",\"@id\":\"https:\/\/portelldemorella.org\/#\/schema\/person\/2adde77c454244acd163488ec723a88b\",\"name\":\"portell\",\"image\":{\"@type\":\"ImageObject\",\"inLanguage\":\"ca\",\"@id\":\"https:\/\/portelldemorella.org\/#\/schema\/person\/image\/\",\"url\":\"https:\/\/secure.gravatar.com\/avatar\/077c6bd89604df620d2fa93a06be2531944cdd6826fd322dbd8b483fd84d6407?s=96&d=mm&r=g\",\"contentUrl\":\"https:\/\/secure.gravatar.com\/avatar\/077c6bd89604df620d2fa93a06be2531944cdd6826fd322dbd8b483fd84d6407?s=96&d=mm&r=g\",\"caption\":\"portell\"},\"sameAs\":[\"https:\/\/portelldemorella.org\"],\"url\":\"https:\/\/portelldemorella.org\/ca\/author\/portell\/\"}]}<\/script>\n<!-- \/ Yoast SEO plugin. -->","yoast_head_json":{"title":"Els Pelegrins i Pelegrines de Portell donen compliment a la tradici\u00f3 i mantenen viva la ruta a Sant Pere de Castellfort - Portell de Morella","robots":{"index":"noindex","follow":"follow","max-snippet":"max-snippet:-1","max-image-preview":"max-image-preview:large","max-video-preview":"max-video-preview:-1"},"og_locale":"ca_ES","og_type":"article","og_title":"Els Pelegrins i Pelegrines de Portell donen compliment a la tradici\u00f3 i mantenen viva la ruta a Sant Pere de Castellfort - Portell de Morella","og_description":"Els Pelegrins i Pelegrines de Portell han tornat a rec\u00f3rrer aquest dissabte el cam\u00ed que uneix el poble amb l\u2019ermita de Sant Pere de Castellfort, mantenint viu un ritual de m\u00e9s de cinc segles d\u2019hist\u00f2ria. Fidels al vot de silenci i al recolliment que marca la tradici\u00f3, les vuit pelegrines i quatre pelegrins de Portell [&hellip;]","og_url":"https:\/\/portelldemorella.org\/ca\/els-pelegrins-i-pelegrines-de-portell-donen-compliment-a-la-tradicio-i-mantenen-viva-la-ruta-a-sant-pere-de-castellfort\/","og_site_name":"Portell de Morella","article_published_time":"2025-06-16T12:18:08+00:00","article_modified_time":"2025-06-16T12:20:59+00:00","og_image":[{"width":1318,"height":879,"url":"https:\/\/portelldemorella.org\/wp-content\/uploads\/2025\/06\/pelegrins-portell.jpg","type":"image\/jpeg"}],"author":"portell","twitter_card":"summary_large_image","twitter_misc":{"Escrit per":"portell","Temps estimat de lectura":"2 minuts"},"schema":{"@context":"https:\/\/schema.org","@graph":[{"@type":"Article","@id":"https:\/\/portelldemorella.org\/ca\/els-pelegrins-i-pelegrines-de-portell-donen-compliment-a-la-tradicio-i-mantenen-viva-la-ruta-a-sant-pere-de-castellfort\/#article","isPartOf":{"@id":"https:\/\/portelldemorella.org\/ca\/els-pelegrins-i-pelegrines-de-portell-donen-compliment-a-la-tradicio-i-mantenen-viva-la-ruta-a-sant-pere-de-castellfort\/"},"author":{"name":"portell","@id":"https:\/\/portelldemorella.org\/#\/schema\/person\/2adde77c454244acd163488ec723a88b"},"headline":"Els Pelegrins i Pelegrines de Portell donen compliment a la tradici\u00f3 i mantenen viva la ruta a Sant Pere de Castellfort","datePublished":"2025-06-16T12:18:08+00:00","dateModified":"2025-06-16T12:20:59+00:00","mainEntityOfPage":{"@id":"https:\/\/portelldemorella.org\/ca\/els-pelegrins-i-pelegrines-de-portell-donen-compliment-a-la-tradicio-i-mantenen-viva-la-ruta-a-sant-pere-de-castellfort\/"},"wordCount":289,"commentCount":0,"publisher":{"@id":"https:\/\/portelldemorella.org\/#organization"},"image":{"@id":"https:\/\/portelldemorella.org\/ca\/els-pelegrins-i-pelegrines-de-portell-donen-compliment-a-la-tradicio-i-mantenen-viva-la-ruta-a-sant-pere-de-castellfort\/#primaryimage"},"thumbnailUrl":"https:\/\/portelldemorella.org\/wp-content\/uploads\/2025\/06\/pelegrins-portell.jpg","keywords":["portell"],"articleSection":["Ayuntamiento"],"inLanguage":"ca","potentialAction":[{"@type":"CommentAction","name":"Comment","target":["https:\/\/portelldemorella.org\/ca\/els-pelegrins-i-pelegrines-de-portell-donen-compliment-a-la-tradicio-i-mantenen-viva-la-ruta-a-sant-pere-de-castellfort\/#respond"]}]},{"@type":"WebPage","@id":"https:\/\/portelldemorella.org\/ca\/els-pelegrins-i-pelegrines-de-portell-donen-compliment-a-la-tradicio-i-mantenen-viva-la-ruta-a-sant-pere-de-castellfort\/","url":"https:\/\/portelldemorella.org\/ca\/els-pelegrins-i-pelegrines-de-portell-donen-compliment-a-la-tradicio-i-mantenen-viva-la-ruta-a-sant-pere-de-castellfort\/","name":"Els Pelegrins i Pelegrines de Portell donen compliment a la tradici\u00f3 i mantenen viva la ruta a Sant Pere de Castellfort - Portell de Morella","isPartOf":{"@id":"https:\/\/portelldemorella.org\/#website"},"primaryImageOfPage":{"@id":"https:\/\/portelldemorella.org\/ca\/els-pelegrins-i-pelegrines-de-portell-donen-compliment-a-la-tradicio-i-mantenen-viva-la-ruta-a-sant-pere-de-castellfort\/#primaryimage"},"image":{"@id":"https:\/\/portelldemorella.org\/ca\/els-pelegrins-i-pelegrines-de-portell-donen-compliment-a-la-tradicio-i-mantenen-viva-la-ruta-a-sant-pere-de-castellfort\/#primaryimage"},"thumbnailUrl":"https:\/\/portelldemorella.org\/wp-content\/uploads\/2025\/06\/pelegrins-portell.jpg","datePublished":"2025-06-16T12:18:08+00:00","dateModified":"2025-06-16T12:20:59+00:00","breadcrumb":{"@id":"https:\/\/portelldemorella.org\/ca\/els-pelegrins-i-pelegrines-de-portell-donen-compliment-a-la-tradicio-i-mantenen-viva-la-ruta-a-sant-pere-de-castellfort\/#breadcrumb"},"inLanguage":"ca","potentialAction":[{"@type":"ReadAction","target":["https:\/\/portelldemorella.org\/ca\/els-pelegrins-i-pelegrines-de-portell-donen-compliment-a-la-tradicio-i-mantenen-viva-la-ruta-a-sant-pere-de-castellfort\/"]}]},{"@type":"ImageObject","inLanguage":"ca","@id":"https:\/\/portelldemorella.org\/ca\/els-pelegrins-i-pelegrines-de-portell-donen-compliment-a-la-tradicio-i-mantenen-viva-la-ruta-a-sant-pere-de-castellfort\/#primaryimage","url":"https:\/\/portelldemorella.org\/wp-content\/uploads\/2025\/06\/pelegrins-portell.jpg","contentUrl":"https:\/\/portelldemorella.org\/wp-content\/uploads\/2025\/06\/pelegrins-portell.jpg","width":1318,"height":879},{"@type":"BreadcrumbList","@id":"https:\/\/portelldemorella.org\/ca\/els-pelegrins-i-pelegrines-de-portell-donen-compliment-a-la-tradicio-i-mantenen-viva-la-ruta-a-sant-pere-de-castellfort\/#breadcrumb","itemListElement":[{"@type":"ListItem","position":1,"name":"Portada","item":"https:\/\/portelldemorella.org\/ca\/"},{"@type":"ListItem","position":2,"name":"Els Pelegrins i Pelegrines de Portell donen compliment a la tradici\u00f3 i mantenen viva la ruta a Sant Pere de Castellfort"}]},{"@type":"WebSite","@id":"https:\/\/portelldemorella.org\/#website","url":"https:\/\/portelldemorella.org\/","name":"Portell de Morella","description":"Web del Ayuntamiento de Portell de Morella","publisher":{"@id":"https:\/\/portelldemorella.org\/#organization"},"potentialAction":[{"@type":"SearchAction","target":{"@type":"EntryPoint","urlTemplate":"https:\/\/portelldemorella.org\/?s={search_term_string}"},"query-input":{"@type":"PropertyValueSpecification","valueRequired":true,"valueName":"search_term_string"}}],"inLanguage":"ca"},{"@type":"Organization","@id":"https:\/\/portelldemorella.org\/#organization","name":"Portell de Morella","url":"https:\/\/portelldemorella.org\/","logo":{"@type":"ImageObject","inLanguage":"ca","@id":"https:\/\/portelldemorella.org\/#\/schema\/logo\/image\/","url":"https:\/\/portelldemorella.org\/wp-content\/uploads\/2020\/11\/Escudo-Portell-04.jpg","contentUrl":"https:\/\/portelldemorella.org\/wp-content\/uploads\/2020\/11\/Escudo-Portell-04.jpg","width":1001,"height":394,"caption":"Portell de Morella"},"image":{"@id":"https:\/\/portelldemorella.org\/#\/schema\/logo\/image\/"}},{"@type":"Person","@id":"https:\/\/portelldemorella.org\/#\/schema\/person\/2adde77c454244acd163488ec723a88b","name":"portell","image":{"@type":"ImageObject","inLanguage":"ca","@id":"https:\/\/portelldemorella.org\/#\/schema\/person\/image\/","url":"https:\/\/secure.gravatar.com\/avatar\/077c6bd89604df620d2fa93a06be2531944cdd6826fd322dbd8b483fd84d6407?s=96&d=mm&r=g","contentUrl":"https:\/\/secure.gravatar.com\/avatar\/077c6bd89604df620d2fa93a06be2531944cdd6826fd322dbd8b483fd84d6407?s=96&d=mm&r=g","caption":"portell"},"sameAs":["https:\/\/portelldemorella.org"],"url":"https:\/\/portelldemorella.org\/ca\/author\/portell\/"}]}},"_links":{"self":[{"href":"https:\/\/portelldemorella.org\/ca\/wp-json\/wp\/v2\/posts\/8379","targetHints":{"allow":["GET"]}}],"collection":[{"href":"https:\/\/portelldemorella.org\/ca\/wp-json\/wp\/v2\/posts"}],"about":[{"href":"https:\/\/portelldemorella.org\/ca\/wp-json\/wp\/v2\/types\/post"}],"author":[{"embeddable":true,"href":"https:\/\/portelldemorella.org\/ca\/wp-json\/wp\/v2\/users\/1"}],"replies":[{"embeddable":true,"href":"https:\/\/portelldemorella.org\/ca\/wp-json\/wp\/v2\/comments?post=8379"}],"version-history":[{"count":2,"href":"https:\/\/portelldemorella.org\/ca\/wp-json\/wp\/v2\/posts\/8379\/revisions"}],"predecessor-version":[{"id":8383,"href":"https:\/\/portelldemorella.org\/ca\/wp-json\/wp\/v2\/posts\/8379\/revisions\/8383"}],"wp:featuredmedia":[{"embeddable":true,"href":"https:\/\/portelldemorella.org\/ca\/wp-json\/wp\/v2\/media\/8376"}],"wp:attachment":[{"href":"https:\/\/portelldemorella.org\/ca\/wp-json\/wp\/v2\/media?parent=8379"}],"wp:term":[{"taxonomy":"category","embeddable":true,"href":"https:\/\/portelldemorella.org\/ca\/wp-json\/wp\/v2\/categories?post=8379"},{"taxonomy":"post_tag","embeddable":true,"href":"https:\/\/portelldemorella.org\/ca\/wp-json\/wp\/v2\/tags?post=8379"}],"curies":[{"name":"wp","href":"https:\/\/api.w.org\/{rel}","templated":true}]}}