{"id":8396,"date":"2025-06-18T09:21:15","date_gmt":"2025-06-18T09:21:15","guid":{"rendered":"https:\/\/portelldemorella.org\/?p=8396"},"modified":"2025-06-18T09:21:58","modified_gmt":"2025-06-18T09:21:58","slug":"llavadors-lovers-porta-a-portell-una-jornada-de-memoria-sostenibilitat-i-convivencia-amb-el-sabo-casola","status":"publish","type":"post","link":"https:\/\/portelldemorella.org\/ca\/llavadors-lovers-porta-a-portell-una-jornada-de-memoria-sostenibilitat-i-convivencia-amb-el-sabo-casola\/","title":{"rendered":"Llavadors Lovers porta a Portell una jornada de mem\u00f2ria, sostenibilitat i conviv\u00e8ncia amb el sab\u00f3 casol\u00e0"},"content":{"rendered":"\n<p>Divuit persones van participar dissabte passat en el taller de sab\u00f3 casol\u00e0 celebrat als llavadors de la Mare de D\u00e9u de la Font de Portell. L\u2019activitat, organitzada en el marc del projecte Llavadors Lovers per l\u2019Ajuntament de Portell i la cooperativa Micel\u00b7li Ambient, ha servit tamb\u00e9 per a reivindicar aquest espai tradicional com a lloc de trobada i transmissi\u00f3 de coneixements, especialment entre dones. El projecte Llavadors lovers compta tamb\u00e9 amb la participaci\u00f3 de la Universitat Jaume I per a desplegar accions de recuperaci\u00f3 dels llavadors per diferents pobles del territori.<\/p>\n\n\n\n<p>El taller va constar de tres parts. La primera va estar dedicada a recuperar la mem\u00f2ria oral i la funci\u00f3 social dels llavadors, aut\u00e8ntics centres de comunicaci\u00f3 entre les dones als pobles. En la segona part, les persones assistents van fer un recorregut per la hist\u00f2ria del sab\u00f3, des dels seus or\u00edgens m\u00e9s antics fins als processos actuals d\u2019elaboraci\u00f3. Es va reflexionar sobre els ingredients naturals que s\u2019empraven tradicionalment i sobre la necessitat de recuperar aquests sabers per fomentar un model de vida m\u00e9s sostenible.<\/p>\n\n\n\n<p>Finalment, es va dur a terme l\u2019elaboraci\u00f3 pr\u00e0ctica de sab\u00f3 casol\u00e0 a partir d\u2019oli reutilitzat, aigua i sosa c\u00e0ustica. Cada parella de participants va preparar un litre de sab\u00f3 i va poder endur-se\u2019l a casa juntament amb una guia detallada amb la recepta i un sabonet d\u2019obsequi preparat pr\u00e8viament per Micel\u00b7li. L\u2019activitat, desenvolupada amb totes les mesures de seguretat, tamb\u00e9 va esdevenir un espai d\u2019intercanvi d\u2019experi\u00e8ncies personals i de valoritzaci\u00f3 dels llavadors i els abeuradors annexes com a espais de conviv\u00e8ncia.<\/p>\n\n\n\n<figure class=\"wp-block-gallery has-nested-images columns-2 is-cropped wp-block-gallery-1 is-layout-flex wp-block-gallery-is-layout-flex\">\n<figure class=\"wp-block-image size-large\"><a href=\"https:\/\/portelldemorella.org\/wp-content\/uploads\/2025\/06\/llavadors-lovers-4.jpg\"><img fetchpriority=\"high\" decoding=\"async\" width=\"1024\" height=\"766\" data-id=\"8394\" src=\"https:\/\/portelldemorella.org\/wp-content\/uploads\/2025\/06\/llavadors-lovers-4-1024x766.jpg\" alt=\"\" class=\"wp-image-8394\" srcset=\"https:\/\/portelldemorella.org\/wp-content\/uploads\/2025\/06\/llavadors-lovers-4-1024x766.jpg 1024w, https:\/\/portelldemorella.org\/wp-content\/uploads\/2025\/06\/llavadors-lovers-4-300x224.jpg 300w, https:\/\/portelldemorella.org\/wp-content\/uploads\/2025\/06\/llavadors-lovers-4-768x575.jpg 768w, https:\/\/portelldemorella.org\/wp-content\/uploads\/2025\/06\/llavadors-lovers-4-1536x1149.jpg 1536w, https:\/\/portelldemorella.org\/wp-content\/uploads\/2025\/06\/llavadors-lovers-4-600x449.jpg 600w, https:\/\/portelldemorella.org\/wp-content\/uploads\/2025\/06\/llavadors-lovers-4-560x419.jpg 560w, https:\/\/portelldemorella.org\/wp-content\/uploads\/2025\/06\/llavadors-lovers-4.jpg 1926w\" sizes=\"(max-width: 1024px) 100vw, 1024px\" \/><\/a><\/figure>\n\n\n\n<figure class=\"wp-block-image size-large\"><a href=\"https:\/\/portelldemorella.org\/wp-content\/uploads\/2025\/06\/llavadors-lovers-3-scaled.jpg\"><img decoding=\"async\" width=\"1024\" height=\"769\" data-id=\"8392\" src=\"https:\/\/portelldemorella.org\/wp-content\/uploads\/2025\/06\/llavadors-lovers-3-1024x769.jpg\" alt=\"\" class=\"wp-image-8392\" srcset=\"https:\/\/portelldemorella.org\/wp-content\/uploads\/2025\/06\/llavadors-lovers-3-1024x769.jpg 1024w, https:\/\/portelldemorella.org\/wp-content\/uploads\/2025\/06\/llavadors-lovers-3-300x225.jpg 300w, https:\/\/portelldemorella.org\/wp-content\/uploads\/2025\/06\/llavadors-lovers-3-768x577.jpg 768w, https:\/\/portelldemorella.org\/wp-content\/uploads\/2025\/06\/llavadors-lovers-3-1536x1154.jpg 1536w, https:\/\/portelldemorella.org\/wp-content\/uploads\/2025\/06\/llavadors-lovers-3-2048x1538.jpg 2048w, https:\/\/portelldemorella.org\/wp-content\/uploads\/2025\/06\/llavadors-lovers-3-600x451.jpg 600w, https:\/\/portelldemorella.org\/wp-content\/uploads\/2025\/06\/llavadors-lovers-3-560x421.jpg 560w\" sizes=\"(max-width: 1024px) 100vw, 1024px\" \/><\/a><\/figure>\n\n\n\n<figure class=\"wp-block-image size-large\"><a href=\"https:\/\/portelldemorella.org\/wp-content\/uploads\/2025\/06\/llavadors-lovers-1-scaled.jpg\"><img decoding=\"async\" width=\"838\" height=\"1024\" data-id=\"8390\" src=\"https:\/\/portelldemorella.org\/wp-content\/uploads\/2025\/06\/llavadors-lovers-1-838x1024.jpg\" alt=\"\" class=\"wp-image-8390\" srcset=\"https:\/\/portelldemorella.org\/wp-content\/uploads\/2025\/06\/llavadors-lovers-1-838x1024.jpg 838w, https:\/\/portelldemorella.org\/wp-content\/uploads\/2025\/06\/llavadors-lovers-1-245x300.jpg 245w, https:\/\/portelldemorella.org\/wp-content\/uploads\/2025\/06\/llavadors-lovers-1-768x939.jpg 768w, https:\/\/portelldemorella.org\/wp-content\/uploads\/2025\/06\/llavadors-lovers-1-1257x1536.jpg 1257w, https:\/\/portelldemorella.org\/wp-content\/uploads\/2025\/06\/llavadors-lovers-1-1675x2048.jpg 1675w, https:\/\/portelldemorella.org\/wp-content\/uploads\/2025\/06\/llavadors-lovers-1-491x600.jpg 491w, https:\/\/portelldemorella.org\/wp-content\/uploads\/2025\/06\/llavadors-lovers-1-458x560.jpg 458w\" sizes=\"(max-width: 838px) 100vw, 838px\" \/><\/a><\/figure>\n\n\n\n<figure class=\"wp-block-image size-large\"><a href=\"https:\/\/portelldemorella.org\/wp-content\/uploads\/2025\/06\/llavadors-lovers-sabo-portell-1-scaled.jpg\"><img loading=\"lazy\" decoding=\"async\" width=\"1024\" height=\"787\" data-id=\"8388\" src=\"https:\/\/portelldemorella.org\/wp-content\/uploads\/2025\/06\/llavadors-lovers-sabo-portell-1-1024x787.jpg\" alt=\"\" class=\"wp-image-8388\" srcset=\"https:\/\/portelldemorella.org\/wp-content\/uploads\/2025\/06\/llavadors-lovers-sabo-portell-1-1024x787.jpg 1024w, https:\/\/portelldemorella.org\/wp-content\/uploads\/2025\/06\/llavadors-lovers-sabo-portell-1-300x230.jpg 300w, https:\/\/portelldemorella.org\/wp-content\/uploads\/2025\/06\/llavadors-lovers-sabo-portell-1-768x590.jpg 768w, https:\/\/portelldemorella.org\/wp-content\/uploads\/2025\/06\/llavadors-lovers-sabo-portell-1-1536x1180.jpg 1536w, https:\/\/portelldemorella.org\/wp-content\/uploads\/2025\/06\/llavadors-lovers-sabo-portell-1-2048x1574.jpg 2048w, https:\/\/portelldemorella.org\/wp-content\/uploads\/2025\/06\/llavadors-lovers-sabo-portell-1-600x461.jpg 600w, https:\/\/portelldemorella.org\/wp-content\/uploads\/2025\/06\/llavadors-lovers-sabo-portell-1-560x430.jpg 560w\" sizes=\"(max-width: 1024px) 100vw, 1024px\" \/><\/a><\/figure>\n<\/figure>\n","protected":false},"excerpt":{"rendered":"<p>Divuit persones van participar dissabte passat en el taller de sab\u00f3 casol\u00e0 celebrat als llavadors de la Mare de D\u00e9u de la Font de Portell. L\u2019activitat, organitzada en el marc del projecte Llavadors Lovers per l\u2019Ajuntament de Portell i la cooperativa Micel\u00b7li Ambient, ha servit tamb\u00e9 per a reivindicar aquest espai tradicional com a lloc [&hellip;]<\/p>\n","protected":false},"author":1,"featured_media":8388,"comment_status":"open","ping_status":"open","sticky":false,"template":"","format":"standard","meta":{"footnotes":""},"categories":[97],"tags":[307,100],"class_list":["post-8396","post","type-post","status-publish","format-standard","has-post-thumbnail","hentry","category-ayuntamiento-ca","tag-llavadors-lovers-2","tag-portell-2"],"yoast_head":"<!-- This site is optimized with the Yoast SEO plugin v24.4 - https:\/\/yoast.com\/wordpress\/plugins\/seo\/ -->\n<title>Llavadors Lovers porta a Portell una jornada de mem\u00f2ria, sostenibilitat i conviv\u00e8ncia amb el sab\u00f3 casol\u00e0 - Portell de Morella<\/title>\n<meta name=\"robots\" content=\"noindex, follow, max-snippet:-1, max-image-preview:large, max-video-preview:-1\" \/>\n<meta property=\"og:locale\" content=\"ca_ES\" \/>\n<meta property=\"og:type\" content=\"article\" \/>\n<meta property=\"og:title\" content=\"Llavadors Lovers porta a Portell una jornada de mem\u00f2ria, sostenibilitat i conviv\u00e8ncia amb el sab\u00f3 casol\u00e0 - Portell de Morella\" \/>\n<meta property=\"og:description\" content=\"Divuit persones van participar dissabte passat en el taller de sab\u00f3 casol\u00e0 celebrat als llavadors de la Mare de D\u00e9u de la Font de Portell. L\u2019activitat, organitzada en el marc del projecte Llavadors Lovers per l\u2019Ajuntament de Portell i la cooperativa Micel\u00b7li Ambient, ha servit tamb\u00e9 per a reivindicar aquest espai tradicional com a lloc [&hellip;]\" \/>\n<meta property=\"og:url\" content=\"https:\/\/portelldemorella.org\/ca\/llavadors-lovers-porta-a-portell-una-jornada-de-memoria-sostenibilitat-i-convivencia-amb-el-sabo-casola\/\" \/>\n<meta property=\"og:site_name\" content=\"Portell de Morella\" \/>\n<meta property=\"article:published_time\" content=\"2025-06-18T09:21:15+00:00\" \/>\n<meta property=\"article:modified_time\" content=\"2025-06-18T09:21:58+00:00\" \/>\n<meta property=\"og:image\" content=\"https:\/\/portelldemorella.org\/wp-content\/uploads\/2025\/06\/llavadors-lovers-sabo-portell-1-scaled.jpg\" \/>\n\t<meta property=\"og:image:width\" content=\"2560\" \/>\n\t<meta property=\"og:image:height\" content=\"1967\" \/>\n\t<meta property=\"og:image:type\" content=\"image\/jpeg\" \/>\n<meta name=\"author\" content=\"portell\" \/>\n<meta name=\"twitter:card\" content=\"summary_large_image\" \/>\n<meta name=\"twitter:label1\" content=\"Escrit per\" \/>\n\t<meta name=\"twitter:data1\" content=\"portell\" \/>\n\t<meta name=\"twitter:label2\" content=\"Temps estimat de lectura\" \/>\n\t<meta name=\"twitter:data2\" content=\"3 minuts\" \/>\n<script type=\"application\/ld+json\" class=\"yoast-schema-graph\">{\"@context\":\"https:\/\/schema.org\",\"@graph\":[{\"@type\":\"Article\",\"@id\":\"https:\/\/portelldemorella.org\/ca\/llavadors-lovers-porta-a-portell-una-jornada-de-memoria-sostenibilitat-i-convivencia-amb-el-sabo-casola\/#article\",\"isPartOf\":{\"@id\":\"https:\/\/portelldemorella.org\/ca\/llavadors-lovers-porta-a-portell-una-jornada-de-memoria-sostenibilitat-i-convivencia-amb-el-sabo-casola\/\"},\"author\":{\"name\":\"portell\",\"@id\":\"https:\/\/portelldemorella.org\/#\/schema\/person\/2adde77c454244acd163488ec723a88b\"},\"headline\":\"Llavadors Lovers porta a Portell una jornada de mem\u00f2ria, sostenibilitat i conviv\u00e8ncia amb el sab\u00f3 casol\u00e0\",\"datePublished\":\"2025-06-18T09:21:15+00:00\",\"dateModified\":\"2025-06-18T09:21:58+00:00\",\"mainEntityOfPage\":{\"@id\":\"https:\/\/portelldemorella.org\/ca\/llavadors-lovers-porta-a-portell-una-jornada-de-memoria-sostenibilitat-i-convivencia-amb-el-sabo-casola\/\"},\"wordCount\":300,\"commentCount\":0,\"publisher\":{\"@id\":\"https:\/\/portelldemorella.org\/#organization\"},\"image\":{\"@id\":\"https:\/\/portelldemorella.org\/ca\/llavadors-lovers-porta-a-portell-una-jornada-de-memoria-sostenibilitat-i-convivencia-amb-el-sabo-casola\/#primaryimage\"},\"thumbnailUrl\":\"https:\/\/portelldemorella.org\/wp-content\/uploads\/2025\/06\/llavadors-lovers-sabo-portell-1-scaled.jpg\",\"keywords\":[\"Llavadors lovers\",\"portell\"],\"articleSection\":[\"Ayuntamiento\"],\"inLanguage\":\"ca\",\"potentialAction\":[{\"@type\":\"CommentAction\",\"name\":\"Comment\",\"target\":[\"https:\/\/portelldemorella.org\/ca\/llavadors-lovers-porta-a-portell-una-jornada-de-memoria-sostenibilitat-i-convivencia-amb-el-sabo-casola\/#respond\"]}]},{\"@type\":\"WebPage\",\"@id\":\"https:\/\/portelldemorella.org\/ca\/llavadors-lovers-porta-a-portell-una-jornada-de-memoria-sostenibilitat-i-convivencia-amb-el-sabo-casola\/\",\"url\":\"https:\/\/portelldemorella.org\/ca\/llavadors-lovers-porta-a-portell-una-jornada-de-memoria-sostenibilitat-i-convivencia-amb-el-sabo-casola\/\",\"name\":\"Llavadors Lovers porta a Portell una jornada de mem\u00f2ria, sostenibilitat i conviv\u00e8ncia amb el sab\u00f3 casol\u00e0 - Portell de Morella\",\"isPartOf\":{\"@id\":\"https:\/\/portelldemorella.org\/#website\"},\"primaryImageOfPage\":{\"@id\":\"https:\/\/portelldemorella.org\/ca\/llavadors-lovers-porta-a-portell-una-jornada-de-memoria-sostenibilitat-i-convivencia-amb-el-sabo-casola\/#primaryimage\"},\"image\":{\"@id\":\"https:\/\/portelldemorella.org\/ca\/llavadors-lovers-porta-a-portell-una-jornada-de-memoria-sostenibilitat-i-convivencia-amb-el-sabo-casola\/#primaryimage\"},\"thumbnailUrl\":\"https:\/\/portelldemorella.org\/wp-content\/uploads\/2025\/06\/llavadors-lovers-sabo-portell-1-scaled.jpg\",\"datePublished\":\"2025-06-18T09:21:15+00:00\",\"dateModified\":\"2025-06-18T09:21:58+00:00\",\"breadcrumb\":{\"@id\":\"https:\/\/portelldemorella.org\/ca\/llavadors-lovers-porta-a-portell-una-jornada-de-memoria-sostenibilitat-i-convivencia-amb-el-sabo-casola\/#breadcrumb\"},\"inLanguage\":\"ca\",\"potentialAction\":[{\"@type\":\"ReadAction\",\"target\":[\"https:\/\/portelldemorella.org\/ca\/llavadors-lovers-porta-a-portell-una-jornada-de-memoria-sostenibilitat-i-convivencia-amb-el-sabo-casola\/\"]}]},{\"@type\":\"ImageObject\",\"inLanguage\":\"ca\",\"@id\":\"https:\/\/portelldemorella.org\/ca\/llavadors-lovers-porta-a-portell-una-jornada-de-memoria-sostenibilitat-i-convivencia-amb-el-sabo-casola\/#primaryimage\",\"url\":\"https:\/\/portelldemorella.org\/wp-content\/uploads\/2025\/06\/llavadors-lovers-sabo-portell-1-scaled.jpg\",\"contentUrl\":\"https:\/\/portelldemorella.org\/wp-content\/uploads\/2025\/06\/llavadors-lovers-sabo-portell-1-scaled.jpg\",\"width\":2560,\"height\":1967},{\"@type\":\"BreadcrumbList\",\"@id\":\"https:\/\/portelldemorella.org\/ca\/llavadors-lovers-porta-a-portell-una-jornada-de-memoria-sostenibilitat-i-convivencia-amb-el-sabo-casola\/#breadcrumb\",\"itemListElement\":[{\"@type\":\"ListItem\",\"position\":1,\"name\":\"Portada\",\"item\":\"https:\/\/portelldemorella.org\/ca\/\"},{\"@type\":\"ListItem\",\"position\":2,\"name\":\"Llavadors Lovers porta a Portell una jornada de mem\u00f2ria, sostenibilitat i conviv\u00e8ncia amb el sab\u00f3 casol\u00e0\"}]},{\"@type\":\"WebSite\",\"@id\":\"https:\/\/portelldemorella.org\/#website\",\"url\":\"https:\/\/portelldemorella.org\/\",\"name\":\"Portell de Morella\",\"description\":\"Web del Ayuntamiento de Portell de Morella\",\"publisher\":{\"@id\":\"https:\/\/portelldemorella.org\/#organization\"},\"potentialAction\":[{\"@type\":\"SearchAction\",\"target\":{\"@type\":\"EntryPoint\",\"urlTemplate\":\"https:\/\/portelldemorella.org\/?s={search_term_string}\"},\"query-input\":{\"@type\":\"PropertyValueSpecification\",\"valueRequired\":true,\"valueName\":\"search_term_string\"}}],\"inLanguage\":\"ca\"},{\"@type\":\"Organization\",\"@id\":\"https:\/\/portelldemorella.org\/#organization\",\"name\":\"Portell de Morella\",\"url\":\"https:\/\/portelldemorella.org\/\",\"logo\":{\"@type\":\"ImageObject\",\"inLanguage\":\"ca\",\"@id\":\"https:\/\/portelldemorella.org\/#\/schema\/logo\/image\/\",\"url\":\"https:\/\/portelldemorella.org\/wp-content\/uploads\/2020\/11\/Escudo-Portell-04.jpg\",\"contentUrl\":\"https:\/\/portelldemorella.org\/wp-content\/uploads\/2020\/11\/Escudo-Portell-04.jpg\",\"width\":1001,\"height\":394,\"caption\":\"Portell de Morella\"},\"image\":{\"@id\":\"https:\/\/portelldemorella.org\/#\/schema\/logo\/image\/\"}},{\"@type\":\"Person\",\"@id\":\"https:\/\/portelldemorella.org\/#\/schema\/person\/2adde77c454244acd163488ec723a88b\",\"name\":\"portell\",\"image\":{\"@type\":\"ImageObject\",\"inLanguage\":\"ca\",\"@id\":\"https:\/\/portelldemorella.org\/#\/schema\/person\/image\/\",\"url\":\"https:\/\/secure.gravatar.com\/avatar\/077c6bd89604df620d2fa93a06be2531944cdd6826fd322dbd8b483fd84d6407?s=96&d=mm&r=g\",\"contentUrl\":\"https:\/\/secure.gravatar.com\/avatar\/077c6bd89604df620d2fa93a06be2531944cdd6826fd322dbd8b483fd84d6407?s=96&d=mm&r=g\",\"caption\":\"portell\"},\"sameAs\":[\"https:\/\/portelldemorella.org\"],\"url\":\"https:\/\/portelldemorella.org\/ca\/author\/portell\/\"}]}<\/script>\n<!-- \/ Yoast SEO plugin. -->","yoast_head_json":{"title":"Llavadors Lovers porta a Portell una jornada de mem\u00f2ria, sostenibilitat i conviv\u00e8ncia amb el sab\u00f3 casol\u00e0 - Portell de Morella","robots":{"index":"noindex","follow":"follow","max-snippet":"max-snippet:-1","max-image-preview":"max-image-preview:large","max-video-preview":"max-video-preview:-1"},"og_locale":"ca_ES","og_type":"article","og_title":"Llavadors Lovers porta a Portell una jornada de mem\u00f2ria, sostenibilitat i conviv\u00e8ncia amb el sab\u00f3 casol\u00e0 - Portell de Morella","og_description":"Divuit persones van participar dissabte passat en el taller de sab\u00f3 casol\u00e0 celebrat als llavadors de la Mare de D\u00e9u de la Font de Portell. L\u2019activitat, organitzada en el marc del projecte Llavadors Lovers per l\u2019Ajuntament de Portell i la cooperativa Micel\u00b7li Ambient, ha servit tamb\u00e9 per a reivindicar aquest espai tradicional com a lloc [&hellip;]","og_url":"https:\/\/portelldemorella.org\/ca\/llavadors-lovers-porta-a-portell-una-jornada-de-memoria-sostenibilitat-i-convivencia-amb-el-sabo-casola\/","og_site_name":"Portell de Morella","article_published_time":"2025-06-18T09:21:15+00:00","article_modified_time":"2025-06-18T09:21:58+00:00","og_image":[{"width":2560,"height":1967,"url":"https:\/\/portelldemorella.org\/wp-content\/uploads\/2025\/06\/llavadors-lovers-sabo-portell-1-scaled.jpg","type":"image\/jpeg"}],"author":"portell","twitter_card":"summary_large_image","twitter_misc":{"Escrit per":"portell","Temps estimat de lectura":"3 minuts"},"schema":{"@context":"https:\/\/schema.org","@graph":[{"@type":"Article","@id":"https:\/\/portelldemorella.org\/ca\/llavadors-lovers-porta-a-portell-una-jornada-de-memoria-sostenibilitat-i-convivencia-amb-el-sabo-casola\/#article","isPartOf":{"@id":"https:\/\/portelldemorella.org\/ca\/llavadors-lovers-porta-a-portell-una-jornada-de-memoria-sostenibilitat-i-convivencia-amb-el-sabo-casola\/"},"author":{"name":"portell","@id":"https:\/\/portelldemorella.org\/#\/schema\/person\/2adde77c454244acd163488ec723a88b"},"headline":"Llavadors Lovers porta a Portell una jornada de mem\u00f2ria, sostenibilitat i conviv\u00e8ncia amb el sab\u00f3 casol\u00e0","datePublished":"2025-06-18T09:21:15+00:00","dateModified":"2025-06-18T09:21:58+00:00","mainEntityOfPage":{"@id":"https:\/\/portelldemorella.org\/ca\/llavadors-lovers-porta-a-portell-una-jornada-de-memoria-sostenibilitat-i-convivencia-amb-el-sabo-casola\/"},"wordCount":300,"commentCount":0,"publisher":{"@id":"https:\/\/portelldemorella.org\/#organization"},"image":{"@id":"https:\/\/portelldemorella.org\/ca\/llavadors-lovers-porta-a-portell-una-jornada-de-memoria-sostenibilitat-i-convivencia-amb-el-sabo-casola\/#primaryimage"},"thumbnailUrl":"https:\/\/portelldemorella.org\/wp-content\/uploads\/2025\/06\/llavadors-lovers-sabo-portell-1-scaled.jpg","keywords":["Llavadors lovers","portell"],"articleSection":["Ayuntamiento"],"inLanguage":"ca","potentialAction":[{"@type":"CommentAction","name":"Comment","target":["https:\/\/portelldemorella.org\/ca\/llavadors-lovers-porta-a-portell-una-jornada-de-memoria-sostenibilitat-i-convivencia-amb-el-sabo-casola\/#respond"]}]},{"@type":"WebPage","@id":"https:\/\/portelldemorella.org\/ca\/llavadors-lovers-porta-a-portell-una-jornada-de-memoria-sostenibilitat-i-convivencia-amb-el-sabo-casola\/","url":"https:\/\/portelldemorella.org\/ca\/llavadors-lovers-porta-a-portell-una-jornada-de-memoria-sostenibilitat-i-convivencia-amb-el-sabo-casola\/","name":"Llavadors Lovers porta a Portell una jornada de mem\u00f2ria, sostenibilitat i conviv\u00e8ncia amb el sab\u00f3 casol\u00e0 - Portell de Morella","isPartOf":{"@id":"https:\/\/portelldemorella.org\/#website"},"primaryImageOfPage":{"@id":"https:\/\/portelldemorella.org\/ca\/llavadors-lovers-porta-a-portell-una-jornada-de-memoria-sostenibilitat-i-convivencia-amb-el-sabo-casola\/#primaryimage"},"image":{"@id":"https:\/\/portelldemorella.org\/ca\/llavadors-lovers-porta-a-portell-una-jornada-de-memoria-sostenibilitat-i-convivencia-amb-el-sabo-casola\/#primaryimage"},"thumbnailUrl":"https:\/\/portelldemorella.org\/wp-content\/uploads\/2025\/06\/llavadors-lovers-sabo-portell-1-scaled.jpg","datePublished":"2025-06-18T09:21:15+00:00","dateModified":"2025-06-18T09:21:58+00:00","breadcrumb":{"@id":"https:\/\/portelldemorella.org\/ca\/llavadors-lovers-porta-a-portell-una-jornada-de-memoria-sostenibilitat-i-convivencia-amb-el-sabo-casola\/#breadcrumb"},"inLanguage":"ca","potentialAction":[{"@type":"ReadAction","target":["https:\/\/portelldemorella.org\/ca\/llavadors-lovers-porta-a-portell-una-jornada-de-memoria-sostenibilitat-i-convivencia-amb-el-sabo-casola\/"]}]},{"@type":"ImageObject","inLanguage":"ca","@id":"https:\/\/portelldemorella.org\/ca\/llavadors-lovers-porta-a-portell-una-jornada-de-memoria-sostenibilitat-i-convivencia-amb-el-sabo-casola\/#primaryimage","url":"https:\/\/portelldemorella.org\/wp-content\/uploads\/2025\/06\/llavadors-lovers-sabo-portell-1-scaled.jpg","contentUrl":"https:\/\/portelldemorella.org\/wp-content\/uploads\/2025\/06\/llavadors-lovers-sabo-portell-1-scaled.jpg","width":2560,"height":1967},{"@type":"BreadcrumbList","@id":"https:\/\/portelldemorella.org\/ca\/llavadors-lovers-porta-a-portell-una-jornada-de-memoria-sostenibilitat-i-convivencia-amb-el-sabo-casola\/#breadcrumb","itemListElement":[{"@type":"ListItem","position":1,"name":"Portada","item":"https:\/\/portelldemorella.org\/ca\/"},{"@type":"ListItem","position":2,"name":"Llavadors Lovers porta a Portell una jornada de mem\u00f2ria, sostenibilitat i conviv\u00e8ncia amb el sab\u00f3 casol\u00e0"}]},{"@type":"WebSite","@id":"https:\/\/portelldemorella.org\/#website","url":"https:\/\/portelldemorella.org\/","name":"Portell de Morella","description":"Web del Ayuntamiento de Portell de Morella","publisher":{"@id":"https:\/\/portelldemorella.org\/#organization"},"potentialAction":[{"@type":"SearchAction","target":{"@type":"EntryPoint","urlTemplate":"https:\/\/portelldemorella.org\/?s={search_term_string}"},"query-input":{"@type":"PropertyValueSpecification","valueRequired":true,"valueName":"search_term_string"}}],"inLanguage":"ca"},{"@type":"Organization","@id":"https:\/\/portelldemorella.org\/#organization","name":"Portell de Morella","url":"https:\/\/portelldemorella.org\/","logo":{"@type":"ImageObject","inLanguage":"ca","@id":"https:\/\/portelldemorella.org\/#\/schema\/logo\/image\/","url":"https:\/\/portelldemorella.org\/wp-content\/uploads\/2020\/11\/Escudo-Portell-04.jpg","contentUrl":"https:\/\/portelldemorella.org\/wp-content\/uploads\/2020\/11\/Escudo-Portell-04.jpg","width":1001,"height":394,"caption":"Portell de Morella"},"image":{"@id":"https:\/\/portelldemorella.org\/#\/schema\/logo\/image\/"}},{"@type":"Person","@id":"https:\/\/portelldemorella.org\/#\/schema\/person\/2adde77c454244acd163488ec723a88b","name":"portell","image":{"@type":"ImageObject","inLanguage":"ca","@id":"https:\/\/portelldemorella.org\/#\/schema\/person\/image\/","url":"https:\/\/secure.gravatar.com\/avatar\/077c6bd89604df620d2fa93a06be2531944cdd6826fd322dbd8b483fd84d6407?s=96&d=mm&r=g","contentUrl":"https:\/\/secure.gravatar.com\/avatar\/077c6bd89604df620d2fa93a06be2531944cdd6826fd322dbd8b483fd84d6407?s=96&d=mm&r=g","caption":"portell"},"sameAs":["https:\/\/portelldemorella.org"],"url":"https:\/\/portelldemorella.org\/ca\/author\/portell\/"}]}},"_links":{"self":[{"href":"https:\/\/portelldemorella.org\/ca\/wp-json\/wp\/v2\/posts\/8396","targetHints":{"allow":["GET"]}}],"collection":[{"href":"https:\/\/portelldemorella.org\/ca\/wp-json\/wp\/v2\/posts"}],"about":[{"href":"https:\/\/portelldemorella.org\/ca\/wp-json\/wp\/v2\/types\/post"}],"author":[{"embeddable":true,"href":"https:\/\/portelldemorella.org\/ca\/wp-json\/wp\/v2\/users\/1"}],"replies":[{"embeddable":true,"href":"https:\/\/portelldemorella.org\/ca\/wp-json\/wp\/v2\/comments?post=8396"}],"version-history":[{"count":1,"href":"https:\/\/portelldemorella.org\/ca\/wp-json\/wp\/v2\/posts\/8396\/revisions"}],"predecessor-version":[{"id":8397,"href":"https:\/\/portelldemorella.org\/ca\/wp-json\/wp\/v2\/posts\/8396\/revisions\/8397"}],"wp:featuredmedia":[{"embeddable":true,"href":"https:\/\/portelldemorella.org\/ca\/wp-json\/wp\/v2\/media\/8388"}],"wp:attachment":[{"href":"https:\/\/portelldemorella.org\/ca\/wp-json\/wp\/v2\/media?parent=8396"}],"wp:term":[{"taxonomy":"category","embeddable":true,"href":"https:\/\/portelldemorella.org\/ca\/wp-json\/wp\/v2\/categories?post=8396"},{"taxonomy":"post_tag","embeddable":true,"href":"https:\/\/portelldemorella.org\/ca\/wp-json\/wp\/v2\/tags?post=8396"}],"curies":[{"name":"wp","href":"https:\/\/api.w.org\/{rel}","templated":true}]}}