{"id":8413,"date":"2025-06-30T12:21:08","date_gmt":"2025-06-30T12:21:08","guid":{"rendered":"https:\/\/portelldemorella.org\/portell-busca-dones-emprenedores-per-recuperar-el-lideratge-en-la-industria-textil-amb-perspectiva-de-genere-i-ecosocial\/"},"modified":"2025-07-09T10:05:50","modified_gmt":"2025-07-09T10:05:50","slug":"portell-busca-dones-emprenedores-per-recuperar-el-lideratge-en-la-industria-textil-amb-perspectiva-de-genere-i-ecosocial","status":"publish","type":"post","link":"https:\/\/portelldemorella.org\/ca\/portell-busca-dones-emprenedores-per-recuperar-el-lideratge-en-la-industria-textil-amb-perspectiva-de-genere-i-ecosocial\/","title":{"rendered":"Portell busca dones emprenedores per recuperar el lideratge en la ind\u00fastria t\u00e8xtil amb perspectiva de g\u00e8nere i ecosocial"},"content":{"rendered":"\n<ul class=\"wp-block-list\">\n<li>L\u2019Ajuntament i la cooperativa Micel\u00b7li impulsen el projecte pioner Teixint Portell per dinamitzar l\u2019economia local, combatre la despoblaci\u00f3 i afavorir l\u2019ocupaci\u00f3 femenina<\/li>\n<\/ul>\n\n\n\n<p>L\u2019Ajuntament de Portell i la cooperativa Micel\u00b7li Ambient impulsen el projecte Teixint Portell, una iniciativa pionera per dinamitzar el teixit econ\u00f2mic i social del municipi mitjan\u00e7ant la incorporaci\u00f3 de dones emprenedores del sector t\u00e8xtil sostenible. El projecte busca acompanyar i facilitar la instal\u00b7laci\u00f3 d\u2019empreses liderades per dones al poble. D\u2019aquesta manera, s\u2019actua entre l\u00ednies clau: combatre la despoblaci\u00f3, incentivar l\u2019ocupaci\u00f3 femenina i afavorir l\u2019economia circular amb perspectiva de g\u00e8nere i ecosocial.<\/p>\n\n\n\n<p>A m\u00e9s, Teixint Portell persegueix revaloritzar la ind\u00fastria t\u00e8xtil, que hist\u00f2ricament ha tingut un fort arrelament al poble, i promocionar les empreses i productes locals. El projecte tamb\u00e9 pret\u00e9n impulsar la cooperaci\u00f3 entre dones empres\u00e0ries de la comarca i donar visibilitat a nous models d\u2019economia.<\/p>\n\n\n\n<p>Teixint Portell beu fonamentalment de la tradici\u00f3 t\u00e8xtil de Portell, que va ser un dels centres m\u00e9s rellevants de la ind\u00fastria als Ports. La producci\u00f3 t\u00e8xtil generava un gran nombre de llocs de treball, especialment ocupats per dones, moltes de les quals treballaven des de casa amb el seu propi teler. En aquest sentit, Alba Monfort, membre de la cooperativa Micel\u00b7li i impulsora del projecte, recorda que \u201cel poble comptava amb una important activitat industrial, per\u00f2 les condicions laborals i salarials sovint no garantien ni la igualtat ni la conciliaci\u00f3 familiar\u201d. Tamb\u00e9 destaca la figura de Luisa Cama\u00f1es, \u201cuna de les primeres dones empres\u00e0ries t\u00e8xtils del municipi, que va obrir cam\u00ed en un context dif\u00edcil\u201d. La seua empresa s\u2019ha convertit hui en el museu etnol\u00f2gic t\u00e8xtil de Portell.<\/p>\n\n\n\n<p>&nbsp;\u201cActualment, gran part de la producci\u00f3 t\u00e8xtil s\u2019ha deslocalitzat a pa\u00efsos on les condicions laborals no compleixen els est\u00e0ndards europeus, i aix\u00f2 implica externalitzar desigualtats i injust\u00edcies\u201d, lamenta Monfort. \u00c9s per aix\u00f2 que, amb Teixint Portell, Micel\u00b7li i l\u2019Ajuntament de Portell aposten per \u201cun nou model d\u2019empresa t\u00e8xtil arrelada al territori, on les dones lideren les seues pr\u00f2pies empreses amb perspectiva de g\u00e8nere i amb productes sostenibles\u201d.<\/p>\n\n\n\n<p>La primera fase del projecte s&#8217;inicia amb una jornada de presentaci\u00f3 oberta a tot el ve\u00efnat, que tindr\u00e0 lloc el dissabte 5 de juliol a les 11.00 h a l\u2019espai El Corro. La trobada servir\u00e0 per explicar els objectius i fases del projecte, recollir propostes i implicar la poblaci\u00f3 en l\u2019acollida de les noves iniciatives empresarials que hi puguen sorgir. Aquesta primera fase tamb\u00e9 inclou una diagnosi de la situaci\u00f3 que ha perm\u00e9s identificat les dones aut\u00f2nomes en sectors t\u00e8xtils sostenibles que pogueren estar interessades a apropar-se al m\u00f3n rural, aix\u00ed com les xarxes empresarials del territori.<\/p>\n\n\n\n<p>La iniciativa est\u00e0 finan\u00e7ada per l\u2019Ajuntament de Portell, a trav\u00e9s d\u2019una subvenci\u00f3 de la Federaci\u00f3 Espanyola de Municipis i Prov\u00edncies lligada al Ministeri d\u2019Igualtat i a l\u2019Institut de les Dones, i s\u2019ha articulat a trav\u00e9s de la cooperativa Micel\u00b7li Ambient Coop. V, cooperativa de treball associat de car\u00e0cter ecosocial que treballa per facilitar processos de transformaci\u00f3 col\u00b7lectiva en&nbsp;el&nbsp;m\u00f3n&nbsp;rural.<\/p>\n\n\n\n<div data-wp-interactive=\"core\/file\" class=\"wp-block-file\"><object data-wp-bind--hidden=\"!state.hasPdfPreview\" hidden class=\"wp-block-file__embed\" data=\"https:\/\/portelldemorella.org\/wp-content\/uploads\/2025\/06\/Bases-convocatoria-Valencia.pdf\" type=\"application\/pdf\" style=\"width:100%;height:600px\" aria-label=\"Incrustaci\u00f3 del fitxer Bases convocato\u0300ria- Valencia\u0300.\"><\/object><a id=\"wp-block-file--media-d3095e90-18c7-4488-aa3f-1d078f3b8c7e\" href=\"https:\/\/portelldemorella.org\/wp-content\/uploads\/2025\/06\/Bases-convocatoria-Valencia.pdf\">Bases convocato\u0300ria- Valencia\u0300<\/a><a href=\"https:\/\/portelldemorella.org\/wp-content\/uploads\/2025\/06\/Bases-convocatoria-Valencia.pdf\" class=\"wp-block-file__button wp-element-button\" download aria-describedby=\"wp-block-file--media-d3095e90-18c7-4488-aa3f-1d078f3b8c7e\">Descarga<\/a><\/div>\n\n\n\n<p><a href=\"https:\/\/my.liberaforms.org\/convocatoria-teixint-portell\">Formulari de participaci\u00f3 <\/a> (clic o escaneja el QR)<\/p>\n\n\n\n<figure class=\"wp-block-image size-full is-resized\"><img fetchpriority=\"high\" decoding=\"async\" width=\"588\" height=\"588\" src=\"https:\/\/portelldemorella.org\/wp-content\/uploads\/2025\/06\/convocatoria-teixint-portell-QR.png\" alt=\"\" class=\"wp-image-8410\" style=\"width:255px;height:auto\" srcset=\"https:\/\/portelldemorella.org\/wp-content\/uploads\/2025\/06\/convocatoria-teixint-portell-QR.png 588w, https:\/\/portelldemorella.org\/wp-content\/uploads\/2025\/06\/convocatoria-teixint-portell-QR-300x300.png 300w, https:\/\/portelldemorella.org\/wp-content\/uploads\/2025\/06\/convocatoria-teixint-portell-QR-150x150.png 150w, https:\/\/portelldemorella.org\/wp-content\/uploads\/2025\/06\/convocatoria-teixint-portell-QR-560x560.png 560w\" sizes=\"(max-width: 588px) 100vw, 588px\" \/><\/figure>\n","protected":false},"excerpt":{"rendered":"<p>L\u2019Ajuntament de Portell i la cooperativa Micel\u00b7li Ambient impulsen el projecte Teixint Portell, una iniciativa pionera per dinamitzar el teixit econ\u00f2mic i social del municipi mitjan\u00e7ant la incorporaci\u00f3 de dones emprenedores del sector t\u00e8xtil sostenible. El projecte busca acompanyar i facilitar la instal\u00b7laci\u00f3 d\u2019empreses liderades per dones al poble. D\u2019aquesta manera, s\u2019actua entre l\u00ednies clau: [&hellip;]<\/p>\n","protected":false},"author":1,"featured_media":8401,"comment_status":"open","ping_status":"open","sticky":false,"template":"","format":"standard","meta":{"footnotes":""},"categories":[97],"tags":[312,313,107,314],"class_list":["post-8413","post","type-post","status-publish","format-standard","has-post-thumbnail","hentry","category-ayuntamiento-ca","tag-dones-emprenedores-ca","tag-economia-ca","tag-portell-ca","tag-textil-ca"],"yoast_head":"<!-- This site is optimized with the Yoast SEO plugin v24.4 - https:\/\/yoast.com\/wordpress\/plugins\/seo\/ -->\n<title>Portell busca dones emprenedores per recuperar el lideratge en la ind\u00fastria t\u00e8xtil amb perspectiva de g\u00e8nere i ecosocial - Portell de Morella<\/title>\n<meta name=\"robots\" content=\"noindex, follow, max-snippet:-1, max-image-preview:large, max-video-preview:-1\" \/>\n<meta property=\"og:locale\" content=\"ca_ES\" \/>\n<meta property=\"og:type\" content=\"article\" \/>\n<meta property=\"og:title\" content=\"Portell busca dones emprenedores per recuperar el lideratge en la ind\u00fastria t\u00e8xtil amb perspectiva de g\u00e8nere i ecosocial - Portell de Morella\" \/>\n<meta property=\"og:description\" content=\"L\u2019Ajuntament de Portell i la cooperativa Micel\u00b7li Ambient impulsen el projecte Teixint Portell, una iniciativa pionera per dinamitzar el teixit econ\u00f2mic i social del municipi mitjan\u00e7ant la incorporaci\u00f3 de dones emprenedores del sector t\u00e8xtil sostenible. El projecte busca acompanyar i facilitar la instal\u00b7laci\u00f3 d\u2019empreses liderades per dones al poble. D\u2019aquesta manera, s\u2019actua entre l\u00ednies clau: [&hellip;]\" \/>\n<meta property=\"og:url\" content=\"https:\/\/portelldemorella.org\/ca\/portell-busca-dones-emprenedores-per-recuperar-el-lideratge-en-la-industria-textil-amb-perspectiva-de-genere-i-ecosocial\/\" \/>\n<meta property=\"og:site_name\" content=\"Portell de Morella\" \/>\n<meta property=\"article:published_time\" content=\"2025-06-30T12:21:08+00:00\" \/>\n<meta property=\"article:modified_time\" content=\"2025-07-09T10:05:50+00:00\" \/>\n<meta property=\"og:image\" content=\"https:\/\/portelldemorella.org\/wp-content\/uploads\/2025\/06\/Teixint-Portell.jpg\" \/>\n\t<meta property=\"og:image:width\" content=\"1447\" \/>\n\t<meta property=\"og:image:height\" content=\"2048\" \/>\n\t<meta property=\"og:image:type\" content=\"image\/jpeg\" \/>\n<meta name=\"author\" content=\"portell\" \/>\n<meta name=\"twitter:card\" content=\"summary_large_image\" \/>\n<meta name=\"twitter:label1\" content=\"Escrit per\" \/>\n\t<meta name=\"twitter:data1\" content=\"portell\" \/>\n\t<meta name=\"twitter:label2\" content=\"Temps estimat de lectura\" \/>\n\t<meta name=\"twitter:data2\" content=\"3 minuts\" \/>\n<script type=\"application\/ld+json\" class=\"yoast-schema-graph\">{\"@context\":\"https:\/\/schema.org\",\"@graph\":[{\"@type\":\"Article\",\"@id\":\"https:\/\/portelldemorella.org\/ca\/portell-busca-dones-emprenedores-per-recuperar-el-lideratge-en-la-industria-textil-amb-perspectiva-de-genere-i-ecosocial\/#article\",\"isPartOf\":{\"@id\":\"https:\/\/portelldemorella.org\/ca\/portell-busca-dones-emprenedores-per-recuperar-el-lideratge-en-la-industria-textil-amb-perspectiva-de-genere-i-ecosocial\/\"},\"author\":{\"name\":\"portell\",\"@id\":\"https:\/\/portelldemorella.org\/#\/schema\/person\/2adde77c454244acd163488ec723a88b\"},\"headline\":\"Portell busca dones emprenedores per recuperar el lideratge en la ind\u00fastria t\u00e8xtil amb perspectiva de g\u00e8nere i ecosocial\",\"datePublished\":\"2025-06-30T12:21:08+00:00\",\"dateModified\":\"2025-07-09T10:05:50+00:00\",\"mainEntityOfPage\":{\"@id\":\"https:\/\/portelldemorella.org\/ca\/portell-busca-dones-emprenedores-per-recuperar-el-lideratge-en-la-industria-textil-amb-perspectiva-de-genere-i-ecosocial\/\"},\"wordCount\":594,\"commentCount\":0,\"publisher\":{\"@id\":\"https:\/\/portelldemorella.org\/#organization\"},\"image\":{\"@id\":\"https:\/\/portelldemorella.org\/ca\/portell-busca-dones-emprenedores-per-recuperar-el-lideratge-en-la-industria-textil-amb-perspectiva-de-genere-i-ecosocial\/#primaryimage\"},\"thumbnailUrl\":\"https:\/\/portelldemorella.org\/wp-content\/uploads\/2025\/06\/Teixint-Portell.jpg\",\"keywords\":[\"Dones emprenedores\",\"Economia\",\"portell\",\"T\u00e8xtil\"],\"articleSection\":[\"Ayuntamiento\"],\"inLanguage\":\"ca\",\"potentialAction\":[{\"@type\":\"CommentAction\",\"name\":\"Comment\",\"target\":[\"https:\/\/portelldemorella.org\/ca\/portell-busca-dones-emprenedores-per-recuperar-el-lideratge-en-la-industria-textil-amb-perspectiva-de-genere-i-ecosocial\/#respond\"]}]},{\"@type\":\"WebPage\",\"@id\":\"https:\/\/portelldemorella.org\/ca\/portell-busca-dones-emprenedores-per-recuperar-el-lideratge-en-la-industria-textil-amb-perspectiva-de-genere-i-ecosocial\/\",\"url\":\"https:\/\/portelldemorella.org\/ca\/portell-busca-dones-emprenedores-per-recuperar-el-lideratge-en-la-industria-textil-amb-perspectiva-de-genere-i-ecosocial\/\",\"name\":\"Portell busca dones emprenedores per recuperar el lideratge en la ind\u00fastria t\u00e8xtil amb perspectiva de g\u00e8nere i ecosocial - Portell de Morella\",\"isPartOf\":{\"@id\":\"https:\/\/portelldemorella.org\/#website\"},\"primaryImageOfPage\":{\"@id\":\"https:\/\/portelldemorella.org\/ca\/portell-busca-dones-emprenedores-per-recuperar-el-lideratge-en-la-industria-textil-amb-perspectiva-de-genere-i-ecosocial\/#primaryimage\"},\"image\":{\"@id\":\"https:\/\/portelldemorella.org\/ca\/portell-busca-dones-emprenedores-per-recuperar-el-lideratge-en-la-industria-textil-amb-perspectiva-de-genere-i-ecosocial\/#primaryimage\"},\"thumbnailUrl\":\"https:\/\/portelldemorella.org\/wp-content\/uploads\/2025\/06\/Teixint-Portell.jpg\",\"datePublished\":\"2025-06-30T12:21:08+00:00\",\"dateModified\":\"2025-07-09T10:05:50+00:00\",\"breadcrumb\":{\"@id\":\"https:\/\/portelldemorella.org\/ca\/portell-busca-dones-emprenedores-per-recuperar-el-lideratge-en-la-industria-textil-amb-perspectiva-de-genere-i-ecosocial\/#breadcrumb\"},\"inLanguage\":\"ca\",\"potentialAction\":[{\"@type\":\"ReadAction\",\"target\":[\"https:\/\/portelldemorella.org\/ca\/portell-busca-dones-emprenedores-per-recuperar-el-lideratge-en-la-industria-textil-amb-perspectiva-de-genere-i-ecosocial\/\"]}]},{\"@type\":\"ImageObject\",\"inLanguage\":\"ca\",\"@id\":\"https:\/\/portelldemorella.org\/ca\/portell-busca-dones-emprenedores-per-recuperar-el-lideratge-en-la-industria-textil-amb-perspectiva-de-genere-i-ecosocial\/#primaryimage\",\"url\":\"https:\/\/portelldemorella.org\/wp-content\/uploads\/2025\/06\/Teixint-Portell.jpg\",\"contentUrl\":\"https:\/\/portelldemorella.org\/wp-content\/uploads\/2025\/06\/Teixint-Portell.jpg\",\"width\":1447,\"height\":2048},{\"@type\":\"BreadcrumbList\",\"@id\":\"https:\/\/portelldemorella.org\/ca\/portell-busca-dones-emprenedores-per-recuperar-el-lideratge-en-la-industria-textil-amb-perspectiva-de-genere-i-ecosocial\/#breadcrumb\",\"itemListElement\":[{\"@type\":\"ListItem\",\"position\":1,\"name\":\"Portada\",\"item\":\"https:\/\/portelldemorella.org\/ca\/\"},{\"@type\":\"ListItem\",\"position\":2,\"name\":\"Portell busca dones emprenedores per recuperar el lideratge en la ind\u00fastria t\u00e8xtil amb perspectiva de g\u00e8nere i ecosocial\"}]},{\"@type\":\"WebSite\",\"@id\":\"https:\/\/portelldemorella.org\/#website\",\"url\":\"https:\/\/portelldemorella.org\/\",\"name\":\"Portell de Morella\",\"description\":\"Web del Ayuntamiento de Portell de Morella\",\"publisher\":{\"@id\":\"https:\/\/portelldemorella.org\/#organization\"},\"potentialAction\":[{\"@type\":\"SearchAction\",\"target\":{\"@type\":\"EntryPoint\",\"urlTemplate\":\"https:\/\/portelldemorella.org\/?s={search_term_string}\"},\"query-input\":{\"@type\":\"PropertyValueSpecification\",\"valueRequired\":true,\"valueName\":\"search_term_string\"}}],\"inLanguage\":\"ca\"},{\"@type\":\"Organization\",\"@id\":\"https:\/\/portelldemorella.org\/#organization\",\"name\":\"Portell de Morella\",\"url\":\"https:\/\/portelldemorella.org\/\",\"logo\":{\"@type\":\"ImageObject\",\"inLanguage\":\"ca\",\"@id\":\"https:\/\/portelldemorella.org\/#\/schema\/logo\/image\/\",\"url\":\"https:\/\/portelldemorella.org\/wp-content\/uploads\/2020\/11\/Escudo-Portell-04.jpg\",\"contentUrl\":\"https:\/\/portelldemorella.org\/wp-content\/uploads\/2020\/11\/Escudo-Portell-04.jpg\",\"width\":1001,\"height\":394,\"caption\":\"Portell de Morella\"},\"image\":{\"@id\":\"https:\/\/portelldemorella.org\/#\/schema\/logo\/image\/\"}},{\"@type\":\"Person\",\"@id\":\"https:\/\/portelldemorella.org\/#\/schema\/person\/2adde77c454244acd163488ec723a88b\",\"name\":\"portell\",\"image\":{\"@type\":\"ImageObject\",\"inLanguage\":\"ca\",\"@id\":\"https:\/\/portelldemorella.org\/#\/schema\/person\/image\/\",\"url\":\"https:\/\/secure.gravatar.com\/avatar\/077c6bd89604df620d2fa93a06be2531944cdd6826fd322dbd8b483fd84d6407?s=96&d=mm&r=g\",\"contentUrl\":\"https:\/\/secure.gravatar.com\/avatar\/077c6bd89604df620d2fa93a06be2531944cdd6826fd322dbd8b483fd84d6407?s=96&d=mm&r=g\",\"caption\":\"portell\"},\"sameAs\":[\"https:\/\/portelldemorella.org\"],\"url\":\"https:\/\/portelldemorella.org\/ca\/author\/portell\/\"}]}<\/script>\n<!-- \/ Yoast SEO plugin. -->","yoast_head_json":{"title":"Portell busca dones emprenedores per recuperar el lideratge en la ind\u00fastria t\u00e8xtil amb perspectiva de g\u00e8nere i ecosocial - Portell de Morella","robots":{"index":"noindex","follow":"follow","max-snippet":"max-snippet:-1","max-image-preview":"max-image-preview:large","max-video-preview":"max-video-preview:-1"},"og_locale":"ca_ES","og_type":"article","og_title":"Portell busca dones emprenedores per recuperar el lideratge en la ind\u00fastria t\u00e8xtil amb perspectiva de g\u00e8nere i ecosocial - Portell de Morella","og_description":"L\u2019Ajuntament de Portell i la cooperativa Micel\u00b7li Ambient impulsen el projecte Teixint Portell, una iniciativa pionera per dinamitzar el teixit econ\u00f2mic i social del municipi mitjan\u00e7ant la incorporaci\u00f3 de dones emprenedores del sector t\u00e8xtil sostenible. El projecte busca acompanyar i facilitar la instal\u00b7laci\u00f3 d\u2019empreses liderades per dones al poble. D\u2019aquesta manera, s\u2019actua entre l\u00ednies clau: [&hellip;]","og_url":"https:\/\/portelldemorella.org\/ca\/portell-busca-dones-emprenedores-per-recuperar-el-lideratge-en-la-industria-textil-amb-perspectiva-de-genere-i-ecosocial\/","og_site_name":"Portell de Morella","article_published_time":"2025-06-30T12:21:08+00:00","article_modified_time":"2025-07-09T10:05:50+00:00","og_image":[{"width":1447,"height":2048,"url":"https:\/\/portelldemorella.org\/wp-content\/uploads\/2025\/06\/Teixint-Portell.jpg","type":"image\/jpeg"}],"author":"portell","twitter_card":"summary_large_image","twitter_misc":{"Escrit per":"portell","Temps estimat de lectura":"3 minuts"},"schema":{"@context":"https:\/\/schema.org","@graph":[{"@type":"Article","@id":"https:\/\/portelldemorella.org\/ca\/portell-busca-dones-emprenedores-per-recuperar-el-lideratge-en-la-industria-textil-amb-perspectiva-de-genere-i-ecosocial\/#article","isPartOf":{"@id":"https:\/\/portelldemorella.org\/ca\/portell-busca-dones-emprenedores-per-recuperar-el-lideratge-en-la-industria-textil-amb-perspectiva-de-genere-i-ecosocial\/"},"author":{"name":"portell","@id":"https:\/\/portelldemorella.org\/#\/schema\/person\/2adde77c454244acd163488ec723a88b"},"headline":"Portell busca dones emprenedores per recuperar el lideratge en la ind\u00fastria t\u00e8xtil amb perspectiva de g\u00e8nere i ecosocial","datePublished":"2025-06-30T12:21:08+00:00","dateModified":"2025-07-09T10:05:50+00:00","mainEntityOfPage":{"@id":"https:\/\/portelldemorella.org\/ca\/portell-busca-dones-emprenedores-per-recuperar-el-lideratge-en-la-industria-textil-amb-perspectiva-de-genere-i-ecosocial\/"},"wordCount":594,"commentCount":0,"publisher":{"@id":"https:\/\/portelldemorella.org\/#organization"},"image":{"@id":"https:\/\/portelldemorella.org\/ca\/portell-busca-dones-emprenedores-per-recuperar-el-lideratge-en-la-industria-textil-amb-perspectiva-de-genere-i-ecosocial\/#primaryimage"},"thumbnailUrl":"https:\/\/portelldemorella.org\/wp-content\/uploads\/2025\/06\/Teixint-Portell.jpg","keywords":["Dones emprenedores","Economia","portell","T\u00e8xtil"],"articleSection":["Ayuntamiento"],"inLanguage":"ca","potentialAction":[{"@type":"CommentAction","name":"Comment","target":["https:\/\/portelldemorella.org\/ca\/portell-busca-dones-emprenedores-per-recuperar-el-lideratge-en-la-industria-textil-amb-perspectiva-de-genere-i-ecosocial\/#respond"]}]},{"@type":"WebPage","@id":"https:\/\/portelldemorella.org\/ca\/portell-busca-dones-emprenedores-per-recuperar-el-lideratge-en-la-industria-textil-amb-perspectiva-de-genere-i-ecosocial\/","url":"https:\/\/portelldemorella.org\/ca\/portell-busca-dones-emprenedores-per-recuperar-el-lideratge-en-la-industria-textil-amb-perspectiva-de-genere-i-ecosocial\/","name":"Portell busca dones emprenedores per recuperar el lideratge en la ind\u00fastria t\u00e8xtil amb perspectiva de g\u00e8nere i ecosocial - Portell de Morella","isPartOf":{"@id":"https:\/\/portelldemorella.org\/#website"},"primaryImageOfPage":{"@id":"https:\/\/portelldemorella.org\/ca\/portell-busca-dones-emprenedores-per-recuperar-el-lideratge-en-la-industria-textil-amb-perspectiva-de-genere-i-ecosocial\/#primaryimage"},"image":{"@id":"https:\/\/portelldemorella.org\/ca\/portell-busca-dones-emprenedores-per-recuperar-el-lideratge-en-la-industria-textil-amb-perspectiva-de-genere-i-ecosocial\/#primaryimage"},"thumbnailUrl":"https:\/\/portelldemorella.org\/wp-content\/uploads\/2025\/06\/Teixint-Portell.jpg","datePublished":"2025-06-30T12:21:08+00:00","dateModified":"2025-07-09T10:05:50+00:00","breadcrumb":{"@id":"https:\/\/portelldemorella.org\/ca\/portell-busca-dones-emprenedores-per-recuperar-el-lideratge-en-la-industria-textil-amb-perspectiva-de-genere-i-ecosocial\/#breadcrumb"},"inLanguage":"ca","potentialAction":[{"@type":"ReadAction","target":["https:\/\/portelldemorella.org\/ca\/portell-busca-dones-emprenedores-per-recuperar-el-lideratge-en-la-industria-textil-amb-perspectiva-de-genere-i-ecosocial\/"]}]},{"@type":"ImageObject","inLanguage":"ca","@id":"https:\/\/portelldemorella.org\/ca\/portell-busca-dones-emprenedores-per-recuperar-el-lideratge-en-la-industria-textil-amb-perspectiva-de-genere-i-ecosocial\/#primaryimage","url":"https:\/\/portelldemorella.org\/wp-content\/uploads\/2025\/06\/Teixint-Portell.jpg","contentUrl":"https:\/\/portelldemorella.org\/wp-content\/uploads\/2025\/06\/Teixint-Portell.jpg","width":1447,"height":2048},{"@type":"BreadcrumbList","@id":"https:\/\/portelldemorella.org\/ca\/portell-busca-dones-emprenedores-per-recuperar-el-lideratge-en-la-industria-textil-amb-perspectiva-de-genere-i-ecosocial\/#breadcrumb","itemListElement":[{"@type":"ListItem","position":1,"name":"Portada","item":"https:\/\/portelldemorella.org\/ca\/"},{"@type":"ListItem","position":2,"name":"Portell busca dones emprenedores per recuperar el lideratge en la ind\u00fastria t\u00e8xtil amb perspectiva de g\u00e8nere i ecosocial"}]},{"@type":"WebSite","@id":"https:\/\/portelldemorella.org\/#website","url":"https:\/\/portelldemorella.org\/","name":"Portell de Morella","description":"Web del Ayuntamiento de Portell de Morella","publisher":{"@id":"https:\/\/portelldemorella.org\/#organization"},"potentialAction":[{"@type":"SearchAction","target":{"@type":"EntryPoint","urlTemplate":"https:\/\/portelldemorella.org\/?s={search_term_string}"},"query-input":{"@type":"PropertyValueSpecification","valueRequired":true,"valueName":"search_term_string"}}],"inLanguage":"ca"},{"@type":"Organization","@id":"https:\/\/portelldemorella.org\/#organization","name":"Portell de Morella","url":"https:\/\/portelldemorella.org\/","logo":{"@type":"ImageObject","inLanguage":"ca","@id":"https:\/\/portelldemorella.org\/#\/schema\/logo\/image\/","url":"https:\/\/portelldemorella.org\/wp-content\/uploads\/2020\/11\/Escudo-Portell-04.jpg","contentUrl":"https:\/\/portelldemorella.org\/wp-content\/uploads\/2020\/11\/Escudo-Portell-04.jpg","width":1001,"height":394,"caption":"Portell de Morella"},"image":{"@id":"https:\/\/portelldemorella.org\/#\/schema\/logo\/image\/"}},{"@type":"Person","@id":"https:\/\/portelldemorella.org\/#\/schema\/person\/2adde77c454244acd163488ec723a88b","name":"portell","image":{"@type":"ImageObject","inLanguage":"ca","@id":"https:\/\/portelldemorella.org\/#\/schema\/person\/image\/","url":"https:\/\/secure.gravatar.com\/avatar\/077c6bd89604df620d2fa93a06be2531944cdd6826fd322dbd8b483fd84d6407?s=96&d=mm&r=g","contentUrl":"https:\/\/secure.gravatar.com\/avatar\/077c6bd89604df620d2fa93a06be2531944cdd6826fd322dbd8b483fd84d6407?s=96&d=mm&r=g","caption":"portell"},"sameAs":["https:\/\/portelldemorella.org"],"url":"https:\/\/portelldemorella.org\/ca\/author\/portell\/"}]}},"_links":{"self":[{"href":"https:\/\/portelldemorella.org\/ca\/wp-json\/wp\/v2\/posts\/8413","targetHints":{"allow":["GET"]}}],"collection":[{"href":"https:\/\/portelldemorella.org\/ca\/wp-json\/wp\/v2\/posts"}],"about":[{"href":"https:\/\/portelldemorella.org\/ca\/wp-json\/wp\/v2\/types\/post"}],"author":[{"embeddable":true,"href":"https:\/\/portelldemorella.org\/ca\/wp-json\/wp\/v2\/users\/1"}],"replies":[{"embeddable":true,"href":"https:\/\/portelldemorella.org\/ca\/wp-json\/wp\/v2\/comments?post=8413"}],"version-history":[{"count":1,"href":"https:\/\/portelldemorella.org\/ca\/wp-json\/wp\/v2\/posts\/8413\/revisions"}],"predecessor-version":[{"id":8414,"href":"https:\/\/portelldemorella.org\/ca\/wp-json\/wp\/v2\/posts\/8413\/revisions\/8414"}],"wp:featuredmedia":[{"embeddable":true,"href":"https:\/\/portelldemorella.org\/ca\/wp-json\/wp\/v2\/media\/8401"}],"wp:attachment":[{"href":"https:\/\/portelldemorella.org\/ca\/wp-json\/wp\/v2\/media?parent=8413"}],"wp:term":[{"taxonomy":"category","embeddable":true,"href":"https:\/\/portelldemorella.org\/ca\/wp-json\/wp\/v2\/categories?post=8413"},{"taxonomy":"post_tag","embeddable":true,"href":"https:\/\/portelldemorella.org\/ca\/wp-json\/wp\/v2\/tags?post=8413"}],"curies":[{"name":"wp","href":"https:\/\/api.w.org\/{rel}","templated":true}]}}