{"id":8426,"date":"2025-07-18T12:02:02","date_gmt":"2025-07-18T12:02:02","guid":{"rendered":"https:\/\/portelldemorella.org\/?p=8426"},"modified":"2025-07-18T12:02:04","modified_gmt":"2025-07-18T12:02:04","slug":"portell-es-prepara-per-a-unes-festes-patronals-2025-plenes-de-tradicio-cultura-i-diversio","status":"publish","type":"post","link":"https:\/\/portelldemorella.org\/ca\/portell-es-prepara-per-a-unes-festes-patronals-2025-plenes-de-tradicio-cultura-i-diversio\/","title":{"rendered":"Portell es prepara per a unes Festes Patronals 2025 plenes de tradici\u00f3, cultura i diversi\u00f3"},"content":{"rendered":"\n<p>Del 7 al 13 d\u2019agost, Portell viur\u00e0 les seues esperades Festes Patronals 2025 en honor a Sant Tom\u00e0s i Sant Roc, una setmana plena d\u2019actes taurins, activitats culturals, m\u00fasica i propostes per a tots els p\u00fablics. Enguany, com a novetat, els ve\u00efns han sigut convidats a decorar els balcons, aportant m\u00e9s color i alegria als carrers.<\/p>\n\n\n\n<p>La Comissi\u00f3 de Festes 2025, formada per la Colla Tot i Res, ha destacat l\u2019esfor\u00e7 col\u00b7lectiu i la implicaci\u00f3 d\u2019associacions i voluntaris, entre ells la Colla El Colpet, que col\u00b7laborar\u00e0 en la preparaci\u00f3 d\u2019entrepans i en tasques de log\u00edstica. Segons expliquen, \u201cenguany hem volgut oferir una programaci\u00f3 variada, pensada perqu\u00e8 tant els ve\u00efns com els visitants gaudisquen de Portell i de les nostres tradicions\u201d.<\/p>\n\n\n\n<p>Les festes comen\u00e7aran el dijous 7 d\u2019agost amb la tradicional recollida de la Reina i la Cort d\u2019Honor 2025, acompanyada per la Uni\u00f3 Musical de Vilafranca. A la nit tindr\u00e0 lloc la presentaci\u00f3 oficial de la Reina, S\u00f2nia Morralla Dols, i les seues dames, seguida de l\u2019actuaci\u00f3 del grup Triband i discom\u00f2bil, tot amb entrada gratu\u00efta.<\/p>\n\n\n\n<p>El divendres 8 ser\u00e0 un dels dies m\u00e9s esperats, amb el xupinazo, mascletada infantil i tapes a la tasca. A la vesprada hi haur\u00e0 corro de vaques i la prova del bou cerril \u201cCentella\u201d de la ramaderia Jandilla. A la nit es podr\u00e0 gaudir d&#8217;una exhibici\u00f3 d&#8217;emboladors amb dues quadrilles de la zona i la local. La nit es tancar\u00e0 amb l\u2019orquestra Centauro i discom\u00f2bil. Un dia amb una gran programaci\u00f3 que sol portar m\u00e9s visitants atrets per les activitats, les quals seran totalment gratu\u00eftes.<\/p>\n\n\n\n<p>El dissabte 9 ser\u00e0 el dia de la Penya Taurina, amb actes taurins, tardeo i, com a novetat, un Concurs de DJ\u2019s locals.<\/p>\n\n\n\n<p>El diumenge 10 es viur\u00e0 un ambient m\u00e9s tranquil, amb missa baturra, concursos de guinyot, botifarra, parx\u00eds i tamb\u00e9 de p\u00e0del, que \u00e9s la novetat d&#8217;enguany per aprofitar la nova pista. Per finalitzar el dia, es podr\u00e0 gaudir d&#8217;un concert de m\u00fasica cl\u00e0ssica a l\u2019Ermita de l\u2019Esperan\u00e7a.<\/p>\n\n\n\n<p>El dilluns 11, Dia de les Colles, inclour\u00e0 un dinar popular, actes taurins i la m\u00fasica del grup castellonenc Ess\u00e8ncia.<\/p>\n\n\n\n<p>El dimarts 12, Dia de la Xicalla, estar\u00e0 dedicat als m\u00e9s menuts, amb parc infantil, desfilada de disfresses i teatre; a m\u00e9s, se celebrar\u00e0 la V edici\u00f3 de \u201cTu Cara Me Suena\u201d, un dels actes m\u00e9s esperats.<\/p>\n\n\n\n<p>El dimecres 13, Dia de les Paelles, tancar\u00e0 les festes amb el concurs de paelles, una actuaci\u00f3 musical patrocinada pels jubilats i la tradicional traca final. A m\u00e9s, es passar\u00e0 el testimoni a la Comissi\u00f3 2026, formada per joves que seran per primera vegada de l&#8217;organitzaci\u00f3, donant futur a les festes de Portell.<\/p>\n\n\n\n<p>El programa inclou tamb\u00e9 activitats culturals com una visita guiada, la projecci\u00f3 del documental \u201cL\u2019escola el lligam de tot un poble\u201d, tallers artesanals organitzats per l\u2019Associaci\u00f3 de Dones, i l\u2019ofrena de flors a la Mare de D\u00e9u de l\u2019Esperan\u00e7a.<\/p>\n\n\n\n<p>L\u2019alcalde, \u00c1lvaro Ferrer, ha animat ve\u00efns i visitants a \u201cgaudir d\u2019aquests dies amb respecte, alegria i conviv\u00e8ncia\u201d, recordant tamb\u00e9 figures locals que han contribu\u00eft a preservar la hist\u00f2ria i les tradicions del municipi.<\/p>\n\n\n\n<p>Aquest any la duraci\u00f3 de les festes s&#8217;ha ampliat respecte a altres anys, ja que es compta amb reina i dames de festes. Totes formen part de la colla Els Socarrats, formada per gent que viu tot l&#8217;any al poble i tamb\u00e9 d&#8217;estiuejants que estimen de gran manera el poble.<\/p>\n\n\n\n<div data-wp-interactive=\"core\/file\" class=\"wp-block-file\"><object data-wp-bind--hidden=\"!state.hasPdfPreview\" hidden class=\"wp-block-file__embed\" data=\"https:\/\/portelldemorella.org\/wp-content\/uploads\/2025\/07\/Llibre-festes-2025.-A4-1.pdf\" type=\"application\/pdf\" style=\"width:100%;height:600px\" aria-label=\"Incrustaci\u00f3 del fitxer Llibre festes 2025. A4.\"><\/object><a id=\"wp-block-file--media-ccdd8e90-22f5-464f-aec0-66c035f89599\" href=\"https:\/\/portelldemorella.org\/wp-content\/uploads\/2025\/07\/Llibre-festes-2025.-A4-1.pdf\">Llibre festes 2025. A4<\/a><a href=\"https:\/\/portelldemorella.org\/wp-content\/uploads\/2025\/07\/Llibre-festes-2025.-A4-1.pdf\" class=\"wp-block-file__button wp-element-button\" download aria-describedby=\"wp-block-file--media-ccdd8e90-22f5-464f-aec0-66c035f89599\">Descarga<\/a><\/div>\n","protected":false},"excerpt":{"rendered":"<p>Del 7 al 13 d\u2019agost, Portell viur\u00e0 les seues esperades Festes Patronals 2025 en honor a Sant Tom\u00e0s i Sant Roc, una setmana plena d\u2019actes taurins, activitats culturals, m\u00fasica i propostes per a tots els p\u00fablics. Enguany, com a novetat, els ve\u00efns han sigut convidats a decorar els balcons, aportant m\u00e9s color i alegria als [&hellip;]<\/p>\n","protected":false},"author":1,"featured_media":8422,"comment_status":"open","ping_status":"open","sticky":false,"template":"","format":"standard","meta":{"footnotes":""},"categories":[97],"tags":[263,289,135,184,107],"class_list":["post-8426","post","type-post","status-publish","format-standard","has-post-thumbnail","hentry","category-ayuntamiento-ca","tag-comissio-2025-2","tag-cultura-2","tag-els-ports","tag-fiestas-ca","tag-portell-ca"],"yoast_head":"<!-- This site is optimized with the Yoast SEO plugin v24.4 - https:\/\/yoast.com\/wordpress\/plugins\/seo\/ -->\n<title>Portell es prepara per a unes Festes Patronals 2025 plenes de tradici\u00f3, cultura i diversi\u00f3 - Portell de Morella<\/title>\n<meta name=\"robots\" content=\"noindex, follow, max-snippet:-1, max-image-preview:large, max-video-preview:-1\" \/>\n<meta property=\"og:locale\" content=\"ca_ES\" \/>\n<meta property=\"og:type\" content=\"article\" \/>\n<meta property=\"og:title\" content=\"Portell es prepara per a unes Festes Patronals 2025 plenes de tradici\u00f3, cultura i diversi\u00f3 - Portell de Morella\" \/>\n<meta property=\"og:description\" content=\"Del 7 al 13 d\u2019agost, Portell viur\u00e0 les seues esperades Festes Patronals 2025 en honor a Sant Tom\u00e0s i Sant Roc, una setmana plena d\u2019actes taurins, activitats culturals, m\u00fasica i propostes per a tots els p\u00fablics. Enguany, com a novetat, els ve\u00efns han sigut convidats a decorar els balcons, aportant m\u00e9s color i alegria als [&hellip;]\" \/>\n<meta property=\"og:url\" content=\"https:\/\/portelldemorella.org\/ca\/portell-es-prepara-per-a-unes-festes-patronals-2025-plenes-de-tradicio-cultura-i-diversio\/\" \/>\n<meta property=\"og:site_name\" content=\"Portell de Morella\" \/>\n<meta property=\"article:published_time\" content=\"2025-07-18T12:02:02+00:00\" \/>\n<meta property=\"article:modified_time\" content=\"2025-07-18T12:02:04+00:00\" \/>\n<meta property=\"og:image\" content=\"https:\/\/portelldemorella.org\/wp-content\/uploads\/2025\/07\/Festes-Portell-Portada.jpg\" \/>\n\t<meta property=\"og:image:width\" content=\"1080\" \/>\n\t<meta property=\"og:image:height\" content=\"1349\" \/>\n\t<meta property=\"og:image:type\" content=\"image\/jpeg\" \/>\n<meta name=\"author\" content=\"portell\" \/>\n<meta name=\"twitter:card\" content=\"summary_large_image\" \/>\n<meta name=\"twitter:label1\" content=\"Escrit per\" \/>\n\t<meta name=\"twitter:data1\" content=\"portell\" \/>\n\t<meta name=\"twitter:label2\" content=\"Temps estimat de lectura\" \/>\n\t<meta name=\"twitter:data2\" content=\"3 minuts\" \/>\n<script type=\"application\/ld+json\" class=\"yoast-schema-graph\">{\"@context\":\"https:\/\/schema.org\",\"@graph\":[{\"@type\":\"Article\",\"@id\":\"https:\/\/portelldemorella.org\/ca\/portell-es-prepara-per-a-unes-festes-patronals-2025-plenes-de-tradicio-cultura-i-diversio\/#article\",\"isPartOf\":{\"@id\":\"https:\/\/portelldemorella.org\/ca\/portell-es-prepara-per-a-unes-festes-patronals-2025-plenes-de-tradicio-cultura-i-diversio\/\"},\"author\":{\"name\":\"portell\",\"@id\":\"https:\/\/portelldemorella.org\/#\/schema\/person\/2adde77c454244acd163488ec723a88b\"},\"headline\":\"Portell es prepara per a unes Festes Patronals 2025 plenes de tradici\u00f3, cultura i diversi\u00f3\",\"datePublished\":\"2025-07-18T12:02:02+00:00\",\"dateModified\":\"2025-07-18T12:02:04+00:00\",\"mainEntityOfPage\":{\"@id\":\"https:\/\/portelldemorella.org\/ca\/portell-es-prepara-per-a-unes-festes-patronals-2025-plenes-de-tradicio-cultura-i-diversio\/\"},\"wordCount\":621,\"commentCount\":0,\"publisher\":{\"@id\":\"https:\/\/portelldemorella.org\/#organization\"},\"image\":{\"@id\":\"https:\/\/portelldemorella.org\/ca\/portell-es-prepara-per-a-unes-festes-patronals-2025-plenes-de-tradicio-cultura-i-diversio\/#primaryimage\"},\"thumbnailUrl\":\"https:\/\/portelldemorella.org\/wp-content\/uploads\/2025\/07\/Festes-Portell-Portada.jpg\",\"keywords\":[\"Comissi\u00f3 2025\",\"Cultura\",\"els ports\",\"fiestas\",\"portell\"],\"articleSection\":[\"Ayuntamiento\"],\"inLanguage\":\"ca\",\"potentialAction\":[{\"@type\":\"CommentAction\",\"name\":\"Comment\",\"target\":[\"https:\/\/portelldemorella.org\/ca\/portell-es-prepara-per-a-unes-festes-patronals-2025-plenes-de-tradicio-cultura-i-diversio\/#respond\"]}]},{\"@type\":\"WebPage\",\"@id\":\"https:\/\/portelldemorella.org\/ca\/portell-es-prepara-per-a-unes-festes-patronals-2025-plenes-de-tradicio-cultura-i-diversio\/\",\"url\":\"https:\/\/portelldemorella.org\/ca\/portell-es-prepara-per-a-unes-festes-patronals-2025-plenes-de-tradicio-cultura-i-diversio\/\",\"name\":\"Portell es prepara per a unes Festes Patronals 2025 plenes de tradici\u00f3, cultura i diversi\u00f3 - Portell de Morella\",\"isPartOf\":{\"@id\":\"https:\/\/portelldemorella.org\/#website\"},\"primaryImageOfPage\":{\"@id\":\"https:\/\/portelldemorella.org\/ca\/portell-es-prepara-per-a-unes-festes-patronals-2025-plenes-de-tradicio-cultura-i-diversio\/#primaryimage\"},\"image\":{\"@id\":\"https:\/\/portelldemorella.org\/ca\/portell-es-prepara-per-a-unes-festes-patronals-2025-plenes-de-tradicio-cultura-i-diversio\/#primaryimage\"},\"thumbnailUrl\":\"https:\/\/portelldemorella.org\/wp-content\/uploads\/2025\/07\/Festes-Portell-Portada.jpg\",\"datePublished\":\"2025-07-18T12:02:02+00:00\",\"dateModified\":\"2025-07-18T12:02:04+00:00\",\"breadcrumb\":{\"@id\":\"https:\/\/portelldemorella.org\/ca\/portell-es-prepara-per-a-unes-festes-patronals-2025-plenes-de-tradicio-cultura-i-diversio\/#breadcrumb\"},\"inLanguage\":\"ca\",\"potentialAction\":[{\"@type\":\"ReadAction\",\"target\":[\"https:\/\/portelldemorella.org\/ca\/portell-es-prepara-per-a-unes-festes-patronals-2025-plenes-de-tradicio-cultura-i-diversio\/\"]}]},{\"@type\":\"ImageObject\",\"inLanguage\":\"ca\",\"@id\":\"https:\/\/portelldemorella.org\/ca\/portell-es-prepara-per-a-unes-festes-patronals-2025-plenes-de-tradicio-cultura-i-diversio\/#primaryimage\",\"url\":\"https:\/\/portelldemorella.org\/wp-content\/uploads\/2025\/07\/Festes-Portell-Portada.jpg\",\"contentUrl\":\"https:\/\/portelldemorella.org\/wp-content\/uploads\/2025\/07\/Festes-Portell-Portada.jpg\",\"width\":1080,\"height\":1349,\"caption\":\"Portada del llibre de festes\"},{\"@type\":\"BreadcrumbList\",\"@id\":\"https:\/\/portelldemorella.org\/ca\/portell-es-prepara-per-a-unes-festes-patronals-2025-plenes-de-tradicio-cultura-i-diversio\/#breadcrumb\",\"itemListElement\":[{\"@type\":\"ListItem\",\"position\":1,\"name\":\"Portada\",\"item\":\"https:\/\/portelldemorella.org\/ca\/\"},{\"@type\":\"ListItem\",\"position\":2,\"name\":\"Portell es prepara per a unes Festes Patronals 2025 plenes de tradici\u00f3, cultura i diversi\u00f3\"}]},{\"@type\":\"WebSite\",\"@id\":\"https:\/\/portelldemorella.org\/#website\",\"url\":\"https:\/\/portelldemorella.org\/\",\"name\":\"Portell de Morella\",\"description\":\"Web del Ayuntamiento de Portell de Morella\",\"publisher\":{\"@id\":\"https:\/\/portelldemorella.org\/#organization\"},\"potentialAction\":[{\"@type\":\"SearchAction\",\"target\":{\"@type\":\"EntryPoint\",\"urlTemplate\":\"https:\/\/portelldemorella.org\/?s={search_term_string}\"},\"query-input\":{\"@type\":\"PropertyValueSpecification\",\"valueRequired\":true,\"valueName\":\"search_term_string\"}}],\"inLanguage\":\"ca\"},{\"@type\":\"Organization\",\"@id\":\"https:\/\/portelldemorella.org\/#organization\",\"name\":\"Portell de Morella\",\"url\":\"https:\/\/portelldemorella.org\/\",\"logo\":{\"@type\":\"ImageObject\",\"inLanguage\":\"ca\",\"@id\":\"https:\/\/portelldemorella.org\/#\/schema\/logo\/image\/\",\"url\":\"https:\/\/portelldemorella.org\/wp-content\/uploads\/2020\/11\/Escudo-Portell-04.jpg\",\"contentUrl\":\"https:\/\/portelldemorella.org\/wp-content\/uploads\/2020\/11\/Escudo-Portell-04.jpg\",\"width\":1001,\"height\":394,\"caption\":\"Portell de Morella\"},\"image\":{\"@id\":\"https:\/\/portelldemorella.org\/#\/schema\/logo\/image\/\"}},{\"@type\":\"Person\",\"@id\":\"https:\/\/portelldemorella.org\/#\/schema\/person\/2adde77c454244acd163488ec723a88b\",\"name\":\"portell\",\"image\":{\"@type\":\"ImageObject\",\"inLanguage\":\"ca\",\"@id\":\"https:\/\/portelldemorella.org\/#\/schema\/person\/image\/\",\"url\":\"https:\/\/secure.gravatar.com\/avatar\/077c6bd89604df620d2fa93a06be2531944cdd6826fd322dbd8b483fd84d6407?s=96&d=mm&r=g\",\"contentUrl\":\"https:\/\/secure.gravatar.com\/avatar\/077c6bd89604df620d2fa93a06be2531944cdd6826fd322dbd8b483fd84d6407?s=96&d=mm&r=g\",\"caption\":\"portell\"},\"sameAs\":[\"https:\/\/portelldemorella.org\"],\"url\":\"https:\/\/portelldemorella.org\/ca\/author\/portell\/\"}]}<\/script>\n<!-- \/ Yoast SEO plugin. -->","yoast_head_json":{"title":"Portell es prepara per a unes Festes Patronals 2025 plenes de tradici\u00f3, cultura i diversi\u00f3 - Portell de Morella","robots":{"index":"noindex","follow":"follow","max-snippet":"max-snippet:-1","max-image-preview":"max-image-preview:large","max-video-preview":"max-video-preview:-1"},"og_locale":"ca_ES","og_type":"article","og_title":"Portell es prepara per a unes Festes Patronals 2025 plenes de tradici\u00f3, cultura i diversi\u00f3 - Portell de Morella","og_description":"Del 7 al 13 d\u2019agost, Portell viur\u00e0 les seues esperades Festes Patronals 2025 en honor a Sant Tom\u00e0s i Sant Roc, una setmana plena d\u2019actes taurins, activitats culturals, m\u00fasica i propostes per a tots els p\u00fablics. Enguany, com a novetat, els ve\u00efns han sigut convidats a decorar els balcons, aportant m\u00e9s color i alegria als [&hellip;]","og_url":"https:\/\/portelldemorella.org\/ca\/portell-es-prepara-per-a-unes-festes-patronals-2025-plenes-de-tradicio-cultura-i-diversio\/","og_site_name":"Portell de Morella","article_published_time":"2025-07-18T12:02:02+00:00","article_modified_time":"2025-07-18T12:02:04+00:00","og_image":[{"width":1080,"height":1349,"url":"https:\/\/portelldemorella.org\/wp-content\/uploads\/2025\/07\/Festes-Portell-Portada.jpg","type":"image\/jpeg"}],"author":"portell","twitter_card":"summary_large_image","twitter_misc":{"Escrit per":"portell","Temps estimat de lectura":"3 minuts"},"schema":{"@context":"https:\/\/schema.org","@graph":[{"@type":"Article","@id":"https:\/\/portelldemorella.org\/ca\/portell-es-prepara-per-a-unes-festes-patronals-2025-plenes-de-tradicio-cultura-i-diversio\/#article","isPartOf":{"@id":"https:\/\/portelldemorella.org\/ca\/portell-es-prepara-per-a-unes-festes-patronals-2025-plenes-de-tradicio-cultura-i-diversio\/"},"author":{"name":"portell","@id":"https:\/\/portelldemorella.org\/#\/schema\/person\/2adde77c454244acd163488ec723a88b"},"headline":"Portell es prepara per a unes Festes Patronals 2025 plenes de tradici\u00f3, cultura i diversi\u00f3","datePublished":"2025-07-18T12:02:02+00:00","dateModified":"2025-07-18T12:02:04+00:00","mainEntityOfPage":{"@id":"https:\/\/portelldemorella.org\/ca\/portell-es-prepara-per-a-unes-festes-patronals-2025-plenes-de-tradicio-cultura-i-diversio\/"},"wordCount":621,"commentCount":0,"publisher":{"@id":"https:\/\/portelldemorella.org\/#organization"},"image":{"@id":"https:\/\/portelldemorella.org\/ca\/portell-es-prepara-per-a-unes-festes-patronals-2025-plenes-de-tradicio-cultura-i-diversio\/#primaryimage"},"thumbnailUrl":"https:\/\/portelldemorella.org\/wp-content\/uploads\/2025\/07\/Festes-Portell-Portada.jpg","keywords":["Comissi\u00f3 2025","Cultura","els ports","fiestas","portell"],"articleSection":["Ayuntamiento"],"inLanguage":"ca","potentialAction":[{"@type":"CommentAction","name":"Comment","target":["https:\/\/portelldemorella.org\/ca\/portell-es-prepara-per-a-unes-festes-patronals-2025-plenes-de-tradicio-cultura-i-diversio\/#respond"]}]},{"@type":"WebPage","@id":"https:\/\/portelldemorella.org\/ca\/portell-es-prepara-per-a-unes-festes-patronals-2025-plenes-de-tradicio-cultura-i-diversio\/","url":"https:\/\/portelldemorella.org\/ca\/portell-es-prepara-per-a-unes-festes-patronals-2025-plenes-de-tradicio-cultura-i-diversio\/","name":"Portell es prepara per a unes Festes Patronals 2025 plenes de tradici\u00f3, cultura i diversi\u00f3 - Portell de Morella","isPartOf":{"@id":"https:\/\/portelldemorella.org\/#website"},"primaryImageOfPage":{"@id":"https:\/\/portelldemorella.org\/ca\/portell-es-prepara-per-a-unes-festes-patronals-2025-plenes-de-tradicio-cultura-i-diversio\/#primaryimage"},"image":{"@id":"https:\/\/portelldemorella.org\/ca\/portell-es-prepara-per-a-unes-festes-patronals-2025-plenes-de-tradicio-cultura-i-diversio\/#primaryimage"},"thumbnailUrl":"https:\/\/portelldemorella.org\/wp-content\/uploads\/2025\/07\/Festes-Portell-Portada.jpg","datePublished":"2025-07-18T12:02:02+00:00","dateModified":"2025-07-18T12:02:04+00:00","breadcrumb":{"@id":"https:\/\/portelldemorella.org\/ca\/portell-es-prepara-per-a-unes-festes-patronals-2025-plenes-de-tradicio-cultura-i-diversio\/#breadcrumb"},"inLanguage":"ca","potentialAction":[{"@type":"ReadAction","target":["https:\/\/portelldemorella.org\/ca\/portell-es-prepara-per-a-unes-festes-patronals-2025-plenes-de-tradicio-cultura-i-diversio\/"]}]},{"@type":"ImageObject","inLanguage":"ca","@id":"https:\/\/portelldemorella.org\/ca\/portell-es-prepara-per-a-unes-festes-patronals-2025-plenes-de-tradicio-cultura-i-diversio\/#primaryimage","url":"https:\/\/portelldemorella.org\/wp-content\/uploads\/2025\/07\/Festes-Portell-Portada.jpg","contentUrl":"https:\/\/portelldemorella.org\/wp-content\/uploads\/2025\/07\/Festes-Portell-Portada.jpg","width":1080,"height":1349,"caption":"Portada del llibre de festes"},{"@type":"BreadcrumbList","@id":"https:\/\/portelldemorella.org\/ca\/portell-es-prepara-per-a-unes-festes-patronals-2025-plenes-de-tradicio-cultura-i-diversio\/#breadcrumb","itemListElement":[{"@type":"ListItem","position":1,"name":"Portada","item":"https:\/\/portelldemorella.org\/ca\/"},{"@type":"ListItem","position":2,"name":"Portell es prepara per a unes Festes Patronals 2025 plenes de tradici\u00f3, cultura i diversi\u00f3"}]},{"@type":"WebSite","@id":"https:\/\/portelldemorella.org\/#website","url":"https:\/\/portelldemorella.org\/","name":"Portell de Morella","description":"Web del Ayuntamiento de Portell de Morella","publisher":{"@id":"https:\/\/portelldemorella.org\/#organization"},"potentialAction":[{"@type":"SearchAction","target":{"@type":"EntryPoint","urlTemplate":"https:\/\/portelldemorella.org\/?s={search_term_string}"},"query-input":{"@type":"PropertyValueSpecification","valueRequired":true,"valueName":"search_term_string"}}],"inLanguage":"ca"},{"@type":"Organization","@id":"https:\/\/portelldemorella.org\/#organization","name":"Portell de Morella","url":"https:\/\/portelldemorella.org\/","logo":{"@type":"ImageObject","inLanguage":"ca","@id":"https:\/\/portelldemorella.org\/#\/schema\/logo\/image\/","url":"https:\/\/portelldemorella.org\/wp-content\/uploads\/2020\/11\/Escudo-Portell-04.jpg","contentUrl":"https:\/\/portelldemorella.org\/wp-content\/uploads\/2020\/11\/Escudo-Portell-04.jpg","width":1001,"height":394,"caption":"Portell de Morella"},"image":{"@id":"https:\/\/portelldemorella.org\/#\/schema\/logo\/image\/"}},{"@type":"Person","@id":"https:\/\/portelldemorella.org\/#\/schema\/person\/2adde77c454244acd163488ec723a88b","name":"portell","image":{"@type":"ImageObject","inLanguage":"ca","@id":"https:\/\/portelldemorella.org\/#\/schema\/person\/image\/","url":"https:\/\/secure.gravatar.com\/avatar\/077c6bd89604df620d2fa93a06be2531944cdd6826fd322dbd8b483fd84d6407?s=96&d=mm&r=g","contentUrl":"https:\/\/secure.gravatar.com\/avatar\/077c6bd89604df620d2fa93a06be2531944cdd6826fd322dbd8b483fd84d6407?s=96&d=mm&r=g","caption":"portell"},"sameAs":["https:\/\/portelldemorella.org"],"url":"https:\/\/portelldemorella.org\/ca\/author\/portell\/"}]}},"_links":{"self":[{"href":"https:\/\/portelldemorella.org\/ca\/wp-json\/wp\/v2\/posts\/8426","targetHints":{"allow":["GET"]}}],"collection":[{"href":"https:\/\/portelldemorella.org\/ca\/wp-json\/wp\/v2\/posts"}],"about":[{"href":"https:\/\/portelldemorella.org\/ca\/wp-json\/wp\/v2\/types\/post"}],"author":[{"embeddable":true,"href":"https:\/\/portelldemorella.org\/ca\/wp-json\/wp\/v2\/users\/1"}],"replies":[{"embeddable":true,"href":"https:\/\/portelldemorella.org\/ca\/wp-json\/wp\/v2\/comments?post=8426"}],"version-history":[{"count":1,"href":"https:\/\/portelldemorella.org\/ca\/wp-json\/wp\/v2\/posts\/8426\/revisions"}],"predecessor-version":[{"id":8429,"href":"https:\/\/portelldemorella.org\/ca\/wp-json\/wp\/v2\/posts\/8426\/revisions\/8429"}],"wp:featuredmedia":[{"embeddable":true,"href":"https:\/\/portelldemorella.org\/ca\/wp-json\/wp\/v2\/media\/8422"}],"wp:attachment":[{"href":"https:\/\/portelldemorella.org\/ca\/wp-json\/wp\/v2\/media?parent=8426"}],"wp:term":[{"taxonomy":"category","embeddable":true,"href":"https:\/\/portelldemorella.org\/ca\/wp-json\/wp\/v2\/categories?post=8426"},{"taxonomy":"post_tag","embeddable":true,"href":"https:\/\/portelldemorella.org\/ca\/wp-json\/wp\/v2\/tags?post=8426"}],"curies":[{"name":"wp","href":"https:\/\/api.w.org\/{rel}","templated":true}]}}