{"id":8435,"date":"2025-07-24T10:22:22","date_gmt":"2025-07-24T10:22:22","guid":{"rendered":"https:\/\/portelldemorella.org\/?p=8435"},"modified":"2025-07-24T10:22:23","modified_gmt":"2025-07-24T10:22:23","slug":"el-cicle-sons-de-linterior-torna-a-portell-amb-la-millor-musica-classica","status":"publish","type":"post","link":"https:\/\/portelldemorella.org\/ca\/el-cicle-sons-de-linterior-torna-a-portell-amb-la-millor-musica-classica\/","title":{"rendered":"El cicle &#8216;Sons de l\u2019Interior&#8217; torna a Portell amb la millor m\u00fasica cl\u00e0ssica"},"content":{"rendered":"\n<p>Portell de Morella tornar\u00e0 a ser escenari de la millor m\u00fasica cl\u00e0ssica i de cambra amb la celebraci\u00f3 de la dotzena edici\u00f3 del cicle Sons de l\u2019Interior, organitzat per l\u2019Associaci\u00f3 Musical Sonor\u00e9 amb la col\u00b7laboraci\u00f3 de l\u2019Ajuntament de Portell. El programa inclou dues actuacions en espais emblem\u00e0tics del municipi, obertes al p\u00fablic i amb entrada lliure.<\/p>\n\n\n\n<p>El primer concert tindr\u00e0 lloc el divendres 1 d\u2019agost a les 19.00 h a la pla\u00e7a Major, amb l\u2019actuaci\u00f3 del duet format per Alena Tikhmanovich al violoncel i Josep Manzano a la guitarra. Sota el nom d\u2019Alena &amp; Josep Duo, els int\u00e8rprets oferiran un repertori variat amb obres d\u2019Astor Piazzolla, Enric Granados, Antonio Vivaldi, Johann Pachelbel i Johann Sebastian Bach, a m\u00e9s d\u2019una selecci\u00f3 de can\u00e7ons populars catalanes.<\/p>\n\n\n\n<p>La segona cita musical ser\u00e0 el diumenge 10 d\u2019agost, tamb\u00e9 a les 19.00 h, a l\u2019esgl\u00e9sia de l\u2019Esperan\u00e7a, un espai que contribuir\u00e0 a crear un ambient recollit i \u00edntim. En aquesta ocasi\u00f3, el recital anir\u00e0 a c\u00e0rrec de la soprano Mar\u00eda \u00c1ngel Ossa, la pianista Elena Aguilar Gasulla i el flautista Francesco Mannis. El programa inclour\u00e0 obres de Franz Schubert, Cohen, Puccini, Bach i Ciardi, aix\u00ed com una selecci\u00f3 de sarsueles.<\/p>\n\n\n\n<p>Des de l\u2019Ajuntament de Portell s\u2019ha volgut posar en valor aquesta iniciativa cultural consolidada, que cada estiu reuneix m\u00fasics de primer nivell i un p\u00fablic fidel al voltant de la m\u00fasica cl\u00e0ssica.<\/p>\n\n\n\n<p>Tant el concert del dia 1 com el del dia 10 seran gratu\u00efts i amb acc\u00e9s lliure fins a completar aforament.<\/p>\n","protected":false},"excerpt":{"rendered":"<p>Portell de Morella tornar\u00e0 a ser escenari de la millor m\u00fasica cl\u00e0ssica i de cambra amb la celebraci\u00f3 de la dotzena edici\u00f3 del cicle Sons de l\u2019Interior, organitzat per l\u2019Associaci\u00f3 Musical Sonor\u00e9 amb la col\u00b7laboraci\u00f3 de l\u2019Ajuntament de Portell. El programa inclou dues actuacions en espais emblem\u00e0tics del municipi, obertes al p\u00fablic i amb entrada [&hellip;]<\/p>\n","protected":false},"author":1,"featured_media":8433,"comment_status":"open","ping_status":"open","sticky":false,"template":"","format":"standard","meta":{"footnotes":""},"categories":[97],"tags":[100],"class_list":["post-8435","post","type-post","status-publish","format-standard","has-post-thumbnail","hentry","category-ayuntamiento-ca","tag-portell-2"],"yoast_head":"<!-- This site is optimized with the Yoast SEO plugin v24.4 - https:\/\/yoast.com\/wordpress\/plugins\/seo\/ -->\n<title>El cicle &#039;Sons de l\u2019Interior&#039; torna a Portell amb la millor m\u00fasica cl\u00e0ssica - Portell de Morella<\/title>\n<meta name=\"robots\" content=\"noindex, follow, max-snippet:-1, max-image-preview:large, max-video-preview:-1\" \/>\n<meta property=\"og:locale\" content=\"ca_ES\" \/>\n<meta property=\"og:type\" content=\"article\" \/>\n<meta property=\"og:title\" content=\"El cicle &#039;Sons de l\u2019Interior&#039; torna a Portell amb la millor m\u00fasica cl\u00e0ssica - Portell de Morella\" \/>\n<meta property=\"og:description\" content=\"Portell de Morella tornar\u00e0 a ser escenari de la millor m\u00fasica cl\u00e0ssica i de cambra amb la celebraci\u00f3 de la dotzena edici\u00f3 del cicle Sons de l\u2019Interior, organitzat per l\u2019Associaci\u00f3 Musical Sonor\u00e9 amb la col\u00b7laboraci\u00f3 de l\u2019Ajuntament de Portell. El programa inclou dues actuacions en espais emblem\u00e0tics del municipi, obertes al p\u00fablic i amb entrada [&hellip;]\" \/>\n<meta property=\"og:url\" content=\"https:\/\/portelldemorella.org\/ca\/el-cicle-sons-de-linterior-torna-a-portell-amb-la-millor-musica-classica\/\" \/>\n<meta property=\"og:site_name\" content=\"Portell de Morella\" \/>\n<meta property=\"article:published_time\" content=\"2025-07-24T10:22:22+00:00\" \/>\n<meta property=\"article:modified_time\" content=\"2025-07-24T10:22:23+00:00\" \/>\n<meta property=\"og:image\" content=\"https:\/\/portelldemorella.org\/wp-content\/uploads\/2025\/07\/XII-Sons-de-linterior.-Portell.jpeg\" \/>\n\t<meta property=\"og:image:width\" content=\"1080\" \/>\n\t<meta property=\"og:image:height\" content=\"1350\" \/>\n\t<meta property=\"og:image:type\" content=\"image\/jpeg\" \/>\n<meta name=\"author\" content=\"portell\" \/>\n<meta name=\"twitter:card\" content=\"summary_large_image\" \/>\n<meta name=\"twitter:label1\" content=\"Escrit per\" \/>\n\t<meta name=\"twitter:data1\" content=\"portell\" \/>\n\t<meta name=\"twitter:label2\" content=\"Temps estimat de lectura\" \/>\n\t<meta name=\"twitter:data2\" content=\"2 minuts\" \/>\n<script type=\"application\/ld+json\" class=\"yoast-schema-graph\">{\"@context\":\"https:\/\/schema.org\",\"@graph\":[{\"@type\":\"Article\",\"@id\":\"https:\/\/portelldemorella.org\/ca\/el-cicle-sons-de-linterior-torna-a-portell-amb-la-millor-musica-classica\/#article\",\"isPartOf\":{\"@id\":\"https:\/\/portelldemorella.org\/ca\/el-cicle-sons-de-linterior-torna-a-portell-amb-la-millor-musica-classica\/\"},\"author\":{\"name\":\"portell\",\"@id\":\"https:\/\/portelldemorella.org\/#\/schema\/person\/2adde77c454244acd163488ec723a88b\"},\"headline\":\"El cicle &#8216;Sons de l\u2019Interior&#8217; torna a Portell amb la millor m\u00fasica cl\u00e0ssica\",\"datePublished\":\"2025-07-24T10:22:22+00:00\",\"dateModified\":\"2025-07-24T10:22:23+00:00\",\"mainEntityOfPage\":{\"@id\":\"https:\/\/portelldemorella.org\/ca\/el-cicle-sons-de-linterior-torna-a-portell-amb-la-millor-musica-classica\/\"},\"wordCount\":290,\"commentCount\":0,\"publisher\":{\"@id\":\"https:\/\/portelldemorella.org\/#organization\"},\"image\":{\"@id\":\"https:\/\/portelldemorella.org\/ca\/el-cicle-sons-de-linterior-torna-a-portell-amb-la-millor-musica-classica\/#primaryimage\"},\"thumbnailUrl\":\"https:\/\/portelldemorella.org\/wp-content\/uploads\/2025\/07\/XII-Sons-de-linterior.-Portell.jpeg\",\"keywords\":[\"portell\"],\"articleSection\":[\"Ayuntamiento\"],\"inLanguage\":\"ca\",\"potentialAction\":[{\"@type\":\"CommentAction\",\"name\":\"Comment\",\"target\":[\"https:\/\/portelldemorella.org\/ca\/el-cicle-sons-de-linterior-torna-a-portell-amb-la-millor-musica-classica\/#respond\"]}]},{\"@type\":\"WebPage\",\"@id\":\"https:\/\/portelldemorella.org\/ca\/el-cicle-sons-de-linterior-torna-a-portell-amb-la-millor-musica-classica\/\",\"url\":\"https:\/\/portelldemorella.org\/ca\/el-cicle-sons-de-linterior-torna-a-portell-amb-la-millor-musica-classica\/\",\"name\":\"El cicle 'Sons de l\u2019Interior' torna a Portell amb la millor m\u00fasica cl\u00e0ssica - Portell de Morella\",\"isPartOf\":{\"@id\":\"https:\/\/portelldemorella.org\/#website\"},\"primaryImageOfPage\":{\"@id\":\"https:\/\/portelldemorella.org\/ca\/el-cicle-sons-de-linterior-torna-a-portell-amb-la-millor-musica-classica\/#primaryimage\"},\"image\":{\"@id\":\"https:\/\/portelldemorella.org\/ca\/el-cicle-sons-de-linterior-torna-a-portell-amb-la-millor-musica-classica\/#primaryimage\"},\"thumbnailUrl\":\"https:\/\/portelldemorella.org\/wp-content\/uploads\/2025\/07\/XII-Sons-de-linterior.-Portell.jpeg\",\"datePublished\":\"2025-07-24T10:22:22+00:00\",\"dateModified\":\"2025-07-24T10:22:23+00:00\",\"breadcrumb\":{\"@id\":\"https:\/\/portelldemorella.org\/ca\/el-cicle-sons-de-linterior-torna-a-portell-amb-la-millor-musica-classica\/#breadcrumb\"},\"inLanguage\":\"ca\",\"potentialAction\":[{\"@type\":\"ReadAction\",\"target\":[\"https:\/\/portelldemorella.org\/ca\/el-cicle-sons-de-linterior-torna-a-portell-amb-la-millor-musica-classica\/\"]}]},{\"@type\":\"ImageObject\",\"inLanguage\":\"ca\",\"@id\":\"https:\/\/portelldemorella.org\/ca\/el-cicle-sons-de-linterior-torna-a-portell-amb-la-millor-musica-classica\/#primaryimage\",\"url\":\"https:\/\/portelldemorella.org\/wp-content\/uploads\/2025\/07\/XII-Sons-de-linterior.-Portell.jpeg\",\"contentUrl\":\"https:\/\/portelldemorella.org\/wp-content\/uploads\/2025\/07\/XII-Sons-de-linterior.-Portell.jpeg\",\"width\":1080,\"height\":1350},{\"@type\":\"BreadcrumbList\",\"@id\":\"https:\/\/portelldemorella.org\/ca\/el-cicle-sons-de-linterior-torna-a-portell-amb-la-millor-musica-classica\/#breadcrumb\",\"itemListElement\":[{\"@type\":\"ListItem\",\"position\":1,\"name\":\"Portada\",\"item\":\"https:\/\/portelldemorella.org\/ca\/\"},{\"@type\":\"ListItem\",\"position\":2,\"name\":\"El cicle &#8216;Sons de l\u2019Interior&#8217; torna a Portell amb la millor m\u00fasica cl\u00e0ssica\"}]},{\"@type\":\"WebSite\",\"@id\":\"https:\/\/portelldemorella.org\/#website\",\"url\":\"https:\/\/portelldemorella.org\/\",\"name\":\"Portell de Morella\",\"description\":\"Web del Ayuntamiento de Portell de Morella\",\"publisher\":{\"@id\":\"https:\/\/portelldemorella.org\/#organization\"},\"potentialAction\":[{\"@type\":\"SearchAction\",\"target\":{\"@type\":\"EntryPoint\",\"urlTemplate\":\"https:\/\/portelldemorella.org\/?s={search_term_string}\"},\"query-input\":{\"@type\":\"PropertyValueSpecification\",\"valueRequired\":true,\"valueName\":\"search_term_string\"}}],\"inLanguage\":\"ca\"},{\"@type\":\"Organization\",\"@id\":\"https:\/\/portelldemorella.org\/#organization\",\"name\":\"Portell de Morella\",\"url\":\"https:\/\/portelldemorella.org\/\",\"logo\":{\"@type\":\"ImageObject\",\"inLanguage\":\"ca\",\"@id\":\"https:\/\/portelldemorella.org\/#\/schema\/logo\/image\/\",\"url\":\"https:\/\/portelldemorella.org\/wp-content\/uploads\/2020\/11\/Escudo-Portell-04.jpg\",\"contentUrl\":\"https:\/\/portelldemorella.org\/wp-content\/uploads\/2020\/11\/Escudo-Portell-04.jpg\",\"width\":1001,\"height\":394,\"caption\":\"Portell de Morella\"},\"image\":{\"@id\":\"https:\/\/portelldemorella.org\/#\/schema\/logo\/image\/\"}},{\"@type\":\"Person\",\"@id\":\"https:\/\/portelldemorella.org\/#\/schema\/person\/2adde77c454244acd163488ec723a88b\",\"name\":\"portell\",\"image\":{\"@type\":\"ImageObject\",\"inLanguage\":\"ca\",\"@id\":\"https:\/\/portelldemorella.org\/#\/schema\/person\/image\/\",\"url\":\"https:\/\/secure.gravatar.com\/avatar\/077c6bd89604df620d2fa93a06be2531944cdd6826fd322dbd8b483fd84d6407?s=96&d=mm&r=g\",\"contentUrl\":\"https:\/\/secure.gravatar.com\/avatar\/077c6bd89604df620d2fa93a06be2531944cdd6826fd322dbd8b483fd84d6407?s=96&d=mm&r=g\",\"caption\":\"portell\"},\"sameAs\":[\"https:\/\/portelldemorella.org\"],\"url\":\"https:\/\/portelldemorella.org\/ca\/author\/portell\/\"}]}<\/script>\n<!-- \/ Yoast SEO plugin. -->","yoast_head_json":{"title":"El cicle 'Sons de l\u2019Interior' torna a Portell amb la millor m\u00fasica cl\u00e0ssica - Portell de Morella","robots":{"index":"noindex","follow":"follow","max-snippet":"max-snippet:-1","max-image-preview":"max-image-preview:large","max-video-preview":"max-video-preview:-1"},"og_locale":"ca_ES","og_type":"article","og_title":"El cicle 'Sons de l\u2019Interior' torna a Portell amb la millor m\u00fasica cl\u00e0ssica - Portell de Morella","og_description":"Portell de Morella tornar\u00e0 a ser escenari de la millor m\u00fasica cl\u00e0ssica i de cambra amb la celebraci\u00f3 de la dotzena edici\u00f3 del cicle Sons de l\u2019Interior, organitzat per l\u2019Associaci\u00f3 Musical Sonor\u00e9 amb la col\u00b7laboraci\u00f3 de l\u2019Ajuntament de Portell. El programa inclou dues actuacions en espais emblem\u00e0tics del municipi, obertes al p\u00fablic i amb entrada [&hellip;]","og_url":"https:\/\/portelldemorella.org\/ca\/el-cicle-sons-de-linterior-torna-a-portell-amb-la-millor-musica-classica\/","og_site_name":"Portell de Morella","article_published_time":"2025-07-24T10:22:22+00:00","article_modified_time":"2025-07-24T10:22:23+00:00","og_image":[{"width":1080,"height":1350,"url":"https:\/\/portelldemorella.org\/wp-content\/uploads\/2025\/07\/XII-Sons-de-linterior.-Portell.jpeg","type":"image\/jpeg"}],"author":"portell","twitter_card":"summary_large_image","twitter_misc":{"Escrit per":"portell","Temps estimat de lectura":"2 minuts"},"schema":{"@context":"https:\/\/schema.org","@graph":[{"@type":"Article","@id":"https:\/\/portelldemorella.org\/ca\/el-cicle-sons-de-linterior-torna-a-portell-amb-la-millor-musica-classica\/#article","isPartOf":{"@id":"https:\/\/portelldemorella.org\/ca\/el-cicle-sons-de-linterior-torna-a-portell-amb-la-millor-musica-classica\/"},"author":{"name":"portell","@id":"https:\/\/portelldemorella.org\/#\/schema\/person\/2adde77c454244acd163488ec723a88b"},"headline":"El cicle &#8216;Sons de l\u2019Interior&#8217; torna a Portell amb la millor m\u00fasica cl\u00e0ssica","datePublished":"2025-07-24T10:22:22+00:00","dateModified":"2025-07-24T10:22:23+00:00","mainEntityOfPage":{"@id":"https:\/\/portelldemorella.org\/ca\/el-cicle-sons-de-linterior-torna-a-portell-amb-la-millor-musica-classica\/"},"wordCount":290,"commentCount":0,"publisher":{"@id":"https:\/\/portelldemorella.org\/#organization"},"image":{"@id":"https:\/\/portelldemorella.org\/ca\/el-cicle-sons-de-linterior-torna-a-portell-amb-la-millor-musica-classica\/#primaryimage"},"thumbnailUrl":"https:\/\/portelldemorella.org\/wp-content\/uploads\/2025\/07\/XII-Sons-de-linterior.-Portell.jpeg","keywords":["portell"],"articleSection":["Ayuntamiento"],"inLanguage":"ca","potentialAction":[{"@type":"CommentAction","name":"Comment","target":["https:\/\/portelldemorella.org\/ca\/el-cicle-sons-de-linterior-torna-a-portell-amb-la-millor-musica-classica\/#respond"]}]},{"@type":"WebPage","@id":"https:\/\/portelldemorella.org\/ca\/el-cicle-sons-de-linterior-torna-a-portell-amb-la-millor-musica-classica\/","url":"https:\/\/portelldemorella.org\/ca\/el-cicle-sons-de-linterior-torna-a-portell-amb-la-millor-musica-classica\/","name":"El cicle 'Sons de l\u2019Interior' torna a Portell amb la millor m\u00fasica cl\u00e0ssica - Portell de Morella","isPartOf":{"@id":"https:\/\/portelldemorella.org\/#website"},"primaryImageOfPage":{"@id":"https:\/\/portelldemorella.org\/ca\/el-cicle-sons-de-linterior-torna-a-portell-amb-la-millor-musica-classica\/#primaryimage"},"image":{"@id":"https:\/\/portelldemorella.org\/ca\/el-cicle-sons-de-linterior-torna-a-portell-amb-la-millor-musica-classica\/#primaryimage"},"thumbnailUrl":"https:\/\/portelldemorella.org\/wp-content\/uploads\/2025\/07\/XII-Sons-de-linterior.-Portell.jpeg","datePublished":"2025-07-24T10:22:22+00:00","dateModified":"2025-07-24T10:22:23+00:00","breadcrumb":{"@id":"https:\/\/portelldemorella.org\/ca\/el-cicle-sons-de-linterior-torna-a-portell-amb-la-millor-musica-classica\/#breadcrumb"},"inLanguage":"ca","potentialAction":[{"@type":"ReadAction","target":["https:\/\/portelldemorella.org\/ca\/el-cicle-sons-de-linterior-torna-a-portell-amb-la-millor-musica-classica\/"]}]},{"@type":"ImageObject","inLanguage":"ca","@id":"https:\/\/portelldemorella.org\/ca\/el-cicle-sons-de-linterior-torna-a-portell-amb-la-millor-musica-classica\/#primaryimage","url":"https:\/\/portelldemorella.org\/wp-content\/uploads\/2025\/07\/XII-Sons-de-linterior.-Portell.jpeg","contentUrl":"https:\/\/portelldemorella.org\/wp-content\/uploads\/2025\/07\/XII-Sons-de-linterior.-Portell.jpeg","width":1080,"height":1350},{"@type":"BreadcrumbList","@id":"https:\/\/portelldemorella.org\/ca\/el-cicle-sons-de-linterior-torna-a-portell-amb-la-millor-musica-classica\/#breadcrumb","itemListElement":[{"@type":"ListItem","position":1,"name":"Portada","item":"https:\/\/portelldemorella.org\/ca\/"},{"@type":"ListItem","position":2,"name":"El cicle &#8216;Sons de l\u2019Interior&#8217; torna a Portell amb la millor m\u00fasica cl\u00e0ssica"}]},{"@type":"WebSite","@id":"https:\/\/portelldemorella.org\/#website","url":"https:\/\/portelldemorella.org\/","name":"Portell de Morella","description":"Web del Ayuntamiento de Portell de Morella","publisher":{"@id":"https:\/\/portelldemorella.org\/#organization"},"potentialAction":[{"@type":"SearchAction","target":{"@type":"EntryPoint","urlTemplate":"https:\/\/portelldemorella.org\/?s={search_term_string}"},"query-input":{"@type":"PropertyValueSpecification","valueRequired":true,"valueName":"search_term_string"}}],"inLanguage":"ca"},{"@type":"Organization","@id":"https:\/\/portelldemorella.org\/#organization","name":"Portell de Morella","url":"https:\/\/portelldemorella.org\/","logo":{"@type":"ImageObject","inLanguage":"ca","@id":"https:\/\/portelldemorella.org\/#\/schema\/logo\/image\/","url":"https:\/\/portelldemorella.org\/wp-content\/uploads\/2020\/11\/Escudo-Portell-04.jpg","contentUrl":"https:\/\/portelldemorella.org\/wp-content\/uploads\/2020\/11\/Escudo-Portell-04.jpg","width":1001,"height":394,"caption":"Portell de Morella"},"image":{"@id":"https:\/\/portelldemorella.org\/#\/schema\/logo\/image\/"}},{"@type":"Person","@id":"https:\/\/portelldemorella.org\/#\/schema\/person\/2adde77c454244acd163488ec723a88b","name":"portell","image":{"@type":"ImageObject","inLanguage":"ca","@id":"https:\/\/portelldemorella.org\/#\/schema\/person\/image\/","url":"https:\/\/secure.gravatar.com\/avatar\/077c6bd89604df620d2fa93a06be2531944cdd6826fd322dbd8b483fd84d6407?s=96&d=mm&r=g","contentUrl":"https:\/\/secure.gravatar.com\/avatar\/077c6bd89604df620d2fa93a06be2531944cdd6826fd322dbd8b483fd84d6407?s=96&d=mm&r=g","caption":"portell"},"sameAs":["https:\/\/portelldemorella.org"],"url":"https:\/\/portelldemorella.org\/ca\/author\/portell\/"}]}},"_links":{"self":[{"href":"https:\/\/portelldemorella.org\/ca\/wp-json\/wp\/v2\/posts\/8435","targetHints":{"allow":["GET"]}}],"collection":[{"href":"https:\/\/portelldemorella.org\/ca\/wp-json\/wp\/v2\/posts"}],"about":[{"href":"https:\/\/portelldemorella.org\/ca\/wp-json\/wp\/v2\/types\/post"}],"author":[{"embeddable":true,"href":"https:\/\/portelldemorella.org\/ca\/wp-json\/wp\/v2\/users\/1"}],"replies":[{"embeddable":true,"href":"https:\/\/portelldemorella.org\/ca\/wp-json\/wp\/v2\/comments?post=8435"}],"version-history":[{"count":1,"href":"https:\/\/portelldemorella.org\/ca\/wp-json\/wp\/v2\/posts\/8435\/revisions"}],"predecessor-version":[{"id":8436,"href":"https:\/\/portelldemorella.org\/ca\/wp-json\/wp\/v2\/posts\/8435\/revisions\/8436"}],"wp:featuredmedia":[{"embeddable":true,"href":"https:\/\/portelldemorella.org\/ca\/wp-json\/wp\/v2\/media\/8433"}],"wp:attachment":[{"href":"https:\/\/portelldemorella.org\/ca\/wp-json\/wp\/v2\/media?parent=8435"}],"wp:term":[{"taxonomy":"category","embeddable":true,"href":"https:\/\/portelldemorella.org\/ca\/wp-json\/wp\/v2\/categories?post=8435"},{"taxonomy":"post_tag","embeddable":true,"href":"https:\/\/portelldemorella.org\/ca\/wp-json\/wp\/v2\/tags?post=8435"}],"curies":[{"name":"wp","href":"https:\/\/api.w.org\/{rel}","templated":true}]}}