{"id":8442,"date":"2025-07-29T12:06:48","date_gmt":"2025-07-29T12:06:48","guid":{"rendered":"https:\/\/portelldemorella.org\/?p=8442"},"modified":"2025-07-29T12:06:50","modified_gmt":"2025-07-29T12:06:50","slug":"portell-pren-classes-dhistoria-amb-el-documental-lescola-el-lligam-de-tot-un-poble","status":"publish","type":"post","link":"https:\/\/portelldemorella.org\/ca\/portell-pren-classes-dhistoria-amb-el-documental-lescola-el-lligam-de-tot-un-poble\/","title":{"rendered":"Portell pren classes d&#8217;hist\u00f2ria amb el documental &#8220;L&#8217;escola, el lligam de tot un poble&#8221;"},"content":{"rendered":"\n<p>Sona la sirena i tots a classe. Soroll de cadires arrossegant-se, guix contra la pissarra i algun mestre o mestra demanant silenci. Alumnes que escolten atentament i d&#8217;altres que tracten de no adormir-se. Tots aquests moments ja no es viuen a Portell des de fa un parell de cursos. El CRA Celumbres va tancar les portes l&#8217;any 2024 per falta d&#8217;estudiants despr\u00e9s de d\u00e8cades obert. Un s\u00edmptoma m\u00e9s del despoblament que viu la localitat i que afecta molts pobles de la comarca.<\/p>\n\n\n\n<p>Per recordar tots els anys de servei que ha oferit el centre, s&#8217;ha dut a terme el documental &#8220;L&#8217;escola, el lligam de tot un poble&#8221;. Un projecte on ha participat molts ve\u00efns de la localitat i on es mostra la import\u00e0ncia de l&#8217;escola i com ha anat evolucionant durant els anys.<\/p>\n\n\n\n<p>Aquest documental ha nascut dels mateixos alumnes del curs 2021\/2022. Xiquets i xiquetes de Portell que aprofitant que estudiaven el cinema i hist\u00f2ria han vist l&#8217;oportunitat d&#8217;unir-ho per contar com ha estat l&#8217;escola de Portell al llarg dels anys. Per tractar d&#8217;il\u00b7lustrar el documental, la mestra Rocio Isach i els alumnes s&#8217;han posat en contacte amb Jos\u00e9 Cama\u00f1as, ve\u00ed del poble i apassionat de la fotografia. Gr\u00e0cies al gran arxiu que t\u00e9 els xiquets i xiquetes han pogut veure com ha estat l&#8217;educaci\u00f3 a Portell al llarg de la hist\u00f2ria.<\/p>\n\n\n\n<p>L&#8217;educaci\u00f3 no es l&#8217;unica protagonista, l&#8217;abuidament de les aules per culpa del despoblament es un altre tema que vol mostrar la producci\u00f3. A trav\u00e9s de les fotografies els estudiants han pogut veure com als inicis de l&#8217;escola, les classes estaven plenes de gom a gom i com molts xiquets d&#8217;edats paregudes a les seues no podien assistir al centre perqu\u00e8 vivien en masos o havien d&#8217;ajudar a casa. Una investigaci\u00f3 que ha mostrat com moltes fam\u00edlies han marxat a les ciutats en recerca d&#8217;oportunitats, i com a poc a poc les pissarres ja no s&#8217;omplin de problemes matem\u00e0tics o enunciats, i les cadires i les taules ja no tenen estudiants llestos per aprendre amb l&#8217;ajuda de les mestres.<\/p>\n\n\n\n<p>Amb el material audiovisual i la investigaci\u00f3 feta, era el torn de plasmar-lo en un documental. Per tant, la millor forma de mostrar com era el col\u00b7legi al llarg dels anys, era amb el testimoni d&#8217;antics alumnes i docents que acompanyats de les fotografies han contat les seues viv\u00e8ncies i an\u00e8cdotes. Un projecte nascut des de l&#8217;escola, per\u00f2 que ha rebut ajuda de gent del sector audiovisual per dur-lo a terme. L&#8217;actriu valenciana Carme Juan ha estat la que ha fet les entrevistes, Amadeo Juan l&#8217;ha ajudat en l&#8217;apartat t\u00e8cnic i Berta Barber\u00e1n ha fet el muntatge del documental. A m\u00e9s, han tingut l&#8217;ajuda de l&#8217;educadora Gemma Calpe, qui els ha brindat suport en tot el que han necessitat.<\/p>\n\n\n\n<p>Aquest documental veur\u00e0 la llum en una data marcada al calendari portell\u00e0, durant les festes d&#8217;agost. El dijous 14 despr\u00e9s de la visita guiada, es projectar\u00e0 la producci\u00f3 per a tot el poble. Un projecte fet pels alumnes i que mostra la import\u00e0ncia de l&#8217;educaci\u00f3, per\u00f2 tamb\u00e9 com el despoblament ha fet que les portes del CRA Celumbres hagen hagut de tancar. Un centre que ha educat a milers d&#8217;alumnes i que recorda tots aquests cursos amb un documental, que com b\u00e9 indica el nom, unir\u00e0 a tot el poble per a rememorar els anys estudiantils de tots els portellans.<\/p>\n","protected":false},"excerpt":{"rendered":"<p>Sona la sirena i tots a classe. Soroll de cadires arrossegant-se, guix contra la pissarra i algun mestre o mestra demanant silenci. Alumnes que escolten atentament i d&#8217;altres que tracten de no adormir-se. Tots aquests moments ja no es viuen a Portell des de fa un parell de cursos. El CRA Celumbres va tancar les [&hellip;]<\/p>\n","protected":false},"author":1,"featured_media":8440,"comment_status":"open","ping_status":"open","sticky":false,"template":"","format":"standard","meta":{"footnotes":""},"categories":[97],"tags":[317,318,107],"class_list":["post-8442","post","type-post","status-publish","format-standard","has-post-thumbnail","hentry","category-ayuntamiento-ca","tag-cra-celumbres-2","tag-eduacio","tag-portell-ca"],"yoast_head":"<!-- This site is optimized with the Yoast SEO plugin v24.4 - https:\/\/yoast.com\/wordpress\/plugins\/seo\/ -->\n<title>Portell pren classes d&#039;hist\u00f2ria amb el documental &quot;L&#039;escola, el lligam de tot un poble&quot; - Portell de Morella<\/title>\n<meta name=\"robots\" content=\"noindex, follow, max-snippet:-1, max-image-preview:large, max-video-preview:-1\" \/>\n<meta property=\"og:locale\" content=\"ca_ES\" \/>\n<meta property=\"og:type\" content=\"article\" \/>\n<meta property=\"og:title\" content=\"Portell pren classes d&#039;hist\u00f2ria amb el documental &quot;L&#039;escola, el lligam de tot un poble&quot; - Portell de Morella\" \/>\n<meta property=\"og:description\" content=\"Sona la sirena i tots a classe. Soroll de cadires arrossegant-se, guix contra la pissarra i algun mestre o mestra demanant silenci. Alumnes que escolten atentament i d&#8217;altres que tracten de no adormir-se. Tots aquests moments ja no es viuen a Portell des de fa un parell de cursos. El CRA Celumbres va tancar les [&hellip;]\" \/>\n<meta property=\"og:url\" content=\"https:\/\/portelldemorella.org\/ca\/portell-pren-classes-dhistoria-amb-el-documental-lescola-el-lligam-de-tot-un-poble\/\" \/>\n<meta property=\"og:site_name\" content=\"Portell de Morella\" \/>\n<meta property=\"article:published_time\" content=\"2025-07-29T12:06:48+00:00\" \/>\n<meta property=\"article:modified_time\" content=\"2025-07-29T12:06:50+00:00\" \/>\n<meta property=\"og:image\" content=\"https:\/\/portelldemorella.org\/wp-content\/uploads\/2025\/07\/Lescola-el-lligam-de-tot-un-poble.jpg\" \/>\n\t<meta property=\"og:image:width\" content=\"2000\" \/>\n\t<meta property=\"og:image:height\" content=\"2000\" \/>\n\t<meta property=\"og:image:type\" content=\"image\/jpeg\" \/>\n<meta name=\"author\" content=\"portell\" \/>\n<meta name=\"twitter:card\" content=\"summary_large_image\" \/>\n<meta name=\"twitter:label1\" content=\"Escrit per\" \/>\n\t<meta name=\"twitter:data1\" content=\"portell\" \/>\n\t<meta name=\"twitter:label2\" content=\"Temps estimat de lectura\" \/>\n\t<meta name=\"twitter:data2\" content=\"3 minuts\" \/>\n<script type=\"application\/ld+json\" class=\"yoast-schema-graph\">{\"@context\":\"https:\/\/schema.org\",\"@graph\":[{\"@type\":\"Article\",\"@id\":\"https:\/\/portelldemorella.org\/ca\/portell-pren-classes-dhistoria-amb-el-documental-lescola-el-lligam-de-tot-un-poble\/#article\",\"isPartOf\":{\"@id\":\"https:\/\/portelldemorella.org\/ca\/portell-pren-classes-dhistoria-amb-el-documental-lescola-el-lligam-de-tot-un-poble\/\"},\"author\":{\"name\":\"portell\",\"@id\":\"https:\/\/portelldemorella.org\/#\/schema\/person\/2adde77c454244acd163488ec723a88b\"},\"headline\":\"Portell pren classes d&#8217;hist\u00f2ria amb el documental &#8220;L&#8217;escola, el lligam de tot un poble&#8221;\",\"datePublished\":\"2025-07-29T12:06:48+00:00\",\"dateModified\":\"2025-07-29T12:06:50+00:00\",\"mainEntityOfPage\":{\"@id\":\"https:\/\/portelldemorella.org\/ca\/portell-pren-classes-dhistoria-amb-el-documental-lescola-el-lligam-de-tot-un-poble\/\"},\"wordCount\":594,\"commentCount\":0,\"publisher\":{\"@id\":\"https:\/\/portelldemorella.org\/#organization\"},\"image\":{\"@id\":\"https:\/\/portelldemorella.org\/ca\/portell-pren-classes-dhistoria-amb-el-documental-lescola-el-lligam-de-tot-un-poble\/#primaryimage\"},\"thumbnailUrl\":\"https:\/\/portelldemorella.org\/wp-content\/uploads\/2025\/07\/Lescola-el-lligam-de-tot-un-poble.jpg\",\"keywords\":[\"cra celumbres\",\"eduaci\u00f3\",\"portell\"],\"articleSection\":[\"Ayuntamiento\"],\"inLanguage\":\"ca\",\"potentialAction\":[{\"@type\":\"CommentAction\",\"name\":\"Comment\",\"target\":[\"https:\/\/portelldemorella.org\/ca\/portell-pren-classes-dhistoria-amb-el-documental-lescola-el-lligam-de-tot-un-poble\/#respond\"]}]},{\"@type\":\"WebPage\",\"@id\":\"https:\/\/portelldemorella.org\/ca\/portell-pren-classes-dhistoria-amb-el-documental-lescola-el-lligam-de-tot-un-poble\/\",\"url\":\"https:\/\/portelldemorella.org\/ca\/portell-pren-classes-dhistoria-amb-el-documental-lescola-el-lligam-de-tot-un-poble\/\",\"name\":\"Portell pren classes d'hist\u00f2ria amb el documental \\\"L'escola, el lligam de tot un poble\\\" - Portell de Morella\",\"isPartOf\":{\"@id\":\"https:\/\/portelldemorella.org\/#website\"},\"primaryImageOfPage\":{\"@id\":\"https:\/\/portelldemorella.org\/ca\/portell-pren-classes-dhistoria-amb-el-documental-lescola-el-lligam-de-tot-un-poble\/#primaryimage\"},\"image\":{\"@id\":\"https:\/\/portelldemorella.org\/ca\/portell-pren-classes-dhistoria-amb-el-documental-lescola-el-lligam-de-tot-un-poble\/#primaryimage\"},\"thumbnailUrl\":\"https:\/\/portelldemorella.org\/wp-content\/uploads\/2025\/07\/Lescola-el-lligam-de-tot-un-poble.jpg\",\"datePublished\":\"2025-07-29T12:06:48+00:00\",\"dateModified\":\"2025-07-29T12:06:50+00:00\",\"breadcrumb\":{\"@id\":\"https:\/\/portelldemorella.org\/ca\/portell-pren-classes-dhistoria-amb-el-documental-lescola-el-lligam-de-tot-un-poble\/#breadcrumb\"},\"inLanguage\":\"ca\",\"potentialAction\":[{\"@type\":\"ReadAction\",\"target\":[\"https:\/\/portelldemorella.org\/ca\/portell-pren-classes-dhistoria-amb-el-documental-lescola-el-lligam-de-tot-un-poble\/\"]}]},{\"@type\":\"ImageObject\",\"inLanguage\":\"ca\",\"@id\":\"https:\/\/portelldemorella.org\/ca\/portell-pren-classes-dhistoria-amb-el-documental-lescola-el-lligam-de-tot-un-poble\/#primaryimage\",\"url\":\"https:\/\/portelldemorella.org\/wp-content\/uploads\/2025\/07\/Lescola-el-lligam-de-tot-un-poble.jpg\",\"contentUrl\":\"https:\/\/portelldemorella.org\/wp-content\/uploads\/2025\/07\/Lescola-el-lligam-de-tot-un-poble.jpg\",\"width\":2000,\"height\":2000,\"caption\":\"L'escola, el lligam de tot un poble\"},{\"@type\":\"BreadcrumbList\",\"@id\":\"https:\/\/portelldemorella.org\/ca\/portell-pren-classes-dhistoria-amb-el-documental-lescola-el-lligam-de-tot-un-poble\/#breadcrumb\",\"itemListElement\":[{\"@type\":\"ListItem\",\"position\":1,\"name\":\"Portada\",\"item\":\"https:\/\/portelldemorella.org\/ca\/\"},{\"@type\":\"ListItem\",\"position\":2,\"name\":\"Portell pren classes d&#8217;hist\u00f2ria amb el documental \u00abL&#8217;escola, el lligam de tot un poble\u00bb\"}]},{\"@type\":\"WebSite\",\"@id\":\"https:\/\/portelldemorella.org\/#website\",\"url\":\"https:\/\/portelldemorella.org\/\",\"name\":\"Portell de Morella\",\"description\":\"Web del Ayuntamiento de Portell de Morella\",\"publisher\":{\"@id\":\"https:\/\/portelldemorella.org\/#organization\"},\"potentialAction\":[{\"@type\":\"SearchAction\",\"target\":{\"@type\":\"EntryPoint\",\"urlTemplate\":\"https:\/\/portelldemorella.org\/?s={search_term_string}\"},\"query-input\":{\"@type\":\"PropertyValueSpecification\",\"valueRequired\":true,\"valueName\":\"search_term_string\"}}],\"inLanguage\":\"ca\"},{\"@type\":\"Organization\",\"@id\":\"https:\/\/portelldemorella.org\/#organization\",\"name\":\"Portell de Morella\",\"url\":\"https:\/\/portelldemorella.org\/\",\"logo\":{\"@type\":\"ImageObject\",\"inLanguage\":\"ca\",\"@id\":\"https:\/\/portelldemorella.org\/#\/schema\/logo\/image\/\",\"url\":\"https:\/\/portelldemorella.org\/wp-content\/uploads\/2020\/11\/Escudo-Portell-04.jpg\",\"contentUrl\":\"https:\/\/portelldemorella.org\/wp-content\/uploads\/2020\/11\/Escudo-Portell-04.jpg\",\"width\":1001,\"height\":394,\"caption\":\"Portell de Morella\"},\"image\":{\"@id\":\"https:\/\/portelldemorella.org\/#\/schema\/logo\/image\/\"}},{\"@type\":\"Person\",\"@id\":\"https:\/\/portelldemorella.org\/#\/schema\/person\/2adde77c454244acd163488ec723a88b\",\"name\":\"portell\",\"image\":{\"@type\":\"ImageObject\",\"inLanguage\":\"ca\",\"@id\":\"https:\/\/portelldemorella.org\/#\/schema\/person\/image\/\",\"url\":\"https:\/\/secure.gravatar.com\/avatar\/077c6bd89604df620d2fa93a06be2531944cdd6826fd322dbd8b483fd84d6407?s=96&d=mm&r=g\",\"contentUrl\":\"https:\/\/secure.gravatar.com\/avatar\/077c6bd89604df620d2fa93a06be2531944cdd6826fd322dbd8b483fd84d6407?s=96&d=mm&r=g\",\"caption\":\"portell\"},\"sameAs\":[\"https:\/\/portelldemorella.org\"],\"url\":\"https:\/\/portelldemorella.org\/ca\/author\/portell\/\"}]}<\/script>\n<!-- \/ Yoast SEO plugin. -->","yoast_head_json":{"title":"Portell pren classes d'hist\u00f2ria amb el documental \"L'escola, el lligam de tot un poble\" - Portell de Morella","robots":{"index":"noindex","follow":"follow","max-snippet":"max-snippet:-1","max-image-preview":"max-image-preview:large","max-video-preview":"max-video-preview:-1"},"og_locale":"ca_ES","og_type":"article","og_title":"Portell pren classes d'hist\u00f2ria amb el documental \"L'escola, el lligam de tot un poble\" - Portell de Morella","og_description":"Sona la sirena i tots a classe. Soroll de cadires arrossegant-se, guix contra la pissarra i algun mestre o mestra demanant silenci. Alumnes que escolten atentament i d&#8217;altres que tracten de no adormir-se. Tots aquests moments ja no es viuen a Portell des de fa un parell de cursos. El CRA Celumbres va tancar les [&hellip;]","og_url":"https:\/\/portelldemorella.org\/ca\/portell-pren-classes-dhistoria-amb-el-documental-lescola-el-lligam-de-tot-un-poble\/","og_site_name":"Portell de Morella","article_published_time":"2025-07-29T12:06:48+00:00","article_modified_time":"2025-07-29T12:06:50+00:00","og_image":[{"width":2000,"height":2000,"url":"https:\/\/portelldemorella.org\/wp-content\/uploads\/2025\/07\/Lescola-el-lligam-de-tot-un-poble.jpg","type":"image\/jpeg"}],"author":"portell","twitter_card":"summary_large_image","twitter_misc":{"Escrit per":"portell","Temps estimat de lectura":"3 minuts"},"schema":{"@context":"https:\/\/schema.org","@graph":[{"@type":"Article","@id":"https:\/\/portelldemorella.org\/ca\/portell-pren-classes-dhistoria-amb-el-documental-lescola-el-lligam-de-tot-un-poble\/#article","isPartOf":{"@id":"https:\/\/portelldemorella.org\/ca\/portell-pren-classes-dhistoria-amb-el-documental-lescola-el-lligam-de-tot-un-poble\/"},"author":{"name":"portell","@id":"https:\/\/portelldemorella.org\/#\/schema\/person\/2adde77c454244acd163488ec723a88b"},"headline":"Portell pren classes d&#8217;hist\u00f2ria amb el documental &#8220;L&#8217;escola, el lligam de tot un poble&#8221;","datePublished":"2025-07-29T12:06:48+00:00","dateModified":"2025-07-29T12:06:50+00:00","mainEntityOfPage":{"@id":"https:\/\/portelldemorella.org\/ca\/portell-pren-classes-dhistoria-amb-el-documental-lescola-el-lligam-de-tot-un-poble\/"},"wordCount":594,"commentCount":0,"publisher":{"@id":"https:\/\/portelldemorella.org\/#organization"},"image":{"@id":"https:\/\/portelldemorella.org\/ca\/portell-pren-classes-dhistoria-amb-el-documental-lescola-el-lligam-de-tot-un-poble\/#primaryimage"},"thumbnailUrl":"https:\/\/portelldemorella.org\/wp-content\/uploads\/2025\/07\/Lescola-el-lligam-de-tot-un-poble.jpg","keywords":["cra celumbres","eduaci\u00f3","portell"],"articleSection":["Ayuntamiento"],"inLanguage":"ca","potentialAction":[{"@type":"CommentAction","name":"Comment","target":["https:\/\/portelldemorella.org\/ca\/portell-pren-classes-dhistoria-amb-el-documental-lescola-el-lligam-de-tot-un-poble\/#respond"]}]},{"@type":"WebPage","@id":"https:\/\/portelldemorella.org\/ca\/portell-pren-classes-dhistoria-amb-el-documental-lescola-el-lligam-de-tot-un-poble\/","url":"https:\/\/portelldemorella.org\/ca\/portell-pren-classes-dhistoria-amb-el-documental-lescola-el-lligam-de-tot-un-poble\/","name":"Portell pren classes d'hist\u00f2ria amb el documental \"L'escola, el lligam de tot un poble\" - Portell de Morella","isPartOf":{"@id":"https:\/\/portelldemorella.org\/#website"},"primaryImageOfPage":{"@id":"https:\/\/portelldemorella.org\/ca\/portell-pren-classes-dhistoria-amb-el-documental-lescola-el-lligam-de-tot-un-poble\/#primaryimage"},"image":{"@id":"https:\/\/portelldemorella.org\/ca\/portell-pren-classes-dhistoria-amb-el-documental-lescola-el-lligam-de-tot-un-poble\/#primaryimage"},"thumbnailUrl":"https:\/\/portelldemorella.org\/wp-content\/uploads\/2025\/07\/Lescola-el-lligam-de-tot-un-poble.jpg","datePublished":"2025-07-29T12:06:48+00:00","dateModified":"2025-07-29T12:06:50+00:00","breadcrumb":{"@id":"https:\/\/portelldemorella.org\/ca\/portell-pren-classes-dhistoria-amb-el-documental-lescola-el-lligam-de-tot-un-poble\/#breadcrumb"},"inLanguage":"ca","potentialAction":[{"@type":"ReadAction","target":["https:\/\/portelldemorella.org\/ca\/portell-pren-classes-dhistoria-amb-el-documental-lescola-el-lligam-de-tot-un-poble\/"]}]},{"@type":"ImageObject","inLanguage":"ca","@id":"https:\/\/portelldemorella.org\/ca\/portell-pren-classes-dhistoria-amb-el-documental-lescola-el-lligam-de-tot-un-poble\/#primaryimage","url":"https:\/\/portelldemorella.org\/wp-content\/uploads\/2025\/07\/Lescola-el-lligam-de-tot-un-poble.jpg","contentUrl":"https:\/\/portelldemorella.org\/wp-content\/uploads\/2025\/07\/Lescola-el-lligam-de-tot-un-poble.jpg","width":2000,"height":2000,"caption":"L'escola, el lligam de tot un poble"},{"@type":"BreadcrumbList","@id":"https:\/\/portelldemorella.org\/ca\/portell-pren-classes-dhistoria-amb-el-documental-lescola-el-lligam-de-tot-un-poble\/#breadcrumb","itemListElement":[{"@type":"ListItem","position":1,"name":"Portada","item":"https:\/\/portelldemorella.org\/ca\/"},{"@type":"ListItem","position":2,"name":"Portell pren classes d&#8217;hist\u00f2ria amb el documental \u00abL&#8217;escola, el lligam de tot un poble\u00bb"}]},{"@type":"WebSite","@id":"https:\/\/portelldemorella.org\/#website","url":"https:\/\/portelldemorella.org\/","name":"Portell de Morella","description":"Web del Ayuntamiento de Portell de Morella","publisher":{"@id":"https:\/\/portelldemorella.org\/#organization"},"potentialAction":[{"@type":"SearchAction","target":{"@type":"EntryPoint","urlTemplate":"https:\/\/portelldemorella.org\/?s={search_term_string}"},"query-input":{"@type":"PropertyValueSpecification","valueRequired":true,"valueName":"search_term_string"}}],"inLanguage":"ca"},{"@type":"Organization","@id":"https:\/\/portelldemorella.org\/#organization","name":"Portell de Morella","url":"https:\/\/portelldemorella.org\/","logo":{"@type":"ImageObject","inLanguage":"ca","@id":"https:\/\/portelldemorella.org\/#\/schema\/logo\/image\/","url":"https:\/\/portelldemorella.org\/wp-content\/uploads\/2020\/11\/Escudo-Portell-04.jpg","contentUrl":"https:\/\/portelldemorella.org\/wp-content\/uploads\/2020\/11\/Escudo-Portell-04.jpg","width":1001,"height":394,"caption":"Portell de Morella"},"image":{"@id":"https:\/\/portelldemorella.org\/#\/schema\/logo\/image\/"}},{"@type":"Person","@id":"https:\/\/portelldemorella.org\/#\/schema\/person\/2adde77c454244acd163488ec723a88b","name":"portell","image":{"@type":"ImageObject","inLanguage":"ca","@id":"https:\/\/portelldemorella.org\/#\/schema\/person\/image\/","url":"https:\/\/secure.gravatar.com\/avatar\/077c6bd89604df620d2fa93a06be2531944cdd6826fd322dbd8b483fd84d6407?s=96&d=mm&r=g","contentUrl":"https:\/\/secure.gravatar.com\/avatar\/077c6bd89604df620d2fa93a06be2531944cdd6826fd322dbd8b483fd84d6407?s=96&d=mm&r=g","caption":"portell"},"sameAs":["https:\/\/portelldemorella.org"],"url":"https:\/\/portelldemorella.org\/ca\/author\/portell\/"}]}},"_links":{"self":[{"href":"https:\/\/portelldemorella.org\/ca\/wp-json\/wp\/v2\/posts\/8442","targetHints":{"allow":["GET"]}}],"collection":[{"href":"https:\/\/portelldemorella.org\/ca\/wp-json\/wp\/v2\/posts"}],"about":[{"href":"https:\/\/portelldemorella.org\/ca\/wp-json\/wp\/v2\/types\/post"}],"author":[{"embeddable":true,"href":"https:\/\/portelldemorella.org\/ca\/wp-json\/wp\/v2\/users\/1"}],"replies":[{"embeddable":true,"href":"https:\/\/portelldemorella.org\/ca\/wp-json\/wp\/v2\/comments?post=8442"}],"version-history":[{"count":1,"href":"https:\/\/portelldemorella.org\/ca\/wp-json\/wp\/v2\/posts\/8442\/revisions"}],"predecessor-version":[{"id":8443,"href":"https:\/\/portelldemorella.org\/ca\/wp-json\/wp\/v2\/posts\/8442\/revisions\/8443"}],"wp:featuredmedia":[{"embeddable":true,"href":"https:\/\/portelldemorella.org\/ca\/wp-json\/wp\/v2\/media\/8440"}],"wp:attachment":[{"href":"https:\/\/portelldemorella.org\/ca\/wp-json\/wp\/v2\/media?parent=8442"}],"wp:term":[{"taxonomy":"category","embeddable":true,"href":"https:\/\/portelldemorella.org\/ca\/wp-json\/wp\/v2\/categories?post=8442"},{"taxonomy":"post_tag","embeddable":true,"href":"https:\/\/portelldemorella.org\/ca\/wp-json\/wp\/v2\/tags?post=8442"}],"curies":[{"name":"wp","href":"https:\/\/api.w.org\/{rel}","templated":true}]}}