{"id":8448,"date":"2025-08-05T12:05:45","date_gmt":"2025-08-05T12:05:45","guid":{"rendered":"https:\/\/portelldemorella.org\/?p=8448"},"modified":"2025-08-05T12:05:46","modified_gmt":"2025-08-05T12:05:46","slug":"la-musica-classica-ompli-portell-amb-el-cicle-sons-de-linterior","status":"publish","type":"post","link":"https:\/\/portelldemorella.org\/ca\/la-musica-classica-ompli-portell-amb-el-cicle-sons-de-linterior\/","title":{"rendered":"La m\u00fasica cl\u00e0ssica ompli Portell amb el cicle \u2018Sons de l\u2019interior\u2019"},"content":{"rendered":"\n<p>Portell de Morella ha tornat a omplir-se de m\u00fasica cl\u00e0ssica amb la primera cita del cicle \u2018Sons de l\u2019interior\u2019, organitzat per l\u2019Associaci\u00f3 Musical Sonor\u00e9 i l\u2019Ajuntament de Portell. Divendres passat, la pla\u00e7a Major va acollir l\u2019actuaci\u00f3 de Alena&amp;Josep&nbsp;Duo, format per Alena Tikhmanovich al violoncel i Josep Manzano a la guitarra, que van interpretar obres de Piazzolla, Granados, Vivaldi, Pachelbel, Bach i can\u00e7ons populars catalanes.<\/p>\n\n\n\n<p>El cicle continuar\u00e0 el 10 d\u2019agost, a les 19.00 h, a l\u2019esgl\u00e9sia de l\u2019Esperan\u00e7a, amb un concert a c\u00e0rrec de Mar\u00eda \u00c1ngel Ossa (soprano), Elena Aguilar Gasulla (piano) i Francesco Mannis (flauta). El programa inclou obres de Schubert, Cohen, Puccini, Bach, Ciardi i una selecci\u00f3 de sarsueles.<\/p>\n","protected":false},"excerpt":{"rendered":"<p>Portell de Morella ha tornat a omplir-se de m\u00fasica cl\u00e0ssica amb la primera cita del cicle \u2018Sons de l\u2019interior\u2019, organitzat per l\u2019Associaci\u00f3 Musical Sonor\u00e9 i l\u2019Ajuntament de Portell. Divendres passat, la pla\u00e7a Major va acollir l\u2019actuaci\u00f3 de Alena&amp;Josep&nbsp;Duo, format per Alena Tikhmanovich al violoncel i Josep Manzano a la guitarra, que van interpretar obres de [&hellip;]<\/p>\n","protected":false},"author":1,"featured_media":8446,"comment_status":"open","ping_status":"open","sticky":false,"template":"","format":"standard","meta":{"footnotes":""},"categories":[97],"tags":[107],"class_list":["post-8448","post","type-post","status-publish","format-standard","has-post-thumbnail","hentry","category-ayuntamiento-ca","tag-portell-ca"],"yoast_head":"<!-- This site is optimized with the Yoast SEO plugin v24.4 - https:\/\/yoast.com\/wordpress\/plugins\/seo\/ -->\n<title>La m\u00fasica cl\u00e0ssica ompli Portell amb el cicle \u2018Sons de l\u2019interior\u2019 - Portell de Morella<\/title>\n<meta name=\"robots\" content=\"noindex, follow, max-snippet:-1, max-image-preview:large, max-video-preview:-1\" \/>\n<meta property=\"og:locale\" content=\"ca_ES\" \/>\n<meta property=\"og:type\" content=\"article\" \/>\n<meta property=\"og:title\" content=\"La m\u00fasica cl\u00e0ssica ompli Portell amb el cicle \u2018Sons de l\u2019interior\u2019 - Portell de Morella\" \/>\n<meta property=\"og:description\" content=\"Portell de Morella ha tornat a omplir-se de m\u00fasica cl\u00e0ssica amb la primera cita del cicle \u2018Sons de l\u2019interior\u2019, organitzat per l\u2019Associaci\u00f3 Musical Sonor\u00e9 i l\u2019Ajuntament de Portell. Divendres passat, la pla\u00e7a Major va acollir l\u2019actuaci\u00f3 de Alena&amp;Josep&nbsp;Duo, format per Alena Tikhmanovich al violoncel i Josep Manzano a la guitarra, que van interpretar obres de [&hellip;]\" \/>\n<meta property=\"og:url\" content=\"https:\/\/portelldemorella.org\/ca\/la-musica-classica-ompli-portell-amb-el-cicle-sons-de-linterior\/\" \/>\n<meta property=\"og:site_name\" content=\"Portell de Morella\" \/>\n<meta property=\"article:published_time\" content=\"2025-08-05T12:05:45+00:00\" \/>\n<meta property=\"article:modified_time\" content=\"2025-08-05T12:05:46+00:00\" \/>\n<meta property=\"og:image\" content=\"https:\/\/portelldemorella.org\/wp-content\/uploads\/2025\/08\/sons-de-linterior.jpeg\" \/>\n\t<meta property=\"og:image:width\" content=\"1600\" \/>\n\t<meta property=\"og:image:height\" content=\"903\" \/>\n\t<meta property=\"og:image:type\" content=\"image\/jpeg\" \/>\n<meta name=\"author\" content=\"portell\" \/>\n<meta name=\"twitter:card\" content=\"summary_large_image\" \/>\n<meta name=\"twitter:label1\" content=\"Escrit per\" \/>\n\t<meta name=\"twitter:data1\" content=\"portell\" \/>\n\t<meta name=\"twitter:label2\" content=\"Temps estimat de lectura\" \/>\n\t<meta name=\"twitter:data2\" content=\"1 minut\" \/>\n<script type=\"application\/ld+json\" class=\"yoast-schema-graph\">{\"@context\":\"https:\/\/schema.org\",\"@graph\":[{\"@type\":\"Article\",\"@id\":\"https:\/\/portelldemorella.org\/ca\/la-musica-classica-ompli-portell-amb-el-cicle-sons-de-linterior\/#article\",\"isPartOf\":{\"@id\":\"https:\/\/portelldemorella.org\/ca\/la-musica-classica-ompli-portell-amb-el-cicle-sons-de-linterior\/\"},\"author\":{\"name\":\"portell\",\"@id\":\"https:\/\/portelldemorella.org\/#\/schema\/person\/2adde77c454244acd163488ec723a88b\"},\"headline\":\"La m\u00fasica cl\u00e0ssica ompli Portell amb el cicle \u2018Sons de l\u2019interior\u2019\",\"datePublished\":\"2025-08-05T12:05:45+00:00\",\"dateModified\":\"2025-08-05T12:05:46+00:00\",\"mainEntityOfPage\":{\"@id\":\"https:\/\/portelldemorella.org\/ca\/la-musica-classica-ompli-portell-amb-el-cicle-sons-de-linterior\/\"},\"wordCount\":142,\"commentCount\":0,\"publisher\":{\"@id\":\"https:\/\/portelldemorella.org\/#organization\"},\"image\":{\"@id\":\"https:\/\/portelldemorella.org\/ca\/la-musica-classica-ompli-portell-amb-el-cicle-sons-de-linterior\/#primaryimage\"},\"thumbnailUrl\":\"https:\/\/portelldemorella.org\/wp-content\/uploads\/2025\/08\/sons-de-linterior.jpeg\",\"keywords\":[\"portell\"],\"articleSection\":[\"Ayuntamiento\"],\"inLanguage\":\"ca\",\"potentialAction\":[{\"@type\":\"CommentAction\",\"name\":\"Comment\",\"target\":[\"https:\/\/portelldemorella.org\/ca\/la-musica-classica-ompli-portell-amb-el-cicle-sons-de-linterior\/#respond\"]}]},{\"@type\":\"WebPage\",\"@id\":\"https:\/\/portelldemorella.org\/ca\/la-musica-classica-ompli-portell-amb-el-cicle-sons-de-linterior\/\",\"url\":\"https:\/\/portelldemorella.org\/ca\/la-musica-classica-ompli-portell-amb-el-cicle-sons-de-linterior\/\",\"name\":\"La m\u00fasica cl\u00e0ssica ompli Portell amb el cicle \u2018Sons de l\u2019interior\u2019 - Portell de Morella\",\"isPartOf\":{\"@id\":\"https:\/\/portelldemorella.org\/#website\"},\"primaryImageOfPage\":{\"@id\":\"https:\/\/portelldemorella.org\/ca\/la-musica-classica-ompli-portell-amb-el-cicle-sons-de-linterior\/#primaryimage\"},\"image\":{\"@id\":\"https:\/\/portelldemorella.org\/ca\/la-musica-classica-ompli-portell-amb-el-cicle-sons-de-linterior\/#primaryimage\"},\"thumbnailUrl\":\"https:\/\/portelldemorella.org\/wp-content\/uploads\/2025\/08\/sons-de-linterior.jpeg\",\"datePublished\":\"2025-08-05T12:05:45+00:00\",\"dateModified\":\"2025-08-05T12:05:46+00:00\",\"breadcrumb\":{\"@id\":\"https:\/\/portelldemorella.org\/ca\/la-musica-classica-ompli-portell-amb-el-cicle-sons-de-linterior\/#breadcrumb\"},\"inLanguage\":\"ca\",\"potentialAction\":[{\"@type\":\"ReadAction\",\"target\":[\"https:\/\/portelldemorella.org\/ca\/la-musica-classica-ompli-portell-amb-el-cicle-sons-de-linterior\/\"]}]},{\"@type\":\"ImageObject\",\"inLanguage\":\"ca\",\"@id\":\"https:\/\/portelldemorella.org\/ca\/la-musica-classica-ompli-portell-amb-el-cicle-sons-de-linterior\/#primaryimage\",\"url\":\"https:\/\/portelldemorella.org\/wp-content\/uploads\/2025\/08\/sons-de-linterior.jpeg\",\"contentUrl\":\"https:\/\/portelldemorella.org\/wp-content\/uploads\/2025\/08\/sons-de-linterior.jpeg\",\"width\":1600,\"height\":903},{\"@type\":\"BreadcrumbList\",\"@id\":\"https:\/\/portelldemorella.org\/ca\/la-musica-classica-ompli-portell-amb-el-cicle-sons-de-linterior\/#breadcrumb\",\"itemListElement\":[{\"@type\":\"ListItem\",\"position\":1,\"name\":\"Portada\",\"item\":\"https:\/\/portelldemorella.org\/ca\/\"},{\"@type\":\"ListItem\",\"position\":2,\"name\":\"La m\u00fasica cl\u00e0ssica ompli Portell amb el cicle \u2018Sons de l\u2019interior\u2019\"}]},{\"@type\":\"WebSite\",\"@id\":\"https:\/\/portelldemorella.org\/#website\",\"url\":\"https:\/\/portelldemorella.org\/\",\"name\":\"Portell de Morella\",\"description\":\"Web del Ayuntamiento de Portell de Morella\",\"publisher\":{\"@id\":\"https:\/\/portelldemorella.org\/#organization\"},\"potentialAction\":[{\"@type\":\"SearchAction\",\"target\":{\"@type\":\"EntryPoint\",\"urlTemplate\":\"https:\/\/portelldemorella.org\/?s={search_term_string}\"},\"query-input\":{\"@type\":\"PropertyValueSpecification\",\"valueRequired\":true,\"valueName\":\"search_term_string\"}}],\"inLanguage\":\"ca\"},{\"@type\":\"Organization\",\"@id\":\"https:\/\/portelldemorella.org\/#organization\",\"name\":\"Portell de Morella\",\"url\":\"https:\/\/portelldemorella.org\/\",\"logo\":{\"@type\":\"ImageObject\",\"inLanguage\":\"ca\",\"@id\":\"https:\/\/portelldemorella.org\/#\/schema\/logo\/image\/\",\"url\":\"https:\/\/portelldemorella.org\/wp-content\/uploads\/2020\/11\/Escudo-Portell-04.jpg\",\"contentUrl\":\"https:\/\/portelldemorella.org\/wp-content\/uploads\/2020\/11\/Escudo-Portell-04.jpg\",\"width\":1001,\"height\":394,\"caption\":\"Portell de Morella\"},\"image\":{\"@id\":\"https:\/\/portelldemorella.org\/#\/schema\/logo\/image\/\"}},{\"@type\":\"Person\",\"@id\":\"https:\/\/portelldemorella.org\/#\/schema\/person\/2adde77c454244acd163488ec723a88b\",\"name\":\"portell\",\"image\":{\"@type\":\"ImageObject\",\"inLanguage\":\"ca\",\"@id\":\"https:\/\/portelldemorella.org\/#\/schema\/person\/image\/\",\"url\":\"https:\/\/secure.gravatar.com\/avatar\/077c6bd89604df620d2fa93a06be2531944cdd6826fd322dbd8b483fd84d6407?s=96&d=mm&r=g\",\"contentUrl\":\"https:\/\/secure.gravatar.com\/avatar\/077c6bd89604df620d2fa93a06be2531944cdd6826fd322dbd8b483fd84d6407?s=96&d=mm&r=g\",\"caption\":\"portell\"},\"sameAs\":[\"https:\/\/portelldemorella.org\"],\"url\":\"https:\/\/portelldemorella.org\/ca\/author\/portell\/\"}]}<\/script>\n<!-- \/ Yoast SEO plugin. -->","yoast_head_json":{"title":"La m\u00fasica cl\u00e0ssica ompli Portell amb el cicle \u2018Sons de l\u2019interior\u2019 - Portell de Morella","robots":{"index":"noindex","follow":"follow","max-snippet":"max-snippet:-1","max-image-preview":"max-image-preview:large","max-video-preview":"max-video-preview:-1"},"og_locale":"ca_ES","og_type":"article","og_title":"La m\u00fasica cl\u00e0ssica ompli Portell amb el cicle \u2018Sons de l\u2019interior\u2019 - Portell de Morella","og_description":"Portell de Morella ha tornat a omplir-se de m\u00fasica cl\u00e0ssica amb la primera cita del cicle \u2018Sons de l\u2019interior\u2019, organitzat per l\u2019Associaci\u00f3 Musical Sonor\u00e9 i l\u2019Ajuntament de Portell. Divendres passat, la pla\u00e7a Major va acollir l\u2019actuaci\u00f3 de Alena&amp;Josep&nbsp;Duo, format per Alena Tikhmanovich al violoncel i Josep Manzano a la guitarra, que van interpretar obres de [&hellip;]","og_url":"https:\/\/portelldemorella.org\/ca\/la-musica-classica-ompli-portell-amb-el-cicle-sons-de-linterior\/","og_site_name":"Portell de Morella","article_published_time":"2025-08-05T12:05:45+00:00","article_modified_time":"2025-08-05T12:05:46+00:00","og_image":[{"width":1600,"height":903,"url":"https:\/\/portelldemorella.org\/wp-content\/uploads\/2025\/08\/sons-de-linterior.jpeg","type":"image\/jpeg"}],"author":"portell","twitter_card":"summary_large_image","twitter_misc":{"Escrit per":"portell","Temps estimat de lectura":"1 minut"},"schema":{"@context":"https:\/\/schema.org","@graph":[{"@type":"Article","@id":"https:\/\/portelldemorella.org\/ca\/la-musica-classica-ompli-portell-amb-el-cicle-sons-de-linterior\/#article","isPartOf":{"@id":"https:\/\/portelldemorella.org\/ca\/la-musica-classica-ompli-portell-amb-el-cicle-sons-de-linterior\/"},"author":{"name":"portell","@id":"https:\/\/portelldemorella.org\/#\/schema\/person\/2adde77c454244acd163488ec723a88b"},"headline":"La m\u00fasica cl\u00e0ssica ompli Portell amb el cicle \u2018Sons de l\u2019interior\u2019","datePublished":"2025-08-05T12:05:45+00:00","dateModified":"2025-08-05T12:05:46+00:00","mainEntityOfPage":{"@id":"https:\/\/portelldemorella.org\/ca\/la-musica-classica-ompli-portell-amb-el-cicle-sons-de-linterior\/"},"wordCount":142,"commentCount":0,"publisher":{"@id":"https:\/\/portelldemorella.org\/#organization"},"image":{"@id":"https:\/\/portelldemorella.org\/ca\/la-musica-classica-ompli-portell-amb-el-cicle-sons-de-linterior\/#primaryimage"},"thumbnailUrl":"https:\/\/portelldemorella.org\/wp-content\/uploads\/2025\/08\/sons-de-linterior.jpeg","keywords":["portell"],"articleSection":["Ayuntamiento"],"inLanguage":"ca","potentialAction":[{"@type":"CommentAction","name":"Comment","target":["https:\/\/portelldemorella.org\/ca\/la-musica-classica-ompli-portell-amb-el-cicle-sons-de-linterior\/#respond"]}]},{"@type":"WebPage","@id":"https:\/\/portelldemorella.org\/ca\/la-musica-classica-ompli-portell-amb-el-cicle-sons-de-linterior\/","url":"https:\/\/portelldemorella.org\/ca\/la-musica-classica-ompli-portell-amb-el-cicle-sons-de-linterior\/","name":"La m\u00fasica cl\u00e0ssica ompli Portell amb el cicle \u2018Sons de l\u2019interior\u2019 - Portell de Morella","isPartOf":{"@id":"https:\/\/portelldemorella.org\/#website"},"primaryImageOfPage":{"@id":"https:\/\/portelldemorella.org\/ca\/la-musica-classica-ompli-portell-amb-el-cicle-sons-de-linterior\/#primaryimage"},"image":{"@id":"https:\/\/portelldemorella.org\/ca\/la-musica-classica-ompli-portell-amb-el-cicle-sons-de-linterior\/#primaryimage"},"thumbnailUrl":"https:\/\/portelldemorella.org\/wp-content\/uploads\/2025\/08\/sons-de-linterior.jpeg","datePublished":"2025-08-05T12:05:45+00:00","dateModified":"2025-08-05T12:05:46+00:00","breadcrumb":{"@id":"https:\/\/portelldemorella.org\/ca\/la-musica-classica-ompli-portell-amb-el-cicle-sons-de-linterior\/#breadcrumb"},"inLanguage":"ca","potentialAction":[{"@type":"ReadAction","target":["https:\/\/portelldemorella.org\/ca\/la-musica-classica-ompli-portell-amb-el-cicle-sons-de-linterior\/"]}]},{"@type":"ImageObject","inLanguage":"ca","@id":"https:\/\/portelldemorella.org\/ca\/la-musica-classica-ompli-portell-amb-el-cicle-sons-de-linterior\/#primaryimage","url":"https:\/\/portelldemorella.org\/wp-content\/uploads\/2025\/08\/sons-de-linterior.jpeg","contentUrl":"https:\/\/portelldemorella.org\/wp-content\/uploads\/2025\/08\/sons-de-linterior.jpeg","width":1600,"height":903},{"@type":"BreadcrumbList","@id":"https:\/\/portelldemorella.org\/ca\/la-musica-classica-ompli-portell-amb-el-cicle-sons-de-linterior\/#breadcrumb","itemListElement":[{"@type":"ListItem","position":1,"name":"Portada","item":"https:\/\/portelldemorella.org\/ca\/"},{"@type":"ListItem","position":2,"name":"La m\u00fasica cl\u00e0ssica ompli Portell amb el cicle \u2018Sons de l\u2019interior\u2019"}]},{"@type":"WebSite","@id":"https:\/\/portelldemorella.org\/#website","url":"https:\/\/portelldemorella.org\/","name":"Portell de Morella","description":"Web del Ayuntamiento de Portell de Morella","publisher":{"@id":"https:\/\/portelldemorella.org\/#organization"},"potentialAction":[{"@type":"SearchAction","target":{"@type":"EntryPoint","urlTemplate":"https:\/\/portelldemorella.org\/?s={search_term_string}"},"query-input":{"@type":"PropertyValueSpecification","valueRequired":true,"valueName":"search_term_string"}}],"inLanguage":"ca"},{"@type":"Organization","@id":"https:\/\/portelldemorella.org\/#organization","name":"Portell de Morella","url":"https:\/\/portelldemorella.org\/","logo":{"@type":"ImageObject","inLanguage":"ca","@id":"https:\/\/portelldemorella.org\/#\/schema\/logo\/image\/","url":"https:\/\/portelldemorella.org\/wp-content\/uploads\/2020\/11\/Escudo-Portell-04.jpg","contentUrl":"https:\/\/portelldemorella.org\/wp-content\/uploads\/2020\/11\/Escudo-Portell-04.jpg","width":1001,"height":394,"caption":"Portell de Morella"},"image":{"@id":"https:\/\/portelldemorella.org\/#\/schema\/logo\/image\/"}},{"@type":"Person","@id":"https:\/\/portelldemorella.org\/#\/schema\/person\/2adde77c454244acd163488ec723a88b","name":"portell","image":{"@type":"ImageObject","inLanguage":"ca","@id":"https:\/\/portelldemorella.org\/#\/schema\/person\/image\/","url":"https:\/\/secure.gravatar.com\/avatar\/077c6bd89604df620d2fa93a06be2531944cdd6826fd322dbd8b483fd84d6407?s=96&d=mm&r=g","contentUrl":"https:\/\/secure.gravatar.com\/avatar\/077c6bd89604df620d2fa93a06be2531944cdd6826fd322dbd8b483fd84d6407?s=96&d=mm&r=g","caption":"portell"},"sameAs":["https:\/\/portelldemorella.org"],"url":"https:\/\/portelldemorella.org\/ca\/author\/portell\/"}]}},"_links":{"self":[{"href":"https:\/\/portelldemorella.org\/ca\/wp-json\/wp\/v2\/posts\/8448","targetHints":{"allow":["GET"]}}],"collection":[{"href":"https:\/\/portelldemorella.org\/ca\/wp-json\/wp\/v2\/posts"}],"about":[{"href":"https:\/\/portelldemorella.org\/ca\/wp-json\/wp\/v2\/types\/post"}],"author":[{"embeddable":true,"href":"https:\/\/portelldemorella.org\/ca\/wp-json\/wp\/v2\/users\/1"}],"replies":[{"embeddable":true,"href":"https:\/\/portelldemorella.org\/ca\/wp-json\/wp\/v2\/comments?post=8448"}],"version-history":[{"count":1,"href":"https:\/\/portelldemorella.org\/ca\/wp-json\/wp\/v2\/posts\/8448\/revisions"}],"predecessor-version":[{"id":8449,"href":"https:\/\/portelldemorella.org\/ca\/wp-json\/wp\/v2\/posts\/8448\/revisions\/8449"}],"wp:featuredmedia":[{"embeddable":true,"href":"https:\/\/portelldemorella.org\/ca\/wp-json\/wp\/v2\/media\/8446"}],"wp:attachment":[{"href":"https:\/\/portelldemorella.org\/ca\/wp-json\/wp\/v2\/media?parent=8448"}],"wp:term":[{"taxonomy":"category","embeddable":true,"href":"https:\/\/portelldemorella.org\/ca\/wp-json\/wp\/v2\/categories?post=8448"},{"taxonomy":"post_tag","embeddable":true,"href":"https:\/\/portelldemorella.org\/ca\/wp-json\/wp\/v2\/tags?post=8448"}],"curies":[{"name":"wp","href":"https:\/\/api.w.org\/{rel}","templated":true}]}}