{"id":8461,"date":"2025-08-08T10:46:29","date_gmt":"2025-08-08T10:46:29","guid":{"rendered":"https:\/\/portelldemorella.org\/?p=8461"},"modified":"2025-09-05T04:34:51","modified_gmt":"2025-09-05T04:34:51","slug":"portell-reivindica-el-consum-conscient-amb-la-fira-textil-i-productes-de-la-terra-el-20-de-setembre","status":"publish","type":"post","link":"https:\/\/portelldemorella.org\/ca\/portell-reivindica-el-consum-conscient-amb-la-fira-textil-i-productes-de-la-terra-el-20-de-setembre\/","title":{"rendered":"Portell reivindica el consum conscient amb la Fira T\u00e8xtil i Productes de la Terra el 20 de setembre"},"content":{"rendered":"\n<p>Portell acollir\u00e0 el pr\u00f2xim 20 de setembre la Fira T\u00e8xtil i Productes de la Terra, una jornada dedicada a la sostenibilitat, el consum responsable i el suport a les dones emprenedores del sector t\u00e8xtil. La fira, que s&#8217;emmarca dins del projecte Teixint Portell, oferir\u00e0 una programaci\u00f3 variada amb tallers, trobades i m\u00fasica en directe, a m\u00e9s d\u2019un espai per a la venda de roba, complements i productes de proximitat.<\/p>\n\n\n\n<p>La jornada comen\u00e7ar\u00e0 a les 10:00 h amb l\u2019obertura de la fira i continuar\u00e0 amb tallers gratu\u00efts a partir de les 11:00 h. Despr\u00e9s del dinar, a les 16:30 h tindr\u00e0 lloc una trobada de dones i projectes t\u00e8xtils, un espai per compartir experi\u00e8ncies i reflexionar sobre els reptes del sector en l\u2019entorn rural. A les 18:00 h, la cantautora Xiomara Abello oferir\u00e0 un concert obert al p\u00fablic, previ a la cloenda, prevista per a les 19.00 hores.<\/p>\n\n\n\n<p>La Fira T\u00e8xtil i Productes de la Terra \u00e9s una proposta organitzada per l\u2019Ajuntament de Portell i la cooperativa Micel\u00b7li, amb la col\u00b7laboraci\u00f3 de la Comissi\u00f3 de Festes i el Grup de Dones de Portell i el suport del Ministeri d&#8217;Igualtat, Institut de les Dones i la Federaci\u00f3 Espanyola de Municipis i Prov\u00edncies (FEMP).<\/p>\n\n\n\n<p>\u201cAmb iniciatives com aquesta, seguim teixint el Portell i el m\u00f3n que volem per al futur. Entre totes i tots podem construir una altra manera de fer, consumir i viure\u201d, destaca l\u2019organitzaci\u00f3.<\/p>\n\n\n\n<figure class=\"wp-block-image size-large\"><img fetchpriority=\"high\" decoding=\"async\" width=\"724\" height=\"1024\" src=\"https:\/\/portelldemorella.org\/wp-content\/uploads\/2025\/08\/portell-724x1024.jpeg\" alt=\"\" class=\"wp-image-8459\" srcset=\"https:\/\/portelldemorella.org\/wp-content\/uploads\/2025\/08\/portell-724x1024.jpeg 724w, https:\/\/portelldemorella.org\/wp-content\/uploads\/2025\/08\/portell-212x300.jpeg 212w, https:\/\/portelldemorella.org\/wp-content\/uploads\/2025\/08\/portell-768x1086.jpeg 768w, https:\/\/portelldemorella.org\/wp-content\/uploads\/2025\/08\/portell-1086x1536.jpeg 1086w, https:\/\/portelldemorella.org\/wp-content\/uploads\/2025\/08\/portell-424x600.jpeg 424w, https:\/\/portelldemorella.org\/wp-content\/uploads\/2025\/08\/portell-396x560.jpeg 396w, https:\/\/portelldemorella.org\/wp-content\/uploads\/2025\/08\/portell.jpeg 1131w\" sizes=\"(max-width: 724px) 100vw, 724px\" \/><\/figure>\n","protected":false},"excerpt":{"rendered":"<p>Portell acollir\u00e0 el pr\u00f2xim 20 de setembre la Fira T\u00e8xtil i Productes de la Terra, una jornada dedicada a la sostenibilitat, el consum responsable i el suport a les dones emprenedores del sector t\u00e8xtil. La fira, que s&#8217;emmarca dins del projecte Teixint Portell, oferir\u00e0 una programaci\u00f3 variada amb tallers, trobades i m\u00fasica en directe, a [&hellip;]<\/p>\n","protected":false},"author":1,"featured_media":8459,"comment_status":"open","ping_status":"open","sticky":false,"template":"","format":"standard","meta":{"footnotes":""},"categories":[97],"tags":[100],"class_list":["post-8461","post","type-post","status-publish","format-standard","has-post-thumbnail","hentry","category-ayuntamiento-ca","tag-portell-2"],"yoast_head":"<!-- This site is optimized with the Yoast SEO plugin v24.4 - https:\/\/yoast.com\/wordpress\/plugins\/seo\/ -->\n<title>Portell reivindica el consum conscient amb la Fira T\u00e8xtil i Productes de la Terra el 20 de setembre - Portell de Morella<\/title>\n<meta name=\"robots\" content=\"noindex, follow, max-snippet:-1, max-image-preview:large, max-video-preview:-1\" \/>\n<meta property=\"og:locale\" content=\"ca_ES\" \/>\n<meta property=\"og:type\" content=\"article\" \/>\n<meta property=\"og:title\" content=\"Portell reivindica el consum conscient amb la Fira T\u00e8xtil i Productes de la Terra el 20 de setembre - Portell de Morella\" \/>\n<meta property=\"og:description\" content=\"Portell acollir\u00e0 el pr\u00f2xim 20 de setembre la Fira T\u00e8xtil i Productes de la Terra, una jornada dedicada a la sostenibilitat, el consum responsable i el suport a les dones emprenedores del sector t\u00e8xtil. La fira, que s&#8217;emmarca dins del projecte Teixint Portell, oferir\u00e0 una programaci\u00f3 variada amb tallers, trobades i m\u00fasica en directe, a [&hellip;]\" \/>\n<meta property=\"og:url\" content=\"https:\/\/portelldemorella.org\/ca\/portell-reivindica-el-consum-conscient-amb-la-fira-textil-i-productes-de-la-terra-el-20-de-setembre\/\" \/>\n<meta property=\"og:site_name\" content=\"Portell de Morella\" \/>\n<meta property=\"article:published_time\" content=\"2025-08-08T10:46:29+00:00\" \/>\n<meta property=\"article:modified_time\" content=\"2025-09-05T04:34:51+00:00\" \/>\n<meta property=\"og:image\" content=\"https:\/\/portelldemorella.org\/wp-content\/uploads\/2025\/08\/portell.jpeg\" \/>\n\t<meta property=\"og:image:width\" content=\"1131\" \/>\n\t<meta property=\"og:image:height\" content=\"1600\" \/>\n\t<meta property=\"og:image:type\" content=\"image\/jpeg\" \/>\n<meta name=\"author\" content=\"portell\" \/>\n<meta name=\"twitter:card\" content=\"summary_large_image\" \/>\n<meta name=\"twitter:label1\" content=\"Escrit per\" \/>\n\t<meta name=\"twitter:data1\" content=\"portell\" \/>\n\t<meta name=\"twitter:label2\" content=\"Temps estimat de lectura\" \/>\n\t<meta name=\"twitter:data2\" content=\"2 minuts\" \/>\n<script type=\"application\/ld+json\" class=\"yoast-schema-graph\">{\"@context\":\"https:\/\/schema.org\",\"@graph\":[{\"@type\":\"Article\",\"@id\":\"https:\/\/portelldemorella.org\/ca\/portell-reivindica-el-consum-conscient-amb-la-fira-textil-i-productes-de-la-terra-el-20-de-setembre\/#article\",\"isPartOf\":{\"@id\":\"https:\/\/portelldemorella.org\/ca\/portell-reivindica-el-consum-conscient-amb-la-fira-textil-i-productes-de-la-terra-el-20-de-setembre\/\"},\"author\":{\"name\":\"portell\",\"@id\":\"https:\/\/portelldemorella.org\/#\/schema\/person\/2adde77c454244acd163488ec723a88b\"},\"headline\":\"Portell reivindica el consum conscient amb la Fira T\u00e8xtil i Productes de la Terra el 20 de setembre\",\"datePublished\":\"2025-08-08T10:46:29+00:00\",\"dateModified\":\"2025-09-05T04:34:51+00:00\",\"mainEntityOfPage\":{\"@id\":\"https:\/\/portelldemorella.org\/ca\/portell-reivindica-el-consum-conscient-amb-la-fira-textil-i-productes-de-la-terra-el-20-de-setembre\/\"},\"wordCount\":266,\"commentCount\":0,\"publisher\":{\"@id\":\"https:\/\/portelldemorella.org\/#organization\"},\"image\":{\"@id\":\"https:\/\/portelldemorella.org\/ca\/portell-reivindica-el-consum-conscient-amb-la-fira-textil-i-productes-de-la-terra-el-20-de-setembre\/#primaryimage\"},\"thumbnailUrl\":\"https:\/\/portelldemorella.org\/wp-content\/uploads\/2025\/08\/portell.jpeg\",\"keywords\":[\"portell\"],\"articleSection\":[\"Ayuntamiento\"],\"inLanguage\":\"ca\",\"potentialAction\":[{\"@type\":\"CommentAction\",\"name\":\"Comment\",\"target\":[\"https:\/\/portelldemorella.org\/ca\/portell-reivindica-el-consum-conscient-amb-la-fira-textil-i-productes-de-la-terra-el-20-de-setembre\/#respond\"]}]},{\"@type\":\"WebPage\",\"@id\":\"https:\/\/portelldemorella.org\/ca\/portell-reivindica-el-consum-conscient-amb-la-fira-textil-i-productes-de-la-terra-el-20-de-setembre\/\",\"url\":\"https:\/\/portelldemorella.org\/ca\/portell-reivindica-el-consum-conscient-amb-la-fira-textil-i-productes-de-la-terra-el-20-de-setembre\/\",\"name\":\"Portell reivindica el consum conscient amb la Fira T\u00e8xtil i Productes de la Terra el 20 de setembre - Portell de Morella\",\"isPartOf\":{\"@id\":\"https:\/\/portelldemorella.org\/#website\"},\"primaryImageOfPage\":{\"@id\":\"https:\/\/portelldemorella.org\/ca\/portell-reivindica-el-consum-conscient-amb-la-fira-textil-i-productes-de-la-terra-el-20-de-setembre\/#primaryimage\"},\"image\":{\"@id\":\"https:\/\/portelldemorella.org\/ca\/portell-reivindica-el-consum-conscient-amb-la-fira-textil-i-productes-de-la-terra-el-20-de-setembre\/#primaryimage\"},\"thumbnailUrl\":\"https:\/\/portelldemorella.org\/wp-content\/uploads\/2025\/08\/portell.jpeg\",\"datePublished\":\"2025-08-08T10:46:29+00:00\",\"dateModified\":\"2025-09-05T04:34:51+00:00\",\"breadcrumb\":{\"@id\":\"https:\/\/portelldemorella.org\/ca\/portell-reivindica-el-consum-conscient-amb-la-fira-textil-i-productes-de-la-terra-el-20-de-setembre\/#breadcrumb\"},\"inLanguage\":\"ca\",\"potentialAction\":[{\"@type\":\"ReadAction\",\"target\":[\"https:\/\/portelldemorella.org\/ca\/portell-reivindica-el-consum-conscient-amb-la-fira-textil-i-productes-de-la-terra-el-20-de-setembre\/\"]}]},{\"@type\":\"ImageObject\",\"inLanguage\":\"ca\",\"@id\":\"https:\/\/portelldemorella.org\/ca\/portell-reivindica-el-consum-conscient-amb-la-fira-textil-i-productes-de-la-terra-el-20-de-setembre\/#primaryimage\",\"url\":\"https:\/\/portelldemorella.org\/wp-content\/uploads\/2025\/08\/portell.jpeg\",\"contentUrl\":\"https:\/\/portelldemorella.org\/wp-content\/uploads\/2025\/08\/portell.jpeg\",\"width\":1131,\"height\":1600},{\"@type\":\"BreadcrumbList\",\"@id\":\"https:\/\/portelldemorella.org\/ca\/portell-reivindica-el-consum-conscient-amb-la-fira-textil-i-productes-de-la-terra-el-20-de-setembre\/#breadcrumb\",\"itemListElement\":[{\"@type\":\"ListItem\",\"position\":1,\"name\":\"Portada\",\"item\":\"https:\/\/portelldemorella.org\/ca\/\"},{\"@type\":\"ListItem\",\"position\":2,\"name\":\"Portell reivindica el consum conscient amb la Fira T\u00e8xtil i Productes de la Terra el 20 de setembre\"}]},{\"@type\":\"WebSite\",\"@id\":\"https:\/\/portelldemorella.org\/#website\",\"url\":\"https:\/\/portelldemorella.org\/\",\"name\":\"Portell de Morella\",\"description\":\"Web del Ayuntamiento de Portell de Morella\",\"publisher\":{\"@id\":\"https:\/\/portelldemorella.org\/#organization\"},\"potentialAction\":[{\"@type\":\"SearchAction\",\"target\":{\"@type\":\"EntryPoint\",\"urlTemplate\":\"https:\/\/portelldemorella.org\/?s={search_term_string}\"},\"query-input\":{\"@type\":\"PropertyValueSpecification\",\"valueRequired\":true,\"valueName\":\"search_term_string\"}}],\"inLanguage\":\"ca\"},{\"@type\":\"Organization\",\"@id\":\"https:\/\/portelldemorella.org\/#organization\",\"name\":\"Portell de Morella\",\"url\":\"https:\/\/portelldemorella.org\/\",\"logo\":{\"@type\":\"ImageObject\",\"inLanguage\":\"ca\",\"@id\":\"https:\/\/portelldemorella.org\/#\/schema\/logo\/image\/\",\"url\":\"https:\/\/portelldemorella.org\/wp-content\/uploads\/2020\/11\/Escudo-Portell-04.jpg\",\"contentUrl\":\"https:\/\/portelldemorella.org\/wp-content\/uploads\/2020\/11\/Escudo-Portell-04.jpg\",\"width\":1001,\"height\":394,\"caption\":\"Portell de Morella\"},\"image\":{\"@id\":\"https:\/\/portelldemorella.org\/#\/schema\/logo\/image\/\"}},{\"@type\":\"Person\",\"@id\":\"https:\/\/portelldemorella.org\/#\/schema\/person\/2adde77c454244acd163488ec723a88b\",\"name\":\"portell\",\"image\":{\"@type\":\"ImageObject\",\"inLanguage\":\"ca\",\"@id\":\"https:\/\/portelldemorella.org\/#\/schema\/person\/image\/\",\"url\":\"https:\/\/secure.gravatar.com\/avatar\/077c6bd89604df620d2fa93a06be2531944cdd6826fd322dbd8b483fd84d6407?s=96&d=mm&r=g\",\"contentUrl\":\"https:\/\/secure.gravatar.com\/avatar\/077c6bd89604df620d2fa93a06be2531944cdd6826fd322dbd8b483fd84d6407?s=96&d=mm&r=g\",\"caption\":\"portell\"},\"sameAs\":[\"https:\/\/portelldemorella.org\"],\"url\":\"https:\/\/portelldemorella.org\/ca\/author\/portell\/\"}]}<\/script>\n<!-- \/ Yoast SEO plugin. -->","yoast_head_json":{"title":"Portell reivindica el consum conscient amb la Fira T\u00e8xtil i Productes de la Terra el 20 de setembre - Portell de Morella","robots":{"index":"noindex","follow":"follow","max-snippet":"max-snippet:-1","max-image-preview":"max-image-preview:large","max-video-preview":"max-video-preview:-1"},"og_locale":"ca_ES","og_type":"article","og_title":"Portell reivindica el consum conscient amb la Fira T\u00e8xtil i Productes de la Terra el 20 de setembre - Portell de Morella","og_description":"Portell acollir\u00e0 el pr\u00f2xim 20 de setembre la Fira T\u00e8xtil i Productes de la Terra, una jornada dedicada a la sostenibilitat, el consum responsable i el suport a les dones emprenedores del sector t\u00e8xtil. La fira, que s&#8217;emmarca dins del projecte Teixint Portell, oferir\u00e0 una programaci\u00f3 variada amb tallers, trobades i m\u00fasica en directe, a [&hellip;]","og_url":"https:\/\/portelldemorella.org\/ca\/portell-reivindica-el-consum-conscient-amb-la-fira-textil-i-productes-de-la-terra-el-20-de-setembre\/","og_site_name":"Portell de Morella","article_published_time":"2025-08-08T10:46:29+00:00","article_modified_time":"2025-09-05T04:34:51+00:00","og_image":[{"width":1131,"height":1600,"url":"https:\/\/portelldemorella.org\/wp-content\/uploads\/2025\/08\/portell.jpeg","type":"image\/jpeg"}],"author":"portell","twitter_card":"summary_large_image","twitter_misc":{"Escrit per":"portell","Temps estimat de lectura":"2 minuts"},"schema":{"@context":"https:\/\/schema.org","@graph":[{"@type":"Article","@id":"https:\/\/portelldemorella.org\/ca\/portell-reivindica-el-consum-conscient-amb-la-fira-textil-i-productes-de-la-terra-el-20-de-setembre\/#article","isPartOf":{"@id":"https:\/\/portelldemorella.org\/ca\/portell-reivindica-el-consum-conscient-amb-la-fira-textil-i-productes-de-la-terra-el-20-de-setembre\/"},"author":{"name":"portell","@id":"https:\/\/portelldemorella.org\/#\/schema\/person\/2adde77c454244acd163488ec723a88b"},"headline":"Portell reivindica el consum conscient amb la Fira T\u00e8xtil i Productes de la Terra el 20 de setembre","datePublished":"2025-08-08T10:46:29+00:00","dateModified":"2025-09-05T04:34:51+00:00","mainEntityOfPage":{"@id":"https:\/\/portelldemorella.org\/ca\/portell-reivindica-el-consum-conscient-amb-la-fira-textil-i-productes-de-la-terra-el-20-de-setembre\/"},"wordCount":266,"commentCount":0,"publisher":{"@id":"https:\/\/portelldemorella.org\/#organization"},"image":{"@id":"https:\/\/portelldemorella.org\/ca\/portell-reivindica-el-consum-conscient-amb-la-fira-textil-i-productes-de-la-terra-el-20-de-setembre\/#primaryimage"},"thumbnailUrl":"https:\/\/portelldemorella.org\/wp-content\/uploads\/2025\/08\/portell.jpeg","keywords":["portell"],"articleSection":["Ayuntamiento"],"inLanguage":"ca","potentialAction":[{"@type":"CommentAction","name":"Comment","target":["https:\/\/portelldemorella.org\/ca\/portell-reivindica-el-consum-conscient-amb-la-fira-textil-i-productes-de-la-terra-el-20-de-setembre\/#respond"]}]},{"@type":"WebPage","@id":"https:\/\/portelldemorella.org\/ca\/portell-reivindica-el-consum-conscient-amb-la-fira-textil-i-productes-de-la-terra-el-20-de-setembre\/","url":"https:\/\/portelldemorella.org\/ca\/portell-reivindica-el-consum-conscient-amb-la-fira-textil-i-productes-de-la-terra-el-20-de-setembre\/","name":"Portell reivindica el consum conscient amb la Fira T\u00e8xtil i Productes de la Terra el 20 de setembre - Portell de Morella","isPartOf":{"@id":"https:\/\/portelldemorella.org\/#website"},"primaryImageOfPage":{"@id":"https:\/\/portelldemorella.org\/ca\/portell-reivindica-el-consum-conscient-amb-la-fira-textil-i-productes-de-la-terra-el-20-de-setembre\/#primaryimage"},"image":{"@id":"https:\/\/portelldemorella.org\/ca\/portell-reivindica-el-consum-conscient-amb-la-fira-textil-i-productes-de-la-terra-el-20-de-setembre\/#primaryimage"},"thumbnailUrl":"https:\/\/portelldemorella.org\/wp-content\/uploads\/2025\/08\/portell.jpeg","datePublished":"2025-08-08T10:46:29+00:00","dateModified":"2025-09-05T04:34:51+00:00","breadcrumb":{"@id":"https:\/\/portelldemorella.org\/ca\/portell-reivindica-el-consum-conscient-amb-la-fira-textil-i-productes-de-la-terra-el-20-de-setembre\/#breadcrumb"},"inLanguage":"ca","potentialAction":[{"@type":"ReadAction","target":["https:\/\/portelldemorella.org\/ca\/portell-reivindica-el-consum-conscient-amb-la-fira-textil-i-productes-de-la-terra-el-20-de-setembre\/"]}]},{"@type":"ImageObject","inLanguage":"ca","@id":"https:\/\/portelldemorella.org\/ca\/portell-reivindica-el-consum-conscient-amb-la-fira-textil-i-productes-de-la-terra-el-20-de-setembre\/#primaryimage","url":"https:\/\/portelldemorella.org\/wp-content\/uploads\/2025\/08\/portell.jpeg","contentUrl":"https:\/\/portelldemorella.org\/wp-content\/uploads\/2025\/08\/portell.jpeg","width":1131,"height":1600},{"@type":"BreadcrumbList","@id":"https:\/\/portelldemorella.org\/ca\/portell-reivindica-el-consum-conscient-amb-la-fira-textil-i-productes-de-la-terra-el-20-de-setembre\/#breadcrumb","itemListElement":[{"@type":"ListItem","position":1,"name":"Portada","item":"https:\/\/portelldemorella.org\/ca\/"},{"@type":"ListItem","position":2,"name":"Portell reivindica el consum conscient amb la Fira T\u00e8xtil i Productes de la Terra el 20 de setembre"}]},{"@type":"WebSite","@id":"https:\/\/portelldemorella.org\/#website","url":"https:\/\/portelldemorella.org\/","name":"Portell de Morella","description":"Web del Ayuntamiento de Portell de Morella","publisher":{"@id":"https:\/\/portelldemorella.org\/#organization"},"potentialAction":[{"@type":"SearchAction","target":{"@type":"EntryPoint","urlTemplate":"https:\/\/portelldemorella.org\/?s={search_term_string}"},"query-input":{"@type":"PropertyValueSpecification","valueRequired":true,"valueName":"search_term_string"}}],"inLanguage":"ca"},{"@type":"Organization","@id":"https:\/\/portelldemorella.org\/#organization","name":"Portell de Morella","url":"https:\/\/portelldemorella.org\/","logo":{"@type":"ImageObject","inLanguage":"ca","@id":"https:\/\/portelldemorella.org\/#\/schema\/logo\/image\/","url":"https:\/\/portelldemorella.org\/wp-content\/uploads\/2020\/11\/Escudo-Portell-04.jpg","contentUrl":"https:\/\/portelldemorella.org\/wp-content\/uploads\/2020\/11\/Escudo-Portell-04.jpg","width":1001,"height":394,"caption":"Portell de Morella"},"image":{"@id":"https:\/\/portelldemorella.org\/#\/schema\/logo\/image\/"}},{"@type":"Person","@id":"https:\/\/portelldemorella.org\/#\/schema\/person\/2adde77c454244acd163488ec723a88b","name":"portell","image":{"@type":"ImageObject","inLanguage":"ca","@id":"https:\/\/portelldemorella.org\/#\/schema\/person\/image\/","url":"https:\/\/secure.gravatar.com\/avatar\/077c6bd89604df620d2fa93a06be2531944cdd6826fd322dbd8b483fd84d6407?s=96&d=mm&r=g","contentUrl":"https:\/\/secure.gravatar.com\/avatar\/077c6bd89604df620d2fa93a06be2531944cdd6826fd322dbd8b483fd84d6407?s=96&d=mm&r=g","caption":"portell"},"sameAs":["https:\/\/portelldemorella.org"],"url":"https:\/\/portelldemorella.org\/ca\/author\/portell\/"}]}},"_links":{"self":[{"href":"https:\/\/portelldemorella.org\/ca\/wp-json\/wp\/v2\/posts\/8461","targetHints":{"allow":["GET"]}}],"collection":[{"href":"https:\/\/portelldemorella.org\/ca\/wp-json\/wp\/v2\/posts"}],"about":[{"href":"https:\/\/portelldemorella.org\/ca\/wp-json\/wp\/v2\/types\/post"}],"author":[{"embeddable":true,"href":"https:\/\/portelldemorella.org\/ca\/wp-json\/wp\/v2\/users\/1"}],"replies":[{"embeddable":true,"href":"https:\/\/portelldemorella.org\/ca\/wp-json\/wp\/v2\/comments?post=8461"}],"version-history":[{"count":2,"href":"https:\/\/portelldemorella.org\/ca\/wp-json\/wp\/v2\/posts\/8461\/revisions"}],"predecessor-version":[{"id":8506,"href":"https:\/\/portelldemorella.org\/ca\/wp-json\/wp\/v2\/posts\/8461\/revisions\/8506"}],"wp:featuredmedia":[{"embeddable":true,"href":"https:\/\/portelldemorella.org\/ca\/wp-json\/wp\/v2\/media\/8459"}],"wp:attachment":[{"href":"https:\/\/portelldemorella.org\/ca\/wp-json\/wp\/v2\/media?parent=8461"}],"wp:term":[{"taxonomy":"category","embeddable":true,"href":"https:\/\/portelldemorella.org\/ca\/wp-json\/wp\/v2\/categories?post=8461"},{"taxonomy":"post_tag","embeddable":true,"href":"https:\/\/portelldemorella.org\/ca\/wp-json\/wp\/v2\/tags?post=8461"}],"curies":[{"name":"wp","href":"https:\/\/api.w.org\/{rel}","templated":true}]}}