{"id":8471,"date":"2025-08-14T08:33:18","date_gmt":"2025-08-14T08:33:18","guid":{"rendered":"https:\/\/portelldemorella.org\/?p=8471"},"modified":"2025-08-14T08:33:19","modified_gmt":"2025-08-14T08:33:19","slug":"portell-tanca-amb-exit-el-cicle-sons-de-linterior-2025-amb-un-recital-a-lesglesia-de-lesperanca","status":"publish","type":"post","link":"https:\/\/portelldemorella.org\/ca\/portell-tanca-amb-exit-el-cicle-sons-de-linterior-2025-amb-un-recital-a-lesglesia-de-lesperanca\/","title":{"rendered":"Portell tanca amb \u00e8xit el cicle Sons de l\u2019Interior 2025 amb un recital a l\u2019esgl\u00e9sia de l\u2019Esperan\u00e7a"},"content":{"rendered":"\n<p>Portell de Morella ha posat el punt final a la dotzena edici\u00f3 del cicle Sons de l\u2019Interior amb un emotiu concert a c\u00e0rrec de la soprano Mar\u00eda \u00c1ngel Ossa, la pianista Elena Aguilar Gasulla i el flautista Francesco Mannis. L\u2019actuaci\u00f3, que va tindre lloc el diumenge 10 d\u2019agost a l\u2019esgl\u00e9sia de l\u2019Esperan\u00e7a, va oferir al p\u00fablic un repertori divers amb obres de Schubert, Cohen, Puccini, Bach i Ciardi, aix\u00ed com una selecci\u00f3 de sarsueles, en un ambient \u00edntim i de recolliment.<\/p>\n\n\n\n<p>Amb aquest recital es tanca un cicle que, un any m\u00e9s, ha consolidat Portell com a escenari per a la m\u00fasica cl\u00e0ssica i de cambra durant els mesos d\u2019estiu a l\u2019interior. El cicle est\u00e0 organitzada per l\u2019Associaci\u00f3 Musical Sonor\u00e9 amb la col\u00b7laboraci\u00f3 de l\u2019Ajuntament de Portell, i ha incl\u00f2s dues actuacions gratu\u00eftes en espais emblem\u00e0tics del poble. La primera va ser l\u20191 d\u2019agost a la pla\u00e7a Major, amb l\u2019actuaci\u00f3 d\u2019Alena&amp;Josep Duo, amb peces de Piazzolla, Vivaldi o Bach al violoncel i la guitarra.<\/p>\n\n\n\n<p>Des de l\u2019Ajuntament de Portell s\u2019ha valorat molt positivament l\u2019acollida del p\u00fablic i el nivell dels concerts, que un estiu m\u00e9s han enriquit l\u2019oferta cultural del municipi amb recitals de primer ordre.<\/p>\n\n\n\n<figure class=\"wp-block-gallery has-nested-images columns-default is-cropped wp-block-gallery-1 is-layout-flex wp-block-gallery-is-layout-flex\">\n<figure class=\"wp-block-image size-large\"><a href=\"https:\/\/portelldemorella.org\/wp-content\/uploads\/2025\/08\/sons-de-linterior-2.jpeg\"><img fetchpriority=\"high\" decoding=\"async\" width=\"1024\" height=\"768\" data-id=\"8469\" src=\"https:\/\/portelldemorella.org\/wp-content\/uploads\/2025\/08\/sons-de-linterior-2-1024x768.jpeg\" alt=\"\" class=\"wp-image-8469\" srcset=\"https:\/\/portelldemorella.org\/wp-content\/uploads\/2025\/08\/sons-de-linterior-2-1024x768.jpeg 1024w, https:\/\/portelldemorella.org\/wp-content\/uploads\/2025\/08\/sons-de-linterior-2-300x225.jpeg 300w, https:\/\/portelldemorella.org\/wp-content\/uploads\/2025\/08\/sons-de-linterior-2-768x576.jpeg 768w, https:\/\/portelldemorella.org\/wp-content\/uploads\/2025\/08\/sons-de-linterior-2-1536x1152.jpeg 1536w, https:\/\/portelldemorella.org\/wp-content\/uploads\/2025\/08\/sons-de-linterior-2-600x450.jpeg 600w, https:\/\/portelldemorella.org\/wp-content\/uploads\/2025\/08\/sons-de-linterior-2-560x420.jpeg 560w, https:\/\/portelldemorella.org\/wp-content\/uploads\/2025\/08\/sons-de-linterior-2.jpeg 2048w\" sizes=\"(max-width: 1024px) 100vw, 1024px\" \/><\/a><\/figure>\n\n\n\n<figure class=\"wp-block-image size-large\"><a href=\"https:\/\/portelldemorella.org\/wp-content\/uploads\/2025\/08\/WhatsApp-Image-2025-08-11-at-12.51.43.jpeg\"><img decoding=\"async\" width=\"768\" height=\"1024\" data-id=\"8467\" src=\"https:\/\/portelldemorella.org\/wp-content\/uploads\/2025\/08\/WhatsApp-Image-2025-08-11-at-12.51.43-768x1024.jpeg\" alt=\"\" class=\"wp-image-8467\" srcset=\"https:\/\/portelldemorella.org\/wp-content\/uploads\/2025\/08\/WhatsApp-Image-2025-08-11-at-12.51.43-768x1024.jpeg 768w, https:\/\/portelldemorella.org\/wp-content\/uploads\/2025\/08\/WhatsApp-Image-2025-08-11-at-12.51.43-225x300.jpeg 225w, https:\/\/portelldemorella.org\/wp-content\/uploads\/2025\/08\/WhatsApp-Image-2025-08-11-at-12.51.43-1152x1536.jpeg 1152w, https:\/\/portelldemorella.org\/wp-content\/uploads\/2025\/08\/WhatsApp-Image-2025-08-11-at-12.51.43-450x600.jpeg 450w, https:\/\/portelldemorella.org\/wp-content\/uploads\/2025\/08\/WhatsApp-Image-2025-08-11-at-12.51.43-420x560.jpeg 420w, https:\/\/portelldemorella.org\/wp-content\/uploads\/2025\/08\/WhatsApp-Image-2025-08-11-at-12.51.43.jpeg 1536w\" sizes=\"(max-width: 768px) 100vw, 768px\" \/><\/a><\/figure>\n<\/figure>\n","protected":false},"excerpt":{"rendered":"<p>Portell de Morella ha posat el punt final a la dotzena edici\u00f3 del cicle Sons de l\u2019Interior amb un emotiu concert a c\u00e0rrec de la soprano Mar\u00eda \u00c1ngel Ossa, la pianista Elena Aguilar Gasulla i el flautista Francesco Mannis. L\u2019actuaci\u00f3, que va tindre lloc el diumenge 10 d\u2019agost a l\u2019esgl\u00e9sia de l\u2019Esperan\u00e7a, va oferir al [&hellip;]<\/p>\n","protected":false},"author":1,"featured_media":8465,"comment_status":"open","ping_status":"open","sticky":false,"template":"","format":"standard","meta":{"footnotes":""},"categories":[97],"tags":[107],"class_list":["post-8471","post","type-post","status-publish","format-standard","has-post-thumbnail","hentry","category-ayuntamiento-ca","tag-portell-ca"],"yoast_head":"<!-- This site is optimized with the Yoast SEO plugin v24.4 - https:\/\/yoast.com\/wordpress\/plugins\/seo\/ -->\n<title>Portell tanca amb \u00e8xit el cicle Sons de l\u2019Interior 2025 amb un recital a l\u2019esgl\u00e9sia de l\u2019Esperan\u00e7a - Portell de Morella<\/title>\n<meta name=\"robots\" content=\"noindex, follow, max-snippet:-1, max-image-preview:large, max-video-preview:-1\" \/>\n<meta property=\"og:locale\" content=\"ca_ES\" \/>\n<meta property=\"og:type\" content=\"article\" \/>\n<meta property=\"og:title\" content=\"Portell tanca amb \u00e8xit el cicle Sons de l\u2019Interior 2025 amb un recital a l\u2019esgl\u00e9sia de l\u2019Esperan\u00e7a - Portell de Morella\" \/>\n<meta property=\"og:description\" content=\"Portell de Morella ha posat el punt final a la dotzena edici\u00f3 del cicle Sons de l\u2019Interior amb un emotiu concert a c\u00e0rrec de la soprano Mar\u00eda \u00c1ngel Ossa, la pianista Elena Aguilar Gasulla i el flautista Francesco Mannis. L\u2019actuaci\u00f3, que va tindre lloc el diumenge 10 d\u2019agost a l\u2019esgl\u00e9sia de l\u2019Esperan\u00e7a, va oferir al [&hellip;]\" \/>\n<meta property=\"og:url\" content=\"https:\/\/portelldemorella.org\/ca\/portell-tanca-amb-exit-el-cicle-sons-de-linterior-2025-amb-un-recital-a-lesglesia-de-lesperanca\/\" \/>\n<meta property=\"og:site_name\" content=\"Portell de Morella\" \/>\n<meta property=\"article:published_time\" content=\"2025-08-14T08:33:18+00:00\" \/>\n<meta property=\"article:modified_time\" content=\"2025-08-14T08:33:19+00:00\" \/>\n<meta property=\"og:image\" content=\"https:\/\/portelldemorella.org\/wp-content\/uploads\/2025\/08\/sons-de-linterior-1.jpeg\" \/>\n\t<meta property=\"og:image:width\" content=\"1600\" \/>\n\t<meta property=\"og:image:height\" content=\"1200\" \/>\n\t<meta property=\"og:image:type\" content=\"image\/jpeg\" \/>\n<meta name=\"author\" content=\"portell\" \/>\n<meta name=\"twitter:card\" content=\"summary_large_image\" \/>\n<meta name=\"twitter:label1\" content=\"Escrit per\" \/>\n\t<meta name=\"twitter:data1\" content=\"portell\" \/>\n\t<meta name=\"twitter:label2\" content=\"Temps estimat de lectura\" \/>\n\t<meta name=\"twitter:data2\" content=\"2 minuts\" \/>\n<script type=\"application\/ld+json\" class=\"yoast-schema-graph\">{\"@context\":\"https:\/\/schema.org\",\"@graph\":[{\"@type\":\"Article\",\"@id\":\"https:\/\/portelldemorella.org\/ca\/portell-tanca-amb-exit-el-cicle-sons-de-linterior-2025-amb-un-recital-a-lesglesia-de-lesperanca\/#article\",\"isPartOf\":{\"@id\":\"https:\/\/portelldemorella.org\/ca\/portell-tanca-amb-exit-el-cicle-sons-de-linterior-2025-amb-un-recital-a-lesglesia-de-lesperanca\/\"},\"author\":{\"name\":\"portell\",\"@id\":\"https:\/\/portelldemorella.org\/#\/schema\/person\/2adde77c454244acd163488ec723a88b\"},\"headline\":\"Portell tanca amb \u00e8xit el cicle Sons de l\u2019Interior 2025 amb un recital a l\u2019esgl\u00e9sia de l\u2019Esperan\u00e7a\",\"datePublished\":\"2025-08-14T08:33:18+00:00\",\"dateModified\":\"2025-08-14T08:33:19+00:00\",\"mainEntityOfPage\":{\"@id\":\"https:\/\/portelldemorella.org\/ca\/portell-tanca-amb-exit-el-cicle-sons-de-linterior-2025-amb-un-recital-a-lesglesia-de-lesperanca\/\"},\"wordCount\":249,\"commentCount\":0,\"publisher\":{\"@id\":\"https:\/\/portelldemorella.org\/#organization\"},\"image\":{\"@id\":\"https:\/\/portelldemorella.org\/ca\/portell-tanca-amb-exit-el-cicle-sons-de-linterior-2025-amb-un-recital-a-lesglesia-de-lesperanca\/#primaryimage\"},\"thumbnailUrl\":\"https:\/\/portelldemorella.org\/wp-content\/uploads\/2025\/08\/sons-de-linterior-1.jpeg\",\"keywords\":[\"portell\"],\"articleSection\":[\"Ayuntamiento\"],\"inLanguage\":\"ca\",\"potentialAction\":[{\"@type\":\"CommentAction\",\"name\":\"Comment\",\"target\":[\"https:\/\/portelldemorella.org\/ca\/portell-tanca-amb-exit-el-cicle-sons-de-linterior-2025-amb-un-recital-a-lesglesia-de-lesperanca\/#respond\"]}]},{\"@type\":\"WebPage\",\"@id\":\"https:\/\/portelldemorella.org\/ca\/portell-tanca-amb-exit-el-cicle-sons-de-linterior-2025-amb-un-recital-a-lesglesia-de-lesperanca\/\",\"url\":\"https:\/\/portelldemorella.org\/ca\/portell-tanca-amb-exit-el-cicle-sons-de-linterior-2025-amb-un-recital-a-lesglesia-de-lesperanca\/\",\"name\":\"Portell tanca amb \u00e8xit el cicle Sons de l\u2019Interior 2025 amb un recital a l\u2019esgl\u00e9sia de l\u2019Esperan\u00e7a - Portell de Morella\",\"isPartOf\":{\"@id\":\"https:\/\/portelldemorella.org\/#website\"},\"primaryImageOfPage\":{\"@id\":\"https:\/\/portelldemorella.org\/ca\/portell-tanca-amb-exit-el-cicle-sons-de-linterior-2025-amb-un-recital-a-lesglesia-de-lesperanca\/#primaryimage\"},\"image\":{\"@id\":\"https:\/\/portelldemorella.org\/ca\/portell-tanca-amb-exit-el-cicle-sons-de-linterior-2025-amb-un-recital-a-lesglesia-de-lesperanca\/#primaryimage\"},\"thumbnailUrl\":\"https:\/\/portelldemorella.org\/wp-content\/uploads\/2025\/08\/sons-de-linterior-1.jpeg\",\"datePublished\":\"2025-08-14T08:33:18+00:00\",\"dateModified\":\"2025-08-14T08:33:19+00:00\",\"breadcrumb\":{\"@id\":\"https:\/\/portelldemorella.org\/ca\/portell-tanca-amb-exit-el-cicle-sons-de-linterior-2025-amb-un-recital-a-lesglesia-de-lesperanca\/#breadcrumb\"},\"inLanguage\":\"ca\",\"potentialAction\":[{\"@type\":\"ReadAction\",\"target\":[\"https:\/\/portelldemorella.org\/ca\/portell-tanca-amb-exit-el-cicle-sons-de-linterior-2025-amb-un-recital-a-lesglesia-de-lesperanca\/\"]}]},{\"@type\":\"ImageObject\",\"inLanguage\":\"ca\",\"@id\":\"https:\/\/portelldemorella.org\/ca\/portell-tanca-amb-exit-el-cicle-sons-de-linterior-2025-amb-un-recital-a-lesglesia-de-lesperanca\/#primaryimage\",\"url\":\"https:\/\/portelldemorella.org\/wp-content\/uploads\/2025\/08\/sons-de-linterior-1.jpeg\",\"contentUrl\":\"https:\/\/portelldemorella.org\/wp-content\/uploads\/2025\/08\/sons-de-linterior-1.jpeg\",\"width\":1600,\"height\":1200},{\"@type\":\"BreadcrumbList\",\"@id\":\"https:\/\/portelldemorella.org\/ca\/portell-tanca-amb-exit-el-cicle-sons-de-linterior-2025-amb-un-recital-a-lesglesia-de-lesperanca\/#breadcrumb\",\"itemListElement\":[{\"@type\":\"ListItem\",\"position\":1,\"name\":\"Portada\",\"item\":\"https:\/\/portelldemorella.org\/ca\/\"},{\"@type\":\"ListItem\",\"position\":2,\"name\":\"Portell tanca amb \u00e8xit el cicle Sons de l\u2019Interior 2025 amb un recital a l\u2019esgl\u00e9sia de l\u2019Esperan\u00e7a\"}]},{\"@type\":\"WebSite\",\"@id\":\"https:\/\/portelldemorella.org\/#website\",\"url\":\"https:\/\/portelldemorella.org\/\",\"name\":\"Portell de Morella\",\"description\":\"Web del Ayuntamiento de Portell de Morella\",\"publisher\":{\"@id\":\"https:\/\/portelldemorella.org\/#organization\"},\"potentialAction\":[{\"@type\":\"SearchAction\",\"target\":{\"@type\":\"EntryPoint\",\"urlTemplate\":\"https:\/\/portelldemorella.org\/?s={search_term_string}\"},\"query-input\":{\"@type\":\"PropertyValueSpecification\",\"valueRequired\":true,\"valueName\":\"search_term_string\"}}],\"inLanguage\":\"ca\"},{\"@type\":\"Organization\",\"@id\":\"https:\/\/portelldemorella.org\/#organization\",\"name\":\"Portell de Morella\",\"url\":\"https:\/\/portelldemorella.org\/\",\"logo\":{\"@type\":\"ImageObject\",\"inLanguage\":\"ca\",\"@id\":\"https:\/\/portelldemorella.org\/#\/schema\/logo\/image\/\",\"url\":\"https:\/\/portelldemorella.org\/wp-content\/uploads\/2020\/11\/Escudo-Portell-04.jpg\",\"contentUrl\":\"https:\/\/portelldemorella.org\/wp-content\/uploads\/2020\/11\/Escudo-Portell-04.jpg\",\"width\":1001,\"height\":394,\"caption\":\"Portell de Morella\"},\"image\":{\"@id\":\"https:\/\/portelldemorella.org\/#\/schema\/logo\/image\/\"}},{\"@type\":\"Person\",\"@id\":\"https:\/\/portelldemorella.org\/#\/schema\/person\/2adde77c454244acd163488ec723a88b\",\"name\":\"portell\",\"image\":{\"@type\":\"ImageObject\",\"inLanguage\":\"ca\",\"@id\":\"https:\/\/portelldemorella.org\/#\/schema\/person\/image\/\",\"url\":\"https:\/\/secure.gravatar.com\/avatar\/077c6bd89604df620d2fa93a06be2531944cdd6826fd322dbd8b483fd84d6407?s=96&d=mm&r=g\",\"contentUrl\":\"https:\/\/secure.gravatar.com\/avatar\/077c6bd89604df620d2fa93a06be2531944cdd6826fd322dbd8b483fd84d6407?s=96&d=mm&r=g\",\"caption\":\"portell\"},\"sameAs\":[\"https:\/\/portelldemorella.org\"],\"url\":\"https:\/\/portelldemorella.org\/ca\/author\/portell\/\"}]}<\/script>\n<!-- \/ Yoast SEO plugin. -->","yoast_head_json":{"title":"Portell tanca amb \u00e8xit el cicle Sons de l\u2019Interior 2025 amb un recital a l\u2019esgl\u00e9sia de l\u2019Esperan\u00e7a - Portell de Morella","robots":{"index":"noindex","follow":"follow","max-snippet":"max-snippet:-1","max-image-preview":"max-image-preview:large","max-video-preview":"max-video-preview:-1"},"og_locale":"ca_ES","og_type":"article","og_title":"Portell tanca amb \u00e8xit el cicle Sons de l\u2019Interior 2025 amb un recital a l\u2019esgl\u00e9sia de l\u2019Esperan\u00e7a - Portell de Morella","og_description":"Portell de Morella ha posat el punt final a la dotzena edici\u00f3 del cicle Sons de l\u2019Interior amb un emotiu concert a c\u00e0rrec de la soprano Mar\u00eda \u00c1ngel Ossa, la pianista Elena Aguilar Gasulla i el flautista Francesco Mannis. L\u2019actuaci\u00f3, que va tindre lloc el diumenge 10 d\u2019agost a l\u2019esgl\u00e9sia de l\u2019Esperan\u00e7a, va oferir al [&hellip;]","og_url":"https:\/\/portelldemorella.org\/ca\/portell-tanca-amb-exit-el-cicle-sons-de-linterior-2025-amb-un-recital-a-lesglesia-de-lesperanca\/","og_site_name":"Portell de Morella","article_published_time":"2025-08-14T08:33:18+00:00","article_modified_time":"2025-08-14T08:33:19+00:00","og_image":[{"width":1600,"height":1200,"url":"https:\/\/portelldemorella.org\/wp-content\/uploads\/2025\/08\/sons-de-linterior-1.jpeg","type":"image\/jpeg"}],"author":"portell","twitter_card":"summary_large_image","twitter_misc":{"Escrit per":"portell","Temps estimat de lectura":"2 minuts"},"schema":{"@context":"https:\/\/schema.org","@graph":[{"@type":"Article","@id":"https:\/\/portelldemorella.org\/ca\/portell-tanca-amb-exit-el-cicle-sons-de-linterior-2025-amb-un-recital-a-lesglesia-de-lesperanca\/#article","isPartOf":{"@id":"https:\/\/portelldemorella.org\/ca\/portell-tanca-amb-exit-el-cicle-sons-de-linterior-2025-amb-un-recital-a-lesglesia-de-lesperanca\/"},"author":{"name":"portell","@id":"https:\/\/portelldemorella.org\/#\/schema\/person\/2adde77c454244acd163488ec723a88b"},"headline":"Portell tanca amb \u00e8xit el cicle Sons de l\u2019Interior 2025 amb un recital a l\u2019esgl\u00e9sia de l\u2019Esperan\u00e7a","datePublished":"2025-08-14T08:33:18+00:00","dateModified":"2025-08-14T08:33:19+00:00","mainEntityOfPage":{"@id":"https:\/\/portelldemorella.org\/ca\/portell-tanca-amb-exit-el-cicle-sons-de-linterior-2025-amb-un-recital-a-lesglesia-de-lesperanca\/"},"wordCount":249,"commentCount":0,"publisher":{"@id":"https:\/\/portelldemorella.org\/#organization"},"image":{"@id":"https:\/\/portelldemorella.org\/ca\/portell-tanca-amb-exit-el-cicle-sons-de-linterior-2025-amb-un-recital-a-lesglesia-de-lesperanca\/#primaryimage"},"thumbnailUrl":"https:\/\/portelldemorella.org\/wp-content\/uploads\/2025\/08\/sons-de-linterior-1.jpeg","keywords":["portell"],"articleSection":["Ayuntamiento"],"inLanguage":"ca","potentialAction":[{"@type":"CommentAction","name":"Comment","target":["https:\/\/portelldemorella.org\/ca\/portell-tanca-amb-exit-el-cicle-sons-de-linterior-2025-amb-un-recital-a-lesglesia-de-lesperanca\/#respond"]}]},{"@type":"WebPage","@id":"https:\/\/portelldemorella.org\/ca\/portell-tanca-amb-exit-el-cicle-sons-de-linterior-2025-amb-un-recital-a-lesglesia-de-lesperanca\/","url":"https:\/\/portelldemorella.org\/ca\/portell-tanca-amb-exit-el-cicle-sons-de-linterior-2025-amb-un-recital-a-lesglesia-de-lesperanca\/","name":"Portell tanca amb \u00e8xit el cicle Sons de l\u2019Interior 2025 amb un recital a l\u2019esgl\u00e9sia de l\u2019Esperan\u00e7a - Portell de Morella","isPartOf":{"@id":"https:\/\/portelldemorella.org\/#website"},"primaryImageOfPage":{"@id":"https:\/\/portelldemorella.org\/ca\/portell-tanca-amb-exit-el-cicle-sons-de-linterior-2025-amb-un-recital-a-lesglesia-de-lesperanca\/#primaryimage"},"image":{"@id":"https:\/\/portelldemorella.org\/ca\/portell-tanca-amb-exit-el-cicle-sons-de-linterior-2025-amb-un-recital-a-lesglesia-de-lesperanca\/#primaryimage"},"thumbnailUrl":"https:\/\/portelldemorella.org\/wp-content\/uploads\/2025\/08\/sons-de-linterior-1.jpeg","datePublished":"2025-08-14T08:33:18+00:00","dateModified":"2025-08-14T08:33:19+00:00","breadcrumb":{"@id":"https:\/\/portelldemorella.org\/ca\/portell-tanca-amb-exit-el-cicle-sons-de-linterior-2025-amb-un-recital-a-lesglesia-de-lesperanca\/#breadcrumb"},"inLanguage":"ca","potentialAction":[{"@type":"ReadAction","target":["https:\/\/portelldemorella.org\/ca\/portell-tanca-amb-exit-el-cicle-sons-de-linterior-2025-amb-un-recital-a-lesglesia-de-lesperanca\/"]}]},{"@type":"ImageObject","inLanguage":"ca","@id":"https:\/\/portelldemorella.org\/ca\/portell-tanca-amb-exit-el-cicle-sons-de-linterior-2025-amb-un-recital-a-lesglesia-de-lesperanca\/#primaryimage","url":"https:\/\/portelldemorella.org\/wp-content\/uploads\/2025\/08\/sons-de-linterior-1.jpeg","contentUrl":"https:\/\/portelldemorella.org\/wp-content\/uploads\/2025\/08\/sons-de-linterior-1.jpeg","width":1600,"height":1200},{"@type":"BreadcrumbList","@id":"https:\/\/portelldemorella.org\/ca\/portell-tanca-amb-exit-el-cicle-sons-de-linterior-2025-amb-un-recital-a-lesglesia-de-lesperanca\/#breadcrumb","itemListElement":[{"@type":"ListItem","position":1,"name":"Portada","item":"https:\/\/portelldemorella.org\/ca\/"},{"@type":"ListItem","position":2,"name":"Portell tanca amb \u00e8xit el cicle Sons de l\u2019Interior 2025 amb un recital a l\u2019esgl\u00e9sia de l\u2019Esperan\u00e7a"}]},{"@type":"WebSite","@id":"https:\/\/portelldemorella.org\/#website","url":"https:\/\/portelldemorella.org\/","name":"Portell de Morella","description":"Web del Ayuntamiento de Portell de Morella","publisher":{"@id":"https:\/\/portelldemorella.org\/#organization"},"potentialAction":[{"@type":"SearchAction","target":{"@type":"EntryPoint","urlTemplate":"https:\/\/portelldemorella.org\/?s={search_term_string}"},"query-input":{"@type":"PropertyValueSpecification","valueRequired":true,"valueName":"search_term_string"}}],"inLanguage":"ca"},{"@type":"Organization","@id":"https:\/\/portelldemorella.org\/#organization","name":"Portell de Morella","url":"https:\/\/portelldemorella.org\/","logo":{"@type":"ImageObject","inLanguage":"ca","@id":"https:\/\/portelldemorella.org\/#\/schema\/logo\/image\/","url":"https:\/\/portelldemorella.org\/wp-content\/uploads\/2020\/11\/Escudo-Portell-04.jpg","contentUrl":"https:\/\/portelldemorella.org\/wp-content\/uploads\/2020\/11\/Escudo-Portell-04.jpg","width":1001,"height":394,"caption":"Portell de Morella"},"image":{"@id":"https:\/\/portelldemorella.org\/#\/schema\/logo\/image\/"}},{"@type":"Person","@id":"https:\/\/portelldemorella.org\/#\/schema\/person\/2adde77c454244acd163488ec723a88b","name":"portell","image":{"@type":"ImageObject","inLanguage":"ca","@id":"https:\/\/portelldemorella.org\/#\/schema\/person\/image\/","url":"https:\/\/secure.gravatar.com\/avatar\/077c6bd89604df620d2fa93a06be2531944cdd6826fd322dbd8b483fd84d6407?s=96&d=mm&r=g","contentUrl":"https:\/\/secure.gravatar.com\/avatar\/077c6bd89604df620d2fa93a06be2531944cdd6826fd322dbd8b483fd84d6407?s=96&d=mm&r=g","caption":"portell"},"sameAs":["https:\/\/portelldemorella.org"],"url":"https:\/\/portelldemorella.org\/ca\/author\/portell\/"}]}},"_links":{"self":[{"href":"https:\/\/portelldemorella.org\/ca\/wp-json\/wp\/v2\/posts\/8471","targetHints":{"allow":["GET"]}}],"collection":[{"href":"https:\/\/portelldemorella.org\/ca\/wp-json\/wp\/v2\/posts"}],"about":[{"href":"https:\/\/portelldemorella.org\/ca\/wp-json\/wp\/v2\/types\/post"}],"author":[{"embeddable":true,"href":"https:\/\/portelldemorella.org\/ca\/wp-json\/wp\/v2\/users\/1"}],"replies":[{"embeddable":true,"href":"https:\/\/portelldemorella.org\/ca\/wp-json\/wp\/v2\/comments?post=8471"}],"version-history":[{"count":1,"href":"https:\/\/portelldemorella.org\/ca\/wp-json\/wp\/v2\/posts\/8471\/revisions"}],"predecessor-version":[{"id":8472,"href":"https:\/\/portelldemorella.org\/ca\/wp-json\/wp\/v2\/posts\/8471\/revisions\/8472"}],"wp:featuredmedia":[{"embeddable":true,"href":"https:\/\/portelldemorella.org\/ca\/wp-json\/wp\/v2\/media\/8465"}],"wp:attachment":[{"href":"https:\/\/portelldemorella.org\/ca\/wp-json\/wp\/v2\/media?parent=8471"}],"wp:term":[{"taxonomy":"category","embeddable":true,"href":"https:\/\/portelldemorella.org\/ca\/wp-json\/wp\/v2\/categories?post=8471"},{"taxonomy":"post_tag","embeddable":true,"href":"https:\/\/portelldemorella.org\/ca\/wp-json\/wp\/v2\/tags?post=8471"}],"curies":[{"name":"wp","href":"https:\/\/api.w.org\/{rel}","templated":true}]}}