{"id":8477,"date":"2025-08-14T09:32:12","date_gmt":"2025-08-14T09:32:12","guid":{"rendered":"https:\/\/portelldemorella.org\/?p=8477"},"modified":"2025-08-14T09:32:14","modified_gmt":"2025-08-14T09:32:14","slug":"portell-convida-a-descobrir-el-mon-dels-dinosaures-en-un-taller-de-paleontologia-per-a-tots-els-publics","status":"publish","type":"post","link":"https:\/\/portelldemorella.org\/ca\/portell-convida-a-descobrir-el-mon-dels-dinosaures-en-un-taller-de-paleontologia-per-a-tots-els-publics\/","title":{"rendered":"Portell convida a descobrir el m\u00f3n dels dinosaures en un taller de paleontologia per a tots els p\u00fablics"},"content":{"rendered":"\n<p>L\u2019Ajuntament de Portell, en col\u00b7laboraci\u00f3 amb la Diputaci\u00f3 de Castell\u00f3, organitza el pr\u00f2xim dimarts 19 d\u2019agost a les 18.00 hores un taller de paleontologia obert a tots els p\u00fablics. L\u2019activitat se celebrar\u00e0 al poliesportiu municipal i est\u00e0 dissenyada per a apropar el fascinant m\u00f3n dels dinosaures i la paleontologia a ve\u00efns i visitants.<\/p>\n\n\n\n<p>Durant el taller, els assistents podran con\u00e9ixer de prop el treball dels paleont\u00f2legs, descobrir com es localitzen i s\u2019extrauen els f\u00f2ssils, i aprendre curiositats sobre la vida dels dinosaures que van habitar la zona fa m\u00e9s de 120 milions d\u2019anys. L\u2019activitat no requereix coneixements previs.<\/p>\n\n\n\n<p>L\u2019organitzaci\u00f3 recorda que, per a participar-hi, \u00e9s necessari inscriure\u2019s abans a trav\u00e9s del tel\u00e8fon 964 17 87 79, el WhatsApp 652 82 35 45 o mitjan\u00e7ant el correu electr\u00f2nic <a href=\"mailto:info@portelldemorella.es\" target=\"_blank\" rel=\"noreferrer noopener\">info@portelldemorella.es<\/a>.<\/p>\n\n\n\n<p>Portell de Morella \u00e9s conegut per albergar importants jaciments de dinosaures, descoberts en 2002, que han aportat els f\u00f2ssils m\u00e9s antics documentats a la prov\u00edncia de Castell\u00f3, amb una antiguitat estimada d\u2019entre 128 i 130 milions d\u2019anys.<\/p>\n\n\n\n<p>En 2017, el municipi va posar en marxa, junt amb la Diputaci\u00f3 de Castell\u00f3, el projecte \u201cPortell, Terra de Dinosaures\u201d per a posar en valor els jaciments i afavorir la difusi\u00f3 de les troballes. Aquesta activitat s\u2019emmarca en eixa l\u00ednia de promoci\u00f3 i educaci\u00f3 i refor\u00e7a el comprom\u00eds de l\u2019Ajuntament per conservar i divulgar el llegat paleontol\u00f2gic de la comarca.<\/p>\n","protected":false},"excerpt":{"rendered":"<p>L\u2019Ajuntament de Portell, en col\u00b7laboraci\u00f3 amb la Diputaci\u00f3 de Castell\u00f3, organitza el pr\u00f2xim dimarts 19 d\u2019agost a les 18.00 hores un taller de paleontologia obert a tots els p\u00fablics. L\u2019activitat se celebrar\u00e0 al poliesportiu municipal i est\u00e0 dissenyada per a apropar el fascinant m\u00f3n dels dinosaures i la paleontologia a ve\u00efns i visitants. Durant el [&hellip;]<\/p>\n","protected":false},"author":1,"featured_media":8474,"comment_status":"open","ping_status":"open","sticky":false,"template":"","format":"standard","meta":{"footnotes":""},"categories":[97],"tags":[100],"class_list":["post-8477","post","type-post","status-publish","format-standard","has-post-thumbnail","hentry","category-ayuntamiento-ca","tag-portell-2"],"yoast_head":"<!-- This site is optimized with the Yoast SEO plugin v24.4 - https:\/\/yoast.com\/wordpress\/plugins\/seo\/ -->\n<title>Portell convida a descobrir el m\u00f3n dels dinosaures en un taller de paleontologia per a tots els p\u00fablics - Portell de Morella<\/title>\n<meta name=\"robots\" content=\"noindex, follow, max-snippet:-1, max-image-preview:large, max-video-preview:-1\" \/>\n<meta property=\"og:locale\" content=\"ca_ES\" \/>\n<meta property=\"og:type\" content=\"article\" \/>\n<meta property=\"og:title\" content=\"Portell convida a descobrir el m\u00f3n dels dinosaures en un taller de paleontologia per a tots els p\u00fablics - Portell de Morella\" \/>\n<meta property=\"og:description\" content=\"L\u2019Ajuntament de Portell, en col\u00b7laboraci\u00f3 amb la Diputaci\u00f3 de Castell\u00f3, organitza el pr\u00f2xim dimarts 19 d\u2019agost a les 18.00 hores un taller de paleontologia obert a tots els p\u00fablics. L\u2019activitat se celebrar\u00e0 al poliesportiu municipal i est\u00e0 dissenyada per a apropar el fascinant m\u00f3n dels dinosaures i la paleontologia a ve\u00efns i visitants. Durant el [&hellip;]\" \/>\n<meta property=\"og:url\" content=\"https:\/\/portelldemorella.org\/ca\/portell-convida-a-descobrir-el-mon-dels-dinosaures-en-un-taller-de-paleontologia-per-a-tots-els-publics\/\" \/>\n<meta property=\"og:site_name\" content=\"Portell de Morella\" \/>\n<meta property=\"article:published_time\" content=\"2025-08-14T09:32:12+00:00\" \/>\n<meta property=\"article:modified_time\" content=\"2025-08-14T09:32:14+00:00\" \/>\n<meta property=\"og:image\" content=\"https:\/\/portelldemorella.org\/wp-content\/uploads\/2025\/08\/taller-paelontologia-Portell_page-0001.jpg\" \/>\n\t<meta property=\"og:image:width\" content=\"1241\" \/>\n\t<meta property=\"og:image:height\" content=\"1755\" \/>\n\t<meta property=\"og:image:type\" content=\"image\/jpeg\" \/>\n<meta name=\"author\" content=\"portell\" \/>\n<meta name=\"twitter:card\" content=\"summary_large_image\" \/>\n<meta name=\"twitter:label1\" content=\"Escrit per\" \/>\n\t<meta name=\"twitter:data1\" content=\"portell\" \/>\n\t<meta name=\"twitter:label2\" content=\"Temps estimat de lectura\" \/>\n\t<meta name=\"twitter:data2\" content=\"2 minuts\" \/>\n<script type=\"application\/ld+json\" class=\"yoast-schema-graph\">{\"@context\":\"https:\/\/schema.org\",\"@graph\":[{\"@type\":\"Article\",\"@id\":\"https:\/\/portelldemorella.org\/ca\/portell-convida-a-descobrir-el-mon-dels-dinosaures-en-un-taller-de-paleontologia-per-a-tots-els-publics\/#article\",\"isPartOf\":{\"@id\":\"https:\/\/portelldemorella.org\/ca\/portell-convida-a-descobrir-el-mon-dels-dinosaures-en-un-taller-de-paleontologia-per-a-tots-els-publics\/\"},\"author\":{\"name\":\"portell\",\"@id\":\"https:\/\/portelldemorella.org\/#\/schema\/person\/2adde77c454244acd163488ec723a88b\"},\"headline\":\"Portell convida a descobrir el m\u00f3n dels dinosaures en un taller de paleontologia per a tots els p\u00fablics\",\"datePublished\":\"2025-08-14T09:32:12+00:00\",\"dateModified\":\"2025-08-14T09:32:14+00:00\",\"mainEntityOfPage\":{\"@id\":\"https:\/\/portelldemorella.org\/ca\/portell-convida-a-descobrir-el-mon-dels-dinosaures-en-un-taller-de-paleontologia-per-a-tots-els-publics\/\"},\"wordCount\":264,\"commentCount\":0,\"publisher\":{\"@id\":\"https:\/\/portelldemorella.org\/#organization\"},\"image\":{\"@id\":\"https:\/\/portelldemorella.org\/ca\/portell-convida-a-descobrir-el-mon-dels-dinosaures-en-un-taller-de-paleontologia-per-a-tots-els-publics\/#primaryimage\"},\"thumbnailUrl\":\"https:\/\/portelldemorella.org\/wp-content\/uploads\/2025\/08\/taller-paelontologia-Portell_page-0001.jpg\",\"keywords\":[\"portell\"],\"articleSection\":[\"Ayuntamiento\"],\"inLanguage\":\"ca\",\"potentialAction\":[{\"@type\":\"CommentAction\",\"name\":\"Comment\",\"target\":[\"https:\/\/portelldemorella.org\/ca\/portell-convida-a-descobrir-el-mon-dels-dinosaures-en-un-taller-de-paleontologia-per-a-tots-els-publics\/#respond\"]}]},{\"@type\":\"WebPage\",\"@id\":\"https:\/\/portelldemorella.org\/ca\/portell-convida-a-descobrir-el-mon-dels-dinosaures-en-un-taller-de-paleontologia-per-a-tots-els-publics\/\",\"url\":\"https:\/\/portelldemorella.org\/ca\/portell-convida-a-descobrir-el-mon-dels-dinosaures-en-un-taller-de-paleontologia-per-a-tots-els-publics\/\",\"name\":\"Portell convida a descobrir el m\u00f3n dels dinosaures en un taller de paleontologia per a tots els p\u00fablics - Portell de Morella\",\"isPartOf\":{\"@id\":\"https:\/\/portelldemorella.org\/#website\"},\"primaryImageOfPage\":{\"@id\":\"https:\/\/portelldemorella.org\/ca\/portell-convida-a-descobrir-el-mon-dels-dinosaures-en-un-taller-de-paleontologia-per-a-tots-els-publics\/#primaryimage\"},\"image\":{\"@id\":\"https:\/\/portelldemorella.org\/ca\/portell-convida-a-descobrir-el-mon-dels-dinosaures-en-un-taller-de-paleontologia-per-a-tots-els-publics\/#primaryimage\"},\"thumbnailUrl\":\"https:\/\/portelldemorella.org\/wp-content\/uploads\/2025\/08\/taller-paelontologia-Portell_page-0001.jpg\",\"datePublished\":\"2025-08-14T09:32:12+00:00\",\"dateModified\":\"2025-08-14T09:32:14+00:00\",\"breadcrumb\":{\"@id\":\"https:\/\/portelldemorella.org\/ca\/portell-convida-a-descobrir-el-mon-dels-dinosaures-en-un-taller-de-paleontologia-per-a-tots-els-publics\/#breadcrumb\"},\"inLanguage\":\"ca\",\"potentialAction\":[{\"@type\":\"ReadAction\",\"target\":[\"https:\/\/portelldemorella.org\/ca\/portell-convida-a-descobrir-el-mon-dels-dinosaures-en-un-taller-de-paleontologia-per-a-tots-els-publics\/\"]}]},{\"@type\":\"ImageObject\",\"inLanguage\":\"ca\",\"@id\":\"https:\/\/portelldemorella.org\/ca\/portell-convida-a-descobrir-el-mon-dels-dinosaures-en-un-taller-de-paleontologia-per-a-tots-els-publics\/#primaryimage\",\"url\":\"https:\/\/portelldemorella.org\/wp-content\/uploads\/2025\/08\/taller-paelontologia-Portell_page-0001.jpg\",\"contentUrl\":\"https:\/\/portelldemorella.org\/wp-content\/uploads\/2025\/08\/taller-paelontologia-Portell_page-0001.jpg\",\"width\":1241,\"height\":1755},{\"@type\":\"BreadcrumbList\",\"@id\":\"https:\/\/portelldemorella.org\/ca\/portell-convida-a-descobrir-el-mon-dels-dinosaures-en-un-taller-de-paleontologia-per-a-tots-els-publics\/#breadcrumb\",\"itemListElement\":[{\"@type\":\"ListItem\",\"position\":1,\"name\":\"Portada\",\"item\":\"https:\/\/portelldemorella.org\/ca\/\"},{\"@type\":\"ListItem\",\"position\":2,\"name\":\"Portell convida a descobrir el m\u00f3n dels dinosaures en un taller de paleontologia per a tots els p\u00fablics\"}]},{\"@type\":\"WebSite\",\"@id\":\"https:\/\/portelldemorella.org\/#website\",\"url\":\"https:\/\/portelldemorella.org\/\",\"name\":\"Portell de Morella\",\"description\":\"Web del Ayuntamiento de Portell de Morella\",\"publisher\":{\"@id\":\"https:\/\/portelldemorella.org\/#organization\"},\"potentialAction\":[{\"@type\":\"SearchAction\",\"target\":{\"@type\":\"EntryPoint\",\"urlTemplate\":\"https:\/\/portelldemorella.org\/?s={search_term_string}\"},\"query-input\":{\"@type\":\"PropertyValueSpecification\",\"valueRequired\":true,\"valueName\":\"search_term_string\"}}],\"inLanguage\":\"ca\"},{\"@type\":\"Organization\",\"@id\":\"https:\/\/portelldemorella.org\/#organization\",\"name\":\"Portell de Morella\",\"url\":\"https:\/\/portelldemorella.org\/\",\"logo\":{\"@type\":\"ImageObject\",\"inLanguage\":\"ca\",\"@id\":\"https:\/\/portelldemorella.org\/#\/schema\/logo\/image\/\",\"url\":\"https:\/\/portelldemorella.org\/wp-content\/uploads\/2020\/11\/Escudo-Portell-04.jpg\",\"contentUrl\":\"https:\/\/portelldemorella.org\/wp-content\/uploads\/2020\/11\/Escudo-Portell-04.jpg\",\"width\":1001,\"height\":394,\"caption\":\"Portell de Morella\"},\"image\":{\"@id\":\"https:\/\/portelldemorella.org\/#\/schema\/logo\/image\/\"}},{\"@type\":\"Person\",\"@id\":\"https:\/\/portelldemorella.org\/#\/schema\/person\/2adde77c454244acd163488ec723a88b\",\"name\":\"portell\",\"image\":{\"@type\":\"ImageObject\",\"inLanguage\":\"ca\",\"@id\":\"https:\/\/portelldemorella.org\/#\/schema\/person\/image\/\",\"url\":\"https:\/\/secure.gravatar.com\/avatar\/077c6bd89604df620d2fa93a06be2531944cdd6826fd322dbd8b483fd84d6407?s=96&d=mm&r=g\",\"contentUrl\":\"https:\/\/secure.gravatar.com\/avatar\/077c6bd89604df620d2fa93a06be2531944cdd6826fd322dbd8b483fd84d6407?s=96&d=mm&r=g\",\"caption\":\"portell\"},\"sameAs\":[\"https:\/\/portelldemorella.org\"],\"url\":\"https:\/\/portelldemorella.org\/ca\/author\/portell\/\"}]}<\/script>\n<!-- \/ Yoast SEO plugin. -->","yoast_head_json":{"title":"Portell convida a descobrir el m\u00f3n dels dinosaures en un taller de paleontologia per a tots els p\u00fablics - Portell de Morella","robots":{"index":"noindex","follow":"follow","max-snippet":"max-snippet:-1","max-image-preview":"max-image-preview:large","max-video-preview":"max-video-preview:-1"},"og_locale":"ca_ES","og_type":"article","og_title":"Portell convida a descobrir el m\u00f3n dels dinosaures en un taller de paleontologia per a tots els p\u00fablics - Portell de Morella","og_description":"L\u2019Ajuntament de Portell, en col\u00b7laboraci\u00f3 amb la Diputaci\u00f3 de Castell\u00f3, organitza el pr\u00f2xim dimarts 19 d\u2019agost a les 18.00 hores un taller de paleontologia obert a tots els p\u00fablics. L\u2019activitat se celebrar\u00e0 al poliesportiu municipal i est\u00e0 dissenyada per a apropar el fascinant m\u00f3n dels dinosaures i la paleontologia a ve\u00efns i visitants. Durant el [&hellip;]","og_url":"https:\/\/portelldemorella.org\/ca\/portell-convida-a-descobrir-el-mon-dels-dinosaures-en-un-taller-de-paleontologia-per-a-tots-els-publics\/","og_site_name":"Portell de Morella","article_published_time":"2025-08-14T09:32:12+00:00","article_modified_time":"2025-08-14T09:32:14+00:00","og_image":[{"width":1241,"height":1755,"url":"https:\/\/portelldemorella.org\/wp-content\/uploads\/2025\/08\/taller-paelontologia-Portell_page-0001.jpg","type":"image\/jpeg"}],"author":"portell","twitter_card":"summary_large_image","twitter_misc":{"Escrit per":"portell","Temps estimat de lectura":"2 minuts"},"schema":{"@context":"https:\/\/schema.org","@graph":[{"@type":"Article","@id":"https:\/\/portelldemorella.org\/ca\/portell-convida-a-descobrir-el-mon-dels-dinosaures-en-un-taller-de-paleontologia-per-a-tots-els-publics\/#article","isPartOf":{"@id":"https:\/\/portelldemorella.org\/ca\/portell-convida-a-descobrir-el-mon-dels-dinosaures-en-un-taller-de-paleontologia-per-a-tots-els-publics\/"},"author":{"name":"portell","@id":"https:\/\/portelldemorella.org\/#\/schema\/person\/2adde77c454244acd163488ec723a88b"},"headline":"Portell convida a descobrir el m\u00f3n dels dinosaures en un taller de paleontologia per a tots els p\u00fablics","datePublished":"2025-08-14T09:32:12+00:00","dateModified":"2025-08-14T09:32:14+00:00","mainEntityOfPage":{"@id":"https:\/\/portelldemorella.org\/ca\/portell-convida-a-descobrir-el-mon-dels-dinosaures-en-un-taller-de-paleontologia-per-a-tots-els-publics\/"},"wordCount":264,"commentCount":0,"publisher":{"@id":"https:\/\/portelldemorella.org\/#organization"},"image":{"@id":"https:\/\/portelldemorella.org\/ca\/portell-convida-a-descobrir-el-mon-dels-dinosaures-en-un-taller-de-paleontologia-per-a-tots-els-publics\/#primaryimage"},"thumbnailUrl":"https:\/\/portelldemorella.org\/wp-content\/uploads\/2025\/08\/taller-paelontologia-Portell_page-0001.jpg","keywords":["portell"],"articleSection":["Ayuntamiento"],"inLanguage":"ca","potentialAction":[{"@type":"CommentAction","name":"Comment","target":["https:\/\/portelldemorella.org\/ca\/portell-convida-a-descobrir-el-mon-dels-dinosaures-en-un-taller-de-paleontologia-per-a-tots-els-publics\/#respond"]}]},{"@type":"WebPage","@id":"https:\/\/portelldemorella.org\/ca\/portell-convida-a-descobrir-el-mon-dels-dinosaures-en-un-taller-de-paleontologia-per-a-tots-els-publics\/","url":"https:\/\/portelldemorella.org\/ca\/portell-convida-a-descobrir-el-mon-dels-dinosaures-en-un-taller-de-paleontologia-per-a-tots-els-publics\/","name":"Portell convida a descobrir el m\u00f3n dels dinosaures en un taller de paleontologia per a tots els p\u00fablics - Portell de Morella","isPartOf":{"@id":"https:\/\/portelldemorella.org\/#website"},"primaryImageOfPage":{"@id":"https:\/\/portelldemorella.org\/ca\/portell-convida-a-descobrir-el-mon-dels-dinosaures-en-un-taller-de-paleontologia-per-a-tots-els-publics\/#primaryimage"},"image":{"@id":"https:\/\/portelldemorella.org\/ca\/portell-convida-a-descobrir-el-mon-dels-dinosaures-en-un-taller-de-paleontologia-per-a-tots-els-publics\/#primaryimage"},"thumbnailUrl":"https:\/\/portelldemorella.org\/wp-content\/uploads\/2025\/08\/taller-paelontologia-Portell_page-0001.jpg","datePublished":"2025-08-14T09:32:12+00:00","dateModified":"2025-08-14T09:32:14+00:00","breadcrumb":{"@id":"https:\/\/portelldemorella.org\/ca\/portell-convida-a-descobrir-el-mon-dels-dinosaures-en-un-taller-de-paleontologia-per-a-tots-els-publics\/#breadcrumb"},"inLanguage":"ca","potentialAction":[{"@type":"ReadAction","target":["https:\/\/portelldemorella.org\/ca\/portell-convida-a-descobrir-el-mon-dels-dinosaures-en-un-taller-de-paleontologia-per-a-tots-els-publics\/"]}]},{"@type":"ImageObject","inLanguage":"ca","@id":"https:\/\/portelldemorella.org\/ca\/portell-convida-a-descobrir-el-mon-dels-dinosaures-en-un-taller-de-paleontologia-per-a-tots-els-publics\/#primaryimage","url":"https:\/\/portelldemorella.org\/wp-content\/uploads\/2025\/08\/taller-paelontologia-Portell_page-0001.jpg","contentUrl":"https:\/\/portelldemorella.org\/wp-content\/uploads\/2025\/08\/taller-paelontologia-Portell_page-0001.jpg","width":1241,"height":1755},{"@type":"BreadcrumbList","@id":"https:\/\/portelldemorella.org\/ca\/portell-convida-a-descobrir-el-mon-dels-dinosaures-en-un-taller-de-paleontologia-per-a-tots-els-publics\/#breadcrumb","itemListElement":[{"@type":"ListItem","position":1,"name":"Portada","item":"https:\/\/portelldemorella.org\/ca\/"},{"@type":"ListItem","position":2,"name":"Portell convida a descobrir el m\u00f3n dels dinosaures en un taller de paleontologia per a tots els p\u00fablics"}]},{"@type":"WebSite","@id":"https:\/\/portelldemorella.org\/#website","url":"https:\/\/portelldemorella.org\/","name":"Portell de Morella","description":"Web del Ayuntamiento de Portell de Morella","publisher":{"@id":"https:\/\/portelldemorella.org\/#organization"},"potentialAction":[{"@type":"SearchAction","target":{"@type":"EntryPoint","urlTemplate":"https:\/\/portelldemorella.org\/?s={search_term_string}"},"query-input":{"@type":"PropertyValueSpecification","valueRequired":true,"valueName":"search_term_string"}}],"inLanguage":"ca"},{"@type":"Organization","@id":"https:\/\/portelldemorella.org\/#organization","name":"Portell de Morella","url":"https:\/\/portelldemorella.org\/","logo":{"@type":"ImageObject","inLanguage":"ca","@id":"https:\/\/portelldemorella.org\/#\/schema\/logo\/image\/","url":"https:\/\/portelldemorella.org\/wp-content\/uploads\/2020\/11\/Escudo-Portell-04.jpg","contentUrl":"https:\/\/portelldemorella.org\/wp-content\/uploads\/2020\/11\/Escudo-Portell-04.jpg","width":1001,"height":394,"caption":"Portell de Morella"},"image":{"@id":"https:\/\/portelldemorella.org\/#\/schema\/logo\/image\/"}},{"@type":"Person","@id":"https:\/\/portelldemorella.org\/#\/schema\/person\/2adde77c454244acd163488ec723a88b","name":"portell","image":{"@type":"ImageObject","inLanguage":"ca","@id":"https:\/\/portelldemorella.org\/#\/schema\/person\/image\/","url":"https:\/\/secure.gravatar.com\/avatar\/077c6bd89604df620d2fa93a06be2531944cdd6826fd322dbd8b483fd84d6407?s=96&d=mm&r=g","contentUrl":"https:\/\/secure.gravatar.com\/avatar\/077c6bd89604df620d2fa93a06be2531944cdd6826fd322dbd8b483fd84d6407?s=96&d=mm&r=g","caption":"portell"},"sameAs":["https:\/\/portelldemorella.org"],"url":"https:\/\/portelldemorella.org\/ca\/author\/portell\/"}]}},"_links":{"self":[{"href":"https:\/\/portelldemorella.org\/ca\/wp-json\/wp\/v2\/posts\/8477","targetHints":{"allow":["GET"]}}],"collection":[{"href":"https:\/\/portelldemorella.org\/ca\/wp-json\/wp\/v2\/posts"}],"about":[{"href":"https:\/\/portelldemorella.org\/ca\/wp-json\/wp\/v2\/types\/post"}],"author":[{"embeddable":true,"href":"https:\/\/portelldemorella.org\/ca\/wp-json\/wp\/v2\/users\/1"}],"replies":[{"embeddable":true,"href":"https:\/\/portelldemorella.org\/ca\/wp-json\/wp\/v2\/comments?post=8477"}],"version-history":[{"count":1,"href":"https:\/\/portelldemorella.org\/ca\/wp-json\/wp\/v2\/posts\/8477\/revisions"}],"predecessor-version":[{"id":8478,"href":"https:\/\/portelldemorella.org\/ca\/wp-json\/wp\/v2\/posts\/8477\/revisions\/8478"}],"wp:featuredmedia":[{"embeddable":true,"href":"https:\/\/portelldemorella.org\/ca\/wp-json\/wp\/v2\/media\/8474"}],"wp:attachment":[{"href":"https:\/\/portelldemorella.org\/ca\/wp-json\/wp\/v2\/media?parent=8477"}],"wp:term":[{"taxonomy":"category","embeddable":true,"href":"https:\/\/portelldemorella.org\/ca\/wp-json\/wp\/v2\/categories?post=8477"},{"taxonomy":"post_tag","embeddable":true,"href":"https:\/\/portelldemorella.org\/ca\/wp-json\/wp\/v2\/tags?post=8477"}],"curies":[{"name":"wp","href":"https:\/\/api.w.org\/{rel}","templated":true}]}}