{"id":8494,"date":"2025-08-28T09:57:05","date_gmt":"2025-08-28T09:57:05","guid":{"rendered":"https:\/\/portelldemorella.org\/?p=8494"},"modified":"2025-08-28T09:57:07","modified_gmt":"2025-08-28T09:57:07","slug":"portell-apren-a-buscar-fossils-amb-un-taller-de-paleontologia","status":"publish","type":"post","link":"https:\/\/portelldemorella.org\/ca\/portell-apren-a-buscar-fossils-amb-un-taller-de-paleontologia\/","title":{"rendered":"Portell apr\u00e8n a buscar f\u00f2ssils amb un taller de paleontolog\u00eda"},"content":{"rendered":"\n<p>Portell de Morella ha acollit el passat dimarts 19 d\u2019agost un taller de paleontologia organitzat per l\u2019Ajuntament de Portell, amb la col\u00b7laboraci\u00f3 de la Diputaci\u00f3 de Castell\u00f3. L\u2019activitat, celebrada al poliesportiu municipal, ha comptat amb la participaci\u00f3 de 23 persones, un \u00e8xit que mostra les ganes de la gent de saber m\u00e9s sobre el passat.<\/p>\n\n\n\n<p>La jornada ha comen\u00e7at amb una projecci\u00f3 introduct\u00f2ria que ha servit perqu\u00e8 els assistents es posaren en mat\u00e8ria i conegueren un poc m\u00e9s sobre paleontologia. Tamb\u00e9 s\u2019han mostrat els treballs que s\u2019han dut a terme per la zona, perqu\u00e8 els ve\u00efns conegueren el que tenen.<\/p>\n\n\n\n<p>Posteriorment, els assistents han pogut manipular materials i eines utilitzades en paleontologia i han participat activament en el taller, descobrint com es localitzen i s\u2019extrauen els f\u00f2ssils. Els participants tamb\u00e9 han apr\u00e9s curiositats sobre la vida dels dinosaures que han habitat Portell fa m\u00e9s de 120 milions d\u2019anys.<\/p>\n\n\n\n<p>L\u2019activitat, oberta a p\u00fablic de totes les edats i sense necessitat de coneixements previs, ha format part del projecte \u201cPortell, Terra de Dinosaures\u201d, impulsat per l\u2019Ajuntament i la Diputaci\u00f3 de Castell\u00f3 des de 2017, amb l\u2019objectiu de posar en valor els jaciments i fomentar la difusi\u00f3 del patrimoni paleontol\u00f2gic de la comarca.<\/p>\n\n\n\n<p>Portell ha estat una zona molt important per a la paleontologia. La troballa de diferents jaciments ha posat la localitat en el mapa paleontol\u00f2gic. Per aix\u00f2, \u00e9s molt important aquest tipus de tallers, que posen en valor el que hi ha a la comarca i la import\u00e0ncia de con\u00e9ixer i cuidar els b\u00e9ns m\u00e9s rellevants.<\/p>\n\n\n\n<figure class=\"wp-block-gallery has-nested-images columns-default is-cropped wp-block-gallery-1 is-layout-flex wp-block-gallery-is-layout-flex\">\n<figure class=\"wp-block-image size-large\"><a href=\"https:\/\/portelldemorella.org\/wp-content\/uploads\/2025\/08\/taller-de-fossils-2.jpeg\"><img fetchpriority=\"high\" decoding=\"async\" width=\"1024\" height=\"699\" data-id=\"8492\" src=\"https:\/\/portelldemorella.org\/wp-content\/uploads\/2025\/08\/taller-de-fossils-2-1024x699.jpeg\" alt=\"\" class=\"wp-image-8492\" srcset=\"https:\/\/portelldemorella.org\/wp-content\/uploads\/2025\/08\/taller-de-fossils-2-1024x699.jpeg 1024w, https:\/\/portelldemorella.org\/wp-content\/uploads\/2025\/08\/taller-de-fossils-2-300x205.jpeg 300w, https:\/\/portelldemorella.org\/wp-content\/uploads\/2025\/08\/taller-de-fossils-2-768x524.jpeg 768w, https:\/\/portelldemorella.org\/wp-content\/uploads\/2025\/08\/taller-de-fossils-2-600x409.jpeg 600w, https:\/\/portelldemorella.org\/wp-content\/uploads\/2025\/08\/taller-de-fossils-2-560x382.jpeg 560w, https:\/\/portelldemorella.org\/wp-content\/uploads\/2025\/08\/taller-de-fossils-2.jpeg 1080w\" sizes=\"(max-width: 1024px) 100vw, 1024px\" \/><\/a><\/figure>\n\n\n\n<figure class=\"wp-block-image size-large\"><a href=\"https:\/\/portelldemorella.org\/wp-content\/uploads\/2025\/08\/WhatsApp-Image-2025-08-28-at-07.57.13-1.jpeg\"><img decoding=\"async\" width=\"768\" height=\"1024\" data-id=\"8490\" src=\"https:\/\/portelldemorella.org\/wp-content\/uploads\/2025\/08\/WhatsApp-Image-2025-08-28-at-07.57.13-1-768x1024.jpeg\" alt=\"\" class=\"wp-image-8490\" srcset=\"https:\/\/portelldemorella.org\/wp-content\/uploads\/2025\/08\/WhatsApp-Image-2025-08-28-at-07.57.13-1-768x1024.jpeg 768w, https:\/\/portelldemorella.org\/wp-content\/uploads\/2025\/08\/WhatsApp-Image-2025-08-28-at-07.57.13-1-225x300.jpeg 225w, https:\/\/portelldemorella.org\/wp-content\/uploads\/2025\/08\/WhatsApp-Image-2025-08-28-at-07.57.13-1-1152x1536.jpeg 1152w, https:\/\/portelldemorella.org\/wp-content\/uploads\/2025\/08\/WhatsApp-Image-2025-08-28-at-07.57.13-1-450x600.jpeg 450w, https:\/\/portelldemorella.org\/wp-content\/uploads\/2025\/08\/WhatsApp-Image-2025-08-28-at-07.57.13-1-420x560.jpeg 420w, https:\/\/portelldemorella.org\/wp-content\/uploads\/2025\/08\/WhatsApp-Image-2025-08-28-at-07.57.13-1.jpeg 1200w\" sizes=\"(max-width: 768px) 100vw, 768px\" \/><\/a><\/figure>\n\n\n\n<figure class=\"wp-block-image size-large\"><a href=\"https:\/\/portelldemorella.org\/wp-content\/uploads\/2025\/08\/WhatsApp-Image-2025-08-28-at-07.57.09.jpeg\"><img decoding=\"async\" width=\"1024\" height=\"768\" data-id=\"8488\" src=\"https:\/\/portelldemorella.org\/wp-content\/uploads\/2025\/08\/WhatsApp-Image-2025-08-28-at-07.57.09-1024x768.jpeg\" alt=\"\" class=\"wp-image-8488\" srcset=\"https:\/\/portelldemorella.org\/wp-content\/uploads\/2025\/08\/WhatsApp-Image-2025-08-28-at-07.57.09-1024x768.jpeg 1024w, https:\/\/portelldemorella.org\/wp-content\/uploads\/2025\/08\/WhatsApp-Image-2025-08-28-at-07.57.09-300x225.jpeg 300w, https:\/\/portelldemorella.org\/wp-content\/uploads\/2025\/08\/WhatsApp-Image-2025-08-28-at-07.57.09-768x576.jpeg 768w, https:\/\/portelldemorella.org\/wp-content\/uploads\/2025\/08\/WhatsApp-Image-2025-08-28-at-07.57.09-1536x1152.jpeg 1536w, https:\/\/portelldemorella.org\/wp-content\/uploads\/2025\/08\/WhatsApp-Image-2025-08-28-at-07.57.09-600x450.jpeg 600w, https:\/\/portelldemorella.org\/wp-content\/uploads\/2025\/08\/WhatsApp-Image-2025-08-28-at-07.57.09-560x420.jpeg 560w, https:\/\/portelldemorella.org\/wp-content\/uploads\/2025\/08\/WhatsApp-Image-2025-08-28-at-07.57.09.jpeg 1600w\" sizes=\"(max-width: 1024px) 100vw, 1024px\" \/><\/a><\/figure>\n\n\n\n<figure class=\"wp-block-image size-large\"><a href=\"https:\/\/portelldemorella.org\/wp-content\/uploads\/2025\/08\/taller-de-fossils-1.jpeg\"><img loading=\"lazy\" decoding=\"async\" width=\"756\" height=\"1024\" data-id=\"8486\" src=\"https:\/\/portelldemorella.org\/wp-content\/uploads\/2025\/08\/taller-de-fossils-1-756x1024.jpeg\" alt=\"\" class=\"wp-image-8486\" srcset=\"https:\/\/portelldemorella.org\/wp-content\/uploads\/2025\/08\/taller-de-fossils-1-756x1024.jpeg 756w, https:\/\/portelldemorella.org\/wp-content\/uploads\/2025\/08\/taller-de-fossils-1-221x300.jpeg 221w, https:\/\/portelldemorella.org\/wp-content\/uploads\/2025\/08\/taller-de-fossils-1-768x1040.jpeg 768w, https:\/\/portelldemorella.org\/wp-content\/uploads\/2025\/08\/taller-de-fossils-1-1134x1536.jpeg 1134w, https:\/\/portelldemorella.org\/wp-content\/uploads\/2025\/08\/taller-de-fossils-1-443x600.jpeg 443w, https:\/\/portelldemorella.org\/wp-content\/uploads\/2025\/08\/taller-de-fossils-1-413x560.jpeg 413w, https:\/\/portelldemorella.org\/wp-content\/uploads\/2025\/08\/taller-de-fossils-1.jpeg 1181w\" sizes=\"(max-width: 756px) 100vw, 756px\" \/><\/a><\/figure>\n\n\n\n<figure class=\"wp-block-image size-large\"><a href=\"https:\/\/portelldemorella.org\/wp-content\/uploads\/2025\/08\/WhatsApp-Image-2025-08-28-at-07.57.12-2.jpeg\"><img loading=\"lazy\" decoding=\"async\" width=\"576\" height=\"1024\" data-id=\"8484\" src=\"https:\/\/portelldemorella.org\/wp-content\/uploads\/2025\/08\/WhatsApp-Image-2025-08-28-at-07.57.12-2-576x1024.jpeg\" alt=\"\" class=\"wp-image-8484\" srcset=\"https:\/\/portelldemorella.org\/wp-content\/uploads\/2025\/08\/WhatsApp-Image-2025-08-28-at-07.57.12-2-576x1024.jpeg 576w, https:\/\/portelldemorella.org\/wp-content\/uploads\/2025\/08\/WhatsApp-Image-2025-08-28-at-07.57.12-2-169x300.jpeg 169w, https:\/\/portelldemorella.org\/wp-content\/uploads\/2025\/08\/WhatsApp-Image-2025-08-28-at-07.57.12-2-768x1365.jpeg 768w, https:\/\/portelldemorella.org\/wp-content\/uploads\/2025\/08\/WhatsApp-Image-2025-08-28-at-07.57.12-2-864x1536.jpeg 864w, https:\/\/portelldemorella.org\/wp-content\/uploads\/2025\/08\/WhatsApp-Image-2025-08-28-at-07.57.12-2-338x600.jpeg 338w, https:\/\/portelldemorella.org\/wp-content\/uploads\/2025\/08\/WhatsApp-Image-2025-08-28-at-07.57.12-2-315x560.jpeg 315w, https:\/\/portelldemorella.org\/wp-content\/uploads\/2025\/08\/WhatsApp-Image-2025-08-28-at-07.57.12-2.jpeg 1152w\" sizes=\"(max-width: 576px) 100vw, 576px\" \/><\/a><\/figure>\n<\/figure>\n","protected":false},"excerpt":{"rendered":"<p>Portell de Morella ha acollit el passat dimarts 19 d\u2019agost un taller de paleontologia organitzat per l\u2019Ajuntament de Portell, amb la col\u00b7laboraci\u00f3 de la Diputaci\u00f3 de Castell\u00f3. L\u2019activitat, celebrada al poliesportiu municipal, ha comptat amb la participaci\u00f3 de 23 persones, un \u00e8xit que mostra les ganes de la gent de saber m\u00e9s sobre el passat. [&hellip;]<\/p>\n","protected":false},"author":1,"featured_media":8482,"comment_status":"open","ping_status":"open","sticky":false,"template":"","format":"standard","meta":{"footnotes":""},"categories":[97],"tags":[107],"class_list":["post-8494","post","type-post","status-publish","format-standard","has-post-thumbnail","hentry","category-ayuntamiento-ca","tag-portell-ca"],"yoast_head":"<!-- This site is optimized with the Yoast SEO plugin v24.4 - https:\/\/yoast.com\/wordpress\/plugins\/seo\/ -->\n<title>Portell apr\u00e8n a buscar f\u00f2ssils amb un taller de paleontolog\u00eda - Portell de Morella<\/title>\n<meta name=\"robots\" content=\"noindex, follow, max-snippet:-1, max-image-preview:large, max-video-preview:-1\" \/>\n<meta property=\"og:locale\" content=\"ca_ES\" \/>\n<meta property=\"og:type\" content=\"article\" \/>\n<meta property=\"og:title\" content=\"Portell apr\u00e8n a buscar f\u00f2ssils amb un taller de paleontolog\u00eda - Portell de Morella\" \/>\n<meta property=\"og:description\" content=\"Portell de Morella ha acollit el passat dimarts 19 d\u2019agost un taller de paleontologia organitzat per l\u2019Ajuntament de Portell, amb la col\u00b7laboraci\u00f3 de la Diputaci\u00f3 de Castell\u00f3. L\u2019activitat, celebrada al poliesportiu municipal, ha comptat amb la participaci\u00f3 de 23 persones, un \u00e8xit que mostra les ganes de la gent de saber m\u00e9s sobre el passat. [&hellip;]\" \/>\n<meta property=\"og:url\" content=\"https:\/\/portelldemorella.org\/ca\/portell-apren-a-buscar-fossils-amb-un-taller-de-paleontologia\/\" \/>\n<meta property=\"og:site_name\" content=\"Portell de Morella\" \/>\n<meta property=\"article:published_time\" content=\"2025-08-28T09:57:05+00:00\" \/>\n<meta property=\"article:modified_time\" content=\"2025-08-28T09:57:07+00:00\" \/>\n<meta property=\"og:image\" content=\"https:\/\/portelldemorella.org\/wp-content\/uploads\/2025\/08\/taller-de-fossils-3.jpeg\" \/>\n\t<meta property=\"og:image:width\" content=\"1200\" \/>\n\t<meta property=\"og:image:height\" content=\"1600\" \/>\n\t<meta property=\"og:image:type\" content=\"image\/jpeg\" \/>\n<meta name=\"author\" content=\"portell\" \/>\n<meta name=\"twitter:card\" content=\"summary_large_image\" \/>\n<meta name=\"twitter:label1\" content=\"Escrit per\" \/>\n\t<meta name=\"twitter:data1\" content=\"portell\" \/>\n\t<meta name=\"twitter:label2\" content=\"Temps estimat de lectura\" \/>\n\t<meta name=\"twitter:data2\" content=\"3 minuts\" \/>\n<script type=\"application\/ld+json\" class=\"yoast-schema-graph\">{\"@context\":\"https:\/\/schema.org\",\"@graph\":[{\"@type\":\"Article\",\"@id\":\"https:\/\/portelldemorella.org\/ca\/portell-apren-a-buscar-fossils-amb-un-taller-de-paleontologia\/#article\",\"isPartOf\":{\"@id\":\"https:\/\/portelldemorella.org\/ca\/portell-apren-a-buscar-fossils-amb-un-taller-de-paleontologia\/\"},\"author\":{\"name\":\"portell\",\"@id\":\"https:\/\/portelldemorella.org\/#\/schema\/person\/2adde77c454244acd163488ec723a88b\"},\"headline\":\"Portell apr\u00e8n a buscar f\u00f2ssils amb un taller de paleontolog\u00eda\",\"datePublished\":\"2025-08-28T09:57:05+00:00\",\"dateModified\":\"2025-08-28T09:57:07+00:00\",\"mainEntityOfPage\":{\"@id\":\"https:\/\/portelldemorella.org\/ca\/portell-apren-a-buscar-fossils-amb-un-taller-de-paleontologia\/\"},\"wordCount\":291,\"commentCount\":0,\"publisher\":{\"@id\":\"https:\/\/portelldemorella.org\/#organization\"},\"image\":{\"@id\":\"https:\/\/portelldemorella.org\/ca\/portell-apren-a-buscar-fossils-amb-un-taller-de-paleontologia\/#primaryimage\"},\"thumbnailUrl\":\"https:\/\/portelldemorella.org\/wp-content\/uploads\/2025\/08\/taller-de-fossils-3.jpeg\",\"keywords\":[\"portell\"],\"articleSection\":[\"Ayuntamiento\"],\"inLanguage\":\"ca\",\"potentialAction\":[{\"@type\":\"CommentAction\",\"name\":\"Comment\",\"target\":[\"https:\/\/portelldemorella.org\/ca\/portell-apren-a-buscar-fossils-amb-un-taller-de-paleontologia\/#respond\"]}]},{\"@type\":\"WebPage\",\"@id\":\"https:\/\/portelldemorella.org\/ca\/portell-apren-a-buscar-fossils-amb-un-taller-de-paleontologia\/\",\"url\":\"https:\/\/portelldemorella.org\/ca\/portell-apren-a-buscar-fossils-amb-un-taller-de-paleontologia\/\",\"name\":\"Portell apr\u00e8n a buscar f\u00f2ssils amb un taller de paleontolog\u00eda - Portell de Morella\",\"isPartOf\":{\"@id\":\"https:\/\/portelldemorella.org\/#website\"},\"primaryImageOfPage\":{\"@id\":\"https:\/\/portelldemorella.org\/ca\/portell-apren-a-buscar-fossils-amb-un-taller-de-paleontologia\/#primaryimage\"},\"image\":{\"@id\":\"https:\/\/portelldemorella.org\/ca\/portell-apren-a-buscar-fossils-amb-un-taller-de-paleontologia\/#primaryimage\"},\"thumbnailUrl\":\"https:\/\/portelldemorella.org\/wp-content\/uploads\/2025\/08\/taller-de-fossils-3.jpeg\",\"datePublished\":\"2025-08-28T09:57:05+00:00\",\"dateModified\":\"2025-08-28T09:57:07+00:00\",\"breadcrumb\":{\"@id\":\"https:\/\/portelldemorella.org\/ca\/portell-apren-a-buscar-fossils-amb-un-taller-de-paleontologia\/#breadcrumb\"},\"inLanguage\":\"ca\",\"potentialAction\":[{\"@type\":\"ReadAction\",\"target\":[\"https:\/\/portelldemorella.org\/ca\/portell-apren-a-buscar-fossils-amb-un-taller-de-paleontologia\/\"]}]},{\"@type\":\"ImageObject\",\"inLanguage\":\"ca\",\"@id\":\"https:\/\/portelldemorella.org\/ca\/portell-apren-a-buscar-fossils-amb-un-taller-de-paleontologia\/#primaryimage\",\"url\":\"https:\/\/portelldemorella.org\/wp-content\/uploads\/2025\/08\/taller-de-fossils-3.jpeg\",\"contentUrl\":\"https:\/\/portelldemorella.org\/wp-content\/uploads\/2025\/08\/taller-de-fossils-3.jpeg\",\"width\":1200,\"height\":1600},{\"@type\":\"BreadcrumbList\",\"@id\":\"https:\/\/portelldemorella.org\/ca\/portell-apren-a-buscar-fossils-amb-un-taller-de-paleontologia\/#breadcrumb\",\"itemListElement\":[{\"@type\":\"ListItem\",\"position\":1,\"name\":\"Portada\",\"item\":\"https:\/\/portelldemorella.org\/ca\/\"},{\"@type\":\"ListItem\",\"position\":2,\"name\":\"Portell apr\u00e8n a buscar f\u00f2ssils amb un taller de paleontolog\u00eda\"}]},{\"@type\":\"WebSite\",\"@id\":\"https:\/\/portelldemorella.org\/#website\",\"url\":\"https:\/\/portelldemorella.org\/\",\"name\":\"Portell de Morella\",\"description\":\"Web del Ayuntamiento de Portell de Morella\",\"publisher\":{\"@id\":\"https:\/\/portelldemorella.org\/#organization\"},\"potentialAction\":[{\"@type\":\"SearchAction\",\"target\":{\"@type\":\"EntryPoint\",\"urlTemplate\":\"https:\/\/portelldemorella.org\/?s={search_term_string}\"},\"query-input\":{\"@type\":\"PropertyValueSpecification\",\"valueRequired\":true,\"valueName\":\"search_term_string\"}}],\"inLanguage\":\"ca\"},{\"@type\":\"Organization\",\"@id\":\"https:\/\/portelldemorella.org\/#organization\",\"name\":\"Portell de Morella\",\"url\":\"https:\/\/portelldemorella.org\/\",\"logo\":{\"@type\":\"ImageObject\",\"inLanguage\":\"ca\",\"@id\":\"https:\/\/portelldemorella.org\/#\/schema\/logo\/image\/\",\"url\":\"https:\/\/portelldemorella.org\/wp-content\/uploads\/2020\/11\/Escudo-Portell-04.jpg\",\"contentUrl\":\"https:\/\/portelldemorella.org\/wp-content\/uploads\/2020\/11\/Escudo-Portell-04.jpg\",\"width\":1001,\"height\":394,\"caption\":\"Portell de Morella\"},\"image\":{\"@id\":\"https:\/\/portelldemorella.org\/#\/schema\/logo\/image\/\"}},{\"@type\":\"Person\",\"@id\":\"https:\/\/portelldemorella.org\/#\/schema\/person\/2adde77c454244acd163488ec723a88b\",\"name\":\"portell\",\"image\":{\"@type\":\"ImageObject\",\"inLanguage\":\"ca\",\"@id\":\"https:\/\/portelldemorella.org\/#\/schema\/person\/image\/\",\"url\":\"https:\/\/secure.gravatar.com\/avatar\/077c6bd89604df620d2fa93a06be2531944cdd6826fd322dbd8b483fd84d6407?s=96&d=mm&r=g\",\"contentUrl\":\"https:\/\/secure.gravatar.com\/avatar\/077c6bd89604df620d2fa93a06be2531944cdd6826fd322dbd8b483fd84d6407?s=96&d=mm&r=g\",\"caption\":\"portell\"},\"sameAs\":[\"https:\/\/portelldemorella.org\"],\"url\":\"https:\/\/portelldemorella.org\/ca\/author\/portell\/\"}]}<\/script>\n<!-- \/ Yoast SEO plugin. -->","yoast_head_json":{"title":"Portell apr\u00e8n a buscar f\u00f2ssils amb un taller de paleontolog\u00eda - Portell de Morella","robots":{"index":"noindex","follow":"follow","max-snippet":"max-snippet:-1","max-image-preview":"max-image-preview:large","max-video-preview":"max-video-preview:-1"},"og_locale":"ca_ES","og_type":"article","og_title":"Portell apr\u00e8n a buscar f\u00f2ssils amb un taller de paleontolog\u00eda - Portell de Morella","og_description":"Portell de Morella ha acollit el passat dimarts 19 d\u2019agost un taller de paleontologia organitzat per l\u2019Ajuntament de Portell, amb la col\u00b7laboraci\u00f3 de la Diputaci\u00f3 de Castell\u00f3. L\u2019activitat, celebrada al poliesportiu municipal, ha comptat amb la participaci\u00f3 de 23 persones, un \u00e8xit que mostra les ganes de la gent de saber m\u00e9s sobre el passat. [&hellip;]","og_url":"https:\/\/portelldemorella.org\/ca\/portell-apren-a-buscar-fossils-amb-un-taller-de-paleontologia\/","og_site_name":"Portell de Morella","article_published_time":"2025-08-28T09:57:05+00:00","article_modified_time":"2025-08-28T09:57:07+00:00","og_image":[{"width":1200,"height":1600,"url":"https:\/\/portelldemorella.org\/wp-content\/uploads\/2025\/08\/taller-de-fossils-3.jpeg","type":"image\/jpeg"}],"author":"portell","twitter_card":"summary_large_image","twitter_misc":{"Escrit per":"portell","Temps estimat de lectura":"3 minuts"},"schema":{"@context":"https:\/\/schema.org","@graph":[{"@type":"Article","@id":"https:\/\/portelldemorella.org\/ca\/portell-apren-a-buscar-fossils-amb-un-taller-de-paleontologia\/#article","isPartOf":{"@id":"https:\/\/portelldemorella.org\/ca\/portell-apren-a-buscar-fossils-amb-un-taller-de-paleontologia\/"},"author":{"name":"portell","@id":"https:\/\/portelldemorella.org\/#\/schema\/person\/2adde77c454244acd163488ec723a88b"},"headline":"Portell apr\u00e8n a buscar f\u00f2ssils amb un taller de paleontolog\u00eda","datePublished":"2025-08-28T09:57:05+00:00","dateModified":"2025-08-28T09:57:07+00:00","mainEntityOfPage":{"@id":"https:\/\/portelldemorella.org\/ca\/portell-apren-a-buscar-fossils-amb-un-taller-de-paleontologia\/"},"wordCount":291,"commentCount":0,"publisher":{"@id":"https:\/\/portelldemorella.org\/#organization"},"image":{"@id":"https:\/\/portelldemorella.org\/ca\/portell-apren-a-buscar-fossils-amb-un-taller-de-paleontologia\/#primaryimage"},"thumbnailUrl":"https:\/\/portelldemorella.org\/wp-content\/uploads\/2025\/08\/taller-de-fossils-3.jpeg","keywords":["portell"],"articleSection":["Ayuntamiento"],"inLanguage":"ca","potentialAction":[{"@type":"CommentAction","name":"Comment","target":["https:\/\/portelldemorella.org\/ca\/portell-apren-a-buscar-fossils-amb-un-taller-de-paleontologia\/#respond"]}]},{"@type":"WebPage","@id":"https:\/\/portelldemorella.org\/ca\/portell-apren-a-buscar-fossils-amb-un-taller-de-paleontologia\/","url":"https:\/\/portelldemorella.org\/ca\/portell-apren-a-buscar-fossils-amb-un-taller-de-paleontologia\/","name":"Portell apr\u00e8n a buscar f\u00f2ssils amb un taller de paleontolog\u00eda - Portell de Morella","isPartOf":{"@id":"https:\/\/portelldemorella.org\/#website"},"primaryImageOfPage":{"@id":"https:\/\/portelldemorella.org\/ca\/portell-apren-a-buscar-fossils-amb-un-taller-de-paleontologia\/#primaryimage"},"image":{"@id":"https:\/\/portelldemorella.org\/ca\/portell-apren-a-buscar-fossils-amb-un-taller-de-paleontologia\/#primaryimage"},"thumbnailUrl":"https:\/\/portelldemorella.org\/wp-content\/uploads\/2025\/08\/taller-de-fossils-3.jpeg","datePublished":"2025-08-28T09:57:05+00:00","dateModified":"2025-08-28T09:57:07+00:00","breadcrumb":{"@id":"https:\/\/portelldemorella.org\/ca\/portell-apren-a-buscar-fossils-amb-un-taller-de-paleontologia\/#breadcrumb"},"inLanguage":"ca","potentialAction":[{"@type":"ReadAction","target":["https:\/\/portelldemorella.org\/ca\/portell-apren-a-buscar-fossils-amb-un-taller-de-paleontologia\/"]}]},{"@type":"ImageObject","inLanguage":"ca","@id":"https:\/\/portelldemorella.org\/ca\/portell-apren-a-buscar-fossils-amb-un-taller-de-paleontologia\/#primaryimage","url":"https:\/\/portelldemorella.org\/wp-content\/uploads\/2025\/08\/taller-de-fossils-3.jpeg","contentUrl":"https:\/\/portelldemorella.org\/wp-content\/uploads\/2025\/08\/taller-de-fossils-3.jpeg","width":1200,"height":1600},{"@type":"BreadcrumbList","@id":"https:\/\/portelldemorella.org\/ca\/portell-apren-a-buscar-fossils-amb-un-taller-de-paleontologia\/#breadcrumb","itemListElement":[{"@type":"ListItem","position":1,"name":"Portada","item":"https:\/\/portelldemorella.org\/ca\/"},{"@type":"ListItem","position":2,"name":"Portell apr\u00e8n a buscar f\u00f2ssils amb un taller de paleontolog\u00eda"}]},{"@type":"WebSite","@id":"https:\/\/portelldemorella.org\/#website","url":"https:\/\/portelldemorella.org\/","name":"Portell de Morella","description":"Web del Ayuntamiento de Portell de Morella","publisher":{"@id":"https:\/\/portelldemorella.org\/#organization"},"potentialAction":[{"@type":"SearchAction","target":{"@type":"EntryPoint","urlTemplate":"https:\/\/portelldemorella.org\/?s={search_term_string}"},"query-input":{"@type":"PropertyValueSpecification","valueRequired":true,"valueName":"search_term_string"}}],"inLanguage":"ca"},{"@type":"Organization","@id":"https:\/\/portelldemorella.org\/#organization","name":"Portell de Morella","url":"https:\/\/portelldemorella.org\/","logo":{"@type":"ImageObject","inLanguage":"ca","@id":"https:\/\/portelldemorella.org\/#\/schema\/logo\/image\/","url":"https:\/\/portelldemorella.org\/wp-content\/uploads\/2020\/11\/Escudo-Portell-04.jpg","contentUrl":"https:\/\/portelldemorella.org\/wp-content\/uploads\/2020\/11\/Escudo-Portell-04.jpg","width":1001,"height":394,"caption":"Portell de Morella"},"image":{"@id":"https:\/\/portelldemorella.org\/#\/schema\/logo\/image\/"}},{"@type":"Person","@id":"https:\/\/portelldemorella.org\/#\/schema\/person\/2adde77c454244acd163488ec723a88b","name":"portell","image":{"@type":"ImageObject","inLanguage":"ca","@id":"https:\/\/portelldemorella.org\/#\/schema\/person\/image\/","url":"https:\/\/secure.gravatar.com\/avatar\/077c6bd89604df620d2fa93a06be2531944cdd6826fd322dbd8b483fd84d6407?s=96&d=mm&r=g","contentUrl":"https:\/\/secure.gravatar.com\/avatar\/077c6bd89604df620d2fa93a06be2531944cdd6826fd322dbd8b483fd84d6407?s=96&d=mm&r=g","caption":"portell"},"sameAs":["https:\/\/portelldemorella.org"],"url":"https:\/\/portelldemorella.org\/ca\/author\/portell\/"}]}},"_links":{"self":[{"href":"https:\/\/portelldemorella.org\/ca\/wp-json\/wp\/v2\/posts\/8494","targetHints":{"allow":["GET"]}}],"collection":[{"href":"https:\/\/portelldemorella.org\/ca\/wp-json\/wp\/v2\/posts"}],"about":[{"href":"https:\/\/portelldemorella.org\/ca\/wp-json\/wp\/v2\/types\/post"}],"author":[{"embeddable":true,"href":"https:\/\/portelldemorella.org\/ca\/wp-json\/wp\/v2\/users\/1"}],"replies":[{"embeddable":true,"href":"https:\/\/portelldemorella.org\/ca\/wp-json\/wp\/v2\/comments?post=8494"}],"version-history":[{"count":1,"href":"https:\/\/portelldemorella.org\/ca\/wp-json\/wp\/v2\/posts\/8494\/revisions"}],"predecessor-version":[{"id":8495,"href":"https:\/\/portelldemorella.org\/ca\/wp-json\/wp\/v2\/posts\/8494\/revisions\/8495"}],"wp:featuredmedia":[{"embeddable":true,"href":"https:\/\/portelldemorella.org\/ca\/wp-json\/wp\/v2\/media\/8482"}],"wp:attachment":[{"href":"https:\/\/portelldemorella.org\/ca\/wp-json\/wp\/v2\/media?parent=8494"}],"wp:term":[{"taxonomy":"category","embeddable":true,"href":"https:\/\/portelldemorella.org\/ca\/wp-json\/wp\/v2\/categories?post=8494"},{"taxonomy":"post_tag","embeddable":true,"href":"https:\/\/portelldemorella.org\/ca\/wp-json\/wp\/v2\/tags?post=8494"}],"curies":[{"name":"wp","href":"https:\/\/api.w.org\/{rel}","templated":true}]}}