{"id":8497,"date":"2025-09-01T10:57:20","date_gmt":"2025-09-01T10:57:20","guid":{"rendered":"https:\/\/portelldemorella.org\/?p=8497"},"modified":"2025-09-01T10:57:22","modified_gmt":"2025-09-01T10:57:22","slug":"portell-celebra-la-cultura-aragonesa-amb-una-missa-baturra","status":"publish","type":"post","link":"https:\/\/portelldemorella.org\/ca\/portell-celebra-la-cultura-aragonesa-amb-una-missa-baturra\/","title":{"rendered":"Portell celebra la cultura aragonesa amb una missa baturra"},"content":{"rendered":"\n<p><\/p>\n\n\n\n<p>Aquest passat dissabte, 30 d&#8217;agost, Portell va viure una jornada dedicada a la cultura aragonesa. L&#8217;ermita de la Mare de D\u00e9u de l&#8217;Esperan\u00e7a va acollir una missa baturra cantada pel Grup Folkl\u00f2ric Aragon\u00e9s Arte Baturro. La celebraci\u00f3 va unir la solemnitat de la lit\u00fargia amb la riquesa del cant tradicional aragon\u00e9s. Els membres d&#8217;Arte Baturro van interpretar diferents peces del seu repertori.<\/p>\n","protected":false},"excerpt":{"rendered":"<p>Aquest passat dissabte, 30 d&#8217;agost, Portell va viure una jornada dedicada a la cultura aragonesa. L&#8217;ermita de la Mare de D\u00e9u de l&#8217;Esperan\u00e7a va acollir una missa baturra cantada pel Grup Folkl\u00f2ric Aragon\u00e9s Arte Baturro. La celebraci\u00f3 va unir la solemnitat de la lit\u00fargia amb la riquesa del cant tradicional aragon\u00e9s. Els membres d&#8217;Arte Baturro [&hellip;]<\/p>\n","protected":false},"author":1,"featured_media":8498,"comment_status":"open","ping_status":"open","sticky":false,"template":"","format":"standard","meta":{"footnotes":""},"categories":[97],"tags":[332,289,331,100],"class_list":["post-8497","post","type-post","status-publish","format-standard","has-post-thumbnail","hentry","category-ayuntamiento-ca","tag-arago","tag-cultura-2","tag-misa-baturra","tag-portell-2"],"yoast_head":"<!-- This site is optimized with the Yoast SEO plugin v24.4 - https:\/\/yoast.com\/wordpress\/plugins\/seo\/ -->\n<title>Portell celebra la cultura aragonesa amb una missa baturra - Portell de Morella<\/title>\n<meta name=\"robots\" content=\"noindex, follow, max-snippet:-1, max-image-preview:large, max-video-preview:-1\" \/>\n<meta property=\"og:locale\" content=\"ca_ES\" \/>\n<meta property=\"og:type\" content=\"article\" \/>\n<meta property=\"og:title\" content=\"Portell celebra la cultura aragonesa amb una missa baturra - Portell de Morella\" \/>\n<meta property=\"og:description\" content=\"Aquest passat dissabte, 30 d&#8217;agost, Portell va viure una jornada dedicada a la cultura aragonesa. L&#8217;ermita de la Mare de D\u00e9u de l&#8217;Esperan\u00e7a va acollir una missa baturra cantada pel Grup Folkl\u00f2ric Aragon\u00e9s Arte Baturro. La celebraci\u00f3 va unir la solemnitat de la lit\u00fargia amb la riquesa del cant tradicional aragon\u00e9s. Els membres d&#8217;Arte Baturro [&hellip;]\" \/>\n<meta property=\"og:url\" content=\"https:\/\/portelldemorella.org\/ca\/portell-celebra-la-cultura-aragonesa-amb-una-missa-baturra\/\" \/>\n<meta property=\"og:site_name\" content=\"Portell de Morella\" \/>\n<meta property=\"article:published_time\" content=\"2025-09-01T10:57:20+00:00\" \/>\n<meta property=\"article:modified_time\" content=\"2025-09-01T10:57:22+00:00\" \/>\n<meta property=\"og:image\" content=\"https:\/\/portelldemorella.org\/wp-content\/uploads\/2025\/09\/Portell-celebra-la-cultura-aragonesa-amb-una-missa-baturra-3.jpg\" \/>\n\t<meta property=\"og:image:width\" content=\"1600\" \/>\n\t<meta property=\"og:image:height\" content=\"1204\" \/>\n\t<meta property=\"og:image:type\" content=\"image\/jpeg\" \/>\n<meta name=\"author\" content=\"portell\" \/>\n<meta name=\"twitter:card\" content=\"summary_large_image\" \/>\n<meta name=\"twitter:label1\" content=\"Escrit per\" \/>\n\t<meta name=\"twitter:data1\" content=\"portell\" \/>\n\t<meta name=\"twitter:label2\" content=\"Temps estimat de lectura\" \/>\n\t<meta name=\"twitter:data2\" content=\"1 minut\" \/>\n<script type=\"application\/ld+json\" class=\"yoast-schema-graph\">{\"@context\":\"https:\/\/schema.org\",\"@graph\":[{\"@type\":\"Article\",\"@id\":\"https:\/\/portelldemorella.org\/ca\/portell-celebra-la-cultura-aragonesa-amb-una-missa-baturra\/#article\",\"isPartOf\":{\"@id\":\"https:\/\/portelldemorella.org\/ca\/portell-celebra-la-cultura-aragonesa-amb-una-missa-baturra\/\"},\"author\":{\"name\":\"portell\",\"@id\":\"https:\/\/portelldemorella.org\/#\/schema\/person\/2adde77c454244acd163488ec723a88b\"},\"headline\":\"Portell celebra la cultura aragonesa amb una missa baturra\",\"datePublished\":\"2025-09-01T10:57:20+00:00\",\"dateModified\":\"2025-09-01T10:57:22+00:00\",\"mainEntityOfPage\":{\"@id\":\"https:\/\/portelldemorella.org\/ca\/portell-celebra-la-cultura-aragonesa-amb-una-missa-baturra\/\"},\"wordCount\":76,\"commentCount\":0,\"publisher\":{\"@id\":\"https:\/\/portelldemorella.org\/#organization\"},\"image\":{\"@id\":\"https:\/\/portelldemorella.org\/ca\/portell-celebra-la-cultura-aragonesa-amb-una-missa-baturra\/#primaryimage\"},\"thumbnailUrl\":\"https:\/\/portelldemorella.org\/wp-content\/uploads\/2025\/09\/Portell-celebra-la-cultura-aragonesa-amb-una-missa-baturra-3.jpg\",\"keywords\":[\"arag\u00f3\",\"Cultura\",\"misa baturra\",\"portell\"],\"articleSection\":[\"Ayuntamiento\"],\"inLanguage\":\"ca\",\"potentialAction\":[{\"@type\":\"CommentAction\",\"name\":\"Comment\",\"target\":[\"https:\/\/portelldemorella.org\/ca\/portell-celebra-la-cultura-aragonesa-amb-una-missa-baturra\/#respond\"]}]},{\"@type\":\"WebPage\",\"@id\":\"https:\/\/portelldemorella.org\/ca\/portell-celebra-la-cultura-aragonesa-amb-una-missa-baturra\/\",\"url\":\"https:\/\/portelldemorella.org\/ca\/portell-celebra-la-cultura-aragonesa-amb-una-missa-baturra\/\",\"name\":\"Portell celebra la cultura aragonesa amb una missa baturra - Portell de Morella\",\"isPartOf\":{\"@id\":\"https:\/\/portelldemorella.org\/#website\"},\"primaryImageOfPage\":{\"@id\":\"https:\/\/portelldemorella.org\/ca\/portell-celebra-la-cultura-aragonesa-amb-una-missa-baturra\/#primaryimage\"},\"image\":{\"@id\":\"https:\/\/portelldemorella.org\/ca\/portell-celebra-la-cultura-aragonesa-amb-una-missa-baturra\/#primaryimage\"},\"thumbnailUrl\":\"https:\/\/portelldemorella.org\/wp-content\/uploads\/2025\/09\/Portell-celebra-la-cultura-aragonesa-amb-una-missa-baturra-3.jpg\",\"datePublished\":\"2025-09-01T10:57:20+00:00\",\"dateModified\":\"2025-09-01T10:57:22+00:00\",\"breadcrumb\":{\"@id\":\"https:\/\/portelldemorella.org\/ca\/portell-celebra-la-cultura-aragonesa-amb-una-missa-baturra\/#breadcrumb\"},\"inLanguage\":\"ca\",\"potentialAction\":[{\"@type\":\"ReadAction\",\"target\":[\"https:\/\/portelldemorella.org\/ca\/portell-celebra-la-cultura-aragonesa-amb-una-missa-baturra\/\"]}]},{\"@type\":\"ImageObject\",\"inLanguage\":\"ca\",\"@id\":\"https:\/\/portelldemorella.org\/ca\/portell-celebra-la-cultura-aragonesa-amb-una-missa-baturra\/#primaryimage\",\"url\":\"https:\/\/portelldemorella.org\/wp-content\/uploads\/2025\/09\/Portell-celebra-la-cultura-aragonesa-amb-una-missa-baturra-3.jpg\",\"contentUrl\":\"https:\/\/portelldemorella.org\/wp-content\/uploads\/2025\/09\/Portell-celebra-la-cultura-aragonesa-amb-una-missa-baturra-3.jpg\",\"width\":1600,\"height\":1204},{\"@type\":\"BreadcrumbList\",\"@id\":\"https:\/\/portelldemorella.org\/ca\/portell-celebra-la-cultura-aragonesa-amb-una-missa-baturra\/#breadcrumb\",\"itemListElement\":[{\"@type\":\"ListItem\",\"position\":1,\"name\":\"Portada\",\"item\":\"https:\/\/portelldemorella.org\/ca\/\"},{\"@type\":\"ListItem\",\"position\":2,\"name\":\"Portell celebra la cultura aragonesa amb una missa baturra\"}]},{\"@type\":\"WebSite\",\"@id\":\"https:\/\/portelldemorella.org\/#website\",\"url\":\"https:\/\/portelldemorella.org\/\",\"name\":\"Portell de Morella\",\"description\":\"Web del Ayuntamiento de Portell de Morella\",\"publisher\":{\"@id\":\"https:\/\/portelldemorella.org\/#organization\"},\"potentialAction\":[{\"@type\":\"SearchAction\",\"target\":{\"@type\":\"EntryPoint\",\"urlTemplate\":\"https:\/\/portelldemorella.org\/?s={search_term_string}\"},\"query-input\":{\"@type\":\"PropertyValueSpecification\",\"valueRequired\":true,\"valueName\":\"search_term_string\"}}],\"inLanguage\":\"ca\"},{\"@type\":\"Organization\",\"@id\":\"https:\/\/portelldemorella.org\/#organization\",\"name\":\"Portell de Morella\",\"url\":\"https:\/\/portelldemorella.org\/\",\"logo\":{\"@type\":\"ImageObject\",\"inLanguage\":\"ca\",\"@id\":\"https:\/\/portelldemorella.org\/#\/schema\/logo\/image\/\",\"url\":\"https:\/\/portelldemorella.org\/wp-content\/uploads\/2020\/11\/Escudo-Portell-04.jpg\",\"contentUrl\":\"https:\/\/portelldemorella.org\/wp-content\/uploads\/2020\/11\/Escudo-Portell-04.jpg\",\"width\":1001,\"height\":394,\"caption\":\"Portell de Morella\"},\"image\":{\"@id\":\"https:\/\/portelldemorella.org\/#\/schema\/logo\/image\/\"}},{\"@type\":\"Person\",\"@id\":\"https:\/\/portelldemorella.org\/#\/schema\/person\/2adde77c454244acd163488ec723a88b\",\"name\":\"portell\",\"image\":{\"@type\":\"ImageObject\",\"inLanguage\":\"ca\",\"@id\":\"https:\/\/portelldemorella.org\/#\/schema\/person\/image\/\",\"url\":\"https:\/\/secure.gravatar.com\/avatar\/077c6bd89604df620d2fa93a06be2531944cdd6826fd322dbd8b483fd84d6407?s=96&d=mm&r=g\",\"contentUrl\":\"https:\/\/secure.gravatar.com\/avatar\/077c6bd89604df620d2fa93a06be2531944cdd6826fd322dbd8b483fd84d6407?s=96&d=mm&r=g\",\"caption\":\"portell\"},\"sameAs\":[\"https:\/\/portelldemorella.org\"],\"url\":\"https:\/\/portelldemorella.org\/ca\/author\/portell\/\"}]}<\/script>\n<!-- \/ Yoast SEO plugin. -->","yoast_head_json":{"title":"Portell celebra la cultura aragonesa amb una missa baturra - Portell de Morella","robots":{"index":"noindex","follow":"follow","max-snippet":"max-snippet:-1","max-image-preview":"max-image-preview:large","max-video-preview":"max-video-preview:-1"},"og_locale":"ca_ES","og_type":"article","og_title":"Portell celebra la cultura aragonesa amb una missa baturra - Portell de Morella","og_description":"Aquest passat dissabte, 30 d&#8217;agost, Portell va viure una jornada dedicada a la cultura aragonesa. L&#8217;ermita de la Mare de D\u00e9u de l&#8217;Esperan\u00e7a va acollir una missa baturra cantada pel Grup Folkl\u00f2ric Aragon\u00e9s Arte Baturro. La celebraci\u00f3 va unir la solemnitat de la lit\u00fargia amb la riquesa del cant tradicional aragon\u00e9s. Els membres d&#8217;Arte Baturro [&hellip;]","og_url":"https:\/\/portelldemorella.org\/ca\/portell-celebra-la-cultura-aragonesa-amb-una-missa-baturra\/","og_site_name":"Portell de Morella","article_published_time":"2025-09-01T10:57:20+00:00","article_modified_time":"2025-09-01T10:57:22+00:00","og_image":[{"width":1600,"height":1204,"url":"https:\/\/portelldemorella.org\/wp-content\/uploads\/2025\/09\/Portell-celebra-la-cultura-aragonesa-amb-una-missa-baturra-3.jpg","type":"image\/jpeg"}],"author":"portell","twitter_card":"summary_large_image","twitter_misc":{"Escrit per":"portell","Temps estimat de lectura":"1 minut"},"schema":{"@context":"https:\/\/schema.org","@graph":[{"@type":"Article","@id":"https:\/\/portelldemorella.org\/ca\/portell-celebra-la-cultura-aragonesa-amb-una-missa-baturra\/#article","isPartOf":{"@id":"https:\/\/portelldemorella.org\/ca\/portell-celebra-la-cultura-aragonesa-amb-una-missa-baturra\/"},"author":{"name":"portell","@id":"https:\/\/portelldemorella.org\/#\/schema\/person\/2adde77c454244acd163488ec723a88b"},"headline":"Portell celebra la cultura aragonesa amb una missa baturra","datePublished":"2025-09-01T10:57:20+00:00","dateModified":"2025-09-01T10:57:22+00:00","mainEntityOfPage":{"@id":"https:\/\/portelldemorella.org\/ca\/portell-celebra-la-cultura-aragonesa-amb-una-missa-baturra\/"},"wordCount":76,"commentCount":0,"publisher":{"@id":"https:\/\/portelldemorella.org\/#organization"},"image":{"@id":"https:\/\/portelldemorella.org\/ca\/portell-celebra-la-cultura-aragonesa-amb-una-missa-baturra\/#primaryimage"},"thumbnailUrl":"https:\/\/portelldemorella.org\/wp-content\/uploads\/2025\/09\/Portell-celebra-la-cultura-aragonesa-amb-una-missa-baturra-3.jpg","keywords":["arag\u00f3","Cultura","misa baturra","portell"],"articleSection":["Ayuntamiento"],"inLanguage":"ca","potentialAction":[{"@type":"CommentAction","name":"Comment","target":["https:\/\/portelldemorella.org\/ca\/portell-celebra-la-cultura-aragonesa-amb-una-missa-baturra\/#respond"]}]},{"@type":"WebPage","@id":"https:\/\/portelldemorella.org\/ca\/portell-celebra-la-cultura-aragonesa-amb-una-missa-baturra\/","url":"https:\/\/portelldemorella.org\/ca\/portell-celebra-la-cultura-aragonesa-amb-una-missa-baturra\/","name":"Portell celebra la cultura aragonesa amb una missa baturra - Portell de Morella","isPartOf":{"@id":"https:\/\/portelldemorella.org\/#website"},"primaryImageOfPage":{"@id":"https:\/\/portelldemorella.org\/ca\/portell-celebra-la-cultura-aragonesa-amb-una-missa-baturra\/#primaryimage"},"image":{"@id":"https:\/\/portelldemorella.org\/ca\/portell-celebra-la-cultura-aragonesa-amb-una-missa-baturra\/#primaryimage"},"thumbnailUrl":"https:\/\/portelldemorella.org\/wp-content\/uploads\/2025\/09\/Portell-celebra-la-cultura-aragonesa-amb-una-missa-baturra-3.jpg","datePublished":"2025-09-01T10:57:20+00:00","dateModified":"2025-09-01T10:57:22+00:00","breadcrumb":{"@id":"https:\/\/portelldemorella.org\/ca\/portell-celebra-la-cultura-aragonesa-amb-una-missa-baturra\/#breadcrumb"},"inLanguage":"ca","potentialAction":[{"@type":"ReadAction","target":["https:\/\/portelldemorella.org\/ca\/portell-celebra-la-cultura-aragonesa-amb-una-missa-baturra\/"]}]},{"@type":"ImageObject","inLanguage":"ca","@id":"https:\/\/portelldemorella.org\/ca\/portell-celebra-la-cultura-aragonesa-amb-una-missa-baturra\/#primaryimage","url":"https:\/\/portelldemorella.org\/wp-content\/uploads\/2025\/09\/Portell-celebra-la-cultura-aragonesa-amb-una-missa-baturra-3.jpg","contentUrl":"https:\/\/portelldemorella.org\/wp-content\/uploads\/2025\/09\/Portell-celebra-la-cultura-aragonesa-amb-una-missa-baturra-3.jpg","width":1600,"height":1204},{"@type":"BreadcrumbList","@id":"https:\/\/portelldemorella.org\/ca\/portell-celebra-la-cultura-aragonesa-amb-una-missa-baturra\/#breadcrumb","itemListElement":[{"@type":"ListItem","position":1,"name":"Portada","item":"https:\/\/portelldemorella.org\/ca\/"},{"@type":"ListItem","position":2,"name":"Portell celebra la cultura aragonesa amb una missa baturra"}]},{"@type":"WebSite","@id":"https:\/\/portelldemorella.org\/#website","url":"https:\/\/portelldemorella.org\/","name":"Portell de Morella","description":"Web del Ayuntamiento de Portell de Morella","publisher":{"@id":"https:\/\/portelldemorella.org\/#organization"},"potentialAction":[{"@type":"SearchAction","target":{"@type":"EntryPoint","urlTemplate":"https:\/\/portelldemorella.org\/?s={search_term_string}"},"query-input":{"@type":"PropertyValueSpecification","valueRequired":true,"valueName":"search_term_string"}}],"inLanguage":"ca"},{"@type":"Organization","@id":"https:\/\/portelldemorella.org\/#organization","name":"Portell de Morella","url":"https:\/\/portelldemorella.org\/","logo":{"@type":"ImageObject","inLanguage":"ca","@id":"https:\/\/portelldemorella.org\/#\/schema\/logo\/image\/","url":"https:\/\/portelldemorella.org\/wp-content\/uploads\/2020\/11\/Escudo-Portell-04.jpg","contentUrl":"https:\/\/portelldemorella.org\/wp-content\/uploads\/2020\/11\/Escudo-Portell-04.jpg","width":1001,"height":394,"caption":"Portell de Morella"},"image":{"@id":"https:\/\/portelldemorella.org\/#\/schema\/logo\/image\/"}},{"@type":"Person","@id":"https:\/\/portelldemorella.org\/#\/schema\/person\/2adde77c454244acd163488ec723a88b","name":"portell","image":{"@type":"ImageObject","inLanguage":"ca","@id":"https:\/\/portelldemorella.org\/#\/schema\/person\/image\/","url":"https:\/\/secure.gravatar.com\/avatar\/077c6bd89604df620d2fa93a06be2531944cdd6826fd322dbd8b483fd84d6407?s=96&d=mm&r=g","contentUrl":"https:\/\/secure.gravatar.com\/avatar\/077c6bd89604df620d2fa93a06be2531944cdd6826fd322dbd8b483fd84d6407?s=96&d=mm&r=g","caption":"portell"},"sameAs":["https:\/\/portelldemorella.org"],"url":"https:\/\/portelldemorella.org\/ca\/author\/portell\/"}]}},"_links":{"self":[{"href":"https:\/\/portelldemorella.org\/ca\/wp-json\/wp\/v2\/posts\/8497","targetHints":{"allow":["GET"]}}],"collection":[{"href":"https:\/\/portelldemorella.org\/ca\/wp-json\/wp\/v2\/posts"}],"about":[{"href":"https:\/\/portelldemorella.org\/ca\/wp-json\/wp\/v2\/types\/post"}],"author":[{"embeddable":true,"href":"https:\/\/portelldemorella.org\/ca\/wp-json\/wp\/v2\/users\/1"}],"replies":[{"embeddable":true,"href":"https:\/\/portelldemorella.org\/ca\/wp-json\/wp\/v2\/comments?post=8497"}],"version-history":[{"count":1,"href":"https:\/\/portelldemorella.org\/ca\/wp-json\/wp\/v2\/posts\/8497\/revisions"}],"predecessor-version":[{"id":8500,"href":"https:\/\/portelldemorella.org\/ca\/wp-json\/wp\/v2\/posts\/8497\/revisions\/8500"}],"wp:featuredmedia":[{"embeddable":true,"href":"https:\/\/portelldemorella.org\/ca\/wp-json\/wp\/v2\/media\/8498"}],"wp:attachment":[{"href":"https:\/\/portelldemorella.org\/ca\/wp-json\/wp\/v2\/media?parent=8497"}],"wp:term":[{"taxonomy":"category","embeddable":true,"href":"https:\/\/portelldemorella.org\/ca\/wp-json\/wp\/v2\/categories?post=8497"},{"taxonomy":"post_tag","embeddable":true,"href":"https:\/\/portelldemorella.org\/ca\/wp-json\/wp\/v2\/tags?post=8497"}],"curies":[{"name":"wp","href":"https:\/\/api.w.org\/{rel}","templated":true}]}}