{"id":8511,"date":"2025-09-10T11:09:18","date_gmt":"2025-09-10T11:09:18","guid":{"rendered":"https:\/\/portelldemorella.org\/?p=8511"},"modified":"2025-09-10T11:10:41","modified_gmt":"2025-09-10T11:10:41","slug":"el-gr-331-els-ports-cami-de-conquesta-rep-a-portell-el-premi-sender-de-lany-en-municipis-en-risc-de-despoblacio","status":"publish","type":"post","link":"https:\/\/portelldemorella.org\/ca\/el-gr-331-els-ports-cami-de-conquesta-rep-a-portell-el-premi-sender-de-lany-en-municipis-en-risc-de-despoblacio\/","title":{"rendered":"El GR 331 Els Ports &#8211; Cam\u00ed de Conquesta rep a Portell el Premi Sender de l\u2019Any en municipis en risc de despoblaci\u00f3"},"content":{"rendered":"\n<p>Portell de Morella acollir\u00e0 el pr\u00f2xim 25 de setembre l\u2019acte de lliurament del Premi Sender de l\u2019Any 2024 en la categoria de municipis en risc de despoblaci\u00f3, un guard\u00f3 que organitza la Federaci\u00f3 d\u2019Esports de Muntanya i Escalada de la Comunitat Valenciana i la FVMP. L\u2019esdeveniment servir\u00e0 per a recon\u00e9ixer el GR 331 Els Ports \u2013 Cam\u00ed de Conquesta, el sender guanyador de la categoria: un recorregut circular que connecta municipis de la comarca dels Ports. Amb m\u00e9s de 166 quil\u00f2metres distribu\u00efts en diverses etapes, entre les quals travessa tamb\u00e9 el terme de Portell, el GR331 ressegueix camins tradicionals, antics passos ramaders i sendes hist\u00f2riques que ofereixen una experi\u00e8ncia \u00fanica per a senderistes i visitants, al mateix temps que fomenten un turisme sostenible i de qualitat.<\/p>\n\n\n\n<p>Juntament amb el sender guanyador, dos itineraris m\u00e9s han resultat finalistes en aquesta categoria. D\u2019una banda, el PR-CV 173 Ruta del Barranco Moreno (Bicorp), que destaca per la seua espectacularitat paisatg\u00edstica i per la diversitat d\u2019ecosistemes que travessa. De l\u2019altra, el PR-CV 172 Senda del Moll\u00f3 (Quatretonda), que posa en valor els paratges naturals de l\u2019interior valenci\u00e0 i la seua biodiversitat.<\/p>\n\n\n\n<p>El programa de la jornada a Portell comen\u00e7ar\u00e0 a les onze del mat\u00ed amb la inauguraci\u00f3 oficial, a la qual seguir\u00e0, mitja hora despr\u00e9s, una exposici\u00f3 de bones pr\u00e0ctiques en esports de muntanya. A les dotze tindr\u00e0 lloc el lliurament del Premi Sender de l\u2019Any 2024, que culminar\u00e0 amb un vi d\u2019honor a les dotze i mitja. L\u2019acte compta amb la col\u00b7laboraci\u00f3 de l\u2019Ajuntament de Portell i la Societat Esportiva Espemo.<\/p>\n","protected":false},"excerpt":{"rendered":"<p>Portell de Morella acollir\u00e0 el pr\u00f2xim 25 de setembre l\u2019acte de lliurament del Premi Sender de l\u2019Any 2024 en la categoria de municipis en risc de despoblaci\u00f3, un guard\u00f3 que organitza la Federaci\u00f3 d\u2019Esports de Muntanya i Escalada de la Comunitat Valenciana i la FVMP. L\u2019esdeveniment servir\u00e0 per a recon\u00e9ixer el GR 331 Els Ports [&hellip;]<\/p>\n","protected":false},"author":1,"featured_media":8509,"comment_status":"open","ping_status":"open","sticky":false,"template":"","format":"standard","meta":{"footnotes":""},"categories":[97],"tags":[107],"class_list":["post-8511","post","type-post","status-publish","format-standard","has-post-thumbnail","hentry","category-ayuntamiento-ca","tag-portell-ca"],"yoast_head":"<!-- This site is optimized with the Yoast SEO plugin v24.4 - https:\/\/yoast.com\/wordpress\/plugins\/seo\/ -->\n<title>El GR 331 Els Ports - Cam\u00ed de Conquesta rep a Portell el Premi Sender de l\u2019Any en municipis en risc de despoblaci\u00f3 - Portell de Morella<\/title>\n<meta name=\"robots\" content=\"noindex, follow, max-snippet:-1, max-image-preview:large, max-video-preview:-1\" \/>\n<meta property=\"og:locale\" content=\"ca_ES\" \/>\n<meta property=\"og:type\" content=\"article\" \/>\n<meta property=\"og:title\" content=\"El GR 331 Els Ports - Cam\u00ed de Conquesta rep a Portell el Premi Sender de l\u2019Any en municipis en risc de despoblaci\u00f3 - Portell de Morella\" \/>\n<meta property=\"og:description\" content=\"Portell de Morella acollir\u00e0 el pr\u00f2xim 25 de setembre l\u2019acte de lliurament del Premi Sender de l\u2019Any 2024 en la categoria de municipis en risc de despoblaci\u00f3, un guard\u00f3 que organitza la Federaci\u00f3 d\u2019Esports de Muntanya i Escalada de la Comunitat Valenciana i la FVMP. L\u2019esdeveniment servir\u00e0 per a recon\u00e9ixer el GR 331 Els Ports [&hellip;]\" \/>\n<meta property=\"og:url\" content=\"https:\/\/portelldemorella.org\/ca\/el-gr-331-els-ports-cami-de-conquesta-rep-a-portell-el-premi-sender-de-lany-en-municipis-en-risc-de-despoblacio\/\" \/>\n<meta property=\"og:site_name\" content=\"Portell de Morella\" \/>\n<meta property=\"article:published_time\" content=\"2025-09-10T11:09:18+00:00\" \/>\n<meta property=\"article:modified_time\" content=\"2025-09-10T11:10:41+00:00\" \/>\n<meta property=\"og:image\" content=\"https:\/\/portelldemorella.org\/wp-content\/uploads\/2025\/09\/PREMIO-SENDERO-DEL-ANO-2024-DESPOBLACION_page-0001-scaled.jpg\" \/>\n\t<meta property=\"og:image:width\" content=\"1440\" \/>\n\t<meta property=\"og:image:height\" content=\"2560\" \/>\n\t<meta property=\"og:image:type\" content=\"image\/jpeg\" \/>\n<meta name=\"author\" content=\"portell\" \/>\n<meta name=\"twitter:card\" content=\"summary_large_image\" \/>\n<meta name=\"twitter:label1\" content=\"Escrit per\" \/>\n\t<meta name=\"twitter:data1\" content=\"portell\" \/>\n\t<meta name=\"twitter:label2\" content=\"Temps estimat de lectura\" \/>\n\t<meta name=\"twitter:data2\" content=\"2 minuts\" \/>\n<script type=\"application\/ld+json\" class=\"yoast-schema-graph\">{\"@context\":\"https:\/\/schema.org\",\"@graph\":[{\"@type\":\"Article\",\"@id\":\"https:\/\/portelldemorella.org\/ca\/el-gr-331-els-ports-cami-de-conquesta-rep-a-portell-el-premi-sender-de-lany-en-municipis-en-risc-de-despoblacio\/#article\",\"isPartOf\":{\"@id\":\"https:\/\/portelldemorella.org\/ca\/el-gr-331-els-ports-cami-de-conquesta-rep-a-portell-el-premi-sender-de-lany-en-municipis-en-risc-de-despoblacio\/\"},\"author\":{\"name\":\"portell\",\"@id\":\"https:\/\/portelldemorella.org\/#\/schema\/person\/2adde77c454244acd163488ec723a88b\"},\"headline\":\"El GR 331 Els Ports &#8211; Cam\u00ed de Conquesta rep a Portell el Premi Sender de l\u2019Any en municipis en risc de despoblaci\u00f3\",\"datePublished\":\"2025-09-10T11:09:18+00:00\",\"dateModified\":\"2025-09-10T11:10:41+00:00\",\"mainEntityOfPage\":{\"@id\":\"https:\/\/portelldemorella.org\/ca\/el-gr-331-els-ports-cami-de-conquesta-rep-a-portell-el-premi-sender-de-lany-en-municipis-en-risc-de-despoblacio\/\"},\"wordCount\":298,\"commentCount\":0,\"publisher\":{\"@id\":\"https:\/\/portelldemorella.org\/#organization\"},\"image\":{\"@id\":\"https:\/\/portelldemorella.org\/ca\/el-gr-331-els-ports-cami-de-conquesta-rep-a-portell-el-premi-sender-de-lany-en-municipis-en-risc-de-despoblacio\/#primaryimage\"},\"thumbnailUrl\":\"https:\/\/portelldemorella.org\/wp-content\/uploads\/2025\/09\/PREMIO-SENDERO-DEL-ANO-2024-DESPOBLACION_page-0001-scaled.jpg\",\"keywords\":[\"portell\"],\"articleSection\":[\"Ayuntamiento\"],\"inLanguage\":\"ca\",\"potentialAction\":[{\"@type\":\"CommentAction\",\"name\":\"Comment\",\"target\":[\"https:\/\/portelldemorella.org\/ca\/el-gr-331-els-ports-cami-de-conquesta-rep-a-portell-el-premi-sender-de-lany-en-municipis-en-risc-de-despoblacio\/#respond\"]}]},{\"@type\":\"WebPage\",\"@id\":\"https:\/\/portelldemorella.org\/ca\/el-gr-331-els-ports-cami-de-conquesta-rep-a-portell-el-premi-sender-de-lany-en-municipis-en-risc-de-despoblacio\/\",\"url\":\"https:\/\/portelldemorella.org\/ca\/el-gr-331-els-ports-cami-de-conquesta-rep-a-portell-el-premi-sender-de-lany-en-municipis-en-risc-de-despoblacio\/\",\"name\":\"El GR 331 Els Ports - Cam\u00ed de Conquesta rep a Portell el Premi Sender de l\u2019Any en municipis en risc de despoblaci\u00f3 - Portell de Morella\",\"isPartOf\":{\"@id\":\"https:\/\/portelldemorella.org\/#website\"},\"primaryImageOfPage\":{\"@id\":\"https:\/\/portelldemorella.org\/ca\/el-gr-331-els-ports-cami-de-conquesta-rep-a-portell-el-premi-sender-de-lany-en-municipis-en-risc-de-despoblacio\/#primaryimage\"},\"image\":{\"@id\":\"https:\/\/portelldemorella.org\/ca\/el-gr-331-els-ports-cami-de-conquesta-rep-a-portell-el-premi-sender-de-lany-en-municipis-en-risc-de-despoblacio\/#primaryimage\"},\"thumbnailUrl\":\"https:\/\/portelldemorella.org\/wp-content\/uploads\/2025\/09\/PREMIO-SENDERO-DEL-ANO-2024-DESPOBLACION_page-0001-scaled.jpg\",\"datePublished\":\"2025-09-10T11:09:18+00:00\",\"dateModified\":\"2025-09-10T11:10:41+00:00\",\"breadcrumb\":{\"@id\":\"https:\/\/portelldemorella.org\/ca\/el-gr-331-els-ports-cami-de-conquesta-rep-a-portell-el-premi-sender-de-lany-en-municipis-en-risc-de-despoblacio\/#breadcrumb\"},\"inLanguage\":\"ca\",\"potentialAction\":[{\"@type\":\"ReadAction\",\"target\":[\"https:\/\/portelldemorella.org\/ca\/el-gr-331-els-ports-cami-de-conquesta-rep-a-portell-el-premi-sender-de-lany-en-municipis-en-risc-de-despoblacio\/\"]}]},{\"@type\":\"ImageObject\",\"inLanguage\":\"ca\",\"@id\":\"https:\/\/portelldemorella.org\/ca\/el-gr-331-els-ports-cami-de-conquesta-rep-a-portell-el-premi-sender-de-lany-en-municipis-en-risc-de-despoblacio\/#primaryimage\",\"url\":\"https:\/\/portelldemorella.org\/wp-content\/uploads\/2025\/09\/PREMIO-SENDERO-DEL-ANO-2024-DESPOBLACION_page-0001-scaled.jpg\",\"contentUrl\":\"https:\/\/portelldemorella.org\/wp-content\/uploads\/2025\/09\/PREMIO-SENDERO-DEL-ANO-2024-DESPOBLACION_page-0001-scaled.jpg\",\"width\":1440,\"height\":2560},{\"@type\":\"BreadcrumbList\",\"@id\":\"https:\/\/portelldemorella.org\/ca\/el-gr-331-els-ports-cami-de-conquesta-rep-a-portell-el-premi-sender-de-lany-en-municipis-en-risc-de-despoblacio\/#breadcrumb\",\"itemListElement\":[{\"@type\":\"ListItem\",\"position\":1,\"name\":\"Portada\",\"item\":\"https:\/\/portelldemorella.org\/ca\/\"},{\"@type\":\"ListItem\",\"position\":2,\"name\":\"El GR 331 Els Ports &#8211; Cam\u00ed de Conquesta rep a Portell el Premi Sender de l\u2019Any en municipis en risc de despoblaci\u00f3\"}]},{\"@type\":\"WebSite\",\"@id\":\"https:\/\/portelldemorella.org\/#website\",\"url\":\"https:\/\/portelldemorella.org\/\",\"name\":\"Portell de Morella\",\"description\":\"Web del Ayuntamiento de Portell de Morella\",\"publisher\":{\"@id\":\"https:\/\/portelldemorella.org\/#organization\"},\"potentialAction\":[{\"@type\":\"SearchAction\",\"target\":{\"@type\":\"EntryPoint\",\"urlTemplate\":\"https:\/\/portelldemorella.org\/?s={search_term_string}\"},\"query-input\":{\"@type\":\"PropertyValueSpecification\",\"valueRequired\":true,\"valueName\":\"search_term_string\"}}],\"inLanguage\":\"ca\"},{\"@type\":\"Organization\",\"@id\":\"https:\/\/portelldemorella.org\/#organization\",\"name\":\"Portell de Morella\",\"url\":\"https:\/\/portelldemorella.org\/\",\"logo\":{\"@type\":\"ImageObject\",\"inLanguage\":\"ca\",\"@id\":\"https:\/\/portelldemorella.org\/#\/schema\/logo\/image\/\",\"url\":\"https:\/\/portelldemorella.org\/wp-content\/uploads\/2020\/11\/Escudo-Portell-04.jpg\",\"contentUrl\":\"https:\/\/portelldemorella.org\/wp-content\/uploads\/2020\/11\/Escudo-Portell-04.jpg\",\"width\":1001,\"height\":394,\"caption\":\"Portell de Morella\"},\"image\":{\"@id\":\"https:\/\/portelldemorella.org\/#\/schema\/logo\/image\/\"}},{\"@type\":\"Person\",\"@id\":\"https:\/\/portelldemorella.org\/#\/schema\/person\/2adde77c454244acd163488ec723a88b\",\"name\":\"portell\",\"image\":{\"@type\":\"ImageObject\",\"inLanguage\":\"ca\",\"@id\":\"https:\/\/portelldemorella.org\/#\/schema\/person\/image\/\",\"url\":\"https:\/\/secure.gravatar.com\/avatar\/077c6bd89604df620d2fa93a06be2531944cdd6826fd322dbd8b483fd84d6407?s=96&d=mm&r=g\",\"contentUrl\":\"https:\/\/secure.gravatar.com\/avatar\/077c6bd89604df620d2fa93a06be2531944cdd6826fd322dbd8b483fd84d6407?s=96&d=mm&r=g\",\"caption\":\"portell\"},\"sameAs\":[\"https:\/\/portelldemorella.org\"],\"url\":\"https:\/\/portelldemorella.org\/ca\/author\/portell\/\"}]}<\/script>\n<!-- \/ Yoast SEO plugin. -->","yoast_head_json":{"title":"El GR 331 Els Ports - Cam\u00ed de Conquesta rep a Portell el Premi Sender de l\u2019Any en municipis en risc de despoblaci\u00f3 - Portell de Morella","robots":{"index":"noindex","follow":"follow","max-snippet":"max-snippet:-1","max-image-preview":"max-image-preview:large","max-video-preview":"max-video-preview:-1"},"og_locale":"ca_ES","og_type":"article","og_title":"El GR 331 Els Ports - Cam\u00ed de Conquesta rep a Portell el Premi Sender de l\u2019Any en municipis en risc de despoblaci\u00f3 - Portell de Morella","og_description":"Portell de Morella acollir\u00e0 el pr\u00f2xim 25 de setembre l\u2019acte de lliurament del Premi Sender de l\u2019Any 2024 en la categoria de municipis en risc de despoblaci\u00f3, un guard\u00f3 que organitza la Federaci\u00f3 d\u2019Esports de Muntanya i Escalada de la Comunitat Valenciana i la FVMP. L\u2019esdeveniment servir\u00e0 per a recon\u00e9ixer el GR 331 Els Ports [&hellip;]","og_url":"https:\/\/portelldemorella.org\/ca\/el-gr-331-els-ports-cami-de-conquesta-rep-a-portell-el-premi-sender-de-lany-en-municipis-en-risc-de-despoblacio\/","og_site_name":"Portell de Morella","article_published_time":"2025-09-10T11:09:18+00:00","article_modified_time":"2025-09-10T11:10:41+00:00","og_image":[{"width":1440,"height":2560,"url":"https:\/\/portelldemorella.org\/wp-content\/uploads\/2025\/09\/PREMIO-SENDERO-DEL-ANO-2024-DESPOBLACION_page-0001-scaled.jpg","type":"image\/jpeg"}],"author":"portell","twitter_card":"summary_large_image","twitter_misc":{"Escrit per":"portell","Temps estimat de lectura":"2 minuts"},"schema":{"@context":"https:\/\/schema.org","@graph":[{"@type":"Article","@id":"https:\/\/portelldemorella.org\/ca\/el-gr-331-els-ports-cami-de-conquesta-rep-a-portell-el-premi-sender-de-lany-en-municipis-en-risc-de-despoblacio\/#article","isPartOf":{"@id":"https:\/\/portelldemorella.org\/ca\/el-gr-331-els-ports-cami-de-conquesta-rep-a-portell-el-premi-sender-de-lany-en-municipis-en-risc-de-despoblacio\/"},"author":{"name":"portell","@id":"https:\/\/portelldemorella.org\/#\/schema\/person\/2adde77c454244acd163488ec723a88b"},"headline":"El GR 331 Els Ports &#8211; Cam\u00ed de Conquesta rep a Portell el Premi Sender de l\u2019Any en municipis en risc de despoblaci\u00f3","datePublished":"2025-09-10T11:09:18+00:00","dateModified":"2025-09-10T11:10:41+00:00","mainEntityOfPage":{"@id":"https:\/\/portelldemorella.org\/ca\/el-gr-331-els-ports-cami-de-conquesta-rep-a-portell-el-premi-sender-de-lany-en-municipis-en-risc-de-despoblacio\/"},"wordCount":298,"commentCount":0,"publisher":{"@id":"https:\/\/portelldemorella.org\/#organization"},"image":{"@id":"https:\/\/portelldemorella.org\/ca\/el-gr-331-els-ports-cami-de-conquesta-rep-a-portell-el-premi-sender-de-lany-en-municipis-en-risc-de-despoblacio\/#primaryimage"},"thumbnailUrl":"https:\/\/portelldemorella.org\/wp-content\/uploads\/2025\/09\/PREMIO-SENDERO-DEL-ANO-2024-DESPOBLACION_page-0001-scaled.jpg","keywords":["portell"],"articleSection":["Ayuntamiento"],"inLanguage":"ca","potentialAction":[{"@type":"CommentAction","name":"Comment","target":["https:\/\/portelldemorella.org\/ca\/el-gr-331-els-ports-cami-de-conquesta-rep-a-portell-el-premi-sender-de-lany-en-municipis-en-risc-de-despoblacio\/#respond"]}]},{"@type":"WebPage","@id":"https:\/\/portelldemorella.org\/ca\/el-gr-331-els-ports-cami-de-conquesta-rep-a-portell-el-premi-sender-de-lany-en-municipis-en-risc-de-despoblacio\/","url":"https:\/\/portelldemorella.org\/ca\/el-gr-331-els-ports-cami-de-conquesta-rep-a-portell-el-premi-sender-de-lany-en-municipis-en-risc-de-despoblacio\/","name":"El GR 331 Els Ports - Cam\u00ed de Conquesta rep a Portell el Premi Sender de l\u2019Any en municipis en risc de despoblaci\u00f3 - Portell de Morella","isPartOf":{"@id":"https:\/\/portelldemorella.org\/#website"},"primaryImageOfPage":{"@id":"https:\/\/portelldemorella.org\/ca\/el-gr-331-els-ports-cami-de-conquesta-rep-a-portell-el-premi-sender-de-lany-en-municipis-en-risc-de-despoblacio\/#primaryimage"},"image":{"@id":"https:\/\/portelldemorella.org\/ca\/el-gr-331-els-ports-cami-de-conquesta-rep-a-portell-el-premi-sender-de-lany-en-municipis-en-risc-de-despoblacio\/#primaryimage"},"thumbnailUrl":"https:\/\/portelldemorella.org\/wp-content\/uploads\/2025\/09\/PREMIO-SENDERO-DEL-ANO-2024-DESPOBLACION_page-0001-scaled.jpg","datePublished":"2025-09-10T11:09:18+00:00","dateModified":"2025-09-10T11:10:41+00:00","breadcrumb":{"@id":"https:\/\/portelldemorella.org\/ca\/el-gr-331-els-ports-cami-de-conquesta-rep-a-portell-el-premi-sender-de-lany-en-municipis-en-risc-de-despoblacio\/#breadcrumb"},"inLanguage":"ca","potentialAction":[{"@type":"ReadAction","target":["https:\/\/portelldemorella.org\/ca\/el-gr-331-els-ports-cami-de-conquesta-rep-a-portell-el-premi-sender-de-lany-en-municipis-en-risc-de-despoblacio\/"]}]},{"@type":"ImageObject","inLanguage":"ca","@id":"https:\/\/portelldemorella.org\/ca\/el-gr-331-els-ports-cami-de-conquesta-rep-a-portell-el-premi-sender-de-lany-en-municipis-en-risc-de-despoblacio\/#primaryimage","url":"https:\/\/portelldemorella.org\/wp-content\/uploads\/2025\/09\/PREMIO-SENDERO-DEL-ANO-2024-DESPOBLACION_page-0001-scaled.jpg","contentUrl":"https:\/\/portelldemorella.org\/wp-content\/uploads\/2025\/09\/PREMIO-SENDERO-DEL-ANO-2024-DESPOBLACION_page-0001-scaled.jpg","width":1440,"height":2560},{"@type":"BreadcrumbList","@id":"https:\/\/portelldemorella.org\/ca\/el-gr-331-els-ports-cami-de-conquesta-rep-a-portell-el-premi-sender-de-lany-en-municipis-en-risc-de-despoblacio\/#breadcrumb","itemListElement":[{"@type":"ListItem","position":1,"name":"Portada","item":"https:\/\/portelldemorella.org\/ca\/"},{"@type":"ListItem","position":2,"name":"El GR 331 Els Ports &#8211; Cam\u00ed de Conquesta rep a Portell el Premi Sender de l\u2019Any en municipis en risc de despoblaci\u00f3"}]},{"@type":"WebSite","@id":"https:\/\/portelldemorella.org\/#website","url":"https:\/\/portelldemorella.org\/","name":"Portell de Morella","description":"Web del Ayuntamiento de Portell de Morella","publisher":{"@id":"https:\/\/portelldemorella.org\/#organization"},"potentialAction":[{"@type":"SearchAction","target":{"@type":"EntryPoint","urlTemplate":"https:\/\/portelldemorella.org\/?s={search_term_string}"},"query-input":{"@type":"PropertyValueSpecification","valueRequired":true,"valueName":"search_term_string"}}],"inLanguage":"ca"},{"@type":"Organization","@id":"https:\/\/portelldemorella.org\/#organization","name":"Portell de Morella","url":"https:\/\/portelldemorella.org\/","logo":{"@type":"ImageObject","inLanguage":"ca","@id":"https:\/\/portelldemorella.org\/#\/schema\/logo\/image\/","url":"https:\/\/portelldemorella.org\/wp-content\/uploads\/2020\/11\/Escudo-Portell-04.jpg","contentUrl":"https:\/\/portelldemorella.org\/wp-content\/uploads\/2020\/11\/Escudo-Portell-04.jpg","width":1001,"height":394,"caption":"Portell de Morella"},"image":{"@id":"https:\/\/portelldemorella.org\/#\/schema\/logo\/image\/"}},{"@type":"Person","@id":"https:\/\/portelldemorella.org\/#\/schema\/person\/2adde77c454244acd163488ec723a88b","name":"portell","image":{"@type":"ImageObject","inLanguage":"ca","@id":"https:\/\/portelldemorella.org\/#\/schema\/person\/image\/","url":"https:\/\/secure.gravatar.com\/avatar\/077c6bd89604df620d2fa93a06be2531944cdd6826fd322dbd8b483fd84d6407?s=96&d=mm&r=g","contentUrl":"https:\/\/secure.gravatar.com\/avatar\/077c6bd89604df620d2fa93a06be2531944cdd6826fd322dbd8b483fd84d6407?s=96&d=mm&r=g","caption":"portell"},"sameAs":["https:\/\/portelldemorella.org"],"url":"https:\/\/portelldemorella.org\/ca\/author\/portell\/"}]}},"_links":{"self":[{"href":"https:\/\/portelldemorella.org\/ca\/wp-json\/wp\/v2\/posts\/8511","targetHints":{"allow":["GET"]}}],"collection":[{"href":"https:\/\/portelldemorella.org\/ca\/wp-json\/wp\/v2\/posts"}],"about":[{"href":"https:\/\/portelldemorella.org\/ca\/wp-json\/wp\/v2\/types\/post"}],"author":[{"embeddable":true,"href":"https:\/\/portelldemorella.org\/ca\/wp-json\/wp\/v2\/users\/1"}],"replies":[{"embeddable":true,"href":"https:\/\/portelldemorella.org\/ca\/wp-json\/wp\/v2\/comments?post=8511"}],"version-history":[{"count":1,"href":"https:\/\/portelldemorella.org\/ca\/wp-json\/wp\/v2\/posts\/8511\/revisions"}],"predecessor-version":[{"id":8512,"href":"https:\/\/portelldemorella.org\/ca\/wp-json\/wp\/v2\/posts\/8511\/revisions\/8512"}],"wp:featuredmedia":[{"embeddable":true,"href":"https:\/\/portelldemorella.org\/ca\/wp-json\/wp\/v2\/media\/8509"}],"wp:attachment":[{"href":"https:\/\/portelldemorella.org\/ca\/wp-json\/wp\/v2\/media?parent=8511"}],"wp:term":[{"taxonomy":"category","embeddable":true,"href":"https:\/\/portelldemorella.org\/ca\/wp-json\/wp\/v2\/categories?post=8511"},{"taxonomy":"post_tag","embeddable":true,"href":"https:\/\/portelldemorella.org\/ca\/wp-json\/wp\/v2\/tags?post=8511"}],"curies":[{"name":"wp","href":"https:\/\/api.w.org\/{rel}","templated":true}]}}