{"id":8518,"date":"2025-09-16T09:22:38","date_gmt":"2025-09-16T09:22:38","guid":{"rendered":"https:\/\/portelldemorella.org\/?p=8518"},"modified":"2025-09-16T09:22:39","modified_gmt":"2025-09-16T09:22:39","slug":"portell-reivindica-el-consum-conscient-i-el-paper-de-les-dones-emprenedores-amb-la-primera-fira-textil-i-productes-de-la-terra","status":"publish","type":"post","link":"https:\/\/portelldemorella.org\/ca\/portell-reivindica-el-consum-conscient-i-el-paper-de-les-dones-emprenedores-amb-la-primera-fira-textil-i-productes-de-la-terra\/","title":{"rendered":"Portell reivindica el consum conscient i el paper de les dones emprenedores amb la primera Fira T\u00e8xtil i Productes de la Terra"},"content":{"rendered":"\n<p>Portell celebra aquest dissabte, 20 de setembre, la primera edici\u00f3 de la Fira T\u00e8xtil i Productes de la Terra, una jornada que busca reivindicar el consum conscient, el treball artesanal i el paper transformador de les dones emprenedores en un context de despoblament. La proposta, organitzada per l\u2019Ajuntament de Portell i la Cooperativa Micel\u00b7li, forma part del projecte Teixint Portell i convida a viure el poble com un espai de trobada, creaci\u00f3 i economia amb valors.<\/p>\n\n\n\n<p>Durant tot el dia, el poble lluir\u00e0 una decoraci\u00f3 especial de teles per acollir una combinaci\u00f3 d\u2019activitats pensades per a tots els p\u00fablics: tallers gratu\u00efts de t\u00e8cniques t\u00e8xtils tradicionals i contempor\u00e0nies, m\u00fasica en directe, una trobada de dones i projectes del sector amb una mostra de m\u00e9s d\u2019una vintena de paradetes vinculades als \u00e0mbits t\u00e8xtil, artesanal i agroalimentari. La programaci\u00f3 arrencar\u00e0 a les 10.00 h amb l\u2019obertura de la fira, i continuar\u00e0 amb tallers des de les 10.30 h, dinar popular, espais de di\u00e0leg i un concert de la cantautora Xiomara Abello a les 18.00 h. Hi haur\u00e0 tallers de brodat lliure, mini-telar, confecci\u00f3 d\u2019espardenyes, costura creativa i reparaci\u00f3 de peces, a m\u00e9s d\u2019una proposta final centrada en les arrels artesanes de Portell, impulsada pel Grup de Dones del municipi.<\/p>\n\n\n\n<p>La Fira vol ser tamb\u00e9 una finestra per donar visibilitat a projectes que treballen des de la sostenibilitat, la reutilitzaci\u00f3 i l\u2019economia circular, amb productes fets a m\u00e0, reciclats o elaborats amb criteris ecol\u00f2gics i de proximitat. \u201cAmb aquesta fira volem obrir un espai on compartir coneixements, donar suport a iniciatives valentes i mostrar que des dels pobles tamb\u00e9 podem impulsar un canvi de model. Portell vol ser un lloc on la innovaci\u00f3 i la tradici\u00f3 es donen la m\u00e0\u201d, assenyala l\u2019organitzaci\u00f3.<\/p>\n\n\n\n<p>L\u2019esdeveniment compta amb la col\u00b7laboraci\u00f3 de la Comissi\u00f3 de Festes i el Grup de Dones de Portell, i amb el finan\u00e7ament del Ministeri d\u2019Igualtat, l\u2019Institut de les Dones i la Federaci\u00f3 Espanyola de Municipis i Prov\u00edncies (FEMP).<\/p>\n","protected":false},"excerpt":{"rendered":"<p>Portell celebra aquest dissabte, 20 de setembre, la primera edici\u00f3 de la Fira T\u00e8xtil i Productes de la Terra, una jornada que busca reivindicar el consum conscient, el treball artesanal i el paper transformador de les dones emprenedores en un context de despoblament. La proposta, organitzada per l\u2019Ajuntament de Portell i la Cooperativa Micel\u00b7li, forma [&hellip;]<\/p>\n","protected":false},"author":1,"featured_media":8516,"comment_status":"open","ping_status":"open","sticky":false,"template":"","format":"standard","meta":{"footnotes":""},"categories":[97],"tags":[107],"class_list":["post-8518","post","type-post","status-publish","format-standard","has-post-thumbnail","hentry","category-ayuntamiento-ca","tag-portell-ca"],"yoast_head":"<!-- This site is optimized with the Yoast SEO plugin v24.4 - https:\/\/yoast.com\/wordpress\/plugins\/seo\/ -->\n<title>Portell reivindica el consum conscient i el paper de les dones emprenedores amb la primera Fira T\u00e8xtil i Productes de la Terra - Portell de Morella<\/title>\n<meta name=\"robots\" content=\"noindex, follow, max-snippet:-1, max-image-preview:large, max-video-preview:-1\" \/>\n<meta property=\"og:locale\" content=\"ca_ES\" \/>\n<meta property=\"og:type\" content=\"article\" \/>\n<meta property=\"og:title\" content=\"Portell reivindica el consum conscient i el paper de les dones emprenedores amb la primera Fira T\u00e8xtil i Productes de la Terra - Portell de Morella\" \/>\n<meta property=\"og:description\" content=\"Portell celebra aquest dissabte, 20 de setembre, la primera edici\u00f3 de la Fira T\u00e8xtil i Productes de la Terra, una jornada que busca reivindicar el consum conscient, el treball artesanal i el paper transformador de les dones emprenedores en un context de despoblament. La proposta, organitzada per l\u2019Ajuntament de Portell i la Cooperativa Micel\u00b7li, forma [&hellip;]\" \/>\n<meta property=\"og:url\" content=\"https:\/\/portelldemorella.org\/ca\/portell-reivindica-el-consum-conscient-i-el-paper-de-les-dones-emprenedores-amb-la-primera-fira-textil-i-productes-de-la-terra\/\" \/>\n<meta property=\"og:site_name\" content=\"Portell de Morella\" \/>\n<meta property=\"article:published_time\" content=\"2025-09-16T09:22:38+00:00\" \/>\n<meta property=\"article:modified_time\" content=\"2025-09-16T09:22:39+00:00\" \/>\n<meta property=\"og:image\" content=\"https:\/\/portelldemorella.org\/wp-content\/uploads\/2025\/09\/portell.jpeg\" \/>\n\t<meta property=\"og:image:width\" content=\"1131\" \/>\n\t<meta property=\"og:image:height\" content=\"1600\" \/>\n\t<meta property=\"og:image:type\" content=\"image\/jpeg\" \/>\n<meta name=\"author\" content=\"portell\" \/>\n<meta name=\"twitter:card\" content=\"summary_large_image\" \/>\n<meta name=\"twitter:label1\" content=\"Escrit per\" \/>\n\t<meta name=\"twitter:data1\" content=\"portell\" \/>\n\t<meta name=\"twitter:label2\" content=\"Temps estimat de lectura\" \/>\n\t<meta name=\"twitter:data2\" content=\"2 minuts\" \/>\n<script type=\"application\/ld+json\" class=\"yoast-schema-graph\">{\"@context\":\"https:\/\/schema.org\",\"@graph\":[{\"@type\":\"Article\",\"@id\":\"https:\/\/portelldemorella.org\/ca\/portell-reivindica-el-consum-conscient-i-el-paper-de-les-dones-emprenedores-amb-la-primera-fira-textil-i-productes-de-la-terra\/#article\",\"isPartOf\":{\"@id\":\"https:\/\/portelldemorella.org\/ca\/portell-reivindica-el-consum-conscient-i-el-paper-de-les-dones-emprenedores-amb-la-primera-fira-textil-i-productes-de-la-terra\/\"},\"author\":{\"name\":\"portell\",\"@id\":\"https:\/\/portelldemorella.org\/#\/schema\/person\/2adde77c454244acd163488ec723a88b\"},\"headline\":\"Portell reivindica el consum conscient i el paper de les dones emprenedores amb la primera Fira T\u00e8xtil i Productes de la Terra\",\"datePublished\":\"2025-09-16T09:22:38+00:00\",\"dateModified\":\"2025-09-16T09:22:39+00:00\",\"mainEntityOfPage\":{\"@id\":\"https:\/\/portelldemorella.org\/ca\/portell-reivindica-el-consum-conscient-i-el-paper-de-les-dones-emprenedores-amb-la-primera-fira-textil-i-productes-de-la-terra\/\"},\"wordCount\":371,\"commentCount\":0,\"publisher\":{\"@id\":\"https:\/\/portelldemorella.org\/#organization\"},\"image\":{\"@id\":\"https:\/\/portelldemorella.org\/ca\/portell-reivindica-el-consum-conscient-i-el-paper-de-les-dones-emprenedores-amb-la-primera-fira-textil-i-productes-de-la-terra\/#primaryimage\"},\"thumbnailUrl\":\"https:\/\/portelldemorella.org\/wp-content\/uploads\/2025\/09\/portell.jpeg\",\"keywords\":[\"portell\"],\"articleSection\":[\"Ayuntamiento\"],\"inLanguage\":\"ca\",\"potentialAction\":[{\"@type\":\"CommentAction\",\"name\":\"Comment\",\"target\":[\"https:\/\/portelldemorella.org\/ca\/portell-reivindica-el-consum-conscient-i-el-paper-de-les-dones-emprenedores-amb-la-primera-fira-textil-i-productes-de-la-terra\/#respond\"]}]},{\"@type\":\"WebPage\",\"@id\":\"https:\/\/portelldemorella.org\/ca\/portell-reivindica-el-consum-conscient-i-el-paper-de-les-dones-emprenedores-amb-la-primera-fira-textil-i-productes-de-la-terra\/\",\"url\":\"https:\/\/portelldemorella.org\/ca\/portell-reivindica-el-consum-conscient-i-el-paper-de-les-dones-emprenedores-amb-la-primera-fira-textil-i-productes-de-la-terra\/\",\"name\":\"Portell reivindica el consum conscient i el paper de les dones emprenedores amb la primera Fira T\u00e8xtil i Productes de la Terra - Portell de Morella\",\"isPartOf\":{\"@id\":\"https:\/\/portelldemorella.org\/#website\"},\"primaryImageOfPage\":{\"@id\":\"https:\/\/portelldemorella.org\/ca\/portell-reivindica-el-consum-conscient-i-el-paper-de-les-dones-emprenedores-amb-la-primera-fira-textil-i-productes-de-la-terra\/#primaryimage\"},\"image\":{\"@id\":\"https:\/\/portelldemorella.org\/ca\/portell-reivindica-el-consum-conscient-i-el-paper-de-les-dones-emprenedores-amb-la-primera-fira-textil-i-productes-de-la-terra\/#primaryimage\"},\"thumbnailUrl\":\"https:\/\/portelldemorella.org\/wp-content\/uploads\/2025\/09\/portell.jpeg\",\"datePublished\":\"2025-09-16T09:22:38+00:00\",\"dateModified\":\"2025-09-16T09:22:39+00:00\",\"breadcrumb\":{\"@id\":\"https:\/\/portelldemorella.org\/ca\/portell-reivindica-el-consum-conscient-i-el-paper-de-les-dones-emprenedores-amb-la-primera-fira-textil-i-productes-de-la-terra\/#breadcrumb\"},\"inLanguage\":\"ca\",\"potentialAction\":[{\"@type\":\"ReadAction\",\"target\":[\"https:\/\/portelldemorella.org\/ca\/portell-reivindica-el-consum-conscient-i-el-paper-de-les-dones-emprenedores-amb-la-primera-fira-textil-i-productes-de-la-terra\/\"]}]},{\"@type\":\"ImageObject\",\"inLanguage\":\"ca\",\"@id\":\"https:\/\/portelldemorella.org\/ca\/portell-reivindica-el-consum-conscient-i-el-paper-de-les-dones-emprenedores-amb-la-primera-fira-textil-i-productes-de-la-terra\/#primaryimage\",\"url\":\"https:\/\/portelldemorella.org\/wp-content\/uploads\/2025\/09\/portell.jpeg\",\"contentUrl\":\"https:\/\/portelldemorella.org\/wp-content\/uploads\/2025\/09\/portell.jpeg\",\"width\":1131,\"height\":1600},{\"@type\":\"BreadcrumbList\",\"@id\":\"https:\/\/portelldemorella.org\/ca\/portell-reivindica-el-consum-conscient-i-el-paper-de-les-dones-emprenedores-amb-la-primera-fira-textil-i-productes-de-la-terra\/#breadcrumb\",\"itemListElement\":[{\"@type\":\"ListItem\",\"position\":1,\"name\":\"Portada\",\"item\":\"https:\/\/portelldemorella.org\/ca\/\"},{\"@type\":\"ListItem\",\"position\":2,\"name\":\"Portell reivindica el consum conscient i el paper de les dones emprenedores amb la primera Fira T\u00e8xtil i Productes de la Terra\"}]},{\"@type\":\"WebSite\",\"@id\":\"https:\/\/portelldemorella.org\/#website\",\"url\":\"https:\/\/portelldemorella.org\/\",\"name\":\"Portell de Morella\",\"description\":\"Web del Ayuntamiento de Portell de Morella\",\"publisher\":{\"@id\":\"https:\/\/portelldemorella.org\/#organization\"},\"potentialAction\":[{\"@type\":\"SearchAction\",\"target\":{\"@type\":\"EntryPoint\",\"urlTemplate\":\"https:\/\/portelldemorella.org\/?s={search_term_string}\"},\"query-input\":{\"@type\":\"PropertyValueSpecification\",\"valueRequired\":true,\"valueName\":\"search_term_string\"}}],\"inLanguage\":\"ca\"},{\"@type\":\"Organization\",\"@id\":\"https:\/\/portelldemorella.org\/#organization\",\"name\":\"Portell de Morella\",\"url\":\"https:\/\/portelldemorella.org\/\",\"logo\":{\"@type\":\"ImageObject\",\"inLanguage\":\"ca\",\"@id\":\"https:\/\/portelldemorella.org\/#\/schema\/logo\/image\/\",\"url\":\"https:\/\/portelldemorella.org\/wp-content\/uploads\/2020\/11\/Escudo-Portell-04.jpg\",\"contentUrl\":\"https:\/\/portelldemorella.org\/wp-content\/uploads\/2020\/11\/Escudo-Portell-04.jpg\",\"width\":1001,\"height\":394,\"caption\":\"Portell de Morella\"},\"image\":{\"@id\":\"https:\/\/portelldemorella.org\/#\/schema\/logo\/image\/\"}},{\"@type\":\"Person\",\"@id\":\"https:\/\/portelldemorella.org\/#\/schema\/person\/2adde77c454244acd163488ec723a88b\",\"name\":\"portell\",\"image\":{\"@type\":\"ImageObject\",\"inLanguage\":\"ca\",\"@id\":\"https:\/\/portelldemorella.org\/#\/schema\/person\/image\/\",\"url\":\"https:\/\/secure.gravatar.com\/avatar\/077c6bd89604df620d2fa93a06be2531944cdd6826fd322dbd8b483fd84d6407?s=96&d=mm&r=g\",\"contentUrl\":\"https:\/\/secure.gravatar.com\/avatar\/077c6bd89604df620d2fa93a06be2531944cdd6826fd322dbd8b483fd84d6407?s=96&d=mm&r=g\",\"caption\":\"portell\"},\"sameAs\":[\"https:\/\/portelldemorella.org\"],\"url\":\"https:\/\/portelldemorella.org\/ca\/author\/portell\/\"}]}<\/script>\n<!-- \/ Yoast SEO plugin. -->","yoast_head_json":{"title":"Portell reivindica el consum conscient i el paper de les dones emprenedores amb la primera Fira T\u00e8xtil i Productes de la Terra - Portell de Morella","robots":{"index":"noindex","follow":"follow","max-snippet":"max-snippet:-1","max-image-preview":"max-image-preview:large","max-video-preview":"max-video-preview:-1"},"og_locale":"ca_ES","og_type":"article","og_title":"Portell reivindica el consum conscient i el paper de les dones emprenedores amb la primera Fira T\u00e8xtil i Productes de la Terra - Portell de Morella","og_description":"Portell celebra aquest dissabte, 20 de setembre, la primera edici\u00f3 de la Fira T\u00e8xtil i Productes de la Terra, una jornada que busca reivindicar el consum conscient, el treball artesanal i el paper transformador de les dones emprenedores en un context de despoblament. La proposta, organitzada per l\u2019Ajuntament de Portell i la Cooperativa Micel\u00b7li, forma [&hellip;]","og_url":"https:\/\/portelldemorella.org\/ca\/portell-reivindica-el-consum-conscient-i-el-paper-de-les-dones-emprenedores-amb-la-primera-fira-textil-i-productes-de-la-terra\/","og_site_name":"Portell de Morella","article_published_time":"2025-09-16T09:22:38+00:00","article_modified_time":"2025-09-16T09:22:39+00:00","og_image":[{"width":1131,"height":1600,"url":"https:\/\/portelldemorella.org\/wp-content\/uploads\/2025\/09\/portell.jpeg","type":"image\/jpeg"}],"author":"portell","twitter_card":"summary_large_image","twitter_misc":{"Escrit per":"portell","Temps estimat de lectura":"2 minuts"},"schema":{"@context":"https:\/\/schema.org","@graph":[{"@type":"Article","@id":"https:\/\/portelldemorella.org\/ca\/portell-reivindica-el-consum-conscient-i-el-paper-de-les-dones-emprenedores-amb-la-primera-fira-textil-i-productes-de-la-terra\/#article","isPartOf":{"@id":"https:\/\/portelldemorella.org\/ca\/portell-reivindica-el-consum-conscient-i-el-paper-de-les-dones-emprenedores-amb-la-primera-fira-textil-i-productes-de-la-terra\/"},"author":{"name":"portell","@id":"https:\/\/portelldemorella.org\/#\/schema\/person\/2adde77c454244acd163488ec723a88b"},"headline":"Portell reivindica el consum conscient i el paper de les dones emprenedores amb la primera Fira T\u00e8xtil i Productes de la Terra","datePublished":"2025-09-16T09:22:38+00:00","dateModified":"2025-09-16T09:22:39+00:00","mainEntityOfPage":{"@id":"https:\/\/portelldemorella.org\/ca\/portell-reivindica-el-consum-conscient-i-el-paper-de-les-dones-emprenedores-amb-la-primera-fira-textil-i-productes-de-la-terra\/"},"wordCount":371,"commentCount":0,"publisher":{"@id":"https:\/\/portelldemorella.org\/#organization"},"image":{"@id":"https:\/\/portelldemorella.org\/ca\/portell-reivindica-el-consum-conscient-i-el-paper-de-les-dones-emprenedores-amb-la-primera-fira-textil-i-productes-de-la-terra\/#primaryimage"},"thumbnailUrl":"https:\/\/portelldemorella.org\/wp-content\/uploads\/2025\/09\/portell.jpeg","keywords":["portell"],"articleSection":["Ayuntamiento"],"inLanguage":"ca","potentialAction":[{"@type":"CommentAction","name":"Comment","target":["https:\/\/portelldemorella.org\/ca\/portell-reivindica-el-consum-conscient-i-el-paper-de-les-dones-emprenedores-amb-la-primera-fira-textil-i-productes-de-la-terra\/#respond"]}]},{"@type":"WebPage","@id":"https:\/\/portelldemorella.org\/ca\/portell-reivindica-el-consum-conscient-i-el-paper-de-les-dones-emprenedores-amb-la-primera-fira-textil-i-productes-de-la-terra\/","url":"https:\/\/portelldemorella.org\/ca\/portell-reivindica-el-consum-conscient-i-el-paper-de-les-dones-emprenedores-amb-la-primera-fira-textil-i-productes-de-la-terra\/","name":"Portell reivindica el consum conscient i el paper de les dones emprenedores amb la primera Fira T\u00e8xtil i Productes de la Terra - Portell de Morella","isPartOf":{"@id":"https:\/\/portelldemorella.org\/#website"},"primaryImageOfPage":{"@id":"https:\/\/portelldemorella.org\/ca\/portell-reivindica-el-consum-conscient-i-el-paper-de-les-dones-emprenedores-amb-la-primera-fira-textil-i-productes-de-la-terra\/#primaryimage"},"image":{"@id":"https:\/\/portelldemorella.org\/ca\/portell-reivindica-el-consum-conscient-i-el-paper-de-les-dones-emprenedores-amb-la-primera-fira-textil-i-productes-de-la-terra\/#primaryimage"},"thumbnailUrl":"https:\/\/portelldemorella.org\/wp-content\/uploads\/2025\/09\/portell.jpeg","datePublished":"2025-09-16T09:22:38+00:00","dateModified":"2025-09-16T09:22:39+00:00","breadcrumb":{"@id":"https:\/\/portelldemorella.org\/ca\/portell-reivindica-el-consum-conscient-i-el-paper-de-les-dones-emprenedores-amb-la-primera-fira-textil-i-productes-de-la-terra\/#breadcrumb"},"inLanguage":"ca","potentialAction":[{"@type":"ReadAction","target":["https:\/\/portelldemorella.org\/ca\/portell-reivindica-el-consum-conscient-i-el-paper-de-les-dones-emprenedores-amb-la-primera-fira-textil-i-productes-de-la-terra\/"]}]},{"@type":"ImageObject","inLanguage":"ca","@id":"https:\/\/portelldemorella.org\/ca\/portell-reivindica-el-consum-conscient-i-el-paper-de-les-dones-emprenedores-amb-la-primera-fira-textil-i-productes-de-la-terra\/#primaryimage","url":"https:\/\/portelldemorella.org\/wp-content\/uploads\/2025\/09\/portell.jpeg","contentUrl":"https:\/\/portelldemorella.org\/wp-content\/uploads\/2025\/09\/portell.jpeg","width":1131,"height":1600},{"@type":"BreadcrumbList","@id":"https:\/\/portelldemorella.org\/ca\/portell-reivindica-el-consum-conscient-i-el-paper-de-les-dones-emprenedores-amb-la-primera-fira-textil-i-productes-de-la-terra\/#breadcrumb","itemListElement":[{"@type":"ListItem","position":1,"name":"Portada","item":"https:\/\/portelldemorella.org\/ca\/"},{"@type":"ListItem","position":2,"name":"Portell reivindica el consum conscient i el paper de les dones emprenedores amb la primera Fira T\u00e8xtil i Productes de la Terra"}]},{"@type":"WebSite","@id":"https:\/\/portelldemorella.org\/#website","url":"https:\/\/portelldemorella.org\/","name":"Portell de Morella","description":"Web del Ayuntamiento de Portell de Morella","publisher":{"@id":"https:\/\/portelldemorella.org\/#organization"},"potentialAction":[{"@type":"SearchAction","target":{"@type":"EntryPoint","urlTemplate":"https:\/\/portelldemorella.org\/?s={search_term_string}"},"query-input":{"@type":"PropertyValueSpecification","valueRequired":true,"valueName":"search_term_string"}}],"inLanguage":"ca"},{"@type":"Organization","@id":"https:\/\/portelldemorella.org\/#organization","name":"Portell de Morella","url":"https:\/\/portelldemorella.org\/","logo":{"@type":"ImageObject","inLanguage":"ca","@id":"https:\/\/portelldemorella.org\/#\/schema\/logo\/image\/","url":"https:\/\/portelldemorella.org\/wp-content\/uploads\/2020\/11\/Escudo-Portell-04.jpg","contentUrl":"https:\/\/portelldemorella.org\/wp-content\/uploads\/2020\/11\/Escudo-Portell-04.jpg","width":1001,"height":394,"caption":"Portell de Morella"},"image":{"@id":"https:\/\/portelldemorella.org\/#\/schema\/logo\/image\/"}},{"@type":"Person","@id":"https:\/\/portelldemorella.org\/#\/schema\/person\/2adde77c454244acd163488ec723a88b","name":"portell","image":{"@type":"ImageObject","inLanguage":"ca","@id":"https:\/\/portelldemorella.org\/#\/schema\/person\/image\/","url":"https:\/\/secure.gravatar.com\/avatar\/077c6bd89604df620d2fa93a06be2531944cdd6826fd322dbd8b483fd84d6407?s=96&d=mm&r=g","contentUrl":"https:\/\/secure.gravatar.com\/avatar\/077c6bd89604df620d2fa93a06be2531944cdd6826fd322dbd8b483fd84d6407?s=96&d=mm&r=g","caption":"portell"},"sameAs":["https:\/\/portelldemorella.org"],"url":"https:\/\/portelldemorella.org\/ca\/author\/portell\/"}]}},"_links":{"self":[{"href":"https:\/\/portelldemorella.org\/ca\/wp-json\/wp\/v2\/posts\/8518","targetHints":{"allow":["GET"]}}],"collection":[{"href":"https:\/\/portelldemorella.org\/ca\/wp-json\/wp\/v2\/posts"}],"about":[{"href":"https:\/\/portelldemorella.org\/ca\/wp-json\/wp\/v2\/types\/post"}],"author":[{"embeddable":true,"href":"https:\/\/portelldemorella.org\/ca\/wp-json\/wp\/v2\/users\/1"}],"replies":[{"embeddable":true,"href":"https:\/\/portelldemorella.org\/ca\/wp-json\/wp\/v2\/comments?post=8518"}],"version-history":[{"count":1,"href":"https:\/\/portelldemorella.org\/ca\/wp-json\/wp\/v2\/posts\/8518\/revisions"}],"predecessor-version":[{"id":8519,"href":"https:\/\/portelldemorella.org\/ca\/wp-json\/wp\/v2\/posts\/8518\/revisions\/8519"}],"wp:featuredmedia":[{"embeddable":true,"href":"https:\/\/portelldemorella.org\/ca\/wp-json\/wp\/v2\/media\/8516"}],"wp:attachment":[{"href":"https:\/\/portelldemorella.org\/ca\/wp-json\/wp\/v2\/media?parent=8518"}],"wp:term":[{"taxonomy":"category","embeddable":true,"href":"https:\/\/portelldemorella.org\/ca\/wp-json\/wp\/v2\/categories?post=8518"},{"taxonomy":"post_tag","embeddable":true,"href":"https:\/\/portelldemorella.org\/ca\/wp-json\/wp\/v2\/tags?post=8518"}],"curies":[{"name":"wp","href":"https:\/\/api.w.org\/{rel}","templated":true}]}}