{"id":8524,"date":"2025-09-22T13:23:10","date_gmt":"2025-09-22T13:23:10","guid":{"rendered":"https:\/\/portelldemorella.org\/?p=8524"},"modified":"2025-09-22T13:23:10","modified_gmt":"2025-09-22T13:23:10","slug":"portell-sompli-dartesania-en-la-primera-fira-textil-i-de-productes-de-la-terra","status":"publish","type":"post","link":"https:\/\/portelldemorella.org\/ca\/portell-sompli-dartesania-en-la-primera-fira-textil-i-de-productes-de-la-terra\/","title":{"rendered":"Portell s&#8217;ompli d&#8217;artesania en la primera fira t\u00e8xtil i de productes de la terra"},"content":{"rendered":"\n<p>Portell ha estat un poble amb una gran cultura t\u00e8xtil. Un municipi que ha estat ple de teles, fils i costures que han anat creant la seua hist\u00f2ria. Un lloc \u00fanic i especial per a fer una fira que ha serivt d&#8217;altaveu per al sector t\u00e8xtil i els productes de la terra. La cooperativa social Micel\u00b7li Ambient, amb la col\u00b7laboraci\u00f3 de l&#8217;Ajuntament de Portell i associacions de la localitat, ha organitzat una jornada on l&#8217;artesania i les dones han estat les protagonistes.<\/p>\n\n\n\n<p>L&#8217;alcalde \u00c1lvaro Ferrer, juntament amb membres de Micel\u00b7li, la comissi\u00f3 de festes i el grup de dones de Portell, han estat els encarregats de donar el tret de sortida a una fira que ha rebut molts artesans i tamb\u00e9 visitants. El carrer Major ha estat l&#8217;escenari perqu\u00e8 centenars de venedors hagen mostrat els seus productes artesans, ja siguen t\u00e8xtils o d&#8217;altres materials. Durant el mat\u00ed, centenars de persones han passat per les diferents paradetes per veure el g\u00e8nere i poder gaudir, en algunes d&#8217;elles, de tallers organitzats pels mateixos venedors relacionats amb el t\u00e8xtil.<\/p>\n\n\n\n<p>A l&#8217;hora de dinar, m\u00e9s de 100 comensals s&#8217;han arrimat fins al Parador de Portell per gaudir d&#8217;un gran menjar de germanor. Ja amb la panxa plena, era l&#8217;hora de tornar a la fira i continuar comprant i gaudint de l&#8217;ambient. A mitja vesprada era el torn de la m\u00fasica amb la cantant Xiomara Abello. Un concert \u00fanic i molt especial on l&#8217;artista ha mostrat les seues can\u00e7ons, molt emotives i lligades a la terra.<\/p>\n\n\n\n<p>Aquesta primera fira t\u00e8xtil i de productes de la terra de Portell ha estat tot un \u00e8xit. Tot el poble s&#8217;ha bolcat per portar endavant una jornada que reivindica la import\u00e0ncia del sector t\u00e8xtil i dels productes artesans. Un dia ple d&#8217;activitats que, unides al bon temps, han fet que molta gent de pobles ve\u00efns haja passat per Portell a gaudir del dia. Els artesans han acabat amb molt bon sabor de boca i molts d&#8217;ells han vingut des de m\u00e9s enll\u00e0 de la prov\u00edncia per participar en una fira t\u00e8xtil i de productes artesans que, de ben segur, no ha tingut la seua \u00faltima edici\u00f3.<\/p>\n","protected":false},"excerpt":{"rendered":"<p>Portell ha estat un poble amb una gran cultura t\u00e8xtil. Un municipi que ha estat ple de teles, fils i costures que han anat creant la seua hist\u00f2ria. Un lloc \u00fanic i especial per a fer una fira que ha serivt d&#8217;altaveu per al sector t\u00e8xtil i els productes de la terra. La cooperativa social [&hellip;]<\/p>\n","protected":false},"author":1,"featured_media":8522,"comment_status":"open","ping_status":"open","sticky":false,"template":"","format":"standard","meta":{"footnotes":""},"categories":[97],"tags":[135,107],"class_list":["post-8524","post","type-post","status-publish","format-standard","has-post-thumbnail","hentry","category-ayuntamiento-ca","tag-els-ports","tag-portell-ca"],"yoast_head":"<!-- This site is optimized with the Yoast SEO plugin v24.4 - https:\/\/yoast.com\/wordpress\/plugins\/seo\/ -->\n<title>Portell s&#039;ompli d&#039;artesania en la primera fira t\u00e8xtil i de productes de la terra - Portell de Morella<\/title>\n<meta name=\"robots\" content=\"noindex, follow, max-snippet:-1, max-image-preview:large, max-video-preview:-1\" \/>\n<meta property=\"og:locale\" content=\"ca_ES\" \/>\n<meta property=\"og:type\" content=\"article\" \/>\n<meta property=\"og:title\" content=\"Portell s&#039;ompli d&#039;artesania en la primera fira t\u00e8xtil i de productes de la terra - Portell de Morella\" \/>\n<meta property=\"og:description\" content=\"Portell ha estat un poble amb una gran cultura t\u00e8xtil. Un municipi que ha estat ple de teles, fils i costures que han anat creant la seua hist\u00f2ria. Un lloc \u00fanic i especial per a fer una fira que ha serivt d&#8217;altaveu per al sector t\u00e8xtil i els productes de la terra. La cooperativa social [&hellip;]\" \/>\n<meta property=\"og:url\" content=\"https:\/\/portelldemorella.org\/ca\/portell-sompli-dartesania-en-la-primera-fira-textil-i-de-productes-de-la-terra\/\" \/>\n<meta property=\"og:site_name\" content=\"Portell de Morella\" \/>\n<meta property=\"article:published_time\" content=\"2025-09-22T13:23:10+00:00\" \/>\n<meta property=\"og:image\" content=\"https:\/\/portelldemorella.org\/wp-content\/uploads\/2025\/09\/Inauguracio-de-la-fira.jpg\" \/>\n\t<meta property=\"og:image:width\" content=\"738\" \/>\n\t<meta property=\"og:image:height\" content=\"492\" \/>\n\t<meta property=\"og:image:type\" content=\"image\/jpeg\" \/>\n<meta name=\"author\" content=\"portell\" \/>\n<meta name=\"twitter:card\" content=\"summary_large_image\" \/>\n<meta name=\"twitter:label1\" content=\"Escrit per\" \/>\n\t<meta name=\"twitter:data1\" content=\"portell\" \/>\n\t<meta name=\"twitter:label2\" content=\"Temps estimat de lectura\" \/>\n\t<meta name=\"twitter:data2\" content=\"2 minuts\" \/>\n<script type=\"application\/ld+json\" class=\"yoast-schema-graph\">{\"@context\":\"https:\/\/schema.org\",\"@graph\":[{\"@type\":\"Article\",\"@id\":\"https:\/\/portelldemorella.org\/ca\/portell-sompli-dartesania-en-la-primera-fira-textil-i-de-productes-de-la-terra\/#article\",\"isPartOf\":{\"@id\":\"https:\/\/portelldemorella.org\/ca\/portell-sompli-dartesania-en-la-primera-fira-textil-i-de-productes-de-la-terra\/\"},\"author\":{\"name\":\"portell\",\"@id\":\"https:\/\/portelldemorella.org\/#\/schema\/person\/2adde77c454244acd163488ec723a88b\"},\"headline\":\"Portell s&#8217;ompli d&#8217;artesania en la primera fira t\u00e8xtil i de productes de la terra\",\"datePublished\":\"2025-09-22T13:23:10+00:00\",\"mainEntityOfPage\":{\"@id\":\"https:\/\/portelldemorella.org\/ca\/portell-sompli-dartesania-en-la-primera-fira-textil-i-de-productes-de-la-terra\/\"},\"wordCount\":390,\"commentCount\":0,\"publisher\":{\"@id\":\"https:\/\/portelldemorella.org\/#organization\"},\"image\":{\"@id\":\"https:\/\/portelldemorella.org\/ca\/portell-sompli-dartesania-en-la-primera-fira-textil-i-de-productes-de-la-terra\/#primaryimage\"},\"thumbnailUrl\":\"https:\/\/portelldemorella.org\/wp-content\/uploads\/2025\/09\/Inauguracio-de-la-fira.jpg\",\"keywords\":[\"els ports\",\"portell\"],\"articleSection\":[\"Ayuntamiento\"],\"inLanguage\":\"ca\",\"potentialAction\":[{\"@type\":\"CommentAction\",\"name\":\"Comment\",\"target\":[\"https:\/\/portelldemorella.org\/ca\/portell-sompli-dartesania-en-la-primera-fira-textil-i-de-productes-de-la-terra\/#respond\"]}]},{\"@type\":\"WebPage\",\"@id\":\"https:\/\/portelldemorella.org\/ca\/portell-sompli-dartesania-en-la-primera-fira-textil-i-de-productes-de-la-terra\/\",\"url\":\"https:\/\/portelldemorella.org\/ca\/portell-sompli-dartesania-en-la-primera-fira-textil-i-de-productes-de-la-terra\/\",\"name\":\"Portell s'ompli d'artesania en la primera fira t\u00e8xtil i de productes de la terra - Portell de Morella\",\"isPartOf\":{\"@id\":\"https:\/\/portelldemorella.org\/#website\"},\"primaryImageOfPage\":{\"@id\":\"https:\/\/portelldemorella.org\/ca\/portell-sompli-dartesania-en-la-primera-fira-textil-i-de-productes-de-la-terra\/#primaryimage\"},\"image\":{\"@id\":\"https:\/\/portelldemorella.org\/ca\/portell-sompli-dartesania-en-la-primera-fira-textil-i-de-productes-de-la-terra\/#primaryimage\"},\"thumbnailUrl\":\"https:\/\/portelldemorella.org\/wp-content\/uploads\/2025\/09\/Inauguracio-de-la-fira.jpg\",\"datePublished\":\"2025-09-22T13:23:10+00:00\",\"breadcrumb\":{\"@id\":\"https:\/\/portelldemorella.org\/ca\/portell-sompli-dartesania-en-la-primera-fira-textil-i-de-productes-de-la-terra\/#breadcrumb\"},\"inLanguage\":\"ca\",\"potentialAction\":[{\"@type\":\"ReadAction\",\"target\":[\"https:\/\/portelldemorella.org\/ca\/portell-sompli-dartesania-en-la-primera-fira-textil-i-de-productes-de-la-terra\/\"]}]},{\"@type\":\"ImageObject\",\"inLanguage\":\"ca\",\"@id\":\"https:\/\/portelldemorella.org\/ca\/portell-sompli-dartesania-en-la-primera-fira-textil-i-de-productes-de-la-terra\/#primaryimage\",\"url\":\"https:\/\/portelldemorella.org\/wp-content\/uploads\/2025\/09\/Inauguracio-de-la-fira.jpg\",\"contentUrl\":\"https:\/\/portelldemorella.org\/wp-content\/uploads\/2025\/09\/Inauguracio-de-la-fira.jpg\",\"width\":738,\"height\":492},{\"@type\":\"BreadcrumbList\",\"@id\":\"https:\/\/portelldemorella.org\/ca\/portell-sompli-dartesania-en-la-primera-fira-textil-i-de-productes-de-la-terra\/#breadcrumb\",\"itemListElement\":[{\"@type\":\"ListItem\",\"position\":1,\"name\":\"Portada\",\"item\":\"https:\/\/portelldemorella.org\/ca\/\"},{\"@type\":\"ListItem\",\"position\":2,\"name\":\"Portell s&#8217;ompli d&#8217;artesania en la primera fira t\u00e8xtil i de productes de la terra\"}]},{\"@type\":\"WebSite\",\"@id\":\"https:\/\/portelldemorella.org\/#website\",\"url\":\"https:\/\/portelldemorella.org\/\",\"name\":\"Portell de Morella\",\"description\":\"Web del Ayuntamiento de Portell de Morella\",\"publisher\":{\"@id\":\"https:\/\/portelldemorella.org\/#organization\"},\"potentialAction\":[{\"@type\":\"SearchAction\",\"target\":{\"@type\":\"EntryPoint\",\"urlTemplate\":\"https:\/\/portelldemorella.org\/?s={search_term_string}\"},\"query-input\":{\"@type\":\"PropertyValueSpecification\",\"valueRequired\":true,\"valueName\":\"search_term_string\"}}],\"inLanguage\":\"ca\"},{\"@type\":\"Organization\",\"@id\":\"https:\/\/portelldemorella.org\/#organization\",\"name\":\"Portell de Morella\",\"url\":\"https:\/\/portelldemorella.org\/\",\"logo\":{\"@type\":\"ImageObject\",\"inLanguage\":\"ca\",\"@id\":\"https:\/\/portelldemorella.org\/#\/schema\/logo\/image\/\",\"url\":\"https:\/\/portelldemorella.org\/wp-content\/uploads\/2020\/11\/Escudo-Portell-04.jpg\",\"contentUrl\":\"https:\/\/portelldemorella.org\/wp-content\/uploads\/2020\/11\/Escudo-Portell-04.jpg\",\"width\":1001,\"height\":394,\"caption\":\"Portell de Morella\"},\"image\":{\"@id\":\"https:\/\/portelldemorella.org\/#\/schema\/logo\/image\/\"}},{\"@type\":\"Person\",\"@id\":\"https:\/\/portelldemorella.org\/#\/schema\/person\/2adde77c454244acd163488ec723a88b\",\"name\":\"portell\",\"image\":{\"@type\":\"ImageObject\",\"inLanguage\":\"ca\",\"@id\":\"https:\/\/portelldemorella.org\/#\/schema\/person\/image\/\",\"url\":\"https:\/\/secure.gravatar.com\/avatar\/077c6bd89604df620d2fa93a06be2531944cdd6826fd322dbd8b483fd84d6407?s=96&d=mm&r=g\",\"contentUrl\":\"https:\/\/secure.gravatar.com\/avatar\/077c6bd89604df620d2fa93a06be2531944cdd6826fd322dbd8b483fd84d6407?s=96&d=mm&r=g\",\"caption\":\"portell\"},\"sameAs\":[\"https:\/\/portelldemorella.org\"],\"url\":\"https:\/\/portelldemorella.org\/ca\/author\/portell\/\"}]}<\/script>\n<!-- \/ Yoast SEO plugin. -->","yoast_head_json":{"title":"Portell s'ompli d'artesania en la primera fira t\u00e8xtil i de productes de la terra - Portell de Morella","robots":{"index":"noindex","follow":"follow","max-snippet":"max-snippet:-1","max-image-preview":"max-image-preview:large","max-video-preview":"max-video-preview:-1"},"og_locale":"ca_ES","og_type":"article","og_title":"Portell s'ompli d'artesania en la primera fira t\u00e8xtil i de productes de la terra - Portell de Morella","og_description":"Portell ha estat un poble amb una gran cultura t\u00e8xtil. Un municipi que ha estat ple de teles, fils i costures que han anat creant la seua hist\u00f2ria. Un lloc \u00fanic i especial per a fer una fira que ha serivt d&#8217;altaveu per al sector t\u00e8xtil i els productes de la terra. La cooperativa social [&hellip;]","og_url":"https:\/\/portelldemorella.org\/ca\/portell-sompli-dartesania-en-la-primera-fira-textil-i-de-productes-de-la-terra\/","og_site_name":"Portell de Morella","article_published_time":"2025-09-22T13:23:10+00:00","og_image":[{"width":738,"height":492,"url":"https:\/\/portelldemorella.org\/wp-content\/uploads\/2025\/09\/Inauguracio-de-la-fira.jpg","type":"image\/jpeg"}],"author":"portell","twitter_card":"summary_large_image","twitter_misc":{"Escrit per":"portell","Temps estimat de lectura":"2 minuts"},"schema":{"@context":"https:\/\/schema.org","@graph":[{"@type":"Article","@id":"https:\/\/portelldemorella.org\/ca\/portell-sompli-dartesania-en-la-primera-fira-textil-i-de-productes-de-la-terra\/#article","isPartOf":{"@id":"https:\/\/portelldemorella.org\/ca\/portell-sompli-dartesania-en-la-primera-fira-textil-i-de-productes-de-la-terra\/"},"author":{"name":"portell","@id":"https:\/\/portelldemorella.org\/#\/schema\/person\/2adde77c454244acd163488ec723a88b"},"headline":"Portell s&#8217;ompli d&#8217;artesania en la primera fira t\u00e8xtil i de productes de la terra","datePublished":"2025-09-22T13:23:10+00:00","mainEntityOfPage":{"@id":"https:\/\/portelldemorella.org\/ca\/portell-sompli-dartesania-en-la-primera-fira-textil-i-de-productes-de-la-terra\/"},"wordCount":390,"commentCount":0,"publisher":{"@id":"https:\/\/portelldemorella.org\/#organization"},"image":{"@id":"https:\/\/portelldemorella.org\/ca\/portell-sompli-dartesania-en-la-primera-fira-textil-i-de-productes-de-la-terra\/#primaryimage"},"thumbnailUrl":"https:\/\/portelldemorella.org\/wp-content\/uploads\/2025\/09\/Inauguracio-de-la-fira.jpg","keywords":["els ports","portell"],"articleSection":["Ayuntamiento"],"inLanguage":"ca","potentialAction":[{"@type":"CommentAction","name":"Comment","target":["https:\/\/portelldemorella.org\/ca\/portell-sompli-dartesania-en-la-primera-fira-textil-i-de-productes-de-la-terra\/#respond"]}]},{"@type":"WebPage","@id":"https:\/\/portelldemorella.org\/ca\/portell-sompli-dartesania-en-la-primera-fira-textil-i-de-productes-de-la-terra\/","url":"https:\/\/portelldemorella.org\/ca\/portell-sompli-dartesania-en-la-primera-fira-textil-i-de-productes-de-la-terra\/","name":"Portell s'ompli d'artesania en la primera fira t\u00e8xtil i de productes de la terra - Portell de Morella","isPartOf":{"@id":"https:\/\/portelldemorella.org\/#website"},"primaryImageOfPage":{"@id":"https:\/\/portelldemorella.org\/ca\/portell-sompli-dartesania-en-la-primera-fira-textil-i-de-productes-de-la-terra\/#primaryimage"},"image":{"@id":"https:\/\/portelldemorella.org\/ca\/portell-sompli-dartesania-en-la-primera-fira-textil-i-de-productes-de-la-terra\/#primaryimage"},"thumbnailUrl":"https:\/\/portelldemorella.org\/wp-content\/uploads\/2025\/09\/Inauguracio-de-la-fira.jpg","datePublished":"2025-09-22T13:23:10+00:00","breadcrumb":{"@id":"https:\/\/portelldemorella.org\/ca\/portell-sompli-dartesania-en-la-primera-fira-textil-i-de-productes-de-la-terra\/#breadcrumb"},"inLanguage":"ca","potentialAction":[{"@type":"ReadAction","target":["https:\/\/portelldemorella.org\/ca\/portell-sompli-dartesania-en-la-primera-fira-textil-i-de-productes-de-la-terra\/"]}]},{"@type":"ImageObject","inLanguage":"ca","@id":"https:\/\/portelldemorella.org\/ca\/portell-sompli-dartesania-en-la-primera-fira-textil-i-de-productes-de-la-terra\/#primaryimage","url":"https:\/\/portelldemorella.org\/wp-content\/uploads\/2025\/09\/Inauguracio-de-la-fira.jpg","contentUrl":"https:\/\/portelldemorella.org\/wp-content\/uploads\/2025\/09\/Inauguracio-de-la-fira.jpg","width":738,"height":492},{"@type":"BreadcrumbList","@id":"https:\/\/portelldemorella.org\/ca\/portell-sompli-dartesania-en-la-primera-fira-textil-i-de-productes-de-la-terra\/#breadcrumb","itemListElement":[{"@type":"ListItem","position":1,"name":"Portada","item":"https:\/\/portelldemorella.org\/ca\/"},{"@type":"ListItem","position":2,"name":"Portell s&#8217;ompli d&#8217;artesania en la primera fira t\u00e8xtil i de productes de la terra"}]},{"@type":"WebSite","@id":"https:\/\/portelldemorella.org\/#website","url":"https:\/\/portelldemorella.org\/","name":"Portell de Morella","description":"Web del Ayuntamiento de Portell de Morella","publisher":{"@id":"https:\/\/portelldemorella.org\/#organization"},"potentialAction":[{"@type":"SearchAction","target":{"@type":"EntryPoint","urlTemplate":"https:\/\/portelldemorella.org\/?s={search_term_string}"},"query-input":{"@type":"PropertyValueSpecification","valueRequired":true,"valueName":"search_term_string"}}],"inLanguage":"ca"},{"@type":"Organization","@id":"https:\/\/portelldemorella.org\/#organization","name":"Portell de Morella","url":"https:\/\/portelldemorella.org\/","logo":{"@type":"ImageObject","inLanguage":"ca","@id":"https:\/\/portelldemorella.org\/#\/schema\/logo\/image\/","url":"https:\/\/portelldemorella.org\/wp-content\/uploads\/2020\/11\/Escudo-Portell-04.jpg","contentUrl":"https:\/\/portelldemorella.org\/wp-content\/uploads\/2020\/11\/Escudo-Portell-04.jpg","width":1001,"height":394,"caption":"Portell de Morella"},"image":{"@id":"https:\/\/portelldemorella.org\/#\/schema\/logo\/image\/"}},{"@type":"Person","@id":"https:\/\/portelldemorella.org\/#\/schema\/person\/2adde77c454244acd163488ec723a88b","name":"portell","image":{"@type":"ImageObject","inLanguage":"ca","@id":"https:\/\/portelldemorella.org\/#\/schema\/person\/image\/","url":"https:\/\/secure.gravatar.com\/avatar\/077c6bd89604df620d2fa93a06be2531944cdd6826fd322dbd8b483fd84d6407?s=96&d=mm&r=g","contentUrl":"https:\/\/secure.gravatar.com\/avatar\/077c6bd89604df620d2fa93a06be2531944cdd6826fd322dbd8b483fd84d6407?s=96&d=mm&r=g","caption":"portell"},"sameAs":["https:\/\/portelldemorella.org"],"url":"https:\/\/portelldemorella.org\/ca\/author\/portell\/"}]}},"_links":{"self":[{"href":"https:\/\/portelldemorella.org\/ca\/wp-json\/wp\/v2\/posts\/8524","targetHints":{"allow":["GET"]}}],"collection":[{"href":"https:\/\/portelldemorella.org\/ca\/wp-json\/wp\/v2\/posts"}],"about":[{"href":"https:\/\/portelldemorella.org\/ca\/wp-json\/wp\/v2\/types\/post"}],"author":[{"embeddable":true,"href":"https:\/\/portelldemorella.org\/ca\/wp-json\/wp\/v2\/users\/1"}],"replies":[{"embeddable":true,"href":"https:\/\/portelldemorella.org\/ca\/wp-json\/wp\/v2\/comments?post=8524"}],"version-history":[{"count":1,"href":"https:\/\/portelldemorella.org\/ca\/wp-json\/wp\/v2\/posts\/8524\/revisions"}],"predecessor-version":[{"id":8525,"href":"https:\/\/portelldemorella.org\/ca\/wp-json\/wp\/v2\/posts\/8524\/revisions\/8525"}],"wp:featuredmedia":[{"embeddable":true,"href":"https:\/\/portelldemorella.org\/ca\/wp-json\/wp\/v2\/media\/8522"}],"wp:attachment":[{"href":"https:\/\/portelldemorella.org\/ca\/wp-json\/wp\/v2\/media?parent=8524"}],"wp:term":[{"taxonomy":"category","embeddable":true,"href":"https:\/\/portelldemorella.org\/ca\/wp-json\/wp\/v2\/categories?post=8524"},{"taxonomy":"post_tag","embeddable":true,"href":"https:\/\/portelldemorella.org\/ca\/wp-json\/wp\/v2\/tags?post=8524"}],"curies":[{"name":"wp","href":"https:\/\/api.w.org\/{rel}","templated":true}]}}