{"id":8531,"date":"2025-09-29T10:55:23","date_gmt":"2025-09-29T10:55:23","guid":{"rendered":"https:\/\/portelldemorella.org\/?p=8531"},"modified":"2025-09-29T11:27:39","modified_gmt":"2025-09-29T11:27:39","slug":"els-ports-te-el-millor-sender-de-lany-2024","status":"publish","type":"post","link":"https:\/\/portelldemorella.org\/ca\/els-ports-te-el-millor-sender-de-lany-2024\/","title":{"rendered":"Els Ports t\u00e9 el millor sender de l&#8217;any 2024"},"content":{"rendered":"\n<p>Portell ha acollit el premi sender homologat de l&#8217;Any 2024 en la categoria de municipis en risc de despoblaci\u00f3. La jornada ha arrencat amb la inauguraci\u00f3 oficial i una exposici\u00f3 de bones pr\u00e0ctiques en deports de muntanya. Un acte molt important tenint en compte la gran quantitat d&#8217;aficionats que t\u00e9 aquest tipus d&#8217;esport que cada vegada \u00e9s m\u00e9s popular.<\/p>\n\n\n\n<p>A continuaci\u00f3, era el torn d&#8217;atorgar el premi al millor sender de l&#8217;any 2024, el qual ha estat el GR 331 Els Ports &#8211; Cam\u00ed de Conquesta. Aquest itinerari circular de m\u00e9s de 166\u202fkm connecta alguns municipis de la comarca i mostre l&#8217;encant que amaguen els paisatges de Els Ports.<\/p>\n\n\n\n<p>La jornada ha estat organitzada per la Federaci\u00f3 d\u2019Esports de Muntanya i Escalada de la Comunitat Valenciana (FEMECV) i la Federaci\u00f3 Valenciana de Municipis i Poblacions, amb la col\u00b7laboraci\u00f3 de l&#8217;Ajuntament de Portell i la Societat Esportiva ESPEMO.<\/p>\n\n\n\n<p>Amb aquest premi es posa en valor el patrimoni dels Ports i es reconeixen els bells paisatges i camins que t\u00e9 la comarca. Una jornada que ha servit perqu\u00e8 tota la Comunitat Valenciana conega alguns dels senders que conformen el territori valenci\u00e0 i que amb la gran popularitat que t\u00e9 avui en dia el senderisme, s&#8217;aprenga a estimar-los i cuidar-los perqu\u00e8 continuen sent un tresor.<\/p>\n","protected":false},"excerpt":{"rendered":"<p>Portell ha acollit el premi sender homologat de l&#8217;Any 2024 en la categoria de municipis en risc de despoblaci\u00f3. La jornada ha arrencat amb la inauguraci\u00f3 oficial i una exposici\u00f3 de bones pr\u00e0ctiques en deports de muntanya. Un acte molt important tenint en compte la gran quantitat d&#8217;aficionats que t\u00e9 aquest tipus d&#8217;esport que cada [&hellip;]<\/p>\n","protected":false},"author":1,"featured_media":8529,"comment_status":"open","ping_status":"open","sticky":false,"template":"","format":"standard","meta":{"footnotes":""},"categories":[97],"tags":[135,107],"class_list":["post-8531","post","type-post","status-publish","format-standard","has-post-thumbnail","hentry","category-ayuntamiento-ca","tag-els-ports","tag-portell-ca"],"yoast_head":"<!-- This site is optimized with the Yoast SEO plugin v24.4 - https:\/\/yoast.com\/wordpress\/plugins\/seo\/ -->\n<title>Els Ports t\u00e9 el millor sender de l&#039;any 2024 - Portell de Morella<\/title>\n<meta name=\"robots\" content=\"noindex, follow, max-snippet:-1, max-image-preview:large, max-video-preview:-1\" \/>\n<meta property=\"og:locale\" content=\"ca_ES\" \/>\n<meta property=\"og:type\" content=\"article\" \/>\n<meta property=\"og:title\" content=\"Els Ports t\u00e9 el millor sender de l&#039;any 2024 - Portell de Morella\" \/>\n<meta property=\"og:description\" content=\"Portell ha acollit el premi sender homologat de l&#8217;Any 2024 en la categoria de municipis en risc de despoblaci\u00f3. La jornada ha arrencat amb la inauguraci\u00f3 oficial i una exposici\u00f3 de bones pr\u00e0ctiques en deports de muntanya. Un acte molt important tenint en compte la gran quantitat d&#8217;aficionats que t\u00e9 aquest tipus d&#8217;esport que cada [&hellip;]\" \/>\n<meta property=\"og:url\" content=\"https:\/\/portelldemorella.org\/ca\/els-ports-te-el-millor-sender-de-lany-2024\/\" \/>\n<meta property=\"og:site_name\" content=\"Portell de Morella\" \/>\n<meta property=\"article:published_time\" content=\"2025-09-29T10:55:23+00:00\" \/>\n<meta property=\"article:modified_time\" content=\"2025-09-29T11:27:39+00:00\" \/>\n<meta property=\"og:image\" content=\"https:\/\/portelldemorella.org\/wp-content\/uploads\/2025\/09\/premi-sender-homologat-de-lAny-2024.jpeg\" \/>\n\t<meta property=\"og:image:width\" content=\"1600\" \/>\n\t<meta property=\"og:image:height\" content=\"1200\" \/>\n\t<meta property=\"og:image:type\" content=\"image\/jpeg\" \/>\n<meta name=\"author\" content=\"portell\" \/>\n<meta name=\"twitter:card\" content=\"summary_large_image\" \/>\n<meta name=\"twitter:label1\" content=\"Escrit per\" \/>\n\t<meta name=\"twitter:data1\" content=\"portell\" \/>\n\t<meta name=\"twitter:label2\" content=\"Temps estimat de lectura\" \/>\n\t<meta name=\"twitter:data2\" content=\"2 minuts\" \/>\n<script type=\"application\/ld+json\" class=\"yoast-schema-graph\">{\"@context\":\"https:\/\/schema.org\",\"@graph\":[{\"@type\":\"Article\",\"@id\":\"https:\/\/portelldemorella.org\/ca\/els-ports-te-el-millor-sender-de-lany-2024\/#article\",\"isPartOf\":{\"@id\":\"https:\/\/portelldemorella.org\/ca\/els-ports-te-el-millor-sender-de-lany-2024\/\"},\"author\":{\"name\":\"portell\",\"@id\":\"https:\/\/portelldemorella.org\/#\/schema\/person\/2adde77c454244acd163488ec723a88b\"},\"headline\":\"Els Ports t\u00e9 el millor sender de l&#8217;any 2024\",\"datePublished\":\"2025-09-29T10:55:23+00:00\",\"dateModified\":\"2025-09-29T11:27:39+00:00\",\"mainEntityOfPage\":{\"@id\":\"https:\/\/portelldemorella.org\/ca\/els-ports-te-el-millor-sender-de-lany-2024\/\"},\"wordCount\":222,\"commentCount\":0,\"publisher\":{\"@id\":\"https:\/\/portelldemorella.org\/#organization\"},\"image\":{\"@id\":\"https:\/\/portelldemorella.org\/ca\/els-ports-te-el-millor-sender-de-lany-2024\/#primaryimage\"},\"thumbnailUrl\":\"https:\/\/portelldemorella.org\/wp-content\/uploads\/2025\/09\/premi-sender-homologat-de-lAny-2024.jpeg\",\"keywords\":[\"els ports\",\"portell\"],\"articleSection\":[\"Ayuntamiento\"],\"inLanguage\":\"ca\",\"potentialAction\":[{\"@type\":\"CommentAction\",\"name\":\"Comment\",\"target\":[\"https:\/\/portelldemorella.org\/ca\/els-ports-te-el-millor-sender-de-lany-2024\/#respond\"]}]},{\"@type\":\"WebPage\",\"@id\":\"https:\/\/portelldemorella.org\/ca\/els-ports-te-el-millor-sender-de-lany-2024\/\",\"url\":\"https:\/\/portelldemorella.org\/ca\/els-ports-te-el-millor-sender-de-lany-2024\/\",\"name\":\"Els Ports t\u00e9 el millor sender de l'any 2024 - Portell de Morella\",\"isPartOf\":{\"@id\":\"https:\/\/portelldemorella.org\/#website\"},\"primaryImageOfPage\":{\"@id\":\"https:\/\/portelldemorella.org\/ca\/els-ports-te-el-millor-sender-de-lany-2024\/#primaryimage\"},\"image\":{\"@id\":\"https:\/\/portelldemorella.org\/ca\/els-ports-te-el-millor-sender-de-lany-2024\/#primaryimage\"},\"thumbnailUrl\":\"https:\/\/portelldemorella.org\/wp-content\/uploads\/2025\/09\/premi-sender-homologat-de-lAny-2024.jpeg\",\"datePublished\":\"2025-09-29T10:55:23+00:00\",\"dateModified\":\"2025-09-29T11:27:39+00:00\",\"breadcrumb\":{\"@id\":\"https:\/\/portelldemorella.org\/ca\/els-ports-te-el-millor-sender-de-lany-2024\/#breadcrumb\"},\"inLanguage\":\"ca\",\"potentialAction\":[{\"@type\":\"ReadAction\",\"target\":[\"https:\/\/portelldemorella.org\/ca\/els-ports-te-el-millor-sender-de-lany-2024\/\"]}]},{\"@type\":\"ImageObject\",\"inLanguage\":\"ca\",\"@id\":\"https:\/\/portelldemorella.org\/ca\/els-ports-te-el-millor-sender-de-lany-2024\/#primaryimage\",\"url\":\"https:\/\/portelldemorella.org\/wp-content\/uploads\/2025\/09\/premi-sender-homologat-de-lAny-2024.jpeg\",\"contentUrl\":\"https:\/\/portelldemorella.org\/wp-content\/uploads\/2025\/09\/premi-sender-homologat-de-lAny-2024.jpeg\",\"width\":1600,\"height\":1200},{\"@type\":\"BreadcrumbList\",\"@id\":\"https:\/\/portelldemorella.org\/ca\/els-ports-te-el-millor-sender-de-lany-2024\/#breadcrumb\",\"itemListElement\":[{\"@type\":\"ListItem\",\"position\":1,\"name\":\"Portada\",\"item\":\"https:\/\/portelldemorella.org\/ca\/\"},{\"@type\":\"ListItem\",\"position\":2,\"name\":\"Els Ports t\u00e9 el millor sender de l&#8217;any 2024\"}]},{\"@type\":\"WebSite\",\"@id\":\"https:\/\/portelldemorella.org\/#website\",\"url\":\"https:\/\/portelldemorella.org\/\",\"name\":\"Portell de Morella\",\"description\":\"Web del Ayuntamiento de Portell de Morella\",\"publisher\":{\"@id\":\"https:\/\/portelldemorella.org\/#organization\"},\"potentialAction\":[{\"@type\":\"SearchAction\",\"target\":{\"@type\":\"EntryPoint\",\"urlTemplate\":\"https:\/\/portelldemorella.org\/?s={search_term_string}\"},\"query-input\":{\"@type\":\"PropertyValueSpecification\",\"valueRequired\":true,\"valueName\":\"search_term_string\"}}],\"inLanguage\":\"ca\"},{\"@type\":\"Organization\",\"@id\":\"https:\/\/portelldemorella.org\/#organization\",\"name\":\"Portell de Morella\",\"url\":\"https:\/\/portelldemorella.org\/\",\"logo\":{\"@type\":\"ImageObject\",\"inLanguage\":\"ca\",\"@id\":\"https:\/\/portelldemorella.org\/#\/schema\/logo\/image\/\",\"url\":\"https:\/\/portelldemorella.org\/wp-content\/uploads\/2020\/11\/Escudo-Portell-04.jpg\",\"contentUrl\":\"https:\/\/portelldemorella.org\/wp-content\/uploads\/2020\/11\/Escudo-Portell-04.jpg\",\"width\":1001,\"height\":394,\"caption\":\"Portell de Morella\"},\"image\":{\"@id\":\"https:\/\/portelldemorella.org\/#\/schema\/logo\/image\/\"}},{\"@type\":\"Person\",\"@id\":\"https:\/\/portelldemorella.org\/#\/schema\/person\/2adde77c454244acd163488ec723a88b\",\"name\":\"portell\",\"image\":{\"@type\":\"ImageObject\",\"inLanguage\":\"ca\",\"@id\":\"https:\/\/portelldemorella.org\/#\/schema\/person\/image\/\",\"url\":\"https:\/\/secure.gravatar.com\/avatar\/077c6bd89604df620d2fa93a06be2531944cdd6826fd322dbd8b483fd84d6407?s=96&d=mm&r=g\",\"contentUrl\":\"https:\/\/secure.gravatar.com\/avatar\/077c6bd89604df620d2fa93a06be2531944cdd6826fd322dbd8b483fd84d6407?s=96&d=mm&r=g\",\"caption\":\"portell\"},\"sameAs\":[\"https:\/\/portelldemorella.org\"],\"url\":\"https:\/\/portelldemorella.org\/ca\/author\/portell\/\"}]}<\/script>\n<!-- \/ Yoast SEO plugin. -->","yoast_head_json":{"title":"Els Ports t\u00e9 el millor sender de l'any 2024 - Portell de Morella","robots":{"index":"noindex","follow":"follow","max-snippet":"max-snippet:-1","max-image-preview":"max-image-preview:large","max-video-preview":"max-video-preview:-1"},"og_locale":"ca_ES","og_type":"article","og_title":"Els Ports t\u00e9 el millor sender de l'any 2024 - Portell de Morella","og_description":"Portell ha acollit el premi sender homologat de l&#8217;Any 2024 en la categoria de municipis en risc de despoblaci\u00f3. La jornada ha arrencat amb la inauguraci\u00f3 oficial i una exposici\u00f3 de bones pr\u00e0ctiques en deports de muntanya. Un acte molt important tenint en compte la gran quantitat d&#8217;aficionats que t\u00e9 aquest tipus d&#8217;esport que cada [&hellip;]","og_url":"https:\/\/portelldemorella.org\/ca\/els-ports-te-el-millor-sender-de-lany-2024\/","og_site_name":"Portell de Morella","article_published_time":"2025-09-29T10:55:23+00:00","article_modified_time":"2025-09-29T11:27:39+00:00","og_image":[{"width":1600,"height":1200,"url":"https:\/\/portelldemorella.org\/wp-content\/uploads\/2025\/09\/premi-sender-homologat-de-lAny-2024.jpeg","type":"image\/jpeg"}],"author":"portell","twitter_card":"summary_large_image","twitter_misc":{"Escrit per":"portell","Temps estimat de lectura":"2 minuts"},"schema":{"@context":"https:\/\/schema.org","@graph":[{"@type":"Article","@id":"https:\/\/portelldemorella.org\/ca\/els-ports-te-el-millor-sender-de-lany-2024\/#article","isPartOf":{"@id":"https:\/\/portelldemorella.org\/ca\/els-ports-te-el-millor-sender-de-lany-2024\/"},"author":{"name":"portell","@id":"https:\/\/portelldemorella.org\/#\/schema\/person\/2adde77c454244acd163488ec723a88b"},"headline":"Els Ports t\u00e9 el millor sender de l&#8217;any 2024","datePublished":"2025-09-29T10:55:23+00:00","dateModified":"2025-09-29T11:27:39+00:00","mainEntityOfPage":{"@id":"https:\/\/portelldemorella.org\/ca\/els-ports-te-el-millor-sender-de-lany-2024\/"},"wordCount":222,"commentCount":0,"publisher":{"@id":"https:\/\/portelldemorella.org\/#organization"},"image":{"@id":"https:\/\/portelldemorella.org\/ca\/els-ports-te-el-millor-sender-de-lany-2024\/#primaryimage"},"thumbnailUrl":"https:\/\/portelldemorella.org\/wp-content\/uploads\/2025\/09\/premi-sender-homologat-de-lAny-2024.jpeg","keywords":["els ports","portell"],"articleSection":["Ayuntamiento"],"inLanguage":"ca","potentialAction":[{"@type":"CommentAction","name":"Comment","target":["https:\/\/portelldemorella.org\/ca\/els-ports-te-el-millor-sender-de-lany-2024\/#respond"]}]},{"@type":"WebPage","@id":"https:\/\/portelldemorella.org\/ca\/els-ports-te-el-millor-sender-de-lany-2024\/","url":"https:\/\/portelldemorella.org\/ca\/els-ports-te-el-millor-sender-de-lany-2024\/","name":"Els Ports t\u00e9 el millor sender de l'any 2024 - Portell de Morella","isPartOf":{"@id":"https:\/\/portelldemorella.org\/#website"},"primaryImageOfPage":{"@id":"https:\/\/portelldemorella.org\/ca\/els-ports-te-el-millor-sender-de-lany-2024\/#primaryimage"},"image":{"@id":"https:\/\/portelldemorella.org\/ca\/els-ports-te-el-millor-sender-de-lany-2024\/#primaryimage"},"thumbnailUrl":"https:\/\/portelldemorella.org\/wp-content\/uploads\/2025\/09\/premi-sender-homologat-de-lAny-2024.jpeg","datePublished":"2025-09-29T10:55:23+00:00","dateModified":"2025-09-29T11:27:39+00:00","breadcrumb":{"@id":"https:\/\/portelldemorella.org\/ca\/els-ports-te-el-millor-sender-de-lany-2024\/#breadcrumb"},"inLanguage":"ca","potentialAction":[{"@type":"ReadAction","target":["https:\/\/portelldemorella.org\/ca\/els-ports-te-el-millor-sender-de-lany-2024\/"]}]},{"@type":"ImageObject","inLanguage":"ca","@id":"https:\/\/portelldemorella.org\/ca\/els-ports-te-el-millor-sender-de-lany-2024\/#primaryimage","url":"https:\/\/portelldemorella.org\/wp-content\/uploads\/2025\/09\/premi-sender-homologat-de-lAny-2024.jpeg","contentUrl":"https:\/\/portelldemorella.org\/wp-content\/uploads\/2025\/09\/premi-sender-homologat-de-lAny-2024.jpeg","width":1600,"height":1200},{"@type":"BreadcrumbList","@id":"https:\/\/portelldemorella.org\/ca\/els-ports-te-el-millor-sender-de-lany-2024\/#breadcrumb","itemListElement":[{"@type":"ListItem","position":1,"name":"Portada","item":"https:\/\/portelldemorella.org\/ca\/"},{"@type":"ListItem","position":2,"name":"Els Ports t\u00e9 el millor sender de l&#8217;any 2024"}]},{"@type":"WebSite","@id":"https:\/\/portelldemorella.org\/#website","url":"https:\/\/portelldemorella.org\/","name":"Portell de Morella","description":"Web del Ayuntamiento de Portell de Morella","publisher":{"@id":"https:\/\/portelldemorella.org\/#organization"},"potentialAction":[{"@type":"SearchAction","target":{"@type":"EntryPoint","urlTemplate":"https:\/\/portelldemorella.org\/?s={search_term_string}"},"query-input":{"@type":"PropertyValueSpecification","valueRequired":true,"valueName":"search_term_string"}}],"inLanguage":"ca"},{"@type":"Organization","@id":"https:\/\/portelldemorella.org\/#organization","name":"Portell de Morella","url":"https:\/\/portelldemorella.org\/","logo":{"@type":"ImageObject","inLanguage":"ca","@id":"https:\/\/portelldemorella.org\/#\/schema\/logo\/image\/","url":"https:\/\/portelldemorella.org\/wp-content\/uploads\/2020\/11\/Escudo-Portell-04.jpg","contentUrl":"https:\/\/portelldemorella.org\/wp-content\/uploads\/2020\/11\/Escudo-Portell-04.jpg","width":1001,"height":394,"caption":"Portell de Morella"},"image":{"@id":"https:\/\/portelldemorella.org\/#\/schema\/logo\/image\/"}},{"@type":"Person","@id":"https:\/\/portelldemorella.org\/#\/schema\/person\/2adde77c454244acd163488ec723a88b","name":"portell","image":{"@type":"ImageObject","inLanguage":"ca","@id":"https:\/\/portelldemorella.org\/#\/schema\/person\/image\/","url":"https:\/\/secure.gravatar.com\/avatar\/077c6bd89604df620d2fa93a06be2531944cdd6826fd322dbd8b483fd84d6407?s=96&d=mm&r=g","contentUrl":"https:\/\/secure.gravatar.com\/avatar\/077c6bd89604df620d2fa93a06be2531944cdd6826fd322dbd8b483fd84d6407?s=96&d=mm&r=g","caption":"portell"},"sameAs":["https:\/\/portelldemorella.org"],"url":"https:\/\/portelldemorella.org\/ca\/author\/portell\/"}]}},"_links":{"self":[{"href":"https:\/\/portelldemorella.org\/ca\/wp-json\/wp\/v2\/posts\/8531","targetHints":{"allow":["GET"]}}],"collection":[{"href":"https:\/\/portelldemorella.org\/ca\/wp-json\/wp\/v2\/posts"}],"about":[{"href":"https:\/\/portelldemorella.org\/ca\/wp-json\/wp\/v2\/types\/post"}],"author":[{"embeddable":true,"href":"https:\/\/portelldemorella.org\/ca\/wp-json\/wp\/v2\/users\/1"}],"replies":[{"embeddable":true,"href":"https:\/\/portelldemorella.org\/ca\/wp-json\/wp\/v2\/comments?post=8531"}],"version-history":[{"count":1,"href":"https:\/\/portelldemorella.org\/ca\/wp-json\/wp\/v2\/posts\/8531\/revisions"}],"predecessor-version":[{"id":8532,"href":"https:\/\/portelldemorella.org\/ca\/wp-json\/wp\/v2\/posts\/8531\/revisions\/8532"}],"wp:featuredmedia":[{"embeddable":true,"href":"https:\/\/portelldemorella.org\/ca\/wp-json\/wp\/v2\/media\/8529"}],"wp:attachment":[{"href":"https:\/\/portelldemorella.org\/ca\/wp-json\/wp\/v2\/media?parent=8531"}],"wp:term":[{"taxonomy":"category","embeddable":true,"href":"https:\/\/portelldemorella.org\/ca\/wp-json\/wp\/v2\/categories?post=8531"},{"taxonomy":"post_tag","embeddable":true,"href":"https:\/\/portelldemorella.org\/ca\/wp-json\/wp\/v2\/tags?post=8531"}],"curies":[{"name":"wp","href":"https:\/\/api.w.org\/{rel}","templated":true}]}}