{"id":8544,"date":"2025-10-07T13:47:29","date_gmt":"2025-10-07T13:47:29","guid":{"rendered":"https:\/\/portelldemorella.org\/?p=8544"},"modified":"2025-10-07T14:02:16","modified_gmt":"2025-10-07T14:02:16","slug":"la-casa-abadia-de-portell-guanya-el-premi-del-collegi-darquitectes-a-la-millor-intervencio-en-patrimoni-de-la-comunitat","status":"publish","type":"post","link":"https:\/\/portelldemorella.org\/ca\/la-casa-abadia-de-portell-guanya-el-premi-del-collegi-darquitectes-a-la-millor-intervencio-en-patrimoni-de-la-comunitat\/","title":{"rendered":"La Casa Abadia de Portell guanya el premi del Col\u00b7legi d\u2019Arquitectes a la millor intervenci\u00f3 en patrimoni de la Comunitat"},"content":{"rendered":"\n<p>La rehabilitaci\u00f3 i condicionament de la Casa Abadia de Portell de Morella ha sigut reconeguda amb un dels principals premis que atorga anualment el Col\u00b7legi Oficial d\u2019Arquitectes de la Comunitat Valenciana (COACV). En concret, l\u2019actuaci\u00f3 sobre l\u2019immoble hist\u00f2ric, reconvertit ara en habitatge tur\u00edstic municipal, ha obtingut el m\u00e0xim guard\u00f3 en la categoria d\u2019Arquitectura, Intervencions en edificis existents. Reforma i\/o ampliaci\u00f3 en patrimoni, en el marc de la XXII edici\u00f3 dels Premis COACV.<\/p>\n\n\n\n<p>El jurat ha assenyalat que el projecte, obra dels arquitectes Antonio Garc\u00eda Blay i Jos\u00e9 Antonio Ruiz Sua\u00f1a, \u201cdestaca en tots els nivells i escales d\u2019intervenci\u00f3\u201d. La intervenci\u00f3, argumenta la decisi\u00f3 del jurat, \u00e9s \u201cuna obra de refer\u00e8ncia sobre com trobar-se amb la hist\u00f2ria i els seus vestigis f\u00edsics, incorporant-se amb decisi\u00f3 i enteniment al lloc que ocupa all\u00f2 nou entre all\u00f2 existent\u201d.<\/p>\n\n\n\n<p>La Casa Abadia forma part del conjunt emmurallat i del Castell de Portell, declarat B\u00e9 d\u2019Inter\u00e9s Cultural. Les actuacions impulsades per l\u2019Ajuntament durant els \u00faltims anys han perm\u00e9s recuperar i consolidar un espai hist\u00f2ric clau en el nucli antic del municipi, integrant la torre de la muralla i millorant-ne l\u2019estructura, la seguretat i l\u2019accessibilitat.<\/p>\n\n\n\n<p>\u201cAquest premi \u00e9s un orgull per a Portell i un reconeixement al treball de molts anys per recuperar el nostre patrimoni. La Casa Abadia i la muralla s\u00f3n testimonis de la nostra hist\u00f2ria, i la seua rehabilitaci\u00f3 demostra que preservar el llegat arquitect\u00f2nic tamb\u00e9 \u00e9s apostar pel futur del poble\u201d, assenyala l\u2019alcalde de Portell, \u00c1lvaro Ferrer.<\/p>\n\n\n\n<figure class=\"wp-block-gallery has-nested-images columns-default is-cropped wp-block-gallery-1 is-layout-flex wp-block-gallery-is-layout-flex\">\n<figure class=\"wp-block-image size-large\"><a href=\"https:\/\/portelldemorella.org\/wp-content\/uploads\/2025\/10\/premi-portell-COACV-1.png\"><img fetchpriority=\"high\" decoding=\"async\" width=\"1024\" height=\"766\" data-id=\"8549\" src=\"https:\/\/portelldemorella.org\/wp-content\/uploads\/2025\/10\/premi-portell-COACV-1-1024x766.png\" alt=\"\" class=\"wp-image-8549\" srcset=\"https:\/\/portelldemorella.org\/wp-content\/uploads\/2025\/10\/premi-portell-COACV-1-1024x766.png 1024w, https:\/\/portelldemorella.org\/wp-content\/uploads\/2025\/10\/premi-portell-COACV-1-300x224.png 300w, https:\/\/portelldemorella.org\/wp-content\/uploads\/2025\/10\/premi-portell-COACV-1-768x575.png 768w, https:\/\/portelldemorella.org\/wp-content\/uploads\/2025\/10\/premi-portell-COACV-1-600x449.png 600w, https:\/\/portelldemorella.org\/wp-content\/uploads\/2025\/10\/premi-portell-COACV-1-560x419.png 560w, https:\/\/portelldemorella.org\/wp-content\/uploads\/2025\/10\/premi-portell-COACV-1.png 1437w\" sizes=\"(max-width: 1024px) 100vw, 1024px\" \/><\/a><\/figure>\n\n\n\n<figure class=\"wp-block-image size-large\"><a href=\"https:\/\/portelldemorella.org\/wp-content\/uploads\/2025\/10\/casa-abadia-3.jpg\"><img decoding=\"async\" width=\"1017\" height=\"1024\" data-id=\"8551\" src=\"https:\/\/portelldemorella.org\/wp-content\/uploads\/2025\/10\/casa-abadia-3-1017x1024.jpg\" alt=\"\" class=\"wp-image-8551\" srcset=\"https:\/\/portelldemorella.org\/wp-content\/uploads\/2025\/10\/casa-abadia-3-1017x1024.jpg 1017w, https:\/\/portelldemorella.org\/wp-content\/uploads\/2025\/10\/casa-abadia-3-298x300.jpg 298w, https:\/\/portelldemorella.org\/wp-content\/uploads\/2025\/10\/casa-abadia-3-150x150.jpg 150w, https:\/\/portelldemorella.org\/wp-content\/uploads\/2025\/10\/casa-abadia-3-768x773.jpg 768w, https:\/\/portelldemorella.org\/wp-content\/uploads\/2025\/10\/casa-abadia-3-596x600.jpg 596w, https:\/\/portelldemorella.org\/wp-content\/uploads\/2025\/10\/casa-abadia-3-556x560.jpg 556w, https:\/\/portelldemorella.org\/wp-content\/uploads\/2025\/10\/casa-abadia-3.jpg 1063w\" sizes=\"(max-width: 1017px) 100vw, 1017px\" \/><\/a><\/figure>\n\n\n\n<figure class=\"wp-block-image size-large\"><a href=\"https:\/\/portelldemorella.org\/wp-content\/uploads\/2025\/10\/casa-abadia-2.jpg\"><img decoding=\"async\" width=\"1024\" height=\"739\" data-id=\"8553\" src=\"https:\/\/portelldemorella.org\/wp-content\/uploads\/2025\/10\/casa-abadia-2-1024x739.jpg\" alt=\"\" class=\"wp-image-8553\" srcset=\"https:\/\/portelldemorella.org\/wp-content\/uploads\/2025\/10\/casa-abadia-2-1024x739.jpg 1024w, https:\/\/portelldemorella.org\/wp-content\/uploads\/2025\/10\/casa-abadia-2-300x217.jpg 300w, https:\/\/portelldemorella.org\/wp-content\/uploads\/2025\/10\/casa-abadia-2-768x554.jpg 768w, https:\/\/portelldemorella.org\/wp-content\/uploads\/2025\/10\/casa-abadia-2-600x433.jpg 600w, https:\/\/portelldemorella.org\/wp-content\/uploads\/2025\/10\/casa-abadia-2-560x404.jpg 560w, https:\/\/portelldemorella.org\/wp-content\/uploads\/2025\/10\/casa-abadia-2.jpg 1489w\" sizes=\"(max-width: 1024px) 100vw, 1024px\" \/><\/a><\/figure>\n<\/figure>\n","protected":false},"excerpt":{"rendered":"<p>La rehabilitaci\u00f3 i condicionament de la Casa Abadia de Portell de Morella ha sigut reconeguda amb un dels principals premis que atorga anualment el Col\u00b7legi Oficial d\u2019Arquitectes de la Comunitat Valenciana (COACV). En concret, l\u2019actuaci\u00f3 sobre l\u2019immoble hist\u00f2ric, reconvertit ara en habitatge tur\u00edstic municipal, ha obtingut el m\u00e0xim guard\u00f3 en la categoria d\u2019Arquitectura, Intervencions en [&hellip;]<\/p>\n","protected":false},"author":1,"featured_media":8547,"comment_status":"open","ping_status":"open","sticky":false,"template":"","format":"standard","meta":{"footnotes":""},"categories":[97],"tags":[107],"class_list":["post-8544","post","type-post","status-publish","format-standard","has-post-thumbnail","hentry","category-ayuntamiento-ca","tag-portell-ca"],"yoast_head":"<!-- This site is optimized with the Yoast SEO plugin v24.4 - https:\/\/yoast.com\/wordpress\/plugins\/seo\/ -->\n<title>La Casa Abadia de Portell guanya el premi del Col\u00b7legi d\u2019Arquitectes a la millor intervenci\u00f3 en patrimoni de la Comunitat - Portell de Morella<\/title>\n<meta name=\"robots\" content=\"noindex, follow, max-snippet:-1, max-image-preview:large, max-video-preview:-1\" \/>\n<meta property=\"og:locale\" content=\"ca_ES\" \/>\n<meta property=\"og:type\" content=\"article\" \/>\n<meta property=\"og:title\" content=\"La Casa Abadia de Portell guanya el premi del Col\u00b7legi d\u2019Arquitectes a la millor intervenci\u00f3 en patrimoni de la Comunitat - Portell de Morella\" \/>\n<meta property=\"og:description\" content=\"La rehabilitaci\u00f3 i condicionament de la Casa Abadia de Portell de Morella ha sigut reconeguda amb un dels principals premis que atorga anualment el Col\u00b7legi Oficial d\u2019Arquitectes de la Comunitat Valenciana (COACV). En concret, l\u2019actuaci\u00f3 sobre l\u2019immoble hist\u00f2ric, reconvertit ara en habitatge tur\u00edstic municipal, ha obtingut el m\u00e0xim guard\u00f3 en la categoria d\u2019Arquitectura, Intervencions en [&hellip;]\" \/>\n<meta property=\"og:url\" content=\"https:\/\/portelldemorella.org\/ca\/la-casa-abadia-de-portell-guanya-el-premi-del-collegi-darquitectes-a-la-millor-intervencio-en-patrimoni-de-la-comunitat\/\" \/>\n<meta property=\"og:site_name\" content=\"Portell de Morella\" \/>\n<meta property=\"article:published_time\" content=\"2025-10-07T13:47:29+00:00\" \/>\n<meta property=\"article:modified_time\" content=\"2025-10-07T14:02:16+00:00\" \/>\n<meta property=\"og:image\" content=\"https:\/\/portelldemorella.org\/wp-content\/uploads\/2025\/10\/casa-abadia-1.jpg\" \/>\n\t<meta property=\"og:image:width\" content=\"1073\" \/>\n\t<meta property=\"og:image:height\" content=\"1079\" \/>\n\t<meta property=\"og:image:type\" content=\"image\/jpeg\" \/>\n<meta name=\"author\" content=\"portell\" \/>\n<meta name=\"twitter:card\" content=\"summary_large_image\" \/>\n<meta name=\"twitter:label1\" content=\"Escrit per\" \/>\n\t<meta name=\"twitter:data1\" content=\"portell\" \/>\n\t<meta name=\"twitter:label2\" content=\"Temps estimat de lectura\" \/>\n\t<meta name=\"twitter:data2\" content=\"2 minuts\" \/>\n<script type=\"application\/ld+json\" class=\"yoast-schema-graph\">{\"@context\":\"https:\/\/schema.org\",\"@graph\":[{\"@type\":\"Article\",\"@id\":\"https:\/\/portelldemorella.org\/ca\/la-casa-abadia-de-portell-guanya-el-premi-del-collegi-darquitectes-a-la-millor-intervencio-en-patrimoni-de-la-comunitat\/#article\",\"isPartOf\":{\"@id\":\"https:\/\/portelldemorella.org\/ca\/la-casa-abadia-de-portell-guanya-el-premi-del-collegi-darquitectes-a-la-millor-intervencio-en-patrimoni-de-la-comunitat\/\"},\"author\":{\"name\":\"portell\",\"@id\":\"https:\/\/portelldemorella.org\/#\/schema\/person\/2adde77c454244acd163488ec723a88b\"},\"headline\":\"La Casa Abadia de Portell guanya el premi del Col\u00b7legi d\u2019Arquitectes a la millor intervenci\u00f3 en patrimoni de la Comunitat\",\"datePublished\":\"2025-10-07T13:47:29+00:00\",\"dateModified\":\"2025-10-07T14:02:16+00:00\",\"mainEntityOfPage\":{\"@id\":\"https:\/\/portelldemorella.org\/ca\/la-casa-abadia-de-portell-guanya-el-premi-del-collegi-darquitectes-a-la-millor-intervencio-en-patrimoni-de-la-comunitat\/\"},\"wordCount\":293,\"commentCount\":0,\"publisher\":{\"@id\":\"https:\/\/portelldemorella.org\/#organization\"},\"image\":{\"@id\":\"https:\/\/portelldemorella.org\/ca\/la-casa-abadia-de-portell-guanya-el-premi-del-collegi-darquitectes-a-la-millor-intervencio-en-patrimoni-de-la-comunitat\/#primaryimage\"},\"thumbnailUrl\":\"https:\/\/portelldemorella.org\/wp-content\/uploads\/2025\/10\/casa-abadia-1.jpg\",\"keywords\":[\"portell\"],\"articleSection\":[\"Ayuntamiento\"],\"inLanguage\":\"ca\",\"potentialAction\":[{\"@type\":\"CommentAction\",\"name\":\"Comment\",\"target\":[\"https:\/\/portelldemorella.org\/ca\/la-casa-abadia-de-portell-guanya-el-premi-del-collegi-darquitectes-a-la-millor-intervencio-en-patrimoni-de-la-comunitat\/#respond\"]}]},{\"@type\":\"WebPage\",\"@id\":\"https:\/\/portelldemorella.org\/ca\/la-casa-abadia-de-portell-guanya-el-premi-del-collegi-darquitectes-a-la-millor-intervencio-en-patrimoni-de-la-comunitat\/\",\"url\":\"https:\/\/portelldemorella.org\/ca\/la-casa-abadia-de-portell-guanya-el-premi-del-collegi-darquitectes-a-la-millor-intervencio-en-patrimoni-de-la-comunitat\/\",\"name\":\"La Casa Abadia de Portell guanya el premi del Col\u00b7legi d\u2019Arquitectes a la millor intervenci\u00f3 en patrimoni de la Comunitat - Portell de Morella\",\"isPartOf\":{\"@id\":\"https:\/\/portelldemorella.org\/#website\"},\"primaryImageOfPage\":{\"@id\":\"https:\/\/portelldemorella.org\/ca\/la-casa-abadia-de-portell-guanya-el-premi-del-collegi-darquitectes-a-la-millor-intervencio-en-patrimoni-de-la-comunitat\/#primaryimage\"},\"image\":{\"@id\":\"https:\/\/portelldemorella.org\/ca\/la-casa-abadia-de-portell-guanya-el-premi-del-collegi-darquitectes-a-la-millor-intervencio-en-patrimoni-de-la-comunitat\/#primaryimage\"},\"thumbnailUrl\":\"https:\/\/portelldemorella.org\/wp-content\/uploads\/2025\/10\/casa-abadia-1.jpg\",\"datePublished\":\"2025-10-07T13:47:29+00:00\",\"dateModified\":\"2025-10-07T14:02:16+00:00\",\"breadcrumb\":{\"@id\":\"https:\/\/portelldemorella.org\/ca\/la-casa-abadia-de-portell-guanya-el-premi-del-collegi-darquitectes-a-la-millor-intervencio-en-patrimoni-de-la-comunitat\/#breadcrumb\"},\"inLanguage\":\"ca\",\"potentialAction\":[{\"@type\":\"ReadAction\",\"target\":[\"https:\/\/portelldemorella.org\/ca\/la-casa-abadia-de-portell-guanya-el-premi-del-collegi-darquitectes-a-la-millor-intervencio-en-patrimoni-de-la-comunitat\/\"]}]},{\"@type\":\"ImageObject\",\"inLanguage\":\"ca\",\"@id\":\"https:\/\/portelldemorella.org\/ca\/la-casa-abadia-de-portell-guanya-el-premi-del-collegi-darquitectes-a-la-millor-intervencio-en-patrimoni-de-la-comunitat\/#primaryimage\",\"url\":\"https:\/\/portelldemorella.org\/wp-content\/uploads\/2025\/10\/casa-abadia-1.jpg\",\"contentUrl\":\"https:\/\/portelldemorella.org\/wp-content\/uploads\/2025\/10\/casa-abadia-1.jpg\",\"width\":1073,\"height\":1079},{\"@type\":\"BreadcrumbList\",\"@id\":\"https:\/\/portelldemorella.org\/ca\/la-casa-abadia-de-portell-guanya-el-premi-del-collegi-darquitectes-a-la-millor-intervencio-en-patrimoni-de-la-comunitat\/#breadcrumb\",\"itemListElement\":[{\"@type\":\"ListItem\",\"position\":1,\"name\":\"Portada\",\"item\":\"https:\/\/portelldemorella.org\/ca\/\"},{\"@type\":\"ListItem\",\"position\":2,\"name\":\"La Casa Abadia de Portell guanya el premi del Col\u00b7legi d\u2019Arquitectes a la millor intervenci\u00f3 en patrimoni de la Comunitat\"}]},{\"@type\":\"WebSite\",\"@id\":\"https:\/\/portelldemorella.org\/#website\",\"url\":\"https:\/\/portelldemorella.org\/\",\"name\":\"Portell de Morella\",\"description\":\"Web del Ayuntamiento de Portell de Morella\",\"publisher\":{\"@id\":\"https:\/\/portelldemorella.org\/#organization\"},\"potentialAction\":[{\"@type\":\"SearchAction\",\"target\":{\"@type\":\"EntryPoint\",\"urlTemplate\":\"https:\/\/portelldemorella.org\/?s={search_term_string}\"},\"query-input\":{\"@type\":\"PropertyValueSpecification\",\"valueRequired\":true,\"valueName\":\"search_term_string\"}}],\"inLanguage\":\"ca\"},{\"@type\":\"Organization\",\"@id\":\"https:\/\/portelldemorella.org\/#organization\",\"name\":\"Portell de Morella\",\"url\":\"https:\/\/portelldemorella.org\/\",\"logo\":{\"@type\":\"ImageObject\",\"inLanguage\":\"ca\",\"@id\":\"https:\/\/portelldemorella.org\/#\/schema\/logo\/image\/\",\"url\":\"https:\/\/portelldemorella.org\/wp-content\/uploads\/2020\/11\/Escudo-Portell-04.jpg\",\"contentUrl\":\"https:\/\/portelldemorella.org\/wp-content\/uploads\/2020\/11\/Escudo-Portell-04.jpg\",\"width\":1001,\"height\":394,\"caption\":\"Portell de Morella\"},\"image\":{\"@id\":\"https:\/\/portelldemorella.org\/#\/schema\/logo\/image\/\"}},{\"@type\":\"Person\",\"@id\":\"https:\/\/portelldemorella.org\/#\/schema\/person\/2adde77c454244acd163488ec723a88b\",\"name\":\"portell\",\"image\":{\"@type\":\"ImageObject\",\"inLanguage\":\"ca\",\"@id\":\"https:\/\/portelldemorella.org\/#\/schema\/person\/image\/\",\"url\":\"https:\/\/secure.gravatar.com\/avatar\/077c6bd89604df620d2fa93a06be2531944cdd6826fd322dbd8b483fd84d6407?s=96&d=mm&r=g\",\"contentUrl\":\"https:\/\/secure.gravatar.com\/avatar\/077c6bd89604df620d2fa93a06be2531944cdd6826fd322dbd8b483fd84d6407?s=96&d=mm&r=g\",\"caption\":\"portell\"},\"sameAs\":[\"https:\/\/portelldemorella.org\"],\"url\":\"https:\/\/portelldemorella.org\/ca\/author\/portell\/\"}]}<\/script>\n<!-- \/ Yoast SEO plugin. -->","yoast_head_json":{"title":"La Casa Abadia de Portell guanya el premi del Col\u00b7legi d\u2019Arquitectes a la millor intervenci\u00f3 en patrimoni de la Comunitat - Portell de Morella","robots":{"index":"noindex","follow":"follow","max-snippet":"max-snippet:-1","max-image-preview":"max-image-preview:large","max-video-preview":"max-video-preview:-1"},"og_locale":"ca_ES","og_type":"article","og_title":"La Casa Abadia de Portell guanya el premi del Col\u00b7legi d\u2019Arquitectes a la millor intervenci\u00f3 en patrimoni de la Comunitat - Portell de Morella","og_description":"La rehabilitaci\u00f3 i condicionament de la Casa Abadia de Portell de Morella ha sigut reconeguda amb un dels principals premis que atorga anualment el Col\u00b7legi Oficial d\u2019Arquitectes de la Comunitat Valenciana (COACV). En concret, l\u2019actuaci\u00f3 sobre l\u2019immoble hist\u00f2ric, reconvertit ara en habitatge tur\u00edstic municipal, ha obtingut el m\u00e0xim guard\u00f3 en la categoria d\u2019Arquitectura, Intervencions en [&hellip;]","og_url":"https:\/\/portelldemorella.org\/ca\/la-casa-abadia-de-portell-guanya-el-premi-del-collegi-darquitectes-a-la-millor-intervencio-en-patrimoni-de-la-comunitat\/","og_site_name":"Portell de Morella","article_published_time":"2025-10-07T13:47:29+00:00","article_modified_time":"2025-10-07T14:02:16+00:00","og_image":[{"width":1073,"height":1079,"url":"https:\/\/portelldemorella.org\/wp-content\/uploads\/2025\/10\/casa-abadia-1.jpg","type":"image\/jpeg"}],"author":"portell","twitter_card":"summary_large_image","twitter_misc":{"Escrit per":"portell","Temps estimat de lectura":"2 minuts"},"schema":{"@context":"https:\/\/schema.org","@graph":[{"@type":"Article","@id":"https:\/\/portelldemorella.org\/ca\/la-casa-abadia-de-portell-guanya-el-premi-del-collegi-darquitectes-a-la-millor-intervencio-en-patrimoni-de-la-comunitat\/#article","isPartOf":{"@id":"https:\/\/portelldemorella.org\/ca\/la-casa-abadia-de-portell-guanya-el-premi-del-collegi-darquitectes-a-la-millor-intervencio-en-patrimoni-de-la-comunitat\/"},"author":{"name":"portell","@id":"https:\/\/portelldemorella.org\/#\/schema\/person\/2adde77c454244acd163488ec723a88b"},"headline":"La Casa Abadia de Portell guanya el premi del Col\u00b7legi d\u2019Arquitectes a la millor intervenci\u00f3 en patrimoni de la Comunitat","datePublished":"2025-10-07T13:47:29+00:00","dateModified":"2025-10-07T14:02:16+00:00","mainEntityOfPage":{"@id":"https:\/\/portelldemorella.org\/ca\/la-casa-abadia-de-portell-guanya-el-premi-del-collegi-darquitectes-a-la-millor-intervencio-en-patrimoni-de-la-comunitat\/"},"wordCount":293,"commentCount":0,"publisher":{"@id":"https:\/\/portelldemorella.org\/#organization"},"image":{"@id":"https:\/\/portelldemorella.org\/ca\/la-casa-abadia-de-portell-guanya-el-premi-del-collegi-darquitectes-a-la-millor-intervencio-en-patrimoni-de-la-comunitat\/#primaryimage"},"thumbnailUrl":"https:\/\/portelldemorella.org\/wp-content\/uploads\/2025\/10\/casa-abadia-1.jpg","keywords":["portell"],"articleSection":["Ayuntamiento"],"inLanguage":"ca","potentialAction":[{"@type":"CommentAction","name":"Comment","target":["https:\/\/portelldemorella.org\/ca\/la-casa-abadia-de-portell-guanya-el-premi-del-collegi-darquitectes-a-la-millor-intervencio-en-patrimoni-de-la-comunitat\/#respond"]}]},{"@type":"WebPage","@id":"https:\/\/portelldemorella.org\/ca\/la-casa-abadia-de-portell-guanya-el-premi-del-collegi-darquitectes-a-la-millor-intervencio-en-patrimoni-de-la-comunitat\/","url":"https:\/\/portelldemorella.org\/ca\/la-casa-abadia-de-portell-guanya-el-premi-del-collegi-darquitectes-a-la-millor-intervencio-en-patrimoni-de-la-comunitat\/","name":"La Casa Abadia de Portell guanya el premi del Col\u00b7legi d\u2019Arquitectes a la millor intervenci\u00f3 en patrimoni de la Comunitat - Portell de Morella","isPartOf":{"@id":"https:\/\/portelldemorella.org\/#website"},"primaryImageOfPage":{"@id":"https:\/\/portelldemorella.org\/ca\/la-casa-abadia-de-portell-guanya-el-premi-del-collegi-darquitectes-a-la-millor-intervencio-en-patrimoni-de-la-comunitat\/#primaryimage"},"image":{"@id":"https:\/\/portelldemorella.org\/ca\/la-casa-abadia-de-portell-guanya-el-premi-del-collegi-darquitectes-a-la-millor-intervencio-en-patrimoni-de-la-comunitat\/#primaryimage"},"thumbnailUrl":"https:\/\/portelldemorella.org\/wp-content\/uploads\/2025\/10\/casa-abadia-1.jpg","datePublished":"2025-10-07T13:47:29+00:00","dateModified":"2025-10-07T14:02:16+00:00","breadcrumb":{"@id":"https:\/\/portelldemorella.org\/ca\/la-casa-abadia-de-portell-guanya-el-premi-del-collegi-darquitectes-a-la-millor-intervencio-en-patrimoni-de-la-comunitat\/#breadcrumb"},"inLanguage":"ca","potentialAction":[{"@type":"ReadAction","target":["https:\/\/portelldemorella.org\/ca\/la-casa-abadia-de-portell-guanya-el-premi-del-collegi-darquitectes-a-la-millor-intervencio-en-patrimoni-de-la-comunitat\/"]}]},{"@type":"ImageObject","inLanguage":"ca","@id":"https:\/\/portelldemorella.org\/ca\/la-casa-abadia-de-portell-guanya-el-premi-del-collegi-darquitectes-a-la-millor-intervencio-en-patrimoni-de-la-comunitat\/#primaryimage","url":"https:\/\/portelldemorella.org\/wp-content\/uploads\/2025\/10\/casa-abadia-1.jpg","contentUrl":"https:\/\/portelldemorella.org\/wp-content\/uploads\/2025\/10\/casa-abadia-1.jpg","width":1073,"height":1079},{"@type":"BreadcrumbList","@id":"https:\/\/portelldemorella.org\/ca\/la-casa-abadia-de-portell-guanya-el-premi-del-collegi-darquitectes-a-la-millor-intervencio-en-patrimoni-de-la-comunitat\/#breadcrumb","itemListElement":[{"@type":"ListItem","position":1,"name":"Portada","item":"https:\/\/portelldemorella.org\/ca\/"},{"@type":"ListItem","position":2,"name":"La Casa Abadia de Portell guanya el premi del Col\u00b7legi d\u2019Arquitectes a la millor intervenci\u00f3 en patrimoni de la Comunitat"}]},{"@type":"WebSite","@id":"https:\/\/portelldemorella.org\/#website","url":"https:\/\/portelldemorella.org\/","name":"Portell de Morella","description":"Web del Ayuntamiento de Portell de Morella","publisher":{"@id":"https:\/\/portelldemorella.org\/#organization"},"potentialAction":[{"@type":"SearchAction","target":{"@type":"EntryPoint","urlTemplate":"https:\/\/portelldemorella.org\/?s={search_term_string}"},"query-input":{"@type":"PropertyValueSpecification","valueRequired":true,"valueName":"search_term_string"}}],"inLanguage":"ca"},{"@type":"Organization","@id":"https:\/\/portelldemorella.org\/#organization","name":"Portell de Morella","url":"https:\/\/portelldemorella.org\/","logo":{"@type":"ImageObject","inLanguage":"ca","@id":"https:\/\/portelldemorella.org\/#\/schema\/logo\/image\/","url":"https:\/\/portelldemorella.org\/wp-content\/uploads\/2020\/11\/Escudo-Portell-04.jpg","contentUrl":"https:\/\/portelldemorella.org\/wp-content\/uploads\/2020\/11\/Escudo-Portell-04.jpg","width":1001,"height":394,"caption":"Portell de Morella"},"image":{"@id":"https:\/\/portelldemorella.org\/#\/schema\/logo\/image\/"}},{"@type":"Person","@id":"https:\/\/portelldemorella.org\/#\/schema\/person\/2adde77c454244acd163488ec723a88b","name":"portell","image":{"@type":"ImageObject","inLanguage":"ca","@id":"https:\/\/portelldemorella.org\/#\/schema\/person\/image\/","url":"https:\/\/secure.gravatar.com\/avatar\/077c6bd89604df620d2fa93a06be2531944cdd6826fd322dbd8b483fd84d6407?s=96&d=mm&r=g","contentUrl":"https:\/\/secure.gravatar.com\/avatar\/077c6bd89604df620d2fa93a06be2531944cdd6826fd322dbd8b483fd84d6407?s=96&d=mm&r=g","caption":"portell"},"sameAs":["https:\/\/portelldemorella.org"],"url":"https:\/\/portelldemorella.org\/ca\/author\/portell\/"}]}},"_links":{"self":[{"href":"https:\/\/portelldemorella.org\/ca\/wp-json\/wp\/v2\/posts\/8544","targetHints":{"allow":["GET"]}}],"collection":[{"href":"https:\/\/portelldemorella.org\/ca\/wp-json\/wp\/v2\/posts"}],"about":[{"href":"https:\/\/portelldemorella.org\/ca\/wp-json\/wp\/v2\/types\/post"}],"author":[{"embeddable":true,"href":"https:\/\/portelldemorella.org\/ca\/wp-json\/wp\/v2\/users\/1"}],"replies":[{"embeddable":true,"href":"https:\/\/portelldemorella.org\/ca\/wp-json\/wp\/v2\/comments?post=8544"}],"version-history":[{"count":2,"href":"https:\/\/portelldemorella.org\/ca\/wp-json\/wp\/v2\/posts\/8544\/revisions"}],"predecessor-version":[{"id":8555,"href":"https:\/\/portelldemorella.org\/ca\/wp-json\/wp\/v2\/posts\/8544\/revisions\/8555"}],"wp:featuredmedia":[{"embeddable":true,"href":"https:\/\/portelldemorella.org\/ca\/wp-json\/wp\/v2\/media\/8547"}],"wp:attachment":[{"href":"https:\/\/portelldemorella.org\/ca\/wp-json\/wp\/v2\/media?parent=8544"}],"wp:term":[{"taxonomy":"category","embeddable":true,"href":"https:\/\/portelldemorella.org\/ca\/wp-json\/wp\/v2\/categories?post=8544"},{"taxonomy":"post_tag","embeddable":true,"href":"https:\/\/portelldemorella.org\/ca\/wp-json\/wp\/v2\/tags?post=8544"}],"curies":[{"name":"wp","href":"https:\/\/api.w.org\/{rel}","templated":true}]}}