{"id":8569,"date":"2025-10-18T10:30:00","date_gmt":"2025-10-18T10:30:00","guid":{"rendered":"https:\/\/portelldemorella.org\/?p=8569"},"modified":"2025-10-18T05:29:08","modified_gmt":"2025-10-18T05:29:08","slug":"portell-convida-a-descobrir-els-seus-origens-amb-una-caminada-guiada-el-25-doctubre","status":"publish","type":"post","link":"https:\/\/portelldemorella.org\/ca\/portell-convida-a-descobrir-els-seus-origens-amb-una-caminada-guiada-el-25-doctubre\/","title":{"rendered":"Portell convida a descobrir els seus or\u00edgens amb una caminada guiada el 25 d\u2019octubre"},"content":{"rendered":"\n<p>L\u2019Associaci\u00f3 Esportiva Portellana Toll d\u2019en Drac ha organitzat per al pr\u00f2xim dissabte 25 d\u2019octubre una caminada per descobrir els or\u00edgens de Portell, amb un recorregut que inclour\u00e0 el poblat de l\u2019edat de ferro, l\u2019\u00e8poca ib\u00e8rica i Portell el Vell.<\/p>\n\n\n\n<p>L\u2019eixida ser\u00e0 a les 9.30 hores des de la pla\u00e7a Major, i l\u2019activitat compta amb una asseguran\u00e7a de 3 euros que cal abonar pr\u00e8viament. Les inscripcions poden formalitzar-se a trav\u00e9s del correu electr\u00f2nic <a href=\"mailto:aepdrac@gmail.com\" target=\"_blank\" rel=\"noreferrer noopener\">aepdrac@gmail.com<\/a> o en el formulari habilitat en l\u00ednia: <a href=\"https:\/\/docs.google.com\/forms\/d\/e\/1FAIpQLSeXstxgOoFJsLiE75tv4eC03Yyxpsq-H8dCT4r92Gh99JK98g\/viewform\" target=\"_blank\" rel=\"noreferrer noopener\">https:\/\/docs.google.com\/forms\/d\/e\/1FAIpQLSeXstxgOoFJsLiE75tv4eC03Yyxpsq-H8dCT4r92Gh99JK98g\/viewform<\/a>.<\/p>\n\n\n\n<p>Aquesta activitat combina esport, natura i hist\u00f2ria local, i permet con\u00e9ixer de prop els jaciments i enclavaments m\u00e9s antics del municipi, en un itinerari pensat per a tots els p\u00fablics.<\/p>\n\n\n<div class=\"wp-block-image\">\n<figure class=\"aligncenter size-large is-resized\"><a href=\"https:\/\/portelldemorella.org\/wp-content\/uploads\/2025\/10\/565313639_1215936197234910_3337967537313979080_n.jpg\"><img fetchpriority=\"high\" decoding=\"async\" width=\"819\" height=\"1024\" src=\"https:\/\/portelldemorella.org\/wp-content\/uploads\/2025\/10\/565313639_1215936197234910_3337967537313979080_n-819x1024.jpg\" alt=\"\" class=\"wp-image-8565\" style=\"width:370px;height:auto\" srcset=\"https:\/\/portelldemorella.org\/wp-content\/uploads\/2025\/10\/565313639_1215936197234910_3337967537313979080_n-819x1024.jpg 819w, https:\/\/portelldemorella.org\/wp-content\/uploads\/2025\/10\/565313639_1215936197234910_3337967537313979080_n-240x300.jpg 240w, https:\/\/portelldemorella.org\/wp-content\/uploads\/2025\/10\/565313639_1215936197234910_3337967537313979080_n-768x960.jpg 768w, https:\/\/portelldemorella.org\/wp-content\/uploads\/2025\/10\/565313639_1215936197234910_3337967537313979080_n-480x600.jpg 480w, https:\/\/portelldemorella.org\/wp-content\/uploads\/2025\/10\/565313639_1215936197234910_3337967537313979080_n-448x560.jpg 448w, https:\/\/portelldemorella.org\/wp-content\/uploads\/2025\/10\/565313639_1215936197234910_3337967537313979080_n.jpg 1080w\" sizes=\"(max-width: 819px) 100vw, 819px\" \/><\/a><\/figure>\n<\/div>","protected":false},"excerpt":{"rendered":"<p>L\u2019Associaci\u00f3 Esportiva Portellana Toll d\u2019en Drac ha organitzat per al pr\u00f2xim dissabte 25 d\u2019octubre una caminada per descobrir els or\u00edgens de Portell, amb un recorregut que inclour\u00e0 el poblat de l\u2019edat de ferro, l\u2019\u00e8poca ib\u00e8rica i Portell el Vell. L\u2019eixida ser\u00e0 a les 9.30 hores des de la pla\u00e7a Major, i l\u2019activitat compta amb una [&hellip;]<\/p>\n","protected":false},"author":1,"featured_media":8567,"comment_status":"open","ping_status":"open","sticky":false,"template":"","format":"standard","meta":{"footnotes":""},"categories":[97],"tags":[100],"class_list":["post-8569","post","type-post","status-publish","format-standard","has-post-thumbnail","hentry","category-ayuntamiento-ca","tag-portell-2"],"yoast_head":"<!-- This site is optimized with the Yoast SEO plugin v24.4 - https:\/\/yoast.com\/wordpress\/plugins\/seo\/ -->\n<title>Portell convida a descobrir els seus or\u00edgens amb una caminada guiada el 25 d\u2019octubre - Portell de Morella<\/title>\n<meta name=\"robots\" content=\"noindex, follow, max-snippet:-1, max-image-preview:large, max-video-preview:-1\" \/>\n<meta property=\"og:locale\" content=\"ca_ES\" \/>\n<meta property=\"og:type\" content=\"article\" \/>\n<meta property=\"og:title\" content=\"Portell convida a descobrir els seus or\u00edgens amb una caminada guiada el 25 d\u2019octubre - Portell de Morella\" \/>\n<meta property=\"og:description\" content=\"L\u2019Associaci\u00f3 Esportiva Portellana Toll d\u2019en Drac ha organitzat per al pr\u00f2xim dissabte 25 d\u2019octubre una caminada per descobrir els or\u00edgens de Portell, amb un recorregut que inclour\u00e0 el poblat de l\u2019edat de ferro, l\u2019\u00e8poca ib\u00e8rica i Portell el Vell. L\u2019eixida ser\u00e0 a les 9.30 hores des de la pla\u00e7a Major, i l\u2019activitat compta amb una [&hellip;]\" \/>\n<meta property=\"og:url\" content=\"https:\/\/portelldemorella.org\/?p=8563\" \/>\n<meta property=\"og:site_name\" content=\"Portell de Morella\" \/>\n<meta property=\"article:published_time\" content=\"2025-10-18T10:30:00+00:00\" \/>\n<meta property=\"og:image\" content=\"https:\/\/portelldemorella.org\/wp-content\/uploads\/2025\/10\/Portell1.jpg\" \/>\n\t<meta property=\"og:image:width\" content=\"1598\" \/>\n\t<meta property=\"og:image:height\" content=\"647\" \/>\n\t<meta property=\"og:image:type\" content=\"image\/jpeg\" \/>\n<meta name=\"author\" content=\"portell\" \/>\n<meta name=\"twitter:card\" content=\"summary_large_image\" \/>\n<meta name=\"twitter:label1\" content=\"Escrit per\" \/>\n\t<meta name=\"twitter:data1\" content=\"portell\" \/>\n\t<meta name=\"twitter:label2\" content=\"Temps estimat de lectura\" \/>\n\t<meta name=\"twitter:data2\" content=\"1 minut\" \/>\n<script type=\"application\/ld+json\" class=\"yoast-schema-graph\">{\"@context\":\"https:\/\/schema.org\",\"@graph\":[{\"@type\":\"Article\",\"@id\":\"https:\/\/portelldemorella.org\/?p=8563#article\",\"isPartOf\":{\"@id\":\"https:\/\/portelldemorella.org\/?p=8563\"},\"author\":{\"name\":\"portell\",\"@id\":\"https:\/\/portelldemorella.org\/#\/schema\/person\/2adde77c454244acd163488ec723a88b\"},\"headline\":\"Portell convida a descobrir els seus or\u00edgens amb una caminada guiada el 25 d\u2019octubre\",\"datePublished\":\"2025-10-18T10:30:00+00:00\",\"mainEntityOfPage\":{\"@id\":\"https:\/\/portelldemorella.org\/?p=8563\"},\"wordCount\":161,\"commentCount\":0,\"publisher\":{\"@id\":\"https:\/\/portelldemorella.org\/#organization\"},\"image\":{\"@id\":\"https:\/\/portelldemorella.org\/?p=8563#primaryimage\"},\"thumbnailUrl\":\"https:\/\/portelldemorella.org\/wp-content\/uploads\/2025\/10\/Portell1.jpg\",\"keywords\":[\"portell\"],\"articleSection\":[\"Ayuntamiento\"],\"inLanguage\":\"ca\",\"potentialAction\":[{\"@type\":\"CommentAction\",\"name\":\"Comment\",\"target\":[\"https:\/\/portelldemorella.org\/?p=8563#respond\"]}]},{\"@type\":\"WebPage\",\"@id\":\"https:\/\/portelldemorella.org\/?p=8563\",\"url\":\"https:\/\/portelldemorella.org\/?p=8563\",\"name\":\"Portell convida a descobrir els seus or\u00edgens amb una caminada guiada el 25 d\u2019octubre - Portell de Morella\",\"isPartOf\":{\"@id\":\"https:\/\/portelldemorella.org\/#website\"},\"primaryImageOfPage\":{\"@id\":\"https:\/\/portelldemorella.org\/?p=8563#primaryimage\"},\"image\":{\"@id\":\"https:\/\/portelldemorella.org\/?p=8563#primaryimage\"},\"thumbnailUrl\":\"https:\/\/portelldemorella.org\/wp-content\/uploads\/2025\/10\/Portell1.jpg\",\"datePublished\":\"2025-10-18T10:30:00+00:00\",\"breadcrumb\":{\"@id\":\"https:\/\/portelldemorella.org\/?p=8563#breadcrumb\"},\"inLanguage\":\"ca\",\"potentialAction\":[{\"@type\":\"ReadAction\",\"target\":[\"https:\/\/portelldemorella.org\/?p=8563\"]}]},{\"@type\":\"ImageObject\",\"inLanguage\":\"ca\",\"@id\":\"https:\/\/portelldemorella.org\/?p=8563#primaryimage\",\"url\":\"https:\/\/portelldemorella.org\/wp-content\/uploads\/2025\/10\/Portell1.jpg\",\"contentUrl\":\"https:\/\/portelldemorella.org\/wp-content\/uploads\/2025\/10\/Portell1.jpg\",\"width\":1598,\"height\":647},{\"@type\":\"BreadcrumbList\",\"@id\":\"https:\/\/portelldemorella.org\/?p=8563#breadcrumb\",\"itemListElement\":[{\"@type\":\"ListItem\",\"position\":1,\"name\":\"Portada\",\"item\":\"https:\/\/portelldemorella.org\/ca\/\"},{\"@type\":\"ListItem\",\"position\":2,\"name\":\"Portell convida a descobrir els seus or\u00edgens amb una caminada guiada el 25 d\u2019octubre\"}]},{\"@type\":\"WebSite\",\"@id\":\"https:\/\/portelldemorella.org\/#website\",\"url\":\"https:\/\/portelldemorella.org\/\",\"name\":\"Portell de Morella\",\"description\":\"Web del Ayuntamiento de Portell de Morella\",\"publisher\":{\"@id\":\"https:\/\/portelldemorella.org\/#organization\"},\"potentialAction\":[{\"@type\":\"SearchAction\",\"target\":{\"@type\":\"EntryPoint\",\"urlTemplate\":\"https:\/\/portelldemorella.org\/?s={search_term_string}\"},\"query-input\":{\"@type\":\"PropertyValueSpecification\",\"valueRequired\":true,\"valueName\":\"search_term_string\"}}],\"inLanguage\":\"ca\"},{\"@type\":\"Organization\",\"@id\":\"https:\/\/portelldemorella.org\/#organization\",\"name\":\"Portell de Morella\",\"url\":\"https:\/\/portelldemorella.org\/\",\"logo\":{\"@type\":\"ImageObject\",\"inLanguage\":\"ca\",\"@id\":\"https:\/\/portelldemorella.org\/#\/schema\/logo\/image\/\",\"url\":\"https:\/\/portelldemorella.org\/wp-content\/uploads\/2020\/11\/Escudo-Portell-04.jpg\",\"contentUrl\":\"https:\/\/portelldemorella.org\/wp-content\/uploads\/2020\/11\/Escudo-Portell-04.jpg\",\"width\":1001,\"height\":394,\"caption\":\"Portell de Morella\"},\"image\":{\"@id\":\"https:\/\/portelldemorella.org\/#\/schema\/logo\/image\/\"}},{\"@type\":\"Person\",\"@id\":\"https:\/\/portelldemorella.org\/#\/schema\/person\/2adde77c454244acd163488ec723a88b\",\"name\":\"portell\",\"image\":{\"@type\":\"ImageObject\",\"inLanguage\":\"ca\",\"@id\":\"https:\/\/portelldemorella.org\/#\/schema\/person\/image\/\",\"url\":\"https:\/\/secure.gravatar.com\/avatar\/077c6bd89604df620d2fa93a06be2531944cdd6826fd322dbd8b483fd84d6407?s=96&d=mm&r=g\",\"contentUrl\":\"https:\/\/secure.gravatar.com\/avatar\/077c6bd89604df620d2fa93a06be2531944cdd6826fd322dbd8b483fd84d6407?s=96&d=mm&r=g\",\"caption\":\"portell\"},\"sameAs\":[\"https:\/\/portelldemorella.org\"],\"url\":\"https:\/\/portelldemorella.org\/ca\/author\/portell\/\"}]}<\/script>\n<!-- \/ Yoast SEO plugin. -->","yoast_head_json":{"title":"Portell convida a descobrir els seus or\u00edgens amb una caminada guiada el 25 d\u2019octubre - Portell de Morella","robots":{"index":"noindex","follow":"follow","max-snippet":"max-snippet:-1","max-image-preview":"max-image-preview:large","max-video-preview":"max-video-preview:-1"},"og_locale":"ca_ES","og_type":"article","og_title":"Portell convida a descobrir els seus or\u00edgens amb una caminada guiada el 25 d\u2019octubre - Portell de Morella","og_description":"L\u2019Associaci\u00f3 Esportiva Portellana Toll d\u2019en Drac ha organitzat per al pr\u00f2xim dissabte 25 d\u2019octubre una caminada per descobrir els or\u00edgens de Portell, amb un recorregut que inclour\u00e0 el poblat de l\u2019edat de ferro, l\u2019\u00e8poca ib\u00e8rica i Portell el Vell. L\u2019eixida ser\u00e0 a les 9.30 hores des de la pla\u00e7a Major, i l\u2019activitat compta amb una [&hellip;]","og_url":"https:\/\/portelldemorella.org\/?p=8563","og_site_name":"Portell de Morella","article_published_time":"2025-10-18T10:30:00+00:00","og_image":[{"width":1598,"height":647,"url":"https:\/\/portelldemorella.org\/wp-content\/uploads\/2025\/10\/Portell1.jpg","type":"image\/jpeg"}],"author":"portell","twitter_card":"summary_large_image","twitter_misc":{"Escrit per":"portell","Temps estimat de lectura":"1 minut"},"schema":{"@context":"https:\/\/schema.org","@graph":[{"@type":"Article","@id":"https:\/\/portelldemorella.org\/?p=8563#article","isPartOf":{"@id":"https:\/\/portelldemorella.org\/?p=8563"},"author":{"name":"portell","@id":"https:\/\/portelldemorella.org\/#\/schema\/person\/2adde77c454244acd163488ec723a88b"},"headline":"Portell convida a descobrir els seus or\u00edgens amb una caminada guiada el 25 d\u2019octubre","datePublished":"2025-10-18T10:30:00+00:00","mainEntityOfPage":{"@id":"https:\/\/portelldemorella.org\/?p=8563"},"wordCount":161,"commentCount":0,"publisher":{"@id":"https:\/\/portelldemorella.org\/#organization"},"image":{"@id":"https:\/\/portelldemorella.org\/?p=8563#primaryimage"},"thumbnailUrl":"https:\/\/portelldemorella.org\/wp-content\/uploads\/2025\/10\/Portell1.jpg","keywords":["portell"],"articleSection":["Ayuntamiento"],"inLanguage":"ca","potentialAction":[{"@type":"CommentAction","name":"Comment","target":["https:\/\/portelldemorella.org\/?p=8563#respond"]}]},{"@type":"WebPage","@id":"https:\/\/portelldemorella.org\/?p=8563","url":"https:\/\/portelldemorella.org\/?p=8563","name":"Portell convida a descobrir els seus or\u00edgens amb una caminada guiada el 25 d\u2019octubre - Portell de Morella","isPartOf":{"@id":"https:\/\/portelldemorella.org\/#website"},"primaryImageOfPage":{"@id":"https:\/\/portelldemorella.org\/?p=8563#primaryimage"},"image":{"@id":"https:\/\/portelldemorella.org\/?p=8563#primaryimage"},"thumbnailUrl":"https:\/\/portelldemorella.org\/wp-content\/uploads\/2025\/10\/Portell1.jpg","datePublished":"2025-10-18T10:30:00+00:00","breadcrumb":{"@id":"https:\/\/portelldemorella.org\/?p=8563#breadcrumb"},"inLanguage":"ca","potentialAction":[{"@type":"ReadAction","target":["https:\/\/portelldemorella.org\/?p=8563"]}]},{"@type":"ImageObject","inLanguage":"ca","@id":"https:\/\/portelldemorella.org\/?p=8563#primaryimage","url":"https:\/\/portelldemorella.org\/wp-content\/uploads\/2025\/10\/Portell1.jpg","contentUrl":"https:\/\/portelldemorella.org\/wp-content\/uploads\/2025\/10\/Portell1.jpg","width":1598,"height":647},{"@type":"BreadcrumbList","@id":"https:\/\/portelldemorella.org\/?p=8563#breadcrumb","itemListElement":[{"@type":"ListItem","position":1,"name":"Portada","item":"https:\/\/portelldemorella.org\/ca\/"},{"@type":"ListItem","position":2,"name":"Portell convida a descobrir els seus or\u00edgens amb una caminada guiada el 25 d\u2019octubre"}]},{"@type":"WebSite","@id":"https:\/\/portelldemorella.org\/#website","url":"https:\/\/portelldemorella.org\/","name":"Portell de Morella","description":"Web del Ayuntamiento de Portell de Morella","publisher":{"@id":"https:\/\/portelldemorella.org\/#organization"},"potentialAction":[{"@type":"SearchAction","target":{"@type":"EntryPoint","urlTemplate":"https:\/\/portelldemorella.org\/?s={search_term_string}"},"query-input":{"@type":"PropertyValueSpecification","valueRequired":true,"valueName":"search_term_string"}}],"inLanguage":"ca"},{"@type":"Organization","@id":"https:\/\/portelldemorella.org\/#organization","name":"Portell de Morella","url":"https:\/\/portelldemorella.org\/","logo":{"@type":"ImageObject","inLanguage":"ca","@id":"https:\/\/portelldemorella.org\/#\/schema\/logo\/image\/","url":"https:\/\/portelldemorella.org\/wp-content\/uploads\/2020\/11\/Escudo-Portell-04.jpg","contentUrl":"https:\/\/portelldemorella.org\/wp-content\/uploads\/2020\/11\/Escudo-Portell-04.jpg","width":1001,"height":394,"caption":"Portell de Morella"},"image":{"@id":"https:\/\/portelldemorella.org\/#\/schema\/logo\/image\/"}},{"@type":"Person","@id":"https:\/\/portelldemorella.org\/#\/schema\/person\/2adde77c454244acd163488ec723a88b","name":"portell","image":{"@type":"ImageObject","inLanguage":"ca","@id":"https:\/\/portelldemorella.org\/#\/schema\/person\/image\/","url":"https:\/\/secure.gravatar.com\/avatar\/077c6bd89604df620d2fa93a06be2531944cdd6826fd322dbd8b483fd84d6407?s=96&d=mm&r=g","contentUrl":"https:\/\/secure.gravatar.com\/avatar\/077c6bd89604df620d2fa93a06be2531944cdd6826fd322dbd8b483fd84d6407?s=96&d=mm&r=g","caption":"portell"},"sameAs":["https:\/\/portelldemorella.org"],"url":"https:\/\/portelldemorella.org\/ca\/author\/portell\/"}]}},"_links":{"self":[{"href":"https:\/\/portelldemorella.org\/ca\/wp-json\/wp\/v2\/posts\/8569","targetHints":{"allow":["GET"]}}],"collection":[{"href":"https:\/\/portelldemorella.org\/ca\/wp-json\/wp\/v2\/posts"}],"about":[{"href":"https:\/\/portelldemorella.org\/ca\/wp-json\/wp\/v2\/types\/post"}],"author":[{"embeddable":true,"href":"https:\/\/portelldemorella.org\/ca\/wp-json\/wp\/v2\/users\/1"}],"replies":[{"embeddable":true,"href":"https:\/\/portelldemorella.org\/ca\/wp-json\/wp\/v2\/comments?post=8569"}],"version-history":[{"count":1,"href":"https:\/\/portelldemorella.org\/ca\/wp-json\/wp\/v2\/posts\/8569\/revisions"}],"predecessor-version":[{"id":8570,"href":"https:\/\/portelldemorella.org\/ca\/wp-json\/wp\/v2\/posts\/8569\/revisions\/8570"}],"wp:featuredmedia":[{"embeddable":true,"href":"https:\/\/portelldemorella.org\/ca\/wp-json\/wp\/v2\/media\/8567"}],"wp:attachment":[{"href":"https:\/\/portelldemorella.org\/ca\/wp-json\/wp\/v2\/media?parent=8569"}],"wp:term":[{"taxonomy":"category","embeddable":true,"href":"https:\/\/portelldemorella.org\/ca\/wp-json\/wp\/v2\/categories?post=8569"},{"taxonomy":"post_tag","embeddable":true,"href":"https:\/\/portelldemorella.org\/ca\/wp-json\/wp\/v2\/tags?post=8569"}],"curies":[{"name":"wp","href":"https:\/\/api.w.org\/{rel}","templated":true}]}}