{"id":8586,"date":"2025-05-15T12:53:00","date_gmt":"2025-05-15T12:53:00","guid":{"rendered":"https:\/\/portelldemorella.org\/portell-de-morella-impulsa-mejoras-en-los-senderos-homologados-sl-cv-133-y-pr-cv-408\/"},"modified":"2025-11-24T12:57:20","modified_gmt":"2025-11-24T12:57:20","slug":"portell-de-morella-impulsa-mejoras-en-los-senderos-homologados-sl-cv-133-y-pr-cv-408","status":"publish","type":"post","link":"https:\/\/portelldemorella.org\/ca\/portell-de-morella-impulsa-mejoras-en-los-senderos-homologados-sl-cv-133-y-pr-cv-408\/","title":{"rendered":"Portell de Morella impulsa millores en les senderes homologades SL\u00ae-CV 133 i PR\u00ae-CV 408"},"content":{"rendered":"\n<p>L&#8217;Ajuntament de Portell de Morella ha posat en marxa un projecte d&#8217;actuacions de manteniment i millora en les senderes homologades SL\u00ae-CV 133 i PR\u00ae-CV 408, amb l&#8217;objectiu de refor\u00e7ar la conservaci\u00f3 de l&#8217;entorn natural i afavorir la pr\u00e0ctica del senderisme en el municipi.<\/p>\n\n\n\n<p>Les intervencions inclouen tasques d&#8217;adequaci\u00f3 del ferm, desbrossaments selectius, millores en la senyalitzaci\u00f3 horitzontal i vertical, aix\u00ed com altres actuacions orientades a garantir l&#8217;accessibilitat i la seguretat de les persones usu\u00e0ries.<\/p>\n\n\n\n<p>Aquestes actuacions s&#8217;emmarquen en la l\u00ednia \u00abAjudes per a inversions en les senderes homologades en la Comunitat Valenciana\u00bb i estan finan\u00e7ades per la Uni\u00f3 Europea \u2013 Next Generation EU, a trav\u00e9s del Mecanisme de Recuperaci\u00f3 i Resili\u00e8ncia (MRR), conforme al que s&#8217;estableix en el Pla de Recuperaci\u00f3, Transformaci\u00f3 i Resili\u00e8ncia (PRTR).<\/p>\n\n\n\n<figure class=\"wp-block-image size-full\"><img fetchpriority=\"high\" decoding=\"async\" width=\"480\" height=\"640\" src=\"https:\/\/portelldemorella.org\/wp-content\/uploads\/2025\/11\/portell.-sender-2.jpg\" alt=\"\" class=\"wp-image-8583\" srcset=\"https:\/\/portelldemorella.org\/wp-content\/uploads\/2025\/11\/portell.-sender-2.jpg 480w, https:\/\/portelldemorella.org\/wp-content\/uploads\/2025\/11\/portell.-sender-2-225x300.jpg 225w, https:\/\/portelldemorella.org\/wp-content\/uploads\/2025\/11\/portell.-sender-2-450x600.jpg 450w, https:\/\/portelldemorella.org\/wp-content\/uploads\/2025\/11\/portell.-sender-2-420x560.jpg 420w\" sizes=\"(max-width: 480px) 100vw, 480px\" \/><\/figure>\n\n\n\n<figure class=\"wp-block-image size-full\"><img decoding=\"async\" width=\"640\" height=\"480\" src=\"https:\/\/portelldemorella.org\/wp-content\/uploads\/2025\/11\/portell.-sender-1.jpg\" alt=\"\" class=\"wp-image-8582\" srcset=\"https:\/\/portelldemorella.org\/wp-content\/uploads\/2025\/11\/portell.-sender-1.jpg 640w, https:\/\/portelldemorella.org\/wp-content\/uploads\/2025\/11\/portell.-sender-1-300x225.jpg 300w, https:\/\/portelldemorella.org\/wp-content\/uploads\/2025\/11\/portell.-sender-1-600x450.jpg 600w, https:\/\/portelldemorella.org\/wp-content\/uploads\/2025\/11\/portell.-sender-1-560x420.jpg 560w\" sizes=\"(max-width: 640px) 100vw, 640px\" \/><\/figure>\n","protected":false},"excerpt":{"rendered":"<p>L&#8217;Ajuntament de Portell de Morella ha posat en marxa un projecte d&#8217;actuacions de manteniment i millora en les senderes homologades SL\u00ae-CV 133 i PR\u00ae-CV 408, amb l&#8217;objectiu de refor\u00e7ar la conservaci\u00f3 de l&#8217;entorn natural i afavorir la pr\u00e0ctica del senderisme en el municipi. Les intervencions inclouen tasques d&#8217;adequaci\u00f3 del ferm, desbrossaments selectius, millores en la [&hellip;]<\/p>\n","protected":false},"author":1,"featured_media":8582,"comment_status":"open","ping_status":"open","sticky":false,"template":"","format":"standard","meta":{"footnotes":""},"categories":[97],"tags":[355,107,356,357],"class_list":["post-8586","post","type-post","status-publish","format-standard","has-post-thumbnail","hentry","category-ayuntamiento-ca","tag-next-generation-eu-ca","tag-portell-ca","tag-senderes-homologades-ca","tag-senderos-homologados-ca"],"yoast_head":"<!-- This site is optimized with the Yoast SEO plugin v24.4 - https:\/\/yoast.com\/wordpress\/plugins\/seo\/ -->\n<title>Portell de Morella impulsa millores en les senderes homologades SL\u00ae-CV 133 i PR\u00ae-CV 408 - Portell de Morella<\/title>\n<meta name=\"robots\" content=\"noindex, follow, max-snippet:-1, max-image-preview:large, max-video-preview:-1\" \/>\n<meta property=\"og:locale\" content=\"ca_ES\" \/>\n<meta property=\"og:type\" content=\"article\" \/>\n<meta property=\"og:title\" content=\"Portell de Morella impulsa millores en les senderes homologades SL\u00ae-CV 133 i PR\u00ae-CV 408 - Portell de Morella\" \/>\n<meta property=\"og:description\" content=\"L&#8217;Ajuntament de Portell de Morella ha posat en marxa un projecte d&#8217;actuacions de manteniment i millora en les senderes homologades SL\u00ae-CV 133 i PR\u00ae-CV 408, amb l&#8217;objectiu de refor\u00e7ar la conservaci\u00f3 de l&#8217;entorn natural i afavorir la pr\u00e0ctica del senderisme en el municipi. Les intervencions inclouen tasques d&#8217;adequaci\u00f3 del ferm, desbrossaments selectius, millores en la [&hellip;]\" \/>\n<meta property=\"og:url\" content=\"https:\/\/portelldemorella.org\/ca\/portell-de-morella-impulsa-mejoras-en-los-senderos-homologados-sl-cv-133-y-pr-cv-408\/\" \/>\n<meta property=\"og:site_name\" content=\"Portell de Morella\" \/>\n<meta property=\"article:published_time\" content=\"2025-05-15T12:53:00+00:00\" \/>\n<meta property=\"article:modified_time\" content=\"2025-11-24T12:57:20+00:00\" \/>\n<meta property=\"og:image\" content=\"https:\/\/portelldemorella.org\/wp-content\/uploads\/2025\/11\/portell.-sender-1.jpg\" \/>\n\t<meta property=\"og:image:width\" content=\"640\" \/>\n\t<meta property=\"og:image:height\" content=\"480\" \/>\n\t<meta property=\"og:image:type\" content=\"image\/jpeg\" \/>\n<meta name=\"author\" content=\"portell\" \/>\n<meta name=\"twitter:card\" content=\"summary_large_image\" \/>\n<meta name=\"twitter:label1\" content=\"Escrit per\" \/>\n\t<meta name=\"twitter:data1\" content=\"portell\" \/>\n\t<meta name=\"twitter:label2\" content=\"Temps estimat de lectura\" \/>\n\t<meta name=\"twitter:data2\" content=\"2 minuts\" \/>\n<script type=\"application\/ld+json\" class=\"yoast-schema-graph\">{\"@context\":\"https:\/\/schema.org\",\"@graph\":[{\"@type\":\"Article\",\"@id\":\"https:\/\/portelldemorella.org\/ca\/portell-de-morella-impulsa-mejoras-en-los-senderos-homologados-sl-cv-133-y-pr-cv-408\/#article\",\"isPartOf\":{\"@id\":\"https:\/\/portelldemorella.org\/ca\/portell-de-morella-impulsa-mejoras-en-los-senderos-homologados-sl-cv-133-y-pr-cv-408\/\"},\"author\":{\"name\":\"portell\",\"@id\":\"https:\/\/portelldemorella.org\/#\/schema\/person\/2adde77c454244acd163488ec723a88b\"},\"headline\":\"Portell de Morella impulsa millores en les senderes homologades SL\u00ae-CV 133 i PR\u00ae-CV 408\",\"datePublished\":\"2025-05-15T12:53:00+00:00\",\"dateModified\":\"2025-11-24T12:57:20+00:00\",\"mainEntityOfPage\":{\"@id\":\"https:\/\/portelldemorella.org\/ca\/portell-de-morella-impulsa-mejoras-en-los-senderos-homologados-sl-cv-133-y-pr-cv-408\/\"},\"wordCount\":146,\"commentCount\":0,\"publisher\":{\"@id\":\"https:\/\/portelldemorella.org\/#organization\"},\"image\":{\"@id\":\"https:\/\/portelldemorella.org\/ca\/portell-de-morella-impulsa-mejoras-en-los-senderos-homologados-sl-cv-133-y-pr-cv-408\/#primaryimage\"},\"thumbnailUrl\":\"https:\/\/portelldemorella.org\/wp-content\/uploads\/2025\/11\/portell.-sender-1.jpg\",\"keywords\":[\"next generation EU\",\"portell\",\"senderes homologades\",\"senderos homologados\"],\"articleSection\":[\"Ayuntamiento\"],\"inLanguage\":\"ca\",\"potentialAction\":[{\"@type\":\"CommentAction\",\"name\":\"Comment\",\"target\":[\"https:\/\/portelldemorella.org\/ca\/portell-de-morella-impulsa-mejoras-en-los-senderos-homologados-sl-cv-133-y-pr-cv-408\/#respond\"]}]},{\"@type\":\"WebPage\",\"@id\":\"https:\/\/portelldemorella.org\/ca\/portell-de-morella-impulsa-mejoras-en-los-senderos-homologados-sl-cv-133-y-pr-cv-408\/\",\"url\":\"https:\/\/portelldemorella.org\/ca\/portell-de-morella-impulsa-mejoras-en-los-senderos-homologados-sl-cv-133-y-pr-cv-408\/\",\"name\":\"Portell de Morella impulsa millores en les senderes homologades SL\u00ae-CV 133 i PR\u00ae-CV 408 - Portell de Morella\",\"isPartOf\":{\"@id\":\"https:\/\/portelldemorella.org\/#website\"},\"primaryImageOfPage\":{\"@id\":\"https:\/\/portelldemorella.org\/ca\/portell-de-morella-impulsa-mejoras-en-los-senderos-homologados-sl-cv-133-y-pr-cv-408\/#primaryimage\"},\"image\":{\"@id\":\"https:\/\/portelldemorella.org\/ca\/portell-de-morella-impulsa-mejoras-en-los-senderos-homologados-sl-cv-133-y-pr-cv-408\/#primaryimage\"},\"thumbnailUrl\":\"https:\/\/portelldemorella.org\/wp-content\/uploads\/2025\/11\/portell.-sender-1.jpg\",\"datePublished\":\"2025-05-15T12:53:00+00:00\",\"dateModified\":\"2025-11-24T12:57:20+00:00\",\"breadcrumb\":{\"@id\":\"https:\/\/portelldemorella.org\/ca\/portell-de-morella-impulsa-mejoras-en-los-senderos-homologados-sl-cv-133-y-pr-cv-408\/#breadcrumb\"},\"inLanguage\":\"ca\",\"potentialAction\":[{\"@type\":\"ReadAction\",\"target\":[\"https:\/\/portelldemorella.org\/ca\/portell-de-morella-impulsa-mejoras-en-los-senderos-homologados-sl-cv-133-y-pr-cv-408\/\"]}]},{\"@type\":\"ImageObject\",\"inLanguage\":\"ca\",\"@id\":\"https:\/\/portelldemorella.org\/ca\/portell-de-morella-impulsa-mejoras-en-los-senderos-homologados-sl-cv-133-y-pr-cv-408\/#primaryimage\",\"url\":\"https:\/\/portelldemorella.org\/wp-content\/uploads\/2025\/11\/portell.-sender-1.jpg\",\"contentUrl\":\"https:\/\/portelldemorella.org\/wp-content\/uploads\/2025\/11\/portell.-sender-1.jpg\",\"width\":640,\"height\":480},{\"@type\":\"BreadcrumbList\",\"@id\":\"https:\/\/portelldemorella.org\/ca\/portell-de-morella-impulsa-mejoras-en-los-senderos-homologados-sl-cv-133-y-pr-cv-408\/#breadcrumb\",\"itemListElement\":[{\"@type\":\"ListItem\",\"position\":1,\"name\":\"Portada\",\"item\":\"https:\/\/portelldemorella.org\/ca\/\"},{\"@type\":\"ListItem\",\"position\":2,\"name\":\"Portell de Morella impulsa millores en les senderes homologades SL\u00ae-CV 133 i PR\u00ae-CV 408\"}]},{\"@type\":\"WebSite\",\"@id\":\"https:\/\/portelldemorella.org\/#website\",\"url\":\"https:\/\/portelldemorella.org\/\",\"name\":\"Portell de Morella\",\"description\":\"Web del Ayuntamiento de Portell de Morella\",\"publisher\":{\"@id\":\"https:\/\/portelldemorella.org\/#organization\"},\"potentialAction\":[{\"@type\":\"SearchAction\",\"target\":{\"@type\":\"EntryPoint\",\"urlTemplate\":\"https:\/\/portelldemorella.org\/?s={search_term_string}\"},\"query-input\":{\"@type\":\"PropertyValueSpecification\",\"valueRequired\":true,\"valueName\":\"search_term_string\"}}],\"inLanguage\":\"ca\"},{\"@type\":\"Organization\",\"@id\":\"https:\/\/portelldemorella.org\/#organization\",\"name\":\"Portell de Morella\",\"url\":\"https:\/\/portelldemorella.org\/\",\"logo\":{\"@type\":\"ImageObject\",\"inLanguage\":\"ca\",\"@id\":\"https:\/\/portelldemorella.org\/#\/schema\/logo\/image\/\",\"url\":\"https:\/\/portelldemorella.org\/wp-content\/uploads\/2020\/11\/Escudo-Portell-04.jpg\",\"contentUrl\":\"https:\/\/portelldemorella.org\/wp-content\/uploads\/2020\/11\/Escudo-Portell-04.jpg\",\"width\":1001,\"height\":394,\"caption\":\"Portell de Morella\"},\"image\":{\"@id\":\"https:\/\/portelldemorella.org\/#\/schema\/logo\/image\/\"}},{\"@type\":\"Person\",\"@id\":\"https:\/\/portelldemorella.org\/#\/schema\/person\/2adde77c454244acd163488ec723a88b\",\"name\":\"portell\",\"image\":{\"@type\":\"ImageObject\",\"inLanguage\":\"ca\",\"@id\":\"https:\/\/portelldemorella.org\/#\/schema\/person\/image\/\",\"url\":\"https:\/\/secure.gravatar.com\/avatar\/077c6bd89604df620d2fa93a06be2531944cdd6826fd322dbd8b483fd84d6407?s=96&d=mm&r=g\",\"contentUrl\":\"https:\/\/secure.gravatar.com\/avatar\/077c6bd89604df620d2fa93a06be2531944cdd6826fd322dbd8b483fd84d6407?s=96&d=mm&r=g\",\"caption\":\"portell\"},\"sameAs\":[\"https:\/\/portelldemorella.org\"],\"url\":\"https:\/\/portelldemorella.org\/ca\/author\/portell\/\"}]}<\/script>\n<!-- \/ Yoast SEO plugin. -->","yoast_head_json":{"title":"Portell de Morella impulsa millores en les senderes homologades SL\u00ae-CV 133 i PR\u00ae-CV 408 - Portell de Morella","robots":{"index":"noindex","follow":"follow","max-snippet":"max-snippet:-1","max-image-preview":"max-image-preview:large","max-video-preview":"max-video-preview:-1"},"og_locale":"ca_ES","og_type":"article","og_title":"Portell de Morella impulsa millores en les senderes homologades SL\u00ae-CV 133 i PR\u00ae-CV 408 - Portell de Morella","og_description":"L&#8217;Ajuntament de Portell de Morella ha posat en marxa un projecte d&#8217;actuacions de manteniment i millora en les senderes homologades SL\u00ae-CV 133 i PR\u00ae-CV 408, amb l&#8217;objectiu de refor\u00e7ar la conservaci\u00f3 de l&#8217;entorn natural i afavorir la pr\u00e0ctica del senderisme en el municipi. Les intervencions inclouen tasques d&#8217;adequaci\u00f3 del ferm, desbrossaments selectius, millores en la [&hellip;]","og_url":"https:\/\/portelldemorella.org\/ca\/portell-de-morella-impulsa-mejoras-en-los-senderos-homologados-sl-cv-133-y-pr-cv-408\/","og_site_name":"Portell de Morella","article_published_time":"2025-05-15T12:53:00+00:00","article_modified_time":"2025-11-24T12:57:20+00:00","og_image":[{"width":640,"height":480,"url":"https:\/\/portelldemorella.org\/wp-content\/uploads\/2025\/11\/portell.-sender-1.jpg","type":"image\/jpeg"}],"author":"portell","twitter_card":"summary_large_image","twitter_misc":{"Escrit per":"portell","Temps estimat de lectura":"2 minuts"},"schema":{"@context":"https:\/\/schema.org","@graph":[{"@type":"Article","@id":"https:\/\/portelldemorella.org\/ca\/portell-de-morella-impulsa-mejoras-en-los-senderos-homologados-sl-cv-133-y-pr-cv-408\/#article","isPartOf":{"@id":"https:\/\/portelldemorella.org\/ca\/portell-de-morella-impulsa-mejoras-en-los-senderos-homologados-sl-cv-133-y-pr-cv-408\/"},"author":{"name":"portell","@id":"https:\/\/portelldemorella.org\/#\/schema\/person\/2adde77c454244acd163488ec723a88b"},"headline":"Portell de Morella impulsa millores en les senderes homologades SL\u00ae-CV 133 i PR\u00ae-CV 408","datePublished":"2025-05-15T12:53:00+00:00","dateModified":"2025-11-24T12:57:20+00:00","mainEntityOfPage":{"@id":"https:\/\/portelldemorella.org\/ca\/portell-de-morella-impulsa-mejoras-en-los-senderos-homologados-sl-cv-133-y-pr-cv-408\/"},"wordCount":146,"commentCount":0,"publisher":{"@id":"https:\/\/portelldemorella.org\/#organization"},"image":{"@id":"https:\/\/portelldemorella.org\/ca\/portell-de-morella-impulsa-mejoras-en-los-senderos-homologados-sl-cv-133-y-pr-cv-408\/#primaryimage"},"thumbnailUrl":"https:\/\/portelldemorella.org\/wp-content\/uploads\/2025\/11\/portell.-sender-1.jpg","keywords":["next generation EU","portell","senderes homologades","senderos homologados"],"articleSection":["Ayuntamiento"],"inLanguage":"ca","potentialAction":[{"@type":"CommentAction","name":"Comment","target":["https:\/\/portelldemorella.org\/ca\/portell-de-morella-impulsa-mejoras-en-los-senderos-homologados-sl-cv-133-y-pr-cv-408\/#respond"]}]},{"@type":"WebPage","@id":"https:\/\/portelldemorella.org\/ca\/portell-de-morella-impulsa-mejoras-en-los-senderos-homologados-sl-cv-133-y-pr-cv-408\/","url":"https:\/\/portelldemorella.org\/ca\/portell-de-morella-impulsa-mejoras-en-los-senderos-homologados-sl-cv-133-y-pr-cv-408\/","name":"Portell de Morella impulsa millores en les senderes homologades SL\u00ae-CV 133 i PR\u00ae-CV 408 - Portell de Morella","isPartOf":{"@id":"https:\/\/portelldemorella.org\/#website"},"primaryImageOfPage":{"@id":"https:\/\/portelldemorella.org\/ca\/portell-de-morella-impulsa-mejoras-en-los-senderos-homologados-sl-cv-133-y-pr-cv-408\/#primaryimage"},"image":{"@id":"https:\/\/portelldemorella.org\/ca\/portell-de-morella-impulsa-mejoras-en-los-senderos-homologados-sl-cv-133-y-pr-cv-408\/#primaryimage"},"thumbnailUrl":"https:\/\/portelldemorella.org\/wp-content\/uploads\/2025\/11\/portell.-sender-1.jpg","datePublished":"2025-05-15T12:53:00+00:00","dateModified":"2025-11-24T12:57:20+00:00","breadcrumb":{"@id":"https:\/\/portelldemorella.org\/ca\/portell-de-morella-impulsa-mejoras-en-los-senderos-homologados-sl-cv-133-y-pr-cv-408\/#breadcrumb"},"inLanguage":"ca","potentialAction":[{"@type":"ReadAction","target":["https:\/\/portelldemorella.org\/ca\/portell-de-morella-impulsa-mejoras-en-los-senderos-homologados-sl-cv-133-y-pr-cv-408\/"]}]},{"@type":"ImageObject","inLanguage":"ca","@id":"https:\/\/portelldemorella.org\/ca\/portell-de-morella-impulsa-mejoras-en-los-senderos-homologados-sl-cv-133-y-pr-cv-408\/#primaryimage","url":"https:\/\/portelldemorella.org\/wp-content\/uploads\/2025\/11\/portell.-sender-1.jpg","contentUrl":"https:\/\/portelldemorella.org\/wp-content\/uploads\/2025\/11\/portell.-sender-1.jpg","width":640,"height":480},{"@type":"BreadcrumbList","@id":"https:\/\/portelldemorella.org\/ca\/portell-de-morella-impulsa-mejoras-en-los-senderos-homologados-sl-cv-133-y-pr-cv-408\/#breadcrumb","itemListElement":[{"@type":"ListItem","position":1,"name":"Portada","item":"https:\/\/portelldemorella.org\/ca\/"},{"@type":"ListItem","position":2,"name":"Portell de Morella impulsa millores en les senderes homologades SL\u00ae-CV 133 i PR\u00ae-CV 408"}]},{"@type":"WebSite","@id":"https:\/\/portelldemorella.org\/#website","url":"https:\/\/portelldemorella.org\/","name":"Portell de Morella","description":"Web del Ayuntamiento de Portell de Morella","publisher":{"@id":"https:\/\/portelldemorella.org\/#organization"},"potentialAction":[{"@type":"SearchAction","target":{"@type":"EntryPoint","urlTemplate":"https:\/\/portelldemorella.org\/?s={search_term_string}"},"query-input":{"@type":"PropertyValueSpecification","valueRequired":true,"valueName":"search_term_string"}}],"inLanguage":"ca"},{"@type":"Organization","@id":"https:\/\/portelldemorella.org\/#organization","name":"Portell de Morella","url":"https:\/\/portelldemorella.org\/","logo":{"@type":"ImageObject","inLanguage":"ca","@id":"https:\/\/portelldemorella.org\/#\/schema\/logo\/image\/","url":"https:\/\/portelldemorella.org\/wp-content\/uploads\/2020\/11\/Escudo-Portell-04.jpg","contentUrl":"https:\/\/portelldemorella.org\/wp-content\/uploads\/2020\/11\/Escudo-Portell-04.jpg","width":1001,"height":394,"caption":"Portell de Morella"},"image":{"@id":"https:\/\/portelldemorella.org\/#\/schema\/logo\/image\/"}},{"@type":"Person","@id":"https:\/\/portelldemorella.org\/#\/schema\/person\/2adde77c454244acd163488ec723a88b","name":"portell","image":{"@type":"ImageObject","inLanguage":"ca","@id":"https:\/\/portelldemorella.org\/#\/schema\/person\/image\/","url":"https:\/\/secure.gravatar.com\/avatar\/077c6bd89604df620d2fa93a06be2531944cdd6826fd322dbd8b483fd84d6407?s=96&d=mm&r=g","contentUrl":"https:\/\/secure.gravatar.com\/avatar\/077c6bd89604df620d2fa93a06be2531944cdd6826fd322dbd8b483fd84d6407?s=96&d=mm&r=g","caption":"portell"},"sameAs":["https:\/\/portelldemorella.org"],"url":"https:\/\/portelldemorella.org\/ca\/author\/portell\/"}]}},"_links":{"self":[{"href":"https:\/\/portelldemorella.org\/ca\/wp-json\/wp\/v2\/posts\/8586","targetHints":{"allow":["GET"]}}],"collection":[{"href":"https:\/\/portelldemorella.org\/ca\/wp-json\/wp\/v2\/posts"}],"about":[{"href":"https:\/\/portelldemorella.org\/ca\/wp-json\/wp\/v2\/types\/post"}],"author":[{"embeddable":true,"href":"https:\/\/portelldemorella.org\/ca\/wp-json\/wp\/v2\/users\/1"}],"replies":[{"embeddable":true,"href":"https:\/\/portelldemorella.org\/ca\/wp-json\/wp\/v2\/comments?post=8586"}],"version-history":[{"count":2,"href":"https:\/\/portelldemorella.org\/ca\/wp-json\/wp\/v2\/posts\/8586\/revisions"}],"predecessor-version":[{"id":8588,"href":"https:\/\/portelldemorella.org\/ca\/wp-json\/wp\/v2\/posts\/8586\/revisions\/8588"}],"wp:featuredmedia":[{"embeddable":true,"href":"https:\/\/portelldemorella.org\/ca\/wp-json\/wp\/v2\/media\/8582"}],"wp:attachment":[{"href":"https:\/\/portelldemorella.org\/ca\/wp-json\/wp\/v2\/media?parent=8586"}],"wp:term":[{"taxonomy":"category","embeddable":true,"href":"https:\/\/portelldemorella.org\/ca\/wp-json\/wp\/v2\/categories?post=8586"},{"taxonomy":"post_tag","embeddable":true,"href":"https:\/\/portelldemorella.org\/ca\/wp-json\/wp\/v2\/tags?post=8586"}],"curies":[{"name":"wp","href":"https:\/\/api.w.org\/{rel}","templated":true}]}}