{"id":8654,"date":"2026-04-30T06:42:59","date_gmt":"2026-04-30T06:42:59","guid":{"rendered":"https:\/\/portelldemorella.org\/portell-celebra-sant-marc-con-una-jornada-de-tradicion-convivencia-y-participacion\/"},"modified":"2026-04-30T06:44:56","modified_gmt":"2026-04-30T06:44:56","slug":"portell-celebra-sant-marc-con-una-jornada-de-tradicion-convivencia-y-participacion","status":"publish","type":"post","link":"https:\/\/portelldemorella.org\/ca\/portell-celebra-sant-marc-con-una-jornada-de-tradicion-convivencia-y-participacion\/","title":{"rendered":"Portell celebra Sant Marc amb una jornada de tradici\u00f3, conviv\u00e8ncia i participaci\u00f3"},"content":{"rendered":"\n<p>Portell va celebrar dissabte passat 25 d&#8217;abril la festivitat de Sant Marc amb una completa programaci\u00f3 que va reunir ve\u00efns i visitants en una jornada marcada per la tradici\u00f3 i la conviv\u00e8ncia.<\/p>\n\n\n\n<p>Els actes van comen\u00e7ar al mat\u00ed amb l&#8217;eixida en process\u00f3 des de l&#8217;esgl\u00e9sia fins a l&#8217;Albareda. Al llarg del mat\u00ed es va inaugurar la barra i es van organitzar jocs populars per a totes les edats, generant un ambient festiu i familiar.<\/p>\n\n\n\n<p>A les 13:00 hores es va celebrar la missa en honor a Sant Marc, un dels moments centrals de la jornada. Ja a la vesprada, va tindre lloc una nova process\u00f3 fins a la Creu del Rotllet, on es va realitzar la benedicci\u00f3 del terme.<\/p>\n\n\n\n<p>La programaci\u00f3 va continuar amb un tardeo amenitzat per djXotera, que va reunir nombr\u00f3s p\u00fablic, i va finalitzar amb un sopar de pa i porta en el poliesportiu, seguit de discom\u00f2bil fins a altes hores de la matinada<\/p>\n\n\n\n<p>Des de l&#8217;Ajuntament de Portell s&#8217;ha valorat molt positivament la participaci\u00f3 i l&#8217;ambient viscut, destacant la implicaci\u00f3 ve\u00efnal en el manteniment d&#8217;aquestes tradicions que formen part de la identitat del municipi.<\/p>\n","protected":false},"excerpt":{"rendered":"<p>Portell va celebrar dissabte passat 25 d&#8217;abril la festivitat de Sant Marc amb una completa programaci\u00f3 que va reunir ve\u00efns i visitants en una jornada marcada per la tradici\u00f3 i la conviv\u00e8ncia. Els actes van comen\u00e7ar al mat\u00ed amb l&#8217;eixida en process\u00f3 des de l&#8217;esgl\u00e9sia fins a l&#8217;Albareda. Al llarg del mat\u00ed es va inaugurar [&hellip;]<\/p>\n","protected":false},"author":1,"featured_media":8652,"comment_status":"open","ping_status":"open","sticky":false,"template":"","format":"standard","meta":{"footnotes":""},"categories":[97],"tags":[107,371,372],"class_list":["post-8654","post","type-post","status-publish","format-standard","has-post-thumbnail","hentry","category-ayuntamiento-ca","tag-portell-ca","tag-sant-marc-ca","tag-sant-marc-de-les-albaredes-ca"],"yoast_head":"<!-- This site is optimized with the Yoast SEO plugin v24.4 - https:\/\/yoast.com\/wordpress\/plugins\/seo\/ -->\n<title>Portell celebra Sant Marc amb una jornada de tradici\u00f3, conviv\u00e8ncia i participaci\u00f3 - Portell de Morella<\/title>\n<meta name=\"robots\" content=\"noindex, follow, max-snippet:-1, max-image-preview:large, max-video-preview:-1\" \/>\n<meta property=\"og:locale\" content=\"ca_ES\" \/>\n<meta property=\"og:type\" content=\"article\" \/>\n<meta property=\"og:title\" content=\"Portell celebra Sant Marc amb una jornada de tradici\u00f3, conviv\u00e8ncia i participaci\u00f3 - Portell de Morella\" \/>\n<meta property=\"og:description\" content=\"Portell va celebrar dissabte passat 25 d&#8217;abril la festivitat de Sant Marc amb una completa programaci\u00f3 que va reunir ve\u00efns i visitants en una jornada marcada per la tradici\u00f3 i la conviv\u00e8ncia. Els actes van comen\u00e7ar al mat\u00ed amb l&#8217;eixida en process\u00f3 des de l&#8217;esgl\u00e9sia fins a l&#8217;Albareda. Al llarg del mat\u00ed es va inaugurar [&hellip;]\" \/>\n<meta property=\"og:url\" content=\"https:\/\/portelldemorella.org\/ca\/portell-celebra-sant-marc-con-una-jornada-de-tradicion-convivencia-y-participacion\/\" \/>\n<meta property=\"og:site_name\" content=\"Portell de Morella\" \/>\n<meta property=\"article:published_time\" content=\"2026-04-30T06:42:59+00:00\" \/>\n<meta property=\"article:modified_time\" content=\"2026-04-30T06:44:56+00:00\" \/>\n<meta property=\"og:image\" content=\"https:\/\/portelldemorella.org\/wp-content\/uploads\/2026\/04\/PORTELL.-SANT-MARC-2026-1.jpeg\" \/>\n\t<meta property=\"og:image:width\" content=\"1600\" \/>\n\t<meta property=\"og:image:height\" content=\"1066\" \/>\n\t<meta property=\"og:image:type\" content=\"image\/jpeg\" \/>\n<meta name=\"author\" content=\"portell\" \/>\n<meta name=\"twitter:card\" content=\"summary_large_image\" \/>\n<meta name=\"twitter:label1\" content=\"Escrit per\" \/>\n\t<meta name=\"twitter:data1\" content=\"portell\" \/>\n\t<meta name=\"twitter:label2\" content=\"Temps estimat de lectura\" \/>\n\t<meta name=\"twitter:data2\" content=\"2 minuts\" \/>\n<script type=\"application\/ld+json\" class=\"yoast-schema-graph\">{\"@context\":\"https:\/\/schema.org\",\"@graph\":[{\"@type\":\"Article\",\"@id\":\"https:\/\/portelldemorella.org\/ca\/portell-celebra-sant-marc-con-una-jornada-de-tradicion-convivencia-y-participacion\/#article\",\"isPartOf\":{\"@id\":\"https:\/\/portelldemorella.org\/ca\/portell-celebra-sant-marc-con-una-jornada-de-tradicion-convivencia-y-participacion\/\"},\"author\":{\"name\":\"portell\",\"@id\":\"https:\/\/portelldemorella.org\/#\/schema\/person\/2adde77c454244acd163488ec723a88b\"},\"headline\":\"Portell celebra Sant Marc amb una jornada de tradici\u00f3, conviv\u00e8ncia i participaci\u00f3\",\"datePublished\":\"2026-04-30T06:42:59+00:00\",\"dateModified\":\"2026-04-30T06:44:56+00:00\",\"mainEntityOfPage\":{\"@id\":\"https:\/\/portelldemorella.org\/ca\/portell-celebra-sant-marc-con-una-jornada-de-tradicion-convivencia-y-participacion\/\"},\"wordCount\":207,\"commentCount\":0,\"publisher\":{\"@id\":\"https:\/\/portelldemorella.org\/#organization\"},\"image\":{\"@id\":\"https:\/\/portelldemorella.org\/ca\/portell-celebra-sant-marc-con-una-jornada-de-tradicion-convivencia-y-participacion\/#primaryimage\"},\"thumbnailUrl\":\"https:\/\/portelldemorella.org\/wp-content\/uploads\/2026\/04\/PORTELL.-SANT-MARC-2026-1.jpeg\",\"keywords\":[\"portell\",\"Sant Marc\",\"Sant Marc de les Albaredes\"],\"articleSection\":[\"Ayuntamiento\"],\"inLanguage\":\"ca\",\"potentialAction\":[{\"@type\":\"CommentAction\",\"name\":\"Comment\",\"target\":[\"https:\/\/portelldemorella.org\/ca\/portell-celebra-sant-marc-con-una-jornada-de-tradicion-convivencia-y-participacion\/#respond\"]}]},{\"@type\":\"WebPage\",\"@id\":\"https:\/\/portelldemorella.org\/ca\/portell-celebra-sant-marc-con-una-jornada-de-tradicion-convivencia-y-participacion\/\",\"url\":\"https:\/\/portelldemorella.org\/ca\/portell-celebra-sant-marc-con-una-jornada-de-tradicion-convivencia-y-participacion\/\",\"name\":\"Portell celebra Sant Marc amb una jornada de tradici\u00f3, conviv\u00e8ncia i participaci\u00f3 - Portell de Morella\",\"isPartOf\":{\"@id\":\"https:\/\/portelldemorella.org\/#website\"},\"primaryImageOfPage\":{\"@id\":\"https:\/\/portelldemorella.org\/ca\/portell-celebra-sant-marc-con-una-jornada-de-tradicion-convivencia-y-participacion\/#primaryimage\"},\"image\":{\"@id\":\"https:\/\/portelldemorella.org\/ca\/portell-celebra-sant-marc-con-una-jornada-de-tradicion-convivencia-y-participacion\/#primaryimage\"},\"thumbnailUrl\":\"https:\/\/portelldemorella.org\/wp-content\/uploads\/2026\/04\/PORTELL.-SANT-MARC-2026-1.jpeg\",\"datePublished\":\"2026-04-30T06:42:59+00:00\",\"dateModified\":\"2026-04-30T06:44:56+00:00\",\"breadcrumb\":{\"@id\":\"https:\/\/portelldemorella.org\/ca\/portell-celebra-sant-marc-con-una-jornada-de-tradicion-convivencia-y-participacion\/#breadcrumb\"},\"inLanguage\":\"ca\",\"potentialAction\":[{\"@type\":\"ReadAction\",\"target\":[\"https:\/\/portelldemorella.org\/ca\/portell-celebra-sant-marc-con-una-jornada-de-tradicion-convivencia-y-participacion\/\"]}]},{\"@type\":\"ImageObject\",\"inLanguage\":\"ca\",\"@id\":\"https:\/\/portelldemorella.org\/ca\/portell-celebra-sant-marc-con-una-jornada-de-tradicion-convivencia-y-participacion\/#primaryimage\",\"url\":\"https:\/\/portelldemorella.org\/wp-content\/uploads\/2026\/04\/PORTELL.-SANT-MARC-2026-1.jpeg\",\"contentUrl\":\"https:\/\/portelldemorella.org\/wp-content\/uploads\/2026\/04\/PORTELL.-SANT-MARC-2026-1.jpeg\",\"width\":1600,\"height\":1066},{\"@type\":\"BreadcrumbList\",\"@id\":\"https:\/\/portelldemorella.org\/ca\/portell-celebra-sant-marc-con-una-jornada-de-tradicion-convivencia-y-participacion\/#breadcrumb\",\"itemListElement\":[{\"@type\":\"ListItem\",\"position\":1,\"name\":\"Portada\",\"item\":\"https:\/\/portelldemorella.org\/ca\/\"},{\"@type\":\"ListItem\",\"position\":2,\"name\":\"Portell celebra Sant Marc amb una jornada de tradici\u00f3, conviv\u00e8ncia i participaci\u00f3\"}]},{\"@type\":\"WebSite\",\"@id\":\"https:\/\/portelldemorella.org\/#website\",\"url\":\"https:\/\/portelldemorella.org\/\",\"name\":\"Portell de Morella\",\"description\":\"Web del Ayuntamiento de Portell de Morella\",\"publisher\":{\"@id\":\"https:\/\/portelldemorella.org\/#organization\"},\"potentialAction\":[{\"@type\":\"SearchAction\",\"target\":{\"@type\":\"EntryPoint\",\"urlTemplate\":\"https:\/\/portelldemorella.org\/?s={search_term_string}\"},\"query-input\":{\"@type\":\"PropertyValueSpecification\",\"valueRequired\":true,\"valueName\":\"search_term_string\"}}],\"inLanguage\":\"ca\"},{\"@type\":\"Organization\",\"@id\":\"https:\/\/portelldemorella.org\/#organization\",\"name\":\"Portell de Morella\",\"url\":\"https:\/\/portelldemorella.org\/\",\"logo\":{\"@type\":\"ImageObject\",\"inLanguage\":\"ca\",\"@id\":\"https:\/\/portelldemorella.org\/#\/schema\/logo\/image\/\",\"url\":\"https:\/\/portelldemorella.org\/wp-content\/uploads\/2020\/11\/Escudo-Portell-04.jpg\",\"contentUrl\":\"https:\/\/portelldemorella.org\/wp-content\/uploads\/2020\/11\/Escudo-Portell-04.jpg\",\"width\":1001,\"height\":394,\"caption\":\"Portell de Morella\"},\"image\":{\"@id\":\"https:\/\/portelldemorella.org\/#\/schema\/logo\/image\/\"}},{\"@type\":\"Person\",\"@id\":\"https:\/\/portelldemorella.org\/#\/schema\/person\/2adde77c454244acd163488ec723a88b\",\"name\":\"portell\",\"image\":{\"@type\":\"ImageObject\",\"inLanguage\":\"ca\",\"@id\":\"https:\/\/portelldemorella.org\/#\/schema\/person\/image\/\",\"url\":\"https:\/\/secure.gravatar.com\/avatar\/077c6bd89604df620d2fa93a06be2531944cdd6826fd322dbd8b483fd84d6407?s=96&d=mm&r=g\",\"contentUrl\":\"https:\/\/secure.gravatar.com\/avatar\/077c6bd89604df620d2fa93a06be2531944cdd6826fd322dbd8b483fd84d6407?s=96&d=mm&r=g\",\"caption\":\"portell\"},\"sameAs\":[\"https:\/\/portelldemorella.org\"],\"url\":\"https:\/\/portelldemorella.org\/ca\/author\/portell\/\"}]}<\/script>\n<!-- \/ Yoast SEO plugin. -->","yoast_head_json":{"title":"Portell celebra Sant Marc amb una jornada de tradici\u00f3, conviv\u00e8ncia i participaci\u00f3 - Portell de Morella","robots":{"index":"noindex","follow":"follow","max-snippet":"max-snippet:-1","max-image-preview":"max-image-preview:large","max-video-preview":"max-video-preview:-1"},"og_locale":"ca_ES","og_type":"article","og_title":"Portell celebra Sant Marc amb una jornada de tradici\u00f3, conviv\u00e8ncia i participaci\u00f3 - Portell de Morella","og_description":"Portell va celebrar dissabte passat 25 d&#8217;abril la festivitat de Sant Marc amb una completa programaci\u00f3 que va reunir ve\u00efns i visitants en una jornada marcada per la tradici\u00f3 i la conviv\u00e8ncia. Els actes van comen\u00e7ar al mat\u00ed amb l&#8217;eixida en process\u00f3 des de l&#8217;esgl\u00e9sia fins a l&#8217;Albareda. Al llarg del mat\u00ed es va inaugurar [&hellip;]","og_url":"https:\/\/portelldemorella.org\/ca\/portell-celebra-sant-marc-con-una-jornada-de-tradicion-convivencia-y-participacion\/","og_site_name":"Portell de Morella","article_published_time":"2026-04-30T06:42:59+00:00","article_modified_time":"2026-04-30T06:44:56+00:00","og_image":[{"width":1600,"height":1066,"url":"https:\/\/portelldemorella.org\/wp-content\/uploads\/2026\/04\/PORTELL.-SANT-MARC-2026-1.jpeg","type":"image\/jpeg"}],"author":"portell","twitter_card":"summary_large_image","twitter_misc":{"Escrit per":"portell","Temps estimat de lectura":"2 minuts"},"schema":{"@context":"https:\/\/schema.org","@graph":[{"@type":"Article","@id":"https:\/\/portelldemorella.org\/ca\/portell-celebra-sant-marc-con-una-jornada-de-tradicion-convivencia-y-participacion\/#article","isPartOf":{"@id":"https:\/\/portelldemorella.org\/ca\/portell-celebra-sant-marc-con-una-jornada-de-tradicion-convivencia-y-participacion\/"},"author":{"name":"portell","@id":"https:\/\/portelldemorella.org\/#\/schema\/person\/2adde77c454244acd163488ec723a88b"},"headline":"Portell celebra Sant Marc amb una jornada de tradici\u00f3, conviv\u00e8ncia i participaci\u00f3","datePublished":"2026-04-30T06:42:59+00:00","dateModified":"2026-04-30T06:44:56+00:00","mainEntityOfPage":{"@id":"https:\/\/portelldemorella.org\/ca\/portell-celebra-sant-marc-con-una-jornada-de-tradicion-convivencia-y-participacion\/"},"wordCount":207,"commentCount":0,"publisher":{"@id":"https:\/\/portelldemorella.org\/#organization"},"image":{"@id":"https:\/\/portelldemorella.org\/ca\/portell-celebra-sant-marc-con-una-jornada-de-tradicion-convivencia-y-participacion\/#primaryimage"},"thumbnailUrl":"https:\/\/portelldemorella.org\/wp-content\/uploads\/2026\/04\/PORTELL.-SANT-MARC-2026-1.jpeg","keywords":["portell","Sant Marc","Sant Marc de les Albaredes"],"articleSection":["Ayuntamiento"],"inLanguage":"ca","potentialAction":[{"@type":"CommentAction","name":"Comment","target":["https:\/\/portelldemorella.org\/ca\/portell-celebra-sant-marc-con-una-jornada-de-tradicion-convivencia-y-participacion\/#respond"]}]},{"@type":"WebPage","@id":"https:\/\/portelldemorella.org\/ca\/portell-celebra-sant-marc-con-una-jornada-de-tradicion-convivencia-y-participacion\/","url":"https:\/\/portelldemorella.org\/ca\/portell-celebra-sant-marc-con-una-jornada-de-tradicion-convivencia-y-participacion\/","name":"Portell celebra Sant Marc amb una jornada de tradici\u00f3, conviv\u00e8ncia i participaci\u00f3 - Portell de Morella","isPartOf":{"@id":"https:\/\/portelldemorella.org\/#website"},"primaryImageOfPage":{"@id":"https:\/\/portelldemorella.org\/ca\/portell-celebra-sant-marc-con-una-jornada-de-tradicion-convivencia-y-participacion\/#primaryimage"},"image":{"@id":"https:\/\/portelldemorella.org\/ca\/portell-celebra-sant-marc-con-una-jornada-de-tradicion-convivencia-y-participacion\/#primaryimage"},"thumbnailUrl":"https:\/\/portelldemorella.org\/wp-content\/uploads\/2026\/04\/PORTELL.-SANT-MARC-2026-1.jpeg","datePublished":"2026-04-30T06:42:59+00:00","dateModified":"2026-04-30T06:44:56+00:00","breadcrumb":{"@id":"https:\/\/portelldemorella.org\/ca\/portell-celebra-sant-marc-con-una-jornada-de-tradicion-convivencia-y-participacion\/#breadcrumb"},"inLanguage":"ca","potentialAction":[{"@type":"ReadAction","target":["https:\/\/portelldemorella.org\/ca\/portell-celebra-sant-marc-con-una-jornada-de-tradicion-convivencia-y-participacion\/"]}]},{"@type":"ImageObject","inLanguage":"ca","@id":"https:\/\/portelldemorella.org\/ca\/portell-celebra-sant-marc-con-una-jornada-de-tradicion-convivencia-y-participacion\/#primaryimage","url":"https:\/\/portelldemorella.org\/wp-content\/uploads\/2026\/04\/PORTELL.-SANT-MARC-2026-1.jpeg","contentUrl":"https:\/\/portelldemorella.org\/wp-content\/uploads\/2026\/04\/PORTELL.-SANT-MARC-2026-1.jpeg","width":1600,"height":1066},{"@type":"BreadcrumbList","@id":"https:\/\/portelldemorella.org\/ca\/portell-celebra-sant-marc-con-una-jornada-de-tradicion-convivencia-y-participacion\/#breadcrumb","itemListElement":[{"@type":"ListItem","position":1,"name":"Portada","item":"https:\/\/portelldemorella.org\/ca\/"},{"@type":"ListItem","position":2,"name":"Portell celebra Sant Marc amb una jornada de tradici\u00f3, conviv\u00e8ncia i participaci\u00f3"}]},{"@type":"WebSite","@id":"https:\/\/portelldemorella.org\/#website","url":"https:\/\/portelldemorella.org\/","name":"Portell de Morella","description":"Web del Ayuntamiento de Portell de Morella","publisher":{"@id":"https:\/\/portelldemorella.org\/#organization"},"potentialAction":[{"@type":"SearchAction","target":{"@type":"EntryPoint","urlTemplate":"https:\/\/portelldemorella.org\/?s={search_term_string}"},"query-input":{"@type":"PropertyValueSpecification","valueRequired":true,"valueName":"search_term_string"}}],"inLanguage":"ca"},{"@type":"Organization","@id":"https:\/\/portelldemorella.org\/#organization","name":"Portell de Morella","url":"https:\/\/portelldemorella.org\/","logo":{"@type":"ImageObject","inLanguage":"ca","@id":"https:\/\/portelldemorella.org\/#\/schema\/logo\/image\/","url":"https:\/\/portelldemorella.org\/wp-content\/uploads\/2020\/11\/Escudo-Portell-04.jpg","contentUrl":"https:\/\/portelldemorella.org\/wp-content\/uploads\/2020\/11\/Escudo-Portell-04.jpg","width":1001,"height":394,"caption":"Portell de Morella"},"image":{"@id":"https:\/\/portelldemorella.org\/#\/schema\/logo\/image\/"}},{"@type":"Person","@id":"https:\/\/portelldemorella.org\/#\/schema\/person\/2adde77c454244acd163488ec723a88b","name":"portell","image":{"@type":"ImageObject","inLanguage":"ca","@id":"https:\/\/portelldemorella.org\/#\/schema\/person\/image\/","url":"https:\/\/secure.gravatar.com\/avatar\/077c6bd89604df620d2fa93a06be2531944cdd6826fd322dbd8b483fd84d6407?s=96&d=mm&r=g","contentUrl":"https:\/\/secure.gravatar.com\/avatar\/077c6bd89604df620d2fa93a06be2531944cdd6826fd322dbd8b483fd84d6407?s=96&d=mm&r=g","caption":"portell"},"sameAs":["https:\/\/portelldemorella.org"],"url":"https:\/\/portelldemorella.org\/ca\/author\/portell\/"}]}},"_links":{"self":[{"href":"https:\/\/portelldemorella.org\/ca\/wp-json\/wp\/v2\/posts\/8654","targetHints":{"allow":["GET"]}}],"collection":[{"href":"https:\/\/portelldemorella.org\/ca\/wp-json\/wp\/v2\/posts"}],"about":[{"href":"https:\/\/portelldemorella.org\/ca\/wp-json\/wp\/v2\/types\/post"}],"author":[{"embeddable":true,"href":"https:\/\/portelldemorella.org\/ca\/wp-json\/wp\/v2\/users\/1"}],"replies":[{"embeddable":true,"href":"https:\/\/portelldemorella.org\/ca\/wp-json\/wp\/v2\/comments?post=8654"}],"version-history":[{"count":1,"href":"https:\/\/portelldemorella.org\/ca\/wp-json\/wp\/v2\/posts\/8654\/revisions"}],"predecessor-version":[{"id":8656,"href":"https:\/\/portelldemorella.org\/ca\/wp-json\/wp\/v2\/posts\/8654\/revisions\/8656"}],"wp:featuredmedia":[{"embeddable":true,"href":"https:\/\/portelldemorella.org\/ca\/wp-json\/wp\/v2\/media\/8652"}],"wp:attachment":[{"href":"https:\/\/portelldemorella.org\/ca\/wp-json\/wp\/v2\/media?parent=8654"}],"wp:term":[{"taxonomy":"category","embeddable":true,"href":"https:\/\/portelldemorella.org\/ca\/wp-json\/wp\/v2\/categories?post=8654"},{"taxonomy":"post_tag","embeddable":true,"href":"https:\/\/portelldemorella.org\/ca\/wp-json\/wp\/v2\/tags?post=8654"}],"curies":[{"name":"wp","href":"https:\/\/api.w.org\/{rel}","templated":true}]}}